{"id":8994,"date":"2018-11-24T13:27:37","date_gmt":"2018-11-24T12:27:37","guid":{"rendered":"https:\/\/broz.sk\/?p=8994"},"modified":"2020-12-22T17:29:45","modified_gmt":"2020-12-22T16:29:45","slug":"oszlopok-kihelyezese-a-szigetreti-madarvedelmi-teruleten-chvu-ostrovne-luky-fekvo-legelo-kozeleben","status":"publish","type":"post","link":"https:\/\/broz.sk\/hu\/oszlopok-kihelyezese-a-szigetreti-madarvedelmi-teruleten-chvu-ostrovne-luky-fekvo-legelo-kozeleben\/","title":{"rendered":"Oszlopok kihelyez\u00e9se a szigetr\u00e9ti mad\u00e1rv\u00e9delmi ter\u00fcleten (CHV\u00da Ostrovn\u00e9 l\u00faky) fekv\u0151 legel\u0151 k\u00f6zel\u00e9ben"},"content":{"rendered":"<div class=\"wpb-content-wrapper\">[vc_row][vc_column][vc_column_text]2018 \u0151sz\u00e9n megkezdt\u00fck a madarak \u00e1ltal les\u0151-helyk\u00e9nt haszn\u00e1lt magas ak\u00e1cfaoszlopok kihelyez\u00e9s\u00e9t. Az oszlopok elgyepes\u00edtett ter\u00fcletek k\u00f6zel\u00e9ben tal\u00e1lhat\u00f3k, \u00edgy megfelel\u0151 figyel\u0151pontot jelentenek a madarak sz\u00e1m\u00e1ra t\u00e1pl\u00e1l\u00e9kszerz\u00e9si aktivit\u00e1saik folyam\u00e1n. Tekints\u00e9k meg a munk\u00e1latokat dokument\u00e1l\u00f3 vide\u00f3-felv\u00e9telt.[\/vc_column_text][\/vc_column][\/vc_row]<\/div>","protected":false},"excerpt":{"rendered":"<p>2018 \u0151sz\u00e9n megkezdt\u00fck a madarak \u00e1ltal les\u0151-helyk\u00e9nt haszn\u00e1lt magas ak\u00e1cfaoszlopok kihelyez\u00e9s\u00e9t. Az oszlopok elgyepes\u00edtett ter\u00fcletek k\u00f6zel\u00e9ben tal\u00e1lhat\u00f3k, \u00edgy megfelel\u0151 figyel\u0151pontot jelentenek a madarak sz\u00e1m\u00e1ra t\u00e1pl\u00e1l\u00e9kszerz\u00e9si aktivit\u00e1saik folyam\u00e1n. <\/p>\n","protected":false},"author":2,"featured_media":8394,"comment_status":"closed","ping_status":"closed","sticky":false,"template":"","format":"standard","meta":{"_acf_changed":false,"pmpro_default_level":"","footnotes":""},"categories":[23],"tags":[],"class_list":["post-8994","post","type-post","status-publish","format-standard","has-post-thumbnail","hentry","category-uncategorized-hu","pmpro-has-access","category-23","description-off"],"acf":[],"yoast_head":"<!-- This site is optimized with the Yoast SEO Premium plugin v21.4 (Yoast SEO v27.5) - https:\/\/yoast.com\/product\/yoast-seo-premium-wordpress\/ -->\n<title>Oszlopok kihelyez\u00e9se a szigetr\u00e9ti mad\u00e1rv\u00e9delmi ter\u00fcleten (CHV\u00da Ostrovn\u00e9 l\u00faky) fekv\u0151 legel\u0151 k\u00f6zel\u00e9ben - BROZ<\/title>\n<meta name=\"robots\" content=\"index, follow, max-snippet:-1, max-image-preview:large, max-video-preview:-1\" \/>\n<link rel=\"canonical\" href=\"https:\/\/broz.sk\/hu\/oszlopok-kihelyezese-a-szigetreti-madarvedelmi-teruleten-chvu-ostrovne-luky-fekvo-legelo-kozeleben\/\" \/>\n<meta property=\"og:locale\" content=\"hu_HU\" \/>\n<meta property=\"og:type\" content=\"article\" \/>\n<meta property=\"og:title\" content=\"Oszlopok kihelyez\u00e9se a szigetr\u00e9ti mad\u00e1rv\u00e9delmi ter\u00fcleten (CHV\u00da Ostrovn\u00e9 l\u00faky) fekv\u0151 legel\u0151 k\u00f6zel\u00e9ben\" \/>\n<meta property=\"og:description\" content=\"2018 \u0151sz\u00e9n megkezdt\u00fck a madarak \u00e1ltal les\u0151-helyk\u00e9nt haszn\u00e1lt magas ak\u00e1cfaoszlopok kihelyez\u00e9s\u00e9t. Az oszlopok elgyepes\u00edtett ter\u00fcletek k\u00f6zel\u00e9ben tal\u00e1lhat\u00f3k, \u00edgy megfelel\u0151 figyel\u0151pontot jelentenek a madarak sz\u00e1m\u00e1ra t\u00e1pl\u00e1l\u00e9kszerz\u00e9si aktivit\u00e1saik folyam\u00e1n.\" \/>\n<meta property=\"og:url\" content=\"https:\/\/broz.sk\/hu\/oszlopok-kihelyezese-a-szigetreti-madarvedelmi-teruleten-chvu-ostrovne-luky-fekvo-legelo-kozeleben\/\" \/>\n<meta property=\"og:site_name\" content=\"BROZ\" \/>\n<meta property=\"article:publisher\" content=\"https:\/\/www.facebook.com\/broz.ba\/\" \/>\n<meta property=\"article:published_time\" content=\"2018-11-24T12:27:37+00:00\" \/>\n<meta property=\"article:modified_time\" content=\"2020-12-22T16:29:45+00:00\" \/>\n<meta property=\"og:image\" content=\"https:\/\/broz.sk\/wp-content\/uploads\/2019\/10\/20181022_125344-1024x576.jpg\" \/>\n\t<meta property=\"og:image:width\" content=\"1024\" \/>\n\t<meta property=\"og:image:height\" content=\"576\" \/>\n\t<meta property=\"og:image:type\" content=\"image\/jpeg\" \/>\n<meta name=\"author\" content=\"broz\" \/>\n<meta name=\"twitter:card\" content=\"summary_large_image\" \/>\n<meta name=\"twitter:label1\" content=\"Szerz\u0151:\" \/>\n\t<meta name=\"twitter:data1\" content=\"broz\" \/>\n<script type=\"application\/ld+json\" class=\"yoast-schema-graph\">{\"@context\":\"https:\\\/\\\/schema.org\",\"@graph\":[{\"@type\":\"Article\",\"@id\":\"https:\\\/\\\/broz.sk\\\/hu\\\/oszlopok-kihelyezese-a-szigetreti-madarvedelmi-teruleten-chvu-ostrovne-luky-fekvo-legelo-kozeleben\\\/#article\",\"isPartOf\":{\"@id\":\"https:\\\/\\\/broz.sk\\\/hu\\\/oszlopok-kihelyezese-a-szigetreti-madarvedelmi-teruleten-chvu-ostrovne-luky-fekvo-legelo-kozeleben\\\/\"},\"author\":{\"name\":\"broz\",\"@id\":\"https:\\\/\\\/broz.sk\\\/#\\\/schema\\\/person\\\/210ebb0b5afa2a18d1e13abfbbb27080\"},\"headline\":\"Oszlopok kihelyez\u00e9se a szigetr\u00e9ti mad\u00e1rv\u00e9delmi ter\u00fcleten (CHV\u00da Ostrovn\u00e9 l\u00faky) fekv\u0151 legel\u0151 k\u00f6zel\u00e9ben\",\"datePublished\":\"2018-11-24T12:27:37+00:00\",\"dateModified\":\"2020-12-22T16:29:45+00:00\",\"mainEntityOfPage\":{\"@id\":\"https:\\\/\\\/broz.sk\\\/hu\\\/oszlopok-kihelyezese-a-szigetreti-madarvedelmi-teruleten-chvu-ostrovne-luky-fekvo-legelo-kozeleben\\\/\"},\"wordCount\":94,\"publisher\":{\"@id\":\"https:\\\/\\\/broz.sk\\\/#organization\"},\"image\":{\"@id\":\"https:\\\/\\\/broz.sk\\\/hu\\\/oszlopok-kihelyezese-a-szigetreti-madarvedelmi-teruleten-chvu-ostrovne-luky-fekvo-legelo-kozeleben\\\/#primaryimage\"},\"thumbnailUrl\":\"https:\\\/\\\/broz.sk\\\/wp-content\\\/uploads\\\/2019\\\/10\\\/20181022_125344.jpg\",\"articleSection\":[\"Uncategorized @hu\"],\"inLanguage\":\"hu\"},{\"@type\":\"WebPage\",\"@id\":\"https:\\\/\\\/broz.sk\\\/hu\\\/oszlopok-kihelyezese-a-szigetreti-madarvedelmi-teruleten-chvu-ostrovne-luky-fekvo-legelo-kozeleben\\\/\",\"url\":\"https:\\\/\\\/broz.sk\\\/hu\\\/oszlopok-kihelyezese-a-szigetreti-madarvedelmi-teruleten-chvu-ostrovne-luky-fekvo-legelo-kozeleben\\\/\",\"name\":\"Oszlopok kihelyez\u00e9se a szigetr\u00e9ti mad\u00e1rv\u00e9delmi ter\u00fcleten (CHV\u00da Ostrovn\u00e9 l\u00faky) fekv\u0151 legel\u0151 k\u00f6zel\u00e9ben - BROZ\",\"isPartOf\":{\"@id\":\"https:\\\/\\\/broz.sk\\\/#website\"},\"primaryImageOfPage\":{\"@id\":\"https:\\\/\\\/broz.sk\\\/hu\\\/oszlopok-kihelyezese-a-szigetreti-madarvedelmi-teruleten-chvu-ostrovne-luky-fekvo-legelo-kozeleben\\\/#primaryimage\"},\"image\":{\"@id\":\"https:\\\/\\\/broz.sk\\\/hu\\\/oszlopok-kihelyezese-a-szigetreti-madarvedelmi-teruleten-chvu-ostrovne-luky-fekvo-legelo-kozeleben\\\/#primaryimage\"},\"thumbnailUrl\":\"https:\\\/\\\/broz.sk\\\/wp-content\\\/uploads\\\/2019\\\/10\\\/20181022_125344.jpg\",\"datePublished\":\"2018-11-24T12:27:37+00:00\",\"dateModified\":\"2020-12-22T16:29:45+00:00\",\"breadcrumb\":{\"@id\":\"https:\\\/\\\/broz.sk\\\/hu\\\/oszlopok-kihelyezese-a-szigetreti-madarvedelmi-teruleten-chvu-ostrovne-luky-fekvo-legelo-kozeleben\\\/#breadcrumb\"},\"inLanguage\":\"hu\",\"potentialAction\":[{\"@type\":\"ReadAction\",\"target\":[\"https:\\\/\\\/broz.sk\\\/hu\\\/oszlopok-kihelyezese-a-szigetreti-madarvedelmi-teruleten-chvu-ostrovne-luky-fekvo-legelo-kozeleben\\\/\"]}]},{\"@type\":\"ImageObject\",\"inLanguage\":\"hu\",\"@id\":\"https:\\\/\\\/broz.sk\\\/hu\\\/oszlopok-kihelyezese-a-szigetreti-madarvedelmi-teruleten-chvu-ostrovne-luky-fekvo-legelo-kozeleben\\\/#primaryimage\",\"url\":\"https:\\\/\\\/broz.sk\\\/wp-content\\\/uploads\\\/2019\\\/10\\\/20181022_125344.jpg\",\"contentUrl\":\"https:\\\/\\\/broz.sk\\\/wp-content\\\/uploads\\\/2019\\\/10\\\/20181022_125344.jpg\",\"width\":4608,\"height\":2592},{\"@type\":\"BreadcrumbList\",\"@id\":\"https:\\\/\\\/broz.sk\\\/hu\\\/oszlopok-kihelyezese-a-szigetreti-madarvedelmi-teruleten-chvu-ostrovne-luky-fekvo-legelo-kozeleben\\\/#breadcrumb\",\"itemListElement\":[{\"@type\":\"ListItem\",\"position\":1,\"name\":\"Domovsk\u00e1 str\u00e1nka\",\"item\":\"https:\\\/\\\/broz.sk\\\/\"},{\"@type\":\"ListItem\",\"position\":2,\"name\":\"Oszlopok kihelyez\u00e9se a szigetr\u00e9ti mad\u00e1rv\u00e9delmi ter\u00fcleten (CHV\u00da Ostrovn\u00e9 l\u00faky) fekv\u0151 legel\u0151 k\u00f6zel\u00e9ben\"}]},{\"@type\":\"WebSite\",\"@id\":\"https:\\\/\\\/broz.sk\\\/#website\",\"url\":\"https:\\\/\\\/broz.sk\\\/\",\"name\":\"BROZ\",\"description\":\"ochran\u00e1rske zdru\u017eenie\",\"publisher\":{\"@id\":\"https:\\\/\\\/broz.sk\\\/#organization\"},\"potentialAction\":[{\"@type\":\"SearchAction\",\"target\":{\"@type\":\"EntryPoint\",\"urlTemplate\":\"https:\\\/\\\/broz.sk\\\/?s={search_term_string}\"},\"query-input\":{\"@type\":\"PropertyValueSpecification\",\"valueRequired\":true,\"valueName\":\"search_term_string\"}}],\"inLanguage\":\"hu\"},{\"@type\":\"Organization\",\"@id\":\"https:\\\/\\\/broz.sk\\\/#organization\",\"name\":\"BROZ - Bratislavsk\u00e9 region\u00e1lne ochran\u00e1rske zdru\u017eenie\",\"url\":\"https:\\\/\\\/broz.sk\\\/\",\"logo\":{\"@type\":\"ImageObject\",\"inLanguage\":\"hu\",\"@id\":\"https:\\\/\\\/broz.sk\\\/#\\\/schema\\\/logo\\\/image\\\/\",\"url\":\"https:\\\/\\\/broz.sk\\\/wp-content\\\/uploads\\\/2018\\\/03\\\/broz-logo-hires-color.png\",\"contentUrl\":\"https:\\\/\\\/broz.sk\\\/wp-content\\\/uploads\\\/2018\\\/03\\\/broz-logo-hires-color.png\",\"width\":2585,\"height\":1618,\"caption\":\"BROZ - Bratislavsk\u00e9 region\u00e1lne ochran\u00e1rske zdru\u017eenie\"},\"image\":{\"@id\":\"https:\\\/\\\/broz.sk\\\/#\\\/schema\\\/logo\\\/image\\\/\"},\"sameAs\":[\"https:\\\/\\\/www.facebook.com\\\/broz.ba\\\/\"]},{\"@type\":\"Person\",\"@id\":\"https:\\\/\\\/broz.sk\\\/#\\\/schema\\\/person\\\/210ebb0b5afa2a18d1e13abfbbb27080\",\"name\":\"broz\",\"image\":{\"@type\":\"ImageObject\",\"inLanguage\":\"hu\",\"@id\":\"https:\\\/\\\/secure.gravatar.com\\\/avatar\\\/2e036a5d302f24b5c517a7e75051ca040aedd897cd58df9cbd4f523a61282112?s=96&d=mm&r=g\",\"url\":\"https:\\\/\\\/secure.gravatar.com\\\/avatar\\\/2e036a5d302f24b5c517a7e75051ca040aedd897cd58df9cbd4f523a61282112?s=96&d=mm&r=g\",\"contentUrl\":\"https:\\\/\\\/secure.gravatar.com\\\/avatar\\\/2e036a5d302f24b5c517a7e75051ca040aedd897cd58df9cbd4f523a61282112?s=96&d=mm&r=g\",\"caption\":\"broz\"},\"url\":\"https:\\\/\\\/broz.sk\\\/hu\\\/author\\\/broz\\\/\"}]}<\/script>\n<!-- \/ Yoast SEO Premium plugin. -->","yoast_head_json":{"title":"Oszlopok kihelyez\u00e9se a szigetr\u00e9ti mad\u00e1rv\u00e9delmi ter\u00fcleten (CHV\u00da Ostrovn\u00e9 l\u00faky) fekv\u0151 legel\u0151 k\u00f6zel\u00e9ben - BROZ","robots":{"index":"index","follow":"follow","max-snippet":"max-snippet:-1","max-image-preview":"max-image-preview:large","max-video-preview":"max-video-preview:-1"},"canonical":"https:\/\/broz.sk\/hu\/oszlopok-kihelyezese-a-szigetreti-madarvedelmi-teruleten-chvu-ostrovne-luky-fekvo-legelo-kozeleben\/","og_locale":"hu_HU","og_type":"article","og_title":"Oszlopok kihelyez\u00e9se a szigetr\u00e9ti mad\u00e1rv\u00e9delmi ter\u00fcleten (CHV\u00da Ostrovn\u00e9 l\u00faky) fekv\u0151 legel\u0151 k\u00f6zel\u00e9ben","og_description":"2018 \u0151sz\u00e9n megkezdt\u00fck a madarak \u00e1ltal les\u0151-helyk\u00e9nt haszn\u00e1lt magas ak\u00e1cfaoszlopok kihelyez\u00e9s\u00e9t. Az oszlopok elgyepes\u00edtett ter\u00fcletek k\u00f6zel\u00e9ben tal\u00e1lhat\u00f3k, \u00edgy megfelel\u0151 figyel\u0151pontot jelentenek a madarak sz\u00e1m\u00e1ra t\u00e1pl\u00e1l\u00e9kszerz\u00e9si aktivit\u00e1saik folyam\u00e1n.","og_url":"https:\/\/broz.sk\/hu\/oszlopok-kihelyezese-a-szigetreti-madarvedelmi-teruleten-chvu-ostrovne-luky-fekvo-legelo-kozeleben\/","og_site_name":"BROZ","article_publisher":"https:\/\/www.facebook.com\/broz.ba\/","article_published_time":"2018-11-24T12:27:37+00:00","article_modified_time":"2020-12-22T16:29:45+00:00","og_image":[{"width":1024,"height":576,"url":"https:\/\/broz.sk\/wp-content\/uploads\/2019\/10\/20181022_125344-1024x576.jpg","type":"image\/jpeg"}],"author":"broz","twitter_card":"summary_large_image","twitter_misc":{"Szerz\u0151:":"broz"},"schema":{"@context":"https:\/\/schema.org","@graph":[{"@type":"Article","@id":"https:\/\/broz.sk\/hu\/oszlopok-kihelyezese-a-szigetreti-madarvedelmi-teruleten-chvu-ostrovne-luky-fekvo-legelo-kozeleben\/#article","isPartOf":{"@id":"https:\/\/broz.sk\/hu\/oszlopok-kihelyezese-a-szigetreti-madarvedelmi-teruleten-chvu-ostrovne-luky-fekvo-legelo-kozeleben\/"},"author":{"name":"broz","@id":"https:\/\/broz.sk\/#\/schema\/person\/210ebb0b5afa2a18d1e13abfbbb27080"},"headline":"Oszlopok kihelyez\u00e9se a szigetr\u00e9ti mad\u00e1rv\u00e9delmi ter\u00fcleten (CHV\u00da Ostrovn\u00e9 l\u00faky) fekv\u0151 legel\u0151 k\u00f6zel\u00e9ben","datePublished":"2018-11-24T12:27:37+00:00","dateModified":"2020-12-22T16:29:45+00:00","mainEntityOfPage":{"@id":"https:\/\/broz.sk\/hu\/oszlopok-kihelyezese-a-szigetreti-madarvedelmi-teruleten-chvu-ostrovne-luky-fekvo-legelo-kozeleben\/"},"wordCount":94,"publisher":{"@id":"https:\/\/broz.sk\/#organization"},"image":{"@id":"https:\/\/broz.sk\/hu\/oszlopok-kihelyezese-a-szigetreti-madarvedelmi-teruleten-chvu-ostrovne-luky-fekvo-legelo-kozeleben\/#primaryimage"},"thumbnailUrl":"https:\/\/broz.sk\/wp-content\/uploads\/2019\/10\/20181022_125344.jpg","articleSection":["Uncategorized @hu"],"inLanguage":"hu"},{"@type":"WebPage","@id":"https:\/\/broz.sk\/hu\/oszlopok-kihelyezese-a-szigetreti-madarvedelmi-teruleten-chvu-ostrovne-luky-fekvo-legelo-kozeleben\/","url":"https:\/\/broz.sk\/hu\/oszlopok-kihelyezese-a-szigetreti-madarvedelmi-teruleten-chvu-ostrovne-luky-fekvo-legelo-kozeleben\/","name":"Oszlopok kihelyez\u00e9se a szigetr\u00e9ti mad\u00e1rv\u00e9delmi ter\u00fcleten (CHV\u00da Ostrovn\u00e9 l\u00faky) fekv\u0151 legel\u0151 k\u00f6zel\u00e9ben - BROZ","isPartOf":{"@id":"https:\/\/broz.sk\/#website"},"primaryImageOfPage":{"@id":"https:\/\/broz.sk\/hu\/oszlopok-kihelyezese-a-szigetreti-madarvedelmi-teruleten-chvu-ostrovne-luky-fekvo-legelo-kozeleben\/#primaryimage"},"image":{"@id":"https:\/\/broz.sk\/hu\/oszlopok-kihelyezese-a-szigetreti-madarvedelmi-teruleten-chvu-ostrovne-luky-fekvo-legelo-kozeleben\/#primaryimage"},"thumbnailUrl":"https:\/\/broz.sk\/wp-content\/uploads\/2019\/10\/20181022_125344.jpg","datePublished":"2018-11-24T12:27:37+00:00","dateModified":"2020-12-22T16:29:45+00:00","breadcrumb":{"@id":"https:\/\/broz.sk\/hu\/oszlopok-kihelyezese-a-szigetreti-madarvedelmi-teruleten-chvu-ostrovne-luky-fekvo-legelo-kozeleben\/#breadcrumb"},"inLanguage":"hu","potentialAction":[{"@type":"ReadAction","target":["https:\/\/broz.sk\/hu\/oszlopok-kihelyezese-a-szigetreti-madarvedelmi-teruleten-chvu-ostrovne-luky-fekvo-legelo-kozeleben\/"]}]},{"@type":"ImageObject","inLanguage":"hu","@id":"https:\/\/broz.sk\/hu\/oszlopok-kihelyezese-a-szigetreti-madarvedelmi-teruleten-chvu-ostrovne-luky-fekvo-legelo-kozeleben\/#primaryimage","url":"https:\/\/broz.sk\/wp-content\/uploads\/2019\/10\/20181022_125344.jpg","contentUrl":"https:\/\/broz.sk\/wp-content\/uploads\/2019\/10\/20181022_125344.jpg","width":4608,"height":2592},{"@type":"BreadcrumbList","@id":"https:\/\/broz.sk\/hu\/oszlopok-kihelyezese-a-szigetreti-madarvedelmi-teruleten-chvu-ostrovne-luky-fekvo-legelo-kozeleben\/#breadcrumb","itemListElement":[{"@type":"ListItem","position":1,"name":"Domovsk\u00e1 str\u00e1nka","item":"https:\/\/broz.sk\/"},{"@type":"ListItem","position":2,"name":"Oszlopok kihelyez\u00e9se a szigetr\u00e9ti mad\u00e1rv\u00e9delmi ter\u00fcleten (CHV\u00da Ostrovn\u00e9 l\u00faky) fekv\u0151 legel\u0151 k\u00f6zel\u00e9ben"}]},{"@type":"WebSite","@id":"https:\/\/broz.sk\/#website","url":"https:\/\/broz.sk\/","name":"BROZ","description":"ochran\u00e1rske zdru\u017eenie","publisher":{"@id":"https:\/\/broz.sk\/#organization"},"potentialAction":[{"@type":"SearchAction","target":{"@type":"EntryPoint","urlTemplate":"https:\/\/broz.sk\/?s={search_term_string}"},"query-input":{"@type":"PropertyValueSpecification","valueRequired":true,"valueName":"search_term_string"}}],"inLanguage":"hu"},{"@type":"Organization","@id":"https:\/\/broz.sk\/#organization","name":"BROZ - Bratislavsk\u00e9 region\u00e1lne ochran\u00e1rske zdru\u017eenie","url":"https:\/\/broz.sk\/","logo":{"@type":"ImageObject","inLanguage":"hu","@id":"https:\/\/broz.sk\/#\/schema\/logo\/image\/","url":"https:\/\/broz.sk\/wp-content\/uploads\/2018\/03\/broz-logo-hires-color.png","contentUrl":"https:\/\/broz.sk\/wp-content\/uploads\/2018\/03\/broz-logo-hires-color.png","width":2585,"height":1618,"caption":"BROZ - Bratislavsk\u00e9 region\u00e1lne ochran\u00e1rske zdru\u017eenie"},"image":{"@id":"https:\/\/broz.sk\/#\/schema\/logo\/image\/"},"sameAs":["https:\/\/www.facebook.com\/broz.ba\/"]},{"@type":"Person","@id":"https:\/\/broz.sk\/#\/schema\/person\/210ebb0b5afa2a18d1e13abfbbb27080","name":"broz","image":{"@type":"ImageObject","inLanguage":"hu","@id":"https:\/\/secure.gravatar.com\/avatar\/2e036a5d302f24b5c517a7e75051ca040aedd897cd58df9cbd4f523a61282112?s=96&d=mm&r=g","url":"https:\/\/secure.gravatar.com\/avatar\/2e036a5d302f24b5c517a7e75051ca040aedd897cd58df9cbd4f523a61282112?s=96&d=mm&r=g","contentUrl":"https:\/\/secure.gravatar.com\/avatar\/2e036a5d302f24b5c517a7e75051ca040aedd897cd58df9cbd4f523a61282112?s=96&d=mm&r=g","caption":"broz"},"url":"https:\/\/broz.sk\/hu\/author\/broz\/"}]}},"_links":{"self":[{"href":"https:\/\/broz.sk\/hu\/wp-json\/wp\/v2\/posts\/8994","targetHints":{"allow":["GET"]}}],"collection":[{"href":"https:\/\/broz.sk\/hu\/wp-json\/wp\/v2\/posts"}],"about":[{"href":"https:\/\/broz.sk\/hu\/wp-json\/wp\/v2\/types\/post"}],"author":[{"embeddable":true,"href":"https:\/\/broz.sk\/hu\/wp-json\/wp\/v2\/users\/2"}],"replies":[{"embeddable":true,"href":"https:\/\/broz.sk\/hu\/wp-json\/wp\/v2\/comments?post=8994"}],"version-history":[{"count":2,"href":"https:\/\/broz.sk\/hu\/wp-json\/wp\/v2\/posts\/8994\/revisions"}],"predecessor-version":[{"id":14260,"href":"https:\/\/broz.sk\/hu\/wp-json\/wp\/v2\/posts\/8994\/revisions\/14260"}],"wp:featuredmedia":[{"embeddable":true,"href":"https:\/\/broz.sk\/hu\/wp-json\/wp\/v2\/media\/8394"}],"wp:attachment":[{"href":"https:\/\/broz.sk\/hu\/wp-json\/wp\/v2\/media?parent=8994"}],"wp:term":[{"taxonomy":"category","embeddable":true,"href":"https:\/\/broz.sk\/hu\/wp-json\/wp\/v2\/categories?post=8994"},{"taxonomy":"post_tag","embeddable":true,"href":"https:\/\/broz.sk\/hu\/wp-json\/wp\/v2\/tags?post=8994"}],"curies":[{"name":"wp","href":"https:\/\/api.w.org\/{rel}","templated":true}]}}