{"id":6611,"date":"2018-09-10T14:21:16","date_gmt":"2018-09-10T12:21:16","guid":{"rendered":"https:\/\/broz.sk\/reportaz-o-ochrane-vcelarika-zlateho\/"},"modified":"2018-12-10T11:31:18","modified_gmt":"2018-12-10T10:31:18","slug":"reportaz-o-ochrane-vcelarika-zlateho","status":"publish","type":"post","link":"https:\/\/broz.sk\/hu\/reportaz-o-ochrane-vcelarika-zlateho\/","title":{"rendered":"Riport a gyurgyalag v\u00e9delm\u00e9r\u0151l"},"content":{"rendered":"Tekints\u00e9k meg a Reflex <strong><a href=\"http:\/\/videoarchiv.markiza.sk\/video\/reflex\/epizoda\/12340-reflex\">m\u0171sorban a gyurgyalagokr\u00f3l<\/a>,<\/strong>\r\n\r\nvalamint azok v\u00e9delm\u00e9r\u0151l, \u00e9s az ezzel \u00f6sszef\u00fcgg\u0151 legeltet\u00e9s fontoss\u00e1g\u00e1r\u00f3l sz\u00f3l\u00f3 riportot. A Mark\u00edza telev\u00edzi\u00f3s t\u00e1rsas\u00e1g a homokd\u0171n\u00e9k (a gyurgyalagok f\u00e9szkel\u00e9si \u00e9l\u0151helyei) v\u00e9delm\u00e9t bemutat\u00f3 riportfilmj\u00e9t a mi projektter\u00fclet\u00fcnk\u00f6n forgatta Virt k\u00f6zs\u00e9g mellett.\r\n\r\nA gyurgyalagokr\u00f3l sz\u00f3l\u00f3 r\u00e9sz a vide\u00f3 5:30 perc\u00e9t\u0151l kezd\u0151dik.\r\n\r\n&nbsp;\r\n\r\n&nbsp;","protected":false},"excerpt":{"rendered":"<p>Tekints\u00e9k meg a Reflex m\u0171sorban a gyurgyalagokr\u00f3l, valamint azok v\u00e9delm\u00e9r\u0151l, \u00e9s az ezzel \u00f6sszef\u00fcgg\u0151 legeltet\u00e9s fontoss\u00e1g\u00e1r\u00f3l sz\u00f3l\u00f3 riportot. A Mark\u00edza telev\u00edzi\u00f3s t\u00e1rsas\u00e1g a homokd\u0171n\u00e9k (a gyurgyalagok f\u00e9szkel\u00e9si \u00e9l\u0151helyei) v\u00e9delm\u00e9t bemutat\u00f3 riportfilmj\u00e9t a mi projektter\u00fclet\u00fcnk\u00f6n forgatta Virt k\u00f6zs\u00e9g mellett. A gyurgyalagokr\u00f3l sz\u00f3l\u00f3 r\u00e9sz a vide\u00f3 5:30 perc\u00e9t\u0151l kezd\u0151dik. &nbsp; &nbsp;<\/p>\n","protected":false},"author":2,"featured_media":4980,"comment_status":"closed","ping_status":"closed","sticky":false,"template":"","format":"standard","meta":{"_acf_changed":false,"pmpro_default_level":"","footnotes":""},"categories":[40,45,41],"tags":[],"class_list":["post-6611","post","type-post","status-publish","format-standard","has-post-thumbnail","hentry","category-protection-of-species-hu","category-0-hu","category-protection-of-habitats-hu","pmpro-has-access","category-40","category-45","category-41","description-off"],"acf":[],"yoast_head":"<!-- This site is optimized with the Yoast SEO Premium plugin v21.4 (Yoast SEO v27.5) - https:\/\/yoast.com\/product\/yoast-seo-premium-wordpress\/ -->\n<title>Riport a gyurgyalag v\u00e9delm\u00e9r\u0151l - BROZ<\/title>\n<meta name=\"robots\" content=\"index, follow, max-snippet:-1, max-image-preview:large, max-video-preview:-1\" \/>\n<link rel=\"canonical\" href=\"https:\/\/broz.sk\/hu\/reportaz-o-ochrane-vcelarika-zlateho\/\" \/>\n<meta property=\"og:locale\" content=\"hu_HU\" \/>\n<meta property=\"og:type\" content=\"article\" \/>\n<meta property=\"og:title\" content=\"Riport a gyurgyalag v\u00e9delm\u00e9r\u0151l\" \/>\n<meta property=\"og:description\" content=\"Tekints\u00e9k meg a Reflex m\u0171sorban a gyurgyalagokr\u00f3l, valamint azok v\u00e9delm\u00e9r\u0151l, \u00e9s az ezzel \u00f6sszef\u00fcgg\u0151 legeltet\u00e9s fontoss\u00e1g\u00e1r\u00f3l sz\u00f3l\u00f3 riportot. A Mark\u00edza telev\u00edzi\u00f3s t\u00e1rsas\u00e1g a homokd\u0171n\u00e9k (a gyurgyalagok f\u00e9szkel\u00e9si \u00e9l\u0151helyei) v\u00e9delm\u00e9t bemutat\u00f3 riportfilmj\u00e9t a mi projektter\u00fclet\u00fcnk\u00f6n forgatta Virt k\u00f6zs\u00e9g mellett. A gyurgyalagokr\u00f3l sz\u00f3l\u00f3 r\u00e9sz a vide\u00f3 5:30 perc\u00e9t\u0151l kezd\u0151dik. &nbsp; &nbsp;\" \/>\n<meta property=\"og:url\" content=\"https:\/\/broz.sk\/hu\/reportaz-o-ochrane-vcelarika-zlateho\/\" \/>\n<meta property=\"og:site_name\" content=\"BROZ\" \/>\n<meta property=\"article:publisher\" content=\"https:\/\/www.facebook.com\/broz.ba\/\" \/>\n<meta property=\"article:published_time\" content=\"2018-09-10T12:21:16+00:00\" \/>\n<meta property=\"article:modified_time\" content=\"2018-12-10T10:31:18+00:00\" \/>\n<meta property=\"og:image\" content=\"https:\/\/broz.sk\/wp-content\/uploads\/2018\/09\/bsf.jpg\" \/>\n\t<meta property=\"og:image:width\" content=\"960\" \/>\n\t<meta property=\"og:image:height\" content=\"720\" \/>\n\t<meta property=\"og:image:type\" content=\"image\/jpeg\" \/>\n<meta name=\"author\" content=\"broz\" \/>\n<meta name=\"twitter:card\" content=\"summary_large_image\" \/>\n<meta name=\"twitter:label1\" content=\"Szerz\u0151:\" \/>\n\t<meta name=\"twitter:data1\" content=\"broz\" \/>\n<script type=\"application\/ld+json\" class=\"yoast-schema-graph\">{\"@context\":\"https:\\\/\\\/schema.org\",\"@graph\":[{\"@type\":\"Article\",\"@id\":\"https:\\\/\\\/broz.sk\\\/hu\\\/reportaz-o-ochrane-vcelarika-zlateho\\\/#article\",\"isPartOf\":{\"@id\":\"https:\\\/\\\/broz.sk\\\/hu\\\/reportaz-o-ochrane-vcelarika-zlateho\\\/\"},\"author\":{\"name\":\"broz\",\"@id\":\"https:\\\/\\\/broz.sk\\\/#\\\/schema\\\/person\\\/210ebb0b5afa2a18d1e13abfbbb27080\"},\"headline\":\"Riport a gyurgyalag v\u00e9delm\u00e9r\u0151l\",\"datePublished\":\"2018-09-10T12:21:16+00:00\",\"dateModified\":\"2018-12-10T10:31:18+00:00\",\"mainEntityOfPage\":{\"@id\":\"https:\\\/\\\/broz.sk\\\/hu\\\/reportaz-o-ochrane-vcelarika-zlateho\\\/\"},\"wordCount\":91,\"publisher\":{\"@id\":\"https:\\\/\\\/broz.sk\\\/#organization\"},\"image\":{\"@id\":\"https:\\\/\\\/broz.sk\\\/hu\\\/reportaz-o-ochrane-vcelarika-zlateho\\\/#primaryimage\"},\"thumbnailUrl\":\"https:\\\/\\\/broz.sk\\\/wp-content\\\/uploads\\\/2018\\\/09\\\/bsf.jpg\",\"articleSection\":[\"Fajok v\u00e9delme\",\"K\u00f6rnyezetv\u00e9delmi oktat\u00e1s\",\"Protection of habitats\"],\"inLanguage\":\"hu\"},{\"@type\":\"WebPage\",\"@id\":\"https:\\\/\\\/broz.sk\\\/hu\\\/reportaz-o-ochrane-vcelarika-zlateho\\\/\",\"url\":\"https:\\\/\\\/broz.sk\\\/hu\\\/reportaz-o-ochrane-vcelarika-zlateho\\\/\",\"name\":\"Riport a gyurgyalag v\u00e9delm\u00e9r\u0151l - BROZ\",\"isPartOf\":{\"@id\":\"https:\\\/\\\/broz.sk\\\/#website\"},\"primaryImageOfPage\":{\"@id\":\"https:\\\/\\\/broz.sk\\\/hu\\\/reportaz-o-ochrane-vcelarika-zlateho\\\/#primaryimage\"},\"image\":{\"@id\":\"https:\\\/\\\/broz.sk\\\/hu\\\/reportaz-o-ochrane-vcelarika-zlateho\\\/#primaryimage\"},\"thumbnailUrl\":\"https:\\\/\\\/broz.sk\\\/wp-content\\\/uploads\\\/2018\\\/09\\\/bsf.jpg\",\"datePublished\":\"2018-09-10T12:21:16+00:00\",\"dateModified\":\"2018-12-10T10:31:18+00:00\",\"breadcrumb\":{\"@id\":\"https:\\\/\\\/broz.sk\\\/hu\\\/reportaz-o-ochrane-vcelarika-zlateho\\\/#breadcrumb\"},\"inLanguage\":\"hu\",\"potentialAction\":[{\"@type\":\"ReadAction\",\"target\":[\"https:\\\/\\\/broz.sk\\\/hu\\\/reportaz-o-ochrane-vcelarika-zlateho\\\/\"]}]},{\"@type\":\"ImageObject\",\"inLanguage\":\"hu\",\"@id\":\"https:\\\/\\\/broz.sk\\\/hu\\\/reportaz-o-ochrane-vcelarika-zlateho\\\/#primaryimage\",\"url\":\"https:\\\/\\\/broz.sk\\\/wp-content\\\/uploads\\\/2018\\\/09\\\/bsf.jpg\",\"contentUrl\":\"https:\\\/\\\/broz.sk\\\/wp-content\\\/uploads\\\/2018\\\/09\\\/bsf.jpg\",\"width\":960,\"height\":720},{\"@type\":\"BreadcrumbList\",\"@id\":\"https:\\\/\\\/broz.sk\\\/hu\\\/reportaz-o-ochrane-vcelarika-zlateho\\\/#breadcrumb\",\"itemListElement\":[{\"@type\":\"ListItem\",\"position\":1,\"name\":\"Domovsk\u00e1 str\u00e1nka\",\"item\":\"https:\\\/\\\/broz.sk\\\/\"},{\"@type\":\"ListItem\",\"position\":2,\"name\":\"Riport a gyurgyalag v\u00e9delm\u00e9r\u0151l\"}]},{\"@type\":\"WebSite\",\"@id\":\"https:\\\/\\\/broz.sk\\\/#website\",\"url\":\"https:\\\/\\\/broz.sk\\\/\",\"name\":\"BROZ\",\"description\":\"ochran\u00e1rske zdru\u017eenie\",\"publisher\":{\"@id\":\"https:\\\/\\\/broz.sk\\\/#organization\"},\"potentialAction\":[{\"@type\":\"SearchAction\",\"target\":{\"@type\":\"EntryPoint\",\"urlTemplate\":\"https:\\\/\\\/broz.sk\\\/?s={search_term_string}\"},\"query-input\":{\"@type\":\"PropertyValueSpecification\",\"valueRequired\":true,\"valueName\":\"search_term_string\"}}],\"inLanguage\":\"hu\"},{\"@type\":\"Organization\",\"@id\":\"https:\\\/\\\/broz.sk\\\/#organization\",\"name\":\"BROZ - Bratislavsk\u00e9 region\u00e1lne ochran\u00e1rske zdru\u017eenie\",\"url\":\"https:\\\/\\\/broz.sk\\\/\",\"logo\":{\"@type\":\"ImageObject\",\"inLanguage\":\"hu\",\"@id\":\"https:\\\/\\\/broz.sk\\\/#\\\/schema\\\/logo\\\/image\\\/\",\"url\":\"https:\\\/\\\/broz.sk\\\/wp-content\\\/uploads\\\/2018\\\/03\\\/broz-logo-hires-color.png\",\"contentUrl\":\"https:\\\/\\\/broz.sk\\\/wp-content\\\/uploads\\\/2018\\\/03\\\/broz-logo-hires-color.png\",\"width\":2585,\"height\":1618,\"caption\":\"BROZ - Bratislavsk\u00e9 region\u00e1lne ochran\u00e1rske zdru\u017eenie\"},\"image\":{\"@id\":\"https:\\\/\\\/broz.sk\\\/#\\\/schema\\\/logo\\\/image\\\/\"},\"sameAs\":[\"https:\\\/\\\/www.facebook.com\\\/broz.ba\\\/\"]},{\"@type\":\"Person\",\"@id\":\"https:\\\/\\\/broz.sk\\\/#\\\/schema\\\/person\\\/210ebb0b5afa2a18d1e13abfbbb27080\",\"name\":\"broz\",\"image\":{\"@type\":\"ImageObject\",\"inLanguage\":\"hu\",\"@id\":\"https:\\\/\\\/secure.gravatar.com\\\/avatar\\\/2e036a5d302f24b5c517a7e75051ca040aedd897cd58df9cbd4f523a61282112?s=96&d=mm&r=g\",\"url\":\"https:\\\/\\\/secure.gravatar.com\\\/avatar\\\/2e036a5d302f24b5c517a7e75051ca040aedd897cd58df9cbd4f523a61282112?s=96&d=mm&r=g\",\"contentUrl\":\"https:\\\/\\\/secure.gravatar.com\\\/avatar\\\/2e036a5d302f24b5c517a7e75051ca040aedd897cd58df9cbd4f523a61282112?s=96&d=mm&r=g\",\"caption\":\"broz\"},\"url\":\"https:\\\/\\\/broz.sk\\\/hu\\\/author\\\/broz\\\/\"}]}<\/script>\n<!-- \/ Yoast SEO Premium plugin. -->","yoast_head_json":{"title":"Riport a gyurgyalag v\u00e9delm\u00e9r\u0151l - BROZ","robots":{"index":"index","follow":"follow","max-snippet":"max-snippet:-1","max-image-preview":"max-image-preview:large","max-video-preview":"max-video-preview:-1"},"canonical":"https:\/\/broz.sk\/hu\/reportaz-o-ochrane-vcelarika-zlateho\/","og_locale":"hu_HU","og_type":"article","og_title":"Riport a gyurgyalag v\u00e9delm\u00e9r\u0151l","og_description":"Tekints\u00e9k meg a Reflex m\u0171sorban a gyurgyalagokr\u00f3l, valamint azok v\u00e9delm\u00e9r\u0151l, \u00e9s az ezzel \u00f6sszef\u00fcgg\u0151 legeltet\u00e9s fontoss\u00e1g\u00e1r\u00f3l sz\u00f3l\u00f3 riportot. A Mark\u00edza telev\u00edzi\u00f3s t\u00e1rsas\u00e1g a homokd\u0171n\u00e9k (a gyurgyalagok f\u00e9szkel\u00e9si \u00e9l\u0151helyei) v\u00e9delm\u00e9t bemutat\u00f3 riportfilmj\u00e9t a mi projektter\u00fclet\u00fcnk\u00f6n forgatta Virt k\u00f6zs\u00e9g mellett. A gyurgyalagokr\u00f3l sz\u00f3l\u00f3 r\u00e9sz a vide\u00f3 5:30 perc\u00e9t\u0151l kezd\u0151dik. &nbsp; &nbsp;","og_url":"https:\/\/broz.sk\/hu\/reportaz-o-ochrane-vcelarika-zlateho\/","og_site_name":"BROZ","article_publisher":"https:\/\/www.facebook.com\/broz.ba\/","article_published_time":"2018-09-10T12:21:16+00:00","article_modified_time":"2018-12-10T10:31:18+00:00","og_image":[{"width":960,"height":720,"url":"https:\/\/broz.sk\/wp-content\/uploads\/2018\/09\/bsf.jpg","type":"image\/jpeg"}],"author":"broz","twitter_card":"summary_large_image","twitter_misc":{"Szerz\u0151:":"broz"},"schema":{"@context":"https:\/\/schema.org","@graph":[{"@type":"Article","@id":"https:\/\/broz.sk\/hu\/reportaz-o-ochrane-vcelarika-zlateho\/#article","isPartOf":{"@id":"https:\/\/broz.sk\/hu\/reportaz-o-ochrane-vcelarika-zlateho\/"},"author":{"name":"broz","@id":"https:\/\/broz.sk\/#\/schema\/person\/210ebb0b5afa2a18d1e13abfbbb27080"},"headline":"Riport a gyurgyalag v\u00e9delm\u00e9r\u0151l","datePublished":"2018-09-10T12:21:16+00:00","dateModified":"2018-12-10T10:31:18+00:00","mainEntityOfPage":{"@id":"https:\/\/broz.sk\/hu\/reportaz-o-ochrane-vcelarika-zlateho\/"},"wordCount":91,"publisher":{"@id":"https:\/\/broz.sk\/#organization"},"image":{"@id":"https:\/\/broz.sk\/hu\/reportaz-o-ochrane-vcelarika-zlateho\/#primaryimage"},"thumbnailUrl":"https:\/\/broz.sk\/wp-content\/uploads\/2018\/09\/bsf.jpg","articleSection":["Fajok v\u00e9delme","K\u00f6rnyezetv\u00e9delmi oktat\u00e1s","Protection of habitats"],"inLanguage":"hu"},{"@type":"WebPage","@id":"https:\/\/broz.sk\/hu\/reportaz-o-ochrane-vcelarika-zlateho\/","url":"https:\/\/broz.sk\/hu\/reportaz-o-ochrane-vcelarika-zlateho\/","name":"Riport a gyurgyalag v\u00e9delm\u00e9r\u0151l - BROZ","isPartOf":{"@id":"https:\/\/broz.sk\/#website"},"primaryImageOfPage":{"@id":"https:\/\/broz.sk\/hu\/reportaz-o-ochrane-vcelarika-zlateho\/#primaryimage"},"image":{"@id":"https:\/\/broz.sk\/hu\/reportaz-o-ochrane-vcelarika-zlateho\/#primaryimage"},"thumbnailUrl":"https:\/\/broz.sk\/wp-content\/uploads\/2018\/09\/bsf.jpg","datePublished":"2018-09-10T12:21:16+00:00","dateModified":"2018-12-10T10:31:18+00:00","breadcrumb":{"@id":"https:\/\/broz.sk\/hu\/reportaz-o-ochrane-vcelarika-zlateho\/#breadcrumb"},"inLanguage":"hu","potentialAction":[{"@type":"ReadAction","target":["https:\/\/broz.sk\/hu\/reportaz-o-ochrane-vcelarika-zlateho\/"]}]},{"@type":"ImageObject","inLanguage":"hu","@id":"https:\/\/broz.sk\/hu\/reportaz-o-ochrane-vcelarika-zlateho\/#primaryimage","url":"https:\/\/broz.sk\/wp-content\/uploads\/2018\/09\/bsf.jpg","contentUrl":"https:\/\/broz.sk\/wp-content\/uploads\/2018\/09\/bsf.jpg","width":960,"height":720},{"@type":"BreadcrumbList","@id":"https:\/\/broz.sk\/hu\/reportaz-o-ochrane-vcelarika-zlateho\/#breadcrumb","itemListElement":[{"@type":"ListItem","position":1,"name":"Domovsk\u00e1 str\u00e1nka","item":"https:\/\/broz.sk\/"},{"@type":"ListItem","position":2,"name":"Riport a gyurgyalag v\u00e9delm\u00e9r\u0151l"}]},{"@type":"WebSite","@id":"https:\/\/broz.sk\/#website","url":"https:\/\/broz.sk\/","name":"BROZ","description":"ochran\u00e1rske zdru\u017eenie","publisher":{"@id":"https:\/\/broz.sk\/#organization"},"potentialAction":[{"@type":"SearchAction","target":{"@type":"EntryPoint","urlTemplate":"https:\/\/broz.sk\/?s={search_term_string}"},"query-input":{"@type":"PropertyValueSpecification","valueRequired":true,"valueName":"search_term_string"}}],"inLanguage":"hu"},{"@type":"Organization","@id":"https:\/\/broz.sk\/#organization","name":"BROZ - Bratislavsk\u00e9 region\u00e1lne ochran\u00e1rske zdru\u017eenie","url":"https:\/\/broz.sk\/","logo":{"@type":"ImageObject","inLanguage":"hu","@id":"https:\/\/broz.sk\/#\/schema\/logo\/image\/","url":"https:\/\/broz.sk\/wp-content\/uploads\/2018\/03\/broz-logo-hires-color.png","contentUrl":"https:\/\/broz.sk\/wp-content\/uploads\/2018\/03\/broz-logo-hires-color.png","width":2585,"height":1618,"caption":"BROZ - Bratislavsk\u00e9 region\u00e1lne ochran\u00e1rske zdru\u017eenie"},"image":{"@id":"https:\/\/broz.sk\/#\/schema\/logo\/image\/"},"sameAs":["https:\/\/www.facebook.com\/broz.ba\/"]},{"@type":"Person","@id":"https:\/\/broz.sk\/#\/schema\/person\/210ebb0b5afa2a18d1e13abfbbb27080","name":"broz","image":{"@type":"ImageObject","inLanguage":"hu","@id":"https:\/\/secure.gravatar.com\/avatar\/2e036a5d302f24b5c517a7e75051ca040aedd897cd58df9cbd4f523a61282112?s=96&d=mm&r=g","url":"https:\/\/secure.gravatar.com\/avatar\/2e036a5d302f24b5c517a7e75051ca040aedd897cd58df9cbd4f523a61282112?s=96&d=mm&r=g","contentUrl":"https:\/\/secure.gravatar.com\/avatar\/2e036a5d302f24b5c517a7e75051ca040aedd897cd58df9cbd4f523a61282112?s=96&d=mm&r=g","caption":"broz"},"url":"https:\/\/broz.sk\/hu\/author\/broz\/"}]}},"_links":{"self":[{"href":"https:\/\/broz.sk\/hu\/wp-json\/wp\/v2\/posts\/6611","targetHints":{"allow":["GET"]}}],"collection":[{"href":"https:\/\/broz.sk\/hu\/wp-json\/wp\/v2\/posts"}],"about":[{"href":"https:\/\/broz.sk\/hu\/wp-json\/wp\/v2\/types\/post"}],"author":[{"embeddable":true,"href":"https:\/\/broz.sk\/hu\/wp-json\/wp\/v2\/users\/2"}],"replies":[{"embeddable":true,"href":"https:\/\/broz.sk\/hu\/wp-json\/wp\/v2\/comments?post=6611"}],"version-history":[{"count":3,"href":"https:\/\/broz.sk\/hu\/wp-json\/wp\/v2\/posts\/6611\/revisions"}],"predecessor-version":[{"id":6616,"href":"https:\/\/broz.sk\/hu\/wp-json\/wp\/v2\/posts\/6611\/revisions\/6616"}],"wp:featuredmedia":[{"embeddable":true,"href":"https:\/\/broz.sk\/hu\/wp-json\/wp\/v2\/media\/4980"}],"wp:attachment":[{"href":"https:\/\/broz.sk\/hu\/wp-json\/wp\/v2\/media?parent=6611"}],"wp:term":[{"taxonomy":"category","embeddable":true,"href":"https:\/\/broz.sk\/hu\/wp-json\/wp\/v2\/categories?post=6611"},{"taxonomy":"post_tag","embeddable":true,"href":"https:\/\/broz.sk\/hu\/wp-json\/wp\/v2\/tags?post=6611"}],"curies":[{"name":"wp","href":"https:\/\/api.w.org\/{rel}","templated":true}]}}