{"id":6535,"date":"2018-11-28T08:53:04","date_gmt":"2018-11-28T07:53:04","guid":{"rendered":"https:\/\/broz.sk\/halmigracio-es-a-folyomedrek-akadalyai-migracia-ryb-a-bariery-na-tokoch-szakmai-konferencia\/"},"modified":"2019-10-10T13:46:52","modified_gmt":"2019-10-10T11:46:52","slug":"halmigracio-es-a-folyomedrek-akadalyai-migracia-ryb-a-bariery-na-tokoch-szakmai-konferencia","status":"publish","type":"post","link":"https:\/\/broz.sk\/hu\/halmigracio-es-a-folyomedrek-akadalyai-migracia-ryb-a-bariery-na-tokoch-szakmai-konferencia\/","title":{"rendered":"\u201eHalmigr\u00e1ci\u00f3 \u00e9s a foly\u00f3medrek akad\u00e1lyai\u201d (\u201eMigr\u00e1cia r\u00fdb a bari\u00e9ry na tokoch\u201c) szakmai konferencia"},"content":{"rendered":"A halv\u00e1ndorl\u00e1s vil\u00e1gnapja alkalm\u00e1b\u00f3l m\u00e1jus 20-21-\u00e9n ker\u00fclt megrendez\u00e9sre a \u201eHalmigr\u00e1ci\u00f3 \u00e9s a foly\u00f3medrek akad\u00e1lyai\u201d elnevez\u00e9s\u0171 workshop. A rendezv\u00e9ny f\u0151 t\u00e9m\u00e1ja a halak zavartalan vonul\u00e1sa, \u00e9s a foly\u00f3vizes \u00e9l\u0151helyek revitaliz\u00e1l\u00e1sa volt. A workshop keret\u00e9n bel\u00fcl Deve\u010dka Andrej projektmenedzser bemutatta a BROZ \u00e1ltal megval\u00f3s\u00edtott rehabilit\u00e1ci\u00f3s tev\u00e9kenys\u00e9gek eredm\u00e9nyeit a Duna-\u00e1gak t\u00e9rs\u00e9g\u00e9ben. Szombaton, 2016. m\u00e1jus 21-\u00e9n, a r\u00e9sztvev\u0151k megtekinthett\u00e9k a fel\u00faj\u00edtott pozsonyi Duna-\u00e1gakat.","protected":false},"excerpt":{"rendered":"<p>A halv\u00e1ndorl\u00e1s vil\u00e1gnapja alkalm\u00e1b\u00f3l m\u00e1jus 20-21-\u00e9n ker\u00fclt megrendez\u00e9sre a \u201eHalmigr\u00e1ci\u00f3 \u00e9s a foly\u00f3medrek akad\u00e1lyai\u201d elnevez\u00e9s\u0171 workshop. A rendezv\u00e9ny f\u0151 t\u00e9m\u00e1ja a halak zavartalan vonul\u00e1sa, \u00e9s a foly\u00f3vizes \u00e9l\u0151helyek revitaliz\u00e1l\u00e1sa volt. A workshop keret\u00e9n bel\u00fcl Deve\u010dka Andrej projektmenedzser bemutatta a BROZ \u00e1ltal megval\u00f3s\u00edtott rehabilit\u00e1ci\u00f3s tev\u00e9kenys\u00e9gek eredm\u00e9nyeit a Duna-\u00e1gak t\u00e9rs\u00e9g\u00e9ben. Szombaton, 2016. m\u00e1jus 21-\u00e9n, a r\u00e9sztvev\u0151k megtekinthett\u00e9k&hellip;<\/p>\n","protected":false},"author":2,"featured_media":25466,"comment_status":"closed","ping_status":"closed","sticky":false,"template":"","format":"standard","meta":{"_acf_changed":false,"pmpro_default_level":"","footnotes":""},"categories":[23],"tags":[],"class_list":["post-6535","post","type-post","status-publish","format-standard","has-post-thumbnail","hentry","category-uncategorized-hu","pmpro-has-access","category-23","description-off"],"acf":[],"yoast_head":"<!-- This site is optimized with the Yoast SEO Premium plugin v21.4 (Yoast SEO v27.5) - https:\/\/yoast.com\/product\/yoast-seo-premium-wordpress\/ -->\n<title>\u201eHalmigr\u00e1ci\u00f3 \u00e9s a foly\u00f3medrek akad\u00e1lyai\u201d (\u201eMigr\u00e1cia r\u00fdb a bari\u00e9ry na tokoch\u201c) szakmai konferencia - BROZ<\/title>\n<meta name=\"robots\" content=\"index, follow, max-snippet:-1, max-image-preview:large, max-video-preview:-1\" \/>\n<link rel=\"canonical\" href=\"https:\/\/broz.sk\/hu\/halmigracio-es-a-folyomedrek-akadalyai-migracia-ryb-a-bariery-na-tokoch-szakmai-konferencia\/\" \/>\n<meta property=\"og:locale\" content=\"hu_HU\" \/>\n<meta property=\"og:type\" content=\"article\" \/>\n<meta property=\"og:title\" content=\"\u201eHalmigr\u00e1ci\u00f3 \u00e9s a foly\u00f3medrek akad\u00e1lyai\u201d (\u201eMigr\u00e1cia r\u00fdb a bari\u00e9ry na tokoch\u201c) szakmai konferencia\" \/>\n<meta property=\"og:description\" content=\"A halv\u00e1ndorl\u00e1s vil\u00e1gnapja alkalm\u00e1b\u00f3l m\u00e1jus 20-21-\u00e9n ker\u00fclt megrendez\u00e9sre a \u201eHalmigr\u00e1ci\u00f3 \u00e9s a foly\u00f3medrek akad\u00e1lyai\u201d elnevez\u00e9s\u0171 workshop. A rendezv\u00e9ny f\u0151 t\u00e9m\u00e1ja a halak zavartalan vonul\u00e1sa, \u00e9s a foly\u00f3vizes \u00e9l\u0151helyek revitaliz\u00e1l\u00e1sa volt. A workshop keret\u00e9n bel\u00fcl Deve\u010dka Andrej projektmenedzser bemutatta a BROZ \u00e1ltal megval\u00f3s\u00edtott rehabilit\u00e1ci\u00f3s tev\u00e9kenys\u00e9gek eredm\u00e9nyeit a Duna-\u00e1gak t\u00e9rs\u00e9g\u00e9ben. Szombaton, 2016. m\u00e1jus 21-\u00e9n, a r\u00e9sztvev\u0151k megtekinthett\u00e9k&hellip;\" \/>\n<meta property=\"og:url\" content=\"https:\/\/broz.sk\/hu\/halmigracio-es-a-folyomedrek-akadalyai-migracia-ryb-a-bariery-na-tokoch-szakmai-konferencia\/\" \/>\n<meta property=\"og:site_name\" content=\"BROZ\" \/>\n<meta property=\"article:publisher\" content=\"https:\/\/www.facebook.com\/broz.ba\/\" \/>\n<meta property=\"article:published_time\" content=\"2018-11-28T07:53:04+00:00\" \/>\n<meta property=\"article:modified_time\" content=\"2019-10-10T11:46:52+00:00\" \/>\n<meta property=\"og:image\" content=\"https:\/\/broz.sk\/wp-content\/uploads\/2018\/03\/broz-logo-color.png\" \/>\n\t<meta property=\"og:image:width\" content=\"192\" \/>\n\t<meta property=\"og:image:height\" content=\"120\" \/>\n\t<meta property=\"og:image:type\" content=\"image\/png\" \/>\n<meta name=\"author\" content=\"broz\" \/>\n<meta name=\"twitter:card\" content=\"summary_large_image\" \/>\n<meta name=\"twitter:label1\" content=\"Szerz\u0151:\" \/>\n\t<meta name=\"twitter:data1\" content=\"broz\" \/>\n\t<meta name=\"twitter:label2\" content=\"Becs\u00fclt olvas\u00e1si id\u0151\" \/>\n\t<meta name=\"twitter:data2\" content=\"1 perc\" \/>\n<script type=\"application\/ld+json\" class=\"yoast-schema-graph\">{\"@context\":\"https:\\\/\\\/schema.org\",\"@graph\":[{\"@type\":\"Article\",\"@id\":\"https:\\\/\\\/broz.sk\\\/hu\\\/halmigracio-es-a-folyomedrek-akadalyai-migracia-ryb-a-bariery-na-tokoch-szakmai-konferencia\\\/#article\",\"isPartOf\":{\"@id\":\"https:\\\/\\\/broz.sk\\\/hu\\\/halmigracio-es-a-folyomedrek-akadalyai-migracia-ryb-a-bariery-na-tokoch-szakmai-konferencia\\\/\"},\"author\":{\"name\":\"broz\",\"@id\":\"https:\\\/\\\/broz.sk\\\/#\\\/schema\\\/person\\\/210ebb0b5afa2a18d1e13abfbbb27080\"},\"headline\":\"\u201eHalmigr\u00e1ci\u00f3 \u00e9s a foly\u00f3medrek akad\u00e1lyai\u201d (\u201eMigr\u00e1cia r\u00fdb a bari\u00e9ry na tokoch\u201c) szakmai konferencia\",\"datePublished\":\"2018-11-28T07:53:04+00:00\",\"dateModified\":\"2019-10-10T11:46:52+00:00\",\"mainEntityOfPage\":{\"@id\":\"https:\\\/\\\/broz.sk\\\/hu\\\/halmigracio-es-a-folyomedrek-akadalyai-migracia-ryb-a-bariery-na-tokoch-szakmai-konferencia\\\/\"},\"wordCount\":121,\"publisher\":{\"@id\":\"https:\\\/\\\/broz.sk\\\/#organization\"},\"image\":{\"@id\":\"https:\\\/\\\/broz.sk\\\/hu\\\/halmigracio-es-a-folyomedrek-akadalyai-migracia-ryb-a-bariery-na-tokoch-szakmai-konferencia\\\/#primaryimage\"},\"thumbnailUrl\":\"https:\\\/\\\/broz.sk\\\/wp-content\\\/uploads\\\/2018\\\/10\\\/1-1.jpg\",\"articleSection\":[\"Uncategorized @hu\"],\"inLanguage\":\"hu\"},{\"@type\":\"WebPage\",\"@id\":\"https:\\\/\\\/broz.sk\\\/hu\\\/halmigracio-es-a-folyomedrek-akadalyai-migracia-ryb-a-bariery-na-tokoch-szakmai-konferencia\\\/\",\"url\":\"https:\\\/\\\/broz.sk\\\/hu\\\/halmigracio-es-a-folyomedrek-akadalyai-migracia-ryb-a-bariery-na-tokoch-szakmai-konferencia\\\/\",\"name\":\"\u201eHalmigr\u00e1ci\u00f3 \u00e9s a foly\u00f3medrek akad\u00e1lyai\u201d (\u201eMigr\u00e1cia r\u00fdb a bari\u00e9ry na tokoch\u201c) szakmai konferencia - BROZ\",\"isPartOf\":{\"@id\":\"https:\\\/\\\/broz.sk\\\/#website\"},\"primaryImageOfPage\":{\"@id\":\"https:\\\/\\\/broz.sk\\\/hu\\\/halmigracio-es-a-folyomedrek-akadalyai-migracia-ryb-a-bariery-na-tokoch-szakmai-konferencia\\\/#primaryimage\"},\"image\":{\"@id\":\"https:\\\/\\\/broz.sk\\\/hu\\\/halmigracio-es-a-folyomedrek-akadalyai-migracia-ryb-a-bariery-na-tokoch-szakmai-konferencia\\\/#primaryimage\"},\"thumbnailUrl\":\"https:\\\/\\\/broz.sk\\\/wp-content\\\/uploads\\\/2018\\\/10\\\/1-1.jpg\",\"datePublished\":\"2018-11-28T07:53:04+00:00\",\"dateModified\":\"2019-10-10T11:46:52+00:00\",\"breadcrumb\":{\"@id\":\"https:\\\/\\\/broz.sk\\\/hu\\\/halmigracio-es-a-folyomedrek-akadalyai-migracia-ryb-a-bariery-na-tokoch-szakmai-konferencia\\\/#breadcrumb\"},\"inLanguage\":\"hu\",\"potentialAction\":[{\"@type\":\"ReadAction\",\"target\":[\"https:\\\/\\\/broz.sk\\\/hu\\\/halmigracio-es-a-folyomedrek-akadalyai-migracia-ryb-a-bariery-na-tokoch-szakmai-konferencia\\\/\"]}]},{\"@type\":\"ImageObject\",\"inLanguage\":\"hu\",\"@id\":\"https:\\\/\\\/broz.sk\\\/hu\\\/halmigracio-es-a-folyomedrek-akadalyai-migracia-ryb-a-bariery-na-tokoch-szakmai-konferencia\\\/#primaryimage\",\"url\":\"https:\\\/\\\/broz.sk\\\/wp-content\\\/uploads\\\/2018\\\/10\\\/1-1.jpg\",\"contentUrl\":\"https:\\\/\\\/broz.sk\\\/wp-content\\\/uploads\\\/2018\\\/10\\\/1-1.jpg\",\"width\":448,\"height\":336},{\"@type\":\"BreadcrumbList\",\"@id\":\"https:\\\/\\\/broz.sk\\\/hu\\\/halmigracio-es-a-folyomedrek-akadalyai-migracia-ryb-a-bariery-na-tokoch-szakmai-konferencia\\\/#breadcrumb\",\"itemListElement\":[{\"@type\":\"ListItem\",\"position\":1,\"name\":\"Domovsk\u00e1 str\u00e1nka\",\"item\":\"https:\\\/\\\/broz.sk\\\/\"},{\"@type\":\"ListItem\",\"position\":2,\"name\":\"\u201eHalmigr\u00e1ci\u00f3 \u00e9s a foly\u00f3medrek akad\u00e1lyai\u201d (\u201eMigr\u00e1cia r\u00fdb a bari\u00e9ry na tokoch\u201c) szakmai konferencia\"}]},{\"@type\":\"WebSite\",\"@id\":\"https:\\\/\\\/broz.sk\\\/#website\",\"url\":\"https:\\\/\\\/broz.sk\\\/\",\"name\":\"BROZ\",\"description\":\"ochran\u00e1rske zdru\u017eenie\",\"publisher\":{\"@id\":\"https:\\\/\\\/broz.sk\\\/#organization\"},\"potentialAction\":[{\"@type\":\"SearchAction\",\"target\":{\"@type\":\"EntryPoint\",\"urlTemplate\":\"https:\\\/\\\/broz.sk\\\/?s={search_term_string}\"},\"query-input\":{\"@type\":\"PropertyValueSpecification\",\"valueRequired\":true,\"valueName\":\"search_term_string\"}}],\"inLanguage\":\"hu\"},{\"@type\":\"Organization\",\"@id\":\"https:\\\/\\\/broz.sk\\\/#organization\",\"name\":\"BROZ - Bratislavsk\u00e9 region\u00e1lne ochran\u00e1rske zdru\u017eenie\",\"url\":\"https:\\\/\\\/broz.sk\\\/\",\"logo\":{\"@type\":\"ImageObject\",\"inLanguage\":\"hu\",\"@id\":\"https:\\\/\\\/broz.sk\\\/#\\\/schema\\\/logo\\\/image\\\/\",\"url\":\"https:\\\/\\\/broz.sk\\\/wp-content\\\/uploads\\\/2018\\\/03\\\/broz-logo-hires-color.png\",\"contentUrl\":\"https:\\\/\\\/broz.sk\\\/wp-content\\\/uploads\\\/2018\\\/03\\\/broz-logo-hires-color.png\",\"width\":2585,\"height\":1618,\"caption\":\"BROZ - Bratislavsk\u00e9 region\u00e1lne ochran\u00e1rske zdru\u017eenie\"},\"image\":{\"@id\":\"https:\\\/\\\/broz.sk\\\/#\\\/schema\\\/logo\\\/image\\\/\"},\"sameAs\":[\"https:\\\/\\\/www.facebook.com\\\/broz.ba\\\/\"]},{\"@type\":\"Person\",\"@id\":\"https:\\\/\\\/broz.sk\\\/#\\\/schema\\\/person\\\/210ebb0b5afa2a18d1e13abfbbb27080\",\"name\":\"broz\",\"image\":{\"@type\":\"ImageObject\",\"inLanguage\":\"hu\",\"@id\":\"https:\\\/\\\/secure.gravatar.com\\\/avatar\\\/2e036a5d302f24b5c517a7e75051ca040aedd897cd58df9cbd4f523a61282112?s=96&d=mm&r=g\",\"url\":\"https:\\\/\\\/secure.gravatar.com\\\/avatar\\\/2e036a5d302f24b5c517a7e75051ca040aedd897cd58df9cbd4f523a61282112?s=96&d=mm&r=g\",\"contentUrl\":\"https:\\\/\\\/secure.gravatar.com\\\/avatar\\\/2e036a5d302f24b5c517a7e75051ca040aedd897cd58df9cbd4f523a61282112?s=96&d=mm&r=g\",\"caption\":\"broz\"},\"url\":\"https:\\\/\\\/broz.sk\\\/hu\\\/author\\\/broz\\\/\"}]}<\/script>\n<!-- \/ Yoast SEO Premium plugin. -->","yoast_head_json":{"title":"\u201eHalmigr\u00e1ci\u00f3 \u00e9s a foly\u00f3medrek akad\u00e1lyai\u201d (\u201eMigr\u00e1cia r\u00fdb a bari\u00e9ry na tokoch\u201c) szakmai konferencia - BROZ","robots":{"index":"index","follow":"follow","max-snippet":"max-snippet:-1","max-image-preview":"max-image-preview:large","max-video-preview":"max-video-preview:-1"},"canonical":"https:\/\/broz.sk\/hu\/halmigracio-es-a-folyomedrek-akadalyai-migracia-ryb-a-bariery-na-tokoch-szakmai-konferencia\/","og_locale":"hu_HU","og_type":"article","og_title":"\u201eHalmigr\u00e1ci\u00f3 \u00e9s a foly\u00f3medrek akad\u00e1lyai\u201d (\u201eMigr\u00e1cia r\u00fdb a bari\u00e9ry na tokoch\u201c) szakmai konferencia","og_description":"A halv\u00e1ndorl\u00e1s vil\u00e1gnapja alkalm\u00e1b\u00f3l m\u00e1jus 20-21-\u00e9n ker\u00fclt megrendez\u00e9sre a \u201eHalmigr\u00e1ci\u00f3 \u00e9s a foly\u00f3medrek akad\u00e1lyai\u201d elnevez\u00e9s\u0171 workshop. A rendezv\u00e9ny f\u0151 t\u00e9m\u00e1ja a halak zavartalan vonul\u00e1sa, \u00e9s a foly\u00f3vizes \u00e9l\u0151helyek revitaliz\u00e1l\u00e1sa volt. A workshop keret\u00e9n bel\u00fcl Deve\u010dka Andrej projektmenedzser bemutatta a BROZ \u00e1ltal megval\u00f3s\u00edtott rehabilit\u00e1ci\u00f3s tev\u00e9kenys\u00e9gek eredm\u00e9nyeit a Duna-\u00e1gak t\u00e9rs\u00e9g\u00e9ben. Szombaton, 2016. m\u00e1jus 21-\u00e9n, a r\u00e9sztvev\u0151k megtekinthett\u00e9k&hellip;","og_url":"https:\/\/broz.sk\/hu\/halmigracio-es-a-folyomedrek-akadalyai-migracia-ryb-a-bariery-na-tokoch-szakmai-konferencia\/","og_site_name":"BROZ","article_publisher":"https:\/\/www.facebook.com\/broz.ba\/","article_published_time":"2018-11-28T07:53:04+00:00","article_modified_time":"2019-10-10T11:46:52+00:00","og_image":[{"width":192,"height":120,"url":"https:\/\/broz.sk\/wp-content\/uploads\/2018\/03\/broz-logo-color.png","type":"image\/png"}],"author":"broz","twitter_card":"summary_large_image","twitter_misc":{"Szerz\u0151:":"broz","Becs\u00fclt olvas\u00e1si id\u0151":"1 perc"},"schema":{"@context":"https:\/\/schema.org","@graph":[{"@type":"Article","@id":"https:\/\/broz.sk\/hu\/halmigracio-es-a-folyomedrek-akadalyai-migracia-ryb-a-bariery-na-tokoch-szakmai-konferencia\/#article","isPartOf":{"@id":"https:\/\/broz.sk\/hu\/halmigracio-es-a-folyomedrek-akadalyai-migracia-ryb-a-bariery-na-tokoch-szakmai-konferencia\/"},"author":{"name":"broz","@id":"https:\/\/broz.sk\/#\/schema\/person\/210ebb0b5afa2a18d1e13abfbbb27080"},"headline":"\u201eHalmigr\u00e1ci\u00f3 \u00e9s a foly\u00f3medrek akad\u00e1lyai\u201d (\u201eMigr\u00e1cia r\u00fdb a bari\u00e9ry na tokoch\u201c) szakmai konferencia","datePublished":"2018-11-28T07:53:04+00:00","dateModified":"2019-10-10T11:46:52+00:00","mainEntityOfPage":{"@id":"https:\/\/broz.sk\/hu\/halmigracio-es-a-folyomedrek-akadalyai-migracia-ryb-a-bariery-na-tokoch-szakmai-konferencia\/"},"wordCount":121,"publisher":{"@id":"https:\/\/broz.sk\/#organization"},"image":{"@id":"https:\/\/broz.sk\/hu\/halmigracio-es-a-folyomedrek-akadalyai-migracia-ryb-a-bariery-na-tokoch-szakmai-konferencia\/#primaryimage"},"thumbnailUrl":"https:\/\/broz.sk\/wp-content\/uploads\/2018\/10\/1-1.jpg","articleSection":["Uncategorized @hu"],"inLanguage":"hu"},{"@type":"WebPage","@id":"https:\/\/broz.sk\/hu\/halmigracio-es-a-folyomedrek-akadalyai-migracia-ryb-a-bariery-na-tokoch-szakmai-konferencia\/","url":"https:\/\/broz.sk\/hu\/halmigracio-es-a-folyomedrek-akadalyai-migracia-ryb-a-bariery-na-tokoch-szakmai-konferencia\/","name":"\u201eHalmigr\u00e1ci\u00f3 \u00e9s a foly\u00f3medrek akad\u00e1lyai\u201d (\u201eMigr\u00e1cia r\u00fdb a bari\u00e9ry na tokoch\u201c) szakmai konferencia - BROZ","isPartOf":{"@id":"https:\/\/broz.sk\/#website"},"primaryImageOfPage":{"@id":"https:\/\/broz.sk\/hu\/halmigracio-es-a-folyomedrek-akadalyai-migracia-ryb-a-bariery-na-tokoch-szakmai-konferencia\/#primaryimage"},"image":{"@id":"https:\/\/broz.sk\/hu\/halmigracio-es-a-folyomedrek-akadalyai-migracia-ryb-a-bariery-na-tokoch-szakmai-konferencia\/#primaryimage"},"thumbnailUrl":"https:\/\/broz.sk\/wp-content\/uploads\/2018\/10\/1-1.jpg","datePublished":"2018-11-28T07:53:04+00:00","dateModified":"2019-10-10T11:46:52+00:00","breadcrumb":{"@id":"https:\/\/broz.sk\/hu\/halmigracio-es-a-folyomedrek-akadalyai-migracia-ryb-a-bariery-na-tokoch-szakmai-konferencia\/#breadcrumb"},"inLanguage":"hu","potentialAction":[{"@type":"ReadAction","target":["https:\/\/broz.sk\/hu\/halmigracio-es-a-folyomedrek-akadalyai-migracia-ryb-a-bariery-na-tokoch-szakmai-konferencia\/"]}]},{"@type":"ImageObject","inLanguage":"hu","@id":"https:\/\/broz.sk\/hu\/halmigracio-es-a-folyomedrek-akadalyai-migracia-ryb-a-bariery-na-tokoch-szakmai-konferencia\/#primaryimage","url":"https:\/\/broz.sk\/wp-content\/uploads\/2018\/10\/1-1.jpg","contentUrl":"https:\/\/broz.sk\/wp-content\/uploads\/2018\/10\/1-1.jpg","width":448,"height":336},{"@type":"BreadcrumbList","@id":"https:\/\/broz.sk\/hu\/halmigracio-es-a-folyomedrek-akadalyai-migracia-ryb-a-bariery-na-tokoch-szakmai-konferencia\/#breadcrumb","itemListElement":[{"@type":"ListItem","position":1,"name":"Domovsk\u00e1 str\u00e1nka","item":"https:\/\/broz.sk\/"},{"@type":"ListItem","position":2,"name":"\u201eHalmigr\u00e1ci\u00f3 \u00e9s a foly\u00f3medrek akad\u00e1lyai\u201d (\u201eMigr\u00e1cia r\u00fdb a bari\u00e9ry na tokoch\u201c) szakmai konferencia"}]},{"@type":"WebSite","@id":"https:\/\/broz.sk\/#website","url":"https:\/\/broz.sk\/","name":"BROZ","description":"ochran\u00e1rske zdru\u017eenie","publisher":{"@id":"https:\/\/broz.sk\/#organization"},"potentialAction":[{"@type":"SearchAction","target":{"@type":"EntryPoint","urlTemplate":"https:\/\/broz.sk\/?s={search_term_string}"},"query-input":{"@type":"PropertyValueSpecification","valueRequired":true,"valueName":"search_term_string"}}],"inLanguage":"hu"},{"@type":"Organization","@id":"https:\/\/broz.sk\/#organization","name":"BROZ - Bratislavsk\u00e9 region\u00e1lne ochran\u00e1rske zdru\u017eenie","url":"https:\/\/broz.sk\/","logo":{"@type":"ImageObject","inLanguage":"hu","@id":"https:\/\/broz.sk\/#\/schema\/logo\/image\/","url":"https:\/\/broz.sk\/wp-content\/uploads\/2018\/03\/broz-logo-hires-color.png","contentUrl":"https:\/\/broz.sk\/wp-content\/uploads\/2018\/03\/broz-logo-hires-color.png","width":2585,"height":1618,"caption":"BROZ - Bratislavsk\u00e9 region\u00e1lne ochran\u00e1rske zdru\u017eenie"},"image":{"@id":"https:\/\/broz.sk\/#\/schema\/logo\/image\/"},"sameAs":["https:\/\/www.facebook.com\/broz.ba\/"]},{"@type":"Person","@id":"https:\/\/broz.sk\/#\/schema\/person\/210ebb0b5afa2a18d1e13abfbbb27080","name":"broz","image":{"@type":"ImageObject","inLanguage":"hu","@id":"https:\/\/secure.gravatar.com\/avatar\/2e036a5d302f24b5c517a7e75051ca040aedd897cd58df9cbd4f523a61282112?s=96&d=mm&r=g","url":"https:\/\/secure.gravatar.com\/avatar\/2e036a5d302f24b5c517a7e75051ca040aedd897cd58df9cbd4f523a61282112?s=96&d=mm&r=g","contentUrl":"https:\/\/secure.gravatar.com\/avatar\/2e036a5d302f24b5c517a7e75051ca040aedd897cd58df9cbd4f523a61282112?s=96&d=mm&r=g","caption":"broz"},"url":"https:\/\/broz.sk\/hu\/author\/broz\/"}]}},"_links":{"self":[{"href":"https:\/\/broz.sk\/hu\/wp-json\/wp\/v2\/posts\/6535","targetHints":{"allow":["GET"]}}],"collection":[{"href":"https:\/\/broz.sk\/hu\/wp-json\/wp\/v2\/posts"}],"about":[{"href":"https:\/\/broz.sk\/hu\/wp-json\/wp\/v2\/types\/post"}],"author":[{"embeddable":true,"href":"https:\/\/broz.sk\/hu\/wp-json\/wp\/v2\/users\/2"}],"replies":[{"embeddable":true,"href":"https:\/\/broz.sk\/hu\/wp-json\/wp\/v2\/comments?post=6535"}],"version-history":[{"count":2,"href":"https:\/\/broz.sk\/hu\/wp-json\/wp\/v2\/posts\/6535\/revisions"}],"predecessor-version":[{"id":8981,"href":"https:\/\/broz.sk\/hu\/wp-json\/wp\/v2\/posts\/6535\/revisions\/8981"}],"wp:featuredmedia":[{"embeddable":true,"href":"https:\/\/broz.sk\/hu\/wp-json\/wp\/v2\/media\/25466"}],"wp:attachment":[{"href":"https:\/\/broz.sk\/hu\/wp-json\/wp\/v2\/media?parent=6535"}],"wp:term":[{"taxonomy":"category","embeddable":true,"href":"https:\/\/broz.sk\/hu\/wp-json\/wp\/v2\/categories?post=6535"},{"taxonomy":"post_tag","embeddable":true,"href":"https:\/\/broz.sk\/hu\/wp-json\/wp\/v2\/tags?post=6535"}],"curies":[{"name":"wp","href":"https:\/\/api.w.org\/{rel}","templated":true}]}}