{"id":6189,"date":"2016-06-03T09:25:05","date_gmt":"2016-06-03T07:25:05","guid":{"rendered":"https:\/\/broz.sk\/tlacova-konferencia-k-revitalizacii-karloveskeho-ramena-2\/"},"modified":"2018-11-27T17:48:04","modified_gmt":"2018-11-27T16:48:04","slug":"tlacova-konferencia-k-revitalizacii-karloveskeho-ramena-2","status":"publish","type":"post","link":"https:\/\/broz.sk\/hu\/tlacova-konferencia-k-revitalizacii-karloveskeho-ramena-2\/","title":{"rendered":"Sajt\u00f3t\u00e1j\u00e9koztat\u00f3 a k\u00e1rolyfalvi Duna-\u00e1g \u00e9l\u0151helyeinek rehabilit\u00e1l\u00e1s\u00e1r\u00f3l"},"content":{"rendered":"A BROZ a pozsonyi v\u00edzm\u0171vekkel (BVS) \u00e9s a v\u00edzgazd\u00e1szokkal egy\u00fcttm\u0171k\u00f6dve fel\u00faj\u00edtott\u00e1k a k\u00e1rolyfalvi Duna-\u00e1g \u00e9l\u0151helyeinek \u00e1llapot\u00e1t. A sikeres fel\u00faj\u00edt\u00e1s alkalm\u00e1b\u00f3l megrendezett sajt\u00f3t\u00e1j\u00e9koztat\u00f3n 2016. j\u00fanius 3-\u00e1n r\u00e9szt vett S\u00f3lymos L\u00e1szl\u00f3 k\u00f6rnyezetv\u00e9delmi miniszter is.\r\n\r\n<img fetchpriority=\"high\" decoding=\"async\" class=\"alignnone size-medium wp-image-5393\" src=\"https:\/\/broz.sk\/wp-content\/uploads\/2018\/10\/6-1-300x200.jpg\" alt=\"\" width=\"300\" height=\"200\" srcset=\"https:\/\/broz.sk\/wp-content\/uploads\/2018\/10\/6-1-300x200.jpg 300w, https:\/\/broz.sk\/wp-content\/uploads\/2018\/10\/6-1-768x512.jpg 768w, https:\/\/broz.sk\/wp-content\/uploads\/2018\/10\/6-1-24x16.jpg 24w, https:\/\/broz.sk\/wp-content\/uploads\/2018\/10\/6-1-36x24.jpg 36w, https:\/\/broz.sk\/wp-content\/uploads\/2018\/10\/6-1-48x32.jpg 48w, https:\/\/broz.sk\/wp-content\/uploads\/2018\/10\/6-1.jpg 900w\" sizes=\"(max-width: 300px) 100vw, 300px\" \/> <img decoding=\"async\" class=\"alignnone size-medium wp-image-5394\" src=\"https:\/\/broz.sk\/wp-content\/uploads\/2018\/10\/7-1-300x200.jpg\" alt=\"\" width=\"300\" height=\"200\" srcset=\"https:\/\/broz.sk\/wp-content\/uploads\/2018\/10\/7-1-300x200.jpg 300w, https:\/\/broz.sk\/wp-content\/uploads\/2018\/10\/7-1-768x512.jpg 768w, https:\/\/broz.sk\/wp-content\/uploads\/2018\/10\/7-1-24x16.jpg 24w, https:\/\/broz.sk\/wp-content\/uploads\/2018\/10\/7-1-36x24.jpg 36w, https:\/\/broz.sk\/wp-content\/uploads\/2018\/10\/7-1-48x32.jpg 48w, https:\/\/broz.sk\/wp-content\/uploads\/2018\/10\/7-1.jpg 900w\" sizes=\"(max-width: 300px) 100vw, 300px\" \/> <img decoding=\"async\" class=\"alignnone size-medium wp-image-5395\" src=\"https:\/\/broz.sk\/wp-content\/uploads\/2018\/10\/8-1-300x200.jpg\" alt=\"\" width=\"300\" height=\"200\" srcset=\"https:\/\/broz.sk\/wp-content\/uploads\/2018\/10\/8-1-300x200.jpg 300w, https:\/\/broz.sk\/wp-content\/uploads\/2018\/10\/8-1-768x512.jpg 768w, https:\/\/broz.sk\/wp-content\/uploads\/2018\/10\/8-1-24x16.jpg 24w, https:\/\/broz.sk\/wp-content\/uploads\/2018\/10\/8-1-36x24.jpg 36w, https:\/\/broz.sk\/wp-content\/uploads\/2018\/10\/8-1-48x32.jpg 48w, https:\/\/broz.sk\/wp-content\/uploads\/2018\/10\/8-1.jpg 900w\" sizes=\"(max-width: 300px) 100vw, 300px\" \/> <img loading=\"lazy\" decoding=\"async\" class=\"alignnone size-medium wp-image-5396\" src=\"https:\/\/broz.sk\/wp-content\/uploads\/2018\/10\/9-1-300x200.jpg\" alt=\"\" width=\"300\" height=\"200\" srcset=\"https:\/\/broz.sk\/wp-content\/uploads\/2018\/10\/9-1-300x200.jpg 300w, https:\/\/broz.sk\/wp-content\/uploads\/2018\/10\/9-1-768x512.jpg 768w, https:\/\/broz.sk\/wp-content\/uploads\/2018\/10\/9-1-24x16.jpg 24w, https:\/\/broz.sk\/wp-content\/uploads\/2018\/10\/9-1-36x24.jpg 36w, https:\/\/broz.sk\/wp-content\/uploads\/2018\/10\/9-1-48x32.jpg 48w, https:\/\/broz.sk\/wp-content\/uploads\/2018\/10\/9-1.jpg 900w\" sizes=\"(max-width: 300px) 100vw, 300px\" \/> <img loading=\"lazy\" decoding=\"async\" class=\"alignnone size-medium wp-image-5397\" src=\"https:\/\/broz.sk\/wp-content\/uploads\/2018\/10\/10-1-300x200.jpg\" alt=\"\" width=\"300\" height=\"200\" srcset=\"https:\/\/broz.sk\/wp-content\/uploads\/2018\/10\/10-1-300x200.jpg 300w, https:\/\/broz.sk\/wp-content\/uploads\/2018\/10\/10-1-768x512.jpg 768w, https:\/\/broz.sk\/wp-content\/uploads\/2018\/10\/10-1-24x16.jpg 24w, https:\/\/broz.sk\/wp-content\/uploads\/2018\/10\/10-1-36x24.jpg 36w, https:\/\/broz.sk\/wp-content\/uploads\/2018\/10\/10-1-48x32.jpg 48w, https:\/\/broz.sk\/wp-content\/uploads\/2018\/10\/10-1.jpg 900w\" sizes=\"(max-width: 300px) 100vw, 300px\" \/> <img loading=\"lazy\" decoding=\"async\" class=\"alignnone size-medium wp-image-5398\" src=\"https:\/\/broz.sk\/wp-content\/uploads\/2018\/10\/11-1-300x200.jpg\" alt=\"\" width=\"300\" height=\"200\" srcset=\"https:\/\/broz.sk\/wp-content\/uploads\/2018\/10\/11-1-300x200.jpg 300w, https:\/\/broz.sk\/wp-content\/uploads\/2018\/10\/11-1-768x512.jpg 768w, https:\/\/broz.sk\/wp-content\/uploads\/2018\/10\/11-1-24x16.jpg 24w, https:\/\/broz.sk\/wp-content\/uploads\/2018\/10\/11-1-36x24.jpg 36w, https:\/\/broz.sk\/wp-content\/uploads\/2018\/10\/11-1-48x32.jpg 48w, https:\/\/broz.sk\/wp-content\/uploads\/2018\/10\/11-1.jpg 900w\" sizes=\"(max-width: 300px) 100vw, 300px\" \/>","protected":false},"excerpt":{"rendered":"<p>A BROZ a pozsonyi v\u00edzm\u0171vekkel (BVS) \u00e9s a v\u00edzgazd\u00e1szokkal egy\u00fcttm\u0171k\u00f6dve fel\u00faj\u00edtott\u00e1k a k\u00e1rolyfalvi Duna-\u00e1g \u00e9l\u0151helyeinek \u00e1llapot\u00e1t. A sikeres fel\u00faj\u00edt\u00e1s alkalm\u00e1b\u00f3l megrendezett sajt\u00f3t\u00e1j\u00e9koztat\u00f3n 2016. j\u00fanius 3-\u00e1n r\u00e9szt vett S\u00f3lymos L\u00e1szl\u00f3 k\u00f6rnyezetv\u00e9delmi miniszter is.<\/p>\n","protected":false},"author":2,"featured_media":5395,"comment_status":"closed","ping_status":"closed","sticky":false,"template":"","format":"standard","meta":{"_acf_changed":false,"pmpro_default_level":"","footnotes":""},"categories":[23],"tags":[],"class_list":["post-6189","post","type-post","status-publish","format-standard","has-post-thumbnail","hentry","category-uncategorized-hu","pmpro-has-access","category-23","description-off"],"acf":[],"yoast_head":"<!-- This site is optimized with the Yoast SEO Premium plugin v21.4 (Yoast SEO v27.5) - https:\/\/yoast.com\/product\/yoast-seo-premium-wordpress\/ -->\n<title>Sajt\u00f3t\u00e1j\u00e9koztat\u00f3 a k\u00e1rolyfalvi Duna-\u00e1g \u00e9l\u0151helyeinek rehabilit\u00e1l\u00e1s\u00e1r\u00f3l - BROZ<\/title>\n<meta name=\"robots\" content=\"index, follow, max-snippet:-1, max-image-preview:large, max-video-preview:-1\" \/>\n<link rel=\"canonical\" href=\"https:\/\/broz.sk\/hu\/tlacova-konferencia-k-revitalizacii-karloveskeho-ramena-2\/\" \/>\n<meta property=\"og:locale\" content=\"hu_HU\" \/>\n<meta property=\"og:type\" content=\"article\" \/>\n<meta property=\"og:title\" content=\"Sajt\u00f3t\u00e1j\u00e9koztat\u00f3 a k\u00e1rolyfalvi Duna-\u00e1g \u00e9l\u0151helyeinek rehabilit\u00e1l\u00e1s\u00e1r\u00f3l\" \/>\n<meta property=\"og:description\" content=\"A BROZ a pozsonyi v\u00edzm\u0171vekkel (BVS) \u00e9s a v\u00edzgazd\u00e1szokkal egy\u00fcttm\u0171k\u00f6dve fel\u00faj\u00edtott\u00e1k a k\u00e1rolyfalvi Duna-\u00e1g \u00e9l\u0151helyeinek \u00e1llapot\u00e1t. A sikeres fel\u00faj\u00edt\u00e1s alkalm\u00e1b\u00f3l megrendezett sajt\u00f3t\u00e1j\u00e9koztat\u00f3n 2016. j\u00fanius 3-\u00e1n r\u00e9szt vett S\u00f3lymos L\u00e1szl\u00f3 k\u00f6rnyezetv\u00e9delmi miniszter is.\" \/>\n<meta property=\"og:url\" content=\"https:\/\/broz.sk\/hu\/tlacova-konferencia-k-revitalizacii-karloveskeho-ramena-2\/\" \/>\n<meta property=\"og:site_name\" content=\"BROZ\" \/>\n<meta property=\"article:publisher\" content=\"https:\/\/www.facebook.com\/broz.ba\/\" \/>\n<meta property=\"article:published_time\" content=\"2016-06-03T07:25:05+00:00\" \/>\n<meta property=\"article:modified_time\" content=\"2018-11-27T16:48:04+00:00\" \/>\n<meta property=\"og:image\" content=\"https:\/\/broz.sk\/wp-content\/uploads\/2018\/10\/8-1.jpg\" \/>\n\t<meta property=\"og:image:width\" content=\"900\" \/>\n\t<meta property=\"og:image:height\" content=\"600\" \/>\n\t<meta property=\"og:image:type\" content=\"image\/jpeg\" \/>\n<meta name=\"author\" content=\"broz\" \/>\n<meta name=\"twitter:card\" content=\"summary_large_image\" \/>\n<meta name=\"twitter:label1\" content=\"Szerz\u0151:\" \/>\n\t<meta name=\"twitter:data1\" content=\"broz\" \/>\n<script type=\"application\/ld+json\" class=\"yoast-schema-graph\">{\"@context\":\"https:\\\/\\\/schema.org\",\"@graph\":[{\"@type\":\"Article\",\"@id\":\"https:\\\/\\\/broz.sk\\\/hu\\\/tlacova-konferencia-k-revitalizacii-karloveskeho-ramena-2\\\/#article\",\"isPartOf\":{\"@id\":\"https:\\\/\\\/broz.sk\\\/hu\\\/tlacova-konferencia-k-revitalizacii-karloveskeho-ramena-2\\\/\"},\"author\":{\"name\":\"broz\",\"@id\":\"https:\\\/\\\/broz.sk\\\/#\\\/schema\\\/person\\\/210ebb0b5afa2a18d1e13abfbbb27080\"},\"headline\":\"Sajt\u00f3t\u00e1j\u00e9koztat\u00f3 a k\u00e1rolyfalvi Duna-\u00e1g \u00e9l\u0151helyeinek rehabilit\u00e1l\u00e1s\u00e1r\u00f3l\",\"datePublished\":\"2016-06-03T07:25:05+00:00\",\"dateModified\":\"2018-11-27T16:48:04+00:00\",\"mainEntityOfPage\":{\"@id\":\"https:\\\/\\\/broz.sk\\\/hu\\\/tlacova-konferencia-k-revitalizacii-karloveskeho-ramena-2\\\/\"},\"wordCount\":77,\"publisher\":{\"@id\":\"https:\\\/\\\/broz.sk\\\/#organization\"},\"image\":{\"@id\":\"https:\\\/\\\/broz.sk\\\/hu\\\/tlacova-konferencia-k-revitalizacii-karloveskeho-ramena-2\\\/#primaryimage\"},\"thumbnailUrl\":\"https:\\\/\\\/broz.sk\\\/wp-content\\\/uploads\\\/2018\\\/10\\\/8-1.jpg\",\"articleSection\":[\"Uncategorized @hu\"],\"inLanguage\":\"hu\"},{\"@type\":\"WebPage\",\"@id\":\"https:\\\/\\\/broz.sk\\\/hu\\\/tlacova-konferencia-k-revitalizacii-karloveskeho-ramena-2\\\/\",\"url\":\"https:\\\/\\\/broz.sk\\\/hu\\\/tlacova-konferencia-k-revitalizacii-karloveskeho-ramena-2\\\/\",\"name\":\"Sajt\u00f3t\u00e1j\u00e9koztat\u00f3 a k\u00e1rolyfalvi Duna-\u00e1g \u00e9l\u0151helyeinek rehabilit\u00e1l\u00e1s\u00e1r\u00f3l - BROZ\",\"isPartOf\":{\"@id\":\"https:\\\/\\\/broz.sk\\\/#website\"},\"primaryImageOfPage\":{\"@id\":\"https:\\\/\\\/broz.sk\\\/hu\\\/tlacova-konferencia-k-revitalizacii-karloveskeho-ramena-2\\\/#primaryimage\"},\"image\":{\"@id\":\"https:\\\/\\\/broz.sk\\\/hu\\\/tlacova-konferencia-k-revitalizacii-karloveskeho-ramena-2\\\/#primaryimage\"},\"thumbnailUrl\":\"https:\\\/\\\/broz.sk\\\/wp-content\\\/uploads\\\/2018\\\/10\\\/8-1.jpg\",\"datePublished\":\"2016-06-03T07:25:05+00:00\",\"dateModified\":\"2018-11-27T16:48:04+00:00\",\"breadcrumb\":{\"@id\":\"https:\\\/\\\/broz.sk\\\/hu\\\/tlacova-konferencia-k-revitalizacii-karloveskeho-ramena-2\\\/#breadcrumb\"},\"inLanguage\":\"hu\",\"potentialAction\":[{\"@type\":\"ReadAction\",\"target\":[\"https:\\\/\\\/broz.sk\\\/hu\\\/tlacova-konferencia-k-revitalizacii-karloveskeho-ramena-2\\\/\"]}]},{\"@type\":\"ImageObject\",\"inLanguage\":\"hu\",\"@id\":\"https:\\\/\\\/broz.sk\\\/hu\\\/tlacova-konferencia-k-revitalizacii-karloveskeho-ramena-2\\\/#primaryimage\",\"url\":\"https:\\\/\\\/broz.sk\\\/wp-content\\\/uploads\\\/2018\\\/10\\\/8-1.jpg\",\"contentUrl\":\"https:\\\/\\\/broz.sk\\\/wp-content\\\/uploads\\\/2018\\\/10\\\/8-1.jpg\",\"width\":900,\"height\":600},{\"@type\":\"BreadcrumbList\",\"@id\":\"https:\\\/\\\/broz.sk\\\/hu\\\/tlacova-konferencia-k-revitalizacii-karloveskeho-ramena-2\\\/#breadcrumb\",\"itemListElement\":[{\"@type\":\"ListItem\",\"position\":1,\"name\":\"Domovsk\u00e1 str\u00e1nka\",\"item\":\"https:\\\/\\\/broz.sk\\\/\"},{\"@type\":\"ListItem\",\"position\":2,\"name\":\"Sajt\u00f3t\u00e1j\u00e9koztat\u00f3 a k\u00e1rolyfalvi Duna-\u00e1g \u00e9l\u0151helyeinek rehabilit\u00e1l\u00e1s\u00e1r\u00f3l\"}]},{\"@type\":\"WebSite\",\"@id\":\"https:\\\/\\\/broz.sk\\\/#website\",\"url\":\"https:\\\/\\\/broz.sk\\\/\",\"name\":\"BROZ\",\"description\":\"ochran\u00e1rske zdru\u017eenie\",\"publisher\":{\"@id\":\"https:\\\/\\\/broz.sk\\\/#organization\"},\"potentialAction\":[{\"@type\":\"SearchAction\",\"target\":{\"@type\":\"EntryPoint\",\"urlTemplate\":\"https:\\\/\\\/broz.sk\\\/?s={search_term_string}\"},\"query-input\":{\"@type\":\"PropertyValueSpecification\",\"valueRequired\":true,\"valueName\":\"search_term_string\"}}],\"inLanguage\":\"hu\"},{\"@type\":\"Organization\",\"@id\":\"https:\\\/\\\/broz.sk\\\/#organization\",\"name\":\"BROZ - Bratislavsk\u00e9 region\u00e1lne ochran\u00e1rske zdru\u017eenie\",\"url\":\"https:\\\/\\\/broz.sk\\\/\",\"logo\":{\"@type\":\"ImageObject\",\"inLanguage\":\"hu\",\"@id\":\"https:\\\/\\\/broz.sk\\\/#\\\/schema\\\/logo\\\/image\\\/\",\"url\":\"https:\\\/\\\/broz.sk\\\/wp-content\\\/uploads\\\/2018\\\/03\\\/broz-logo-hires-color.png\",\"contentUrl\":\"https:\\\/\\\/broz.sk\\\/wp-content\\\/uploads\\\/2018\\\/03\\\/broz-logo-hires-color.png\",\"width\":2585,\"height\":1618,\"caption\":\"BROZ - Bratislavsk\u00e9 region\u00e1lne ochran\u00e1rske zdru\u017eenie\"},\"image\":{\"@id\":\"https:\\\/\\\/broz.sk\\\/#\\\/schema\\\/logo\\\/image\\\/\"},\"sameAs\":[\"https:\\\/\\\/www.facebook.com\\\/broz.ba\\\/\"]},{\"@type\":\"Person\",\"@id\":\"https:\\\/\\\/broz.sk\\\/#\\\/schema\\\/person\\\/210ebb0b5afa2a18d1e13abfbbb27080\",\"name\":\"broz\",\"image\":{\"@type\":\"ImageObject\",\"inLanguage\":\"hu\",\"@id\":\"https:\\\/\\\/secure.gravatar.com\\\/avatar\\\/2e036a5d302f24b5c517a7e75051ca040aedd897cd58df9cbd4f523a61282112?s=96&d=mm&r=g\",\"url\":\"https:\\\/\\\/secure.gravatar.com\\\/avatar\\\/2e036a5d302f24b5c517a7e75051ca040aedd897cd58df9cbd4f523a61282112?s=96&d=mm&r=g\",\"contentUrl\":\"https:\\\/\\\/secure.gravatar.com\\\/avatar\\\/2e036a5d302f24b5c517a7e75051ca040aedd897cd58df9cbd4f523a61282112?s=96&d=mm&r=g\",\"caption\":\"broz\"},\"url\":\"https:\\\/\\\/broz.sk\\\/hu\\\/author\\\/broz\\\/\"}]}<\/script>\n<!-- \/ Yoast SEO Premium plugin. -->","yoast_head_json":{"title":"Sajt\u00f3t\u00e1j\u00e9koztat\u00f3 a k\u00e1rolyfalvi Duna-\u00e1g \u00e9l\u0151helyeinek rehabilit\u00e1l\u00e1s\u00e1r\u00f3l - BROZ","robots":{"index":"index","follow":"follow","max-snippet":"max-snippet:-1","max-image-preview":"max-image-preview:large","max-video-preview":"max-video-preview:-1"},"canonical":"https:\/\/broz.sk\/hu\/tlacova-konferencia-k-revitalizacii-karloveskeho-ramena-2\/","og_locale":"hu_HU","og_type":"article","og_title":"Sajt\u00f3t\u00e1j\u00e9koztat\u00f3 a k\u00e1rolyfalvi Duna-\u00e1g \u00e9l\u0151helyeinek rehabilit\u00e1l\u00e1s\u00e1r\u00f3l","og_description":"A BROZ a pozsonyi v\u00edzm\u0171vekkel (BVS) \u00e9s a v\u00edzgazd\u00e1szokkal egy\u00fcttm\u0171k\u00f6dve fel\u00faj\u00edtott\u00e1k a k\u00e1rolyfalvi Duna-\u00e1g \u00e9l\u0151helyeinek \u00e1llapot\u00e1t. A sikeres fel\u00faj\u00edt\u00e1s alkalm\u00e1b\u00f3l megrendezett sajt\u00f3t\u00e1j\u00e9koztat\u00f3n 2016. j\u00fanius 3-\u00e1n r\u00e9szt vett S\u00f3lymos L\u00e1szl\u00f3 k\u00f6rnyezetv\u00e9delmi miniszter is.","og_url":"https:\/\/broz.sk\/hu\/tlacova-konferencia-k-revitalizacii-karloveskeho-ramena-2\/","og_site_name":"BROZ","article_publisher":"https:\/\/www.facebook.com\/broz.ba\/","article_published_time":"2016-06-03T07:25:05+00:00","article_modified_time":"2018-11-27T16:48:04+00:00","og_image":[{"width":900,"height":600,"url":"https:\/\/broz.sk\/wp-content\/uploads\/2018\/10\/8-1.jpg","type":"image\/jpeg"}],"author":"broz","twitter_card":"summary_large_image","twitter_misc":{"Szerz\u0151:":"broz"},"schema":{"@context":"https:\/\/schema.org","@graph":[{"@type":"Article","@id":"https:\/\/broz.sk\/hu\/tlacova-konferencia-k-revitalizacii-karloveskeho-ramena-2\/#article","isPartOf":{"@id":"https:\/\/broz.sk\/hu\/tlacova-konferencia-k-revitalizacii-karloveskeho-ramena-2\/"},"author":{"name":"broz","@id":"https:\/\/broz.sk\/#\/schema\/person\/210ebb0b5afa2a18d1e13abfbbb27080"},"headline":"Sajt\u00f3t\u00e1j\u00e9koztat\u00f3 a k\u00e1rolyfalvi Duna-\u00e1g \u00e9l\u0151helyeinek rehabilit\u00e1l\u00e1s\u00e1r\u00f3l","datePublished":"2016-06-03T07:25:05+00:00","dateModified":"2018-11-27T16:48:04+00:00","mainEntityOfPage":{"@id":"https:\/\/broz.sk\/hu\/tlacova-konferencia-k-revitalizacii-karloveskeho-ramena-2\/"},"wordCount":77,"publisher":{"@id":"https:\/\/broz.sk\/#organization"},"image":{"@id":"https:\/\/broz.sk\/hu\/tlacova-konferencia-k-revitalizacii-karloveskeho-ramena-2\/#primaryimage"},"thumbnailUrl":"https:\/\/broz.sk\/wp-content\/uploads\/2018\/10\/8-1.jpg","articleSection":["Uncategorized @hu"],"inLanguage":"hu"},{"@type":"WebPage","@id":"https:\/\/broz.sk\/hu\/tlacova-konferencia-k-revitalizacii-karloveskeho-ramena-2\/","url":"https:\/\/broz.sk\/hu\/tlacova-konferencia-k-revitalizacii-karloveskeho-ramena-2\/","name":"Sajt\u00f3t\u00e1j\u00e9koztat\u00f3 a k\u00e1rolyfalvi Duna-\u00e1g \u00e9l\u0151helyeinek rehabilit\u00e1l\u00e1s\u00e1r\u00f3l - BROZ","isPartOf":{"@id":"https:\/\/broz.sk\/#website"},"primaryImageOfPage":{"@id":"https:\/\/broz.sk\/hu\/tlacova-konferencia-k-revitalizacii-karloveskeho-ramena-2\/#primaryimage"},"image":{"@id":"https:\/\/broz.sk\/hu\/tlacova-konferencia-k-revitalizacii-karloveskeho-ramena-2\/#primaryimage"},"thumbnailUrl":"https:\/\/broz.sk\/wp-content\/uploads\/2018\/10\/8-1.jpg","datePublished":"2016-06-03T07:25:05+00:00","dateModified":"2018-11-27T16:48:04+00:00","breadcrumb":{"@id":"https:\/\/broz.sk\/hu\/tlacova-konferencia-k-revitalizacii-karloveskeho-ramena-2\/#breadcrumb"},"inLanguage":"hu","potentialAction":[{"@type":"ReadAction","target":["https:\/\/broz.sk\/hu\/tlacova-konferencia-k-revitalizacii-karloveskeho-ramena-2\/"]}]},{"@type":"ImageObject","inLanguage":"hu","@id":"https:\/\/broz.sk\/hu\/tlacova-konferencia-k-revitalizacii-karloveskeho-ramena-2\/#primaryimage","url":"https:\/\/broz.sk\/wp-content\/uploads\/2018\/10\/8-1.jpg","contentUrl":"https:\/\/broz.sk\/wp-content\/uploads\/2018\/10\/8-1.jpg","width":900,"height":600},{"@type":"BreadcrumbList","@id":"https:\/\/broz.sk\/hu\/tlacova-konferencia-k-revitalizacii-karloveskeho-ramena-2\/#breadcrumb","itemListElement":[{"@type":"ListItem","position":1,"name":"Domovsk\u00e1 str\u00e1nka","item":"https:\/\/broz.sk\/"},{"@type":"ListItem","position":2,"name":"Sajt\u00f3t\u00e1j\u00e9koztat\u00f3 a k\u00e1rolyfalvi Duna-\u00e1g \u00e9l\u0151helyeinek rehabilit\u00e1l\u00e1s\u00e1r\u00f3l"}]},{"@type":"WebSite","@id":"https:\/\/broz.sk\/#website","url":"https:\/\/broz.sk\/","name":"BROZ","description":"ochran\u00e1rske zdru\u017eenie","publisher":{"@id":"https:\/\/broz.sk\/#organization"},"potentialAction":[{"@type":"SearchAction","target":{"@type":"EntryPoint","urlTemplate":"https:\/\/broz.sk\/?s={search_term_string}"},"query-input":{"@type":"PropertyValueSpecification","valueRequired":true,"valueName":"search_term_string"}}],"inLanguage":"hu"},{"@type":"Organization","@id":"https:\/\/broz.sk\/#organization","name":"BROZ - Bratislavsk\u00e9 region\u00e1lne ochran\u00e1rske zdru\u017eenie","url":"https:\/\/broz.sk\/","logo":{"@type":"ImageObject","inLanguage":"hu","@id":"https:\/\/broz.sk\/#\/schema\/logo\/image\/","url":"https:\/\/broz.sk\/wp-content\/uploads\/2018\/03\/broz-logo-hires-color.png","contentUrl":"https:\/\/broz.sk\/wp-content\/uploads\/2018\/03\/broz-logo-hires-color.png","width":2585,"height":1618,"caption":"BROZ - Bratislavsk\u00e9 region\u00e1lne ochran\u00e1rske zdru\u017eenie"},"image":{"@id":"https:\/\/broz.sk\/#\/schema\/logo\/image\/"},"sameAs":["https:\/\/www.facebook.com\/broz.ba\/"]},{"@type":"Person","@id":"https:\/\/broz.sk\/#\/schema\/person\/210ebb0b5afa2a18d1e13abfbbb27080","name":"broz","image":{"@type":"ImageObject","inLanguage":"hu","@id":"https:\/\/secure.gravatar.com\/avatar\/2e036a5d302f24b5c517a7e75051ca040aedd897cd58df9cbd4f523a61282112?s=96&d=mm&r=g","url":"https:\/\/secure.gravatar.com\/avatar\/2e036a5d302f24b5c517a7e75051ca040aedd897cd58df9cbd4f523a61282112?s=96&d=mm&r=g","contentUrl":"https:\/\/secure.gravatar.com\/avatar\/2e036a5d302f24b5c517a7e75051ca040aedd897cd58df9cbd4f523a61282112?s=96&d=mm&r=g","caption":"broz"},"url":"https:\/\/broz.sk\/hu\/author\/broz\/"}]}},"_links":{"self":[{"href":"https:\/\/broz.sk\/hu\/wp-json\/wp\/v2\/posts\/6189","targetHints":{"allow":["GET"]}}],"collection":[{"href":"https:\/\/broz.sk\/hu\/wp-json\/wp\/v2\/posts"}],"about":[{"href":"https:\/\/broz.sk\/hu\/wp-json\/wp\/v2\/types\/post"}],"author":[{"embeddable":true,"href":"https:\/\/broz.sk\/hu\/wp-json\/wp\/v2\/users\/2"}],"replies":[{"embeddable":true,"href":"https:\/\/broz.sk\/hu\/wp-json\/wp\/v2\/comments?post=6189"}],"version-history":[{"count":3,"href":"https:\/\/broz.sk\/hu\/wp-json\/wp\/v2\/posts\/6189\/revisions"}],"predecessor-version":[{"id":6498,"href":"https:\/\/broz.sk\/hu\/wp-json\/wp\/v2\/posts\/6189\/revisions\/6498"}],"wp:featuredmedia":[{"embeddable":true,"href":"https:\/\/broz.sk\/hu\/wp-json\/wp\/v2\/media\/5395"}],"wp:attachment":[{"href":"https:\/\/broz.sk\/hu\/wp-json\/wp\/v2\/media?parent=6189"}],"wp:term":[{"taxonomy":"category","embeddable":true,"href":"https:\/\/broz.sk\/hu\/wp-json\/wp\/v2\/categories?post=6189"},{"taxonomy":"post_tag","embeddable":true,"href":"https:\/\/broz.sk\/hu\/wp-json\/wp\/v2\/tags?post=6189"}],"curies":[{"name":"wp","href":"https:\/\/api.w.org\/{rel}","templated":true}]}}