{"id":6068,"date":"2014-02-02T15:06:55","date_gmt":"2014-02-02T14:06:55","guid":{"rendered":"https:\/\/broz.sk\/svetovy-den-mokradi-2014\/"},"modified":"2018-11-28T14:27:48","modified_gmt":"2018-11-28T13:27:48","slug":"svetovy-den-mokradi-2014","status":"publish","type":"post","link":"https:\/\/broz.sk\/hu\/svetovy-den-mokradi-2014\/","title":{"rendered":"Vizes \u00c9l\u0151helyek Vil\u00e1gnapja"},"content":{"rendered":"Minden\u00e9v febru\u00e1r 2-\u00e1n \u00fcnnepelj\u00fck a Vizes \u00c9l\u0151helyek Vil\u00e1gnapj\u00e1t. A vizeny\u0151s \u00e9l\u0151helyek, l\u00e1posok ritka \u00e9l\u0151l\u00e9nyek otthonai. K\u00f6z\u00fcl\u00fck t\u00f6bb faj m\u00e1ra fokozottan vesz\u00e9lyeztetett, a kipusztul\u00e1s sz\u00e9l\u00e9n \u00e1ll. A 2014. \u00e9v egyik f\u0151 t\u00e9m\u00e1ja a vizeny\u0151s ter\u00fcletek \u00e9s a f\u00f6ldm\u0171vel\u00e9s kapcsolata, valamint a term\u00e9szetv\u00e9d\u0151k \u00e9s a mez\u0151gazd\u00e1szok k\u00f6zrem\u0171k\u00f6d\u00e9s\u00e9nek t\u00e1mogat\u00e1sa a vizes \u00e9l\u0151helyek v\u00e9delme \u00e9s kezel\u00e9se \u00e9rdek\u00e9ben.","protected":false},"excerpt":{"rendered":"<p>Minden\u00e9v febru\u00e1r 2-\u00e1n \u00fcnnepelj\u00fck a Vizes \u00c9l\u0151helyek Vil\u00e1gnapj\u00e1t. A vizeny\u0151s \u00e9l\u0151helyek, l\u00e1posok ritka \u00e9l\u0151l\u00e9nyek otthonai. K\u00f6z\u00fcl\u00fck t\u00f6bb faj m\u00e1ra fokozottan vesz\u00e9lyeztetett, a kipusztul\u00e1s sz\u00e9l\u00e9n \u00e1ll. A 2014. \u00e9v egyik f\u0151 t\u00e9m\u00e1ja a vizeny\u0151s ter\u00fcletek \u00e9s a f\u00f6ldm\u0171vel\u00e9s kapcsolata, valamint a term\u00e9szetv\u00e9d\u0151k \u00e9s a mez\u0151gazd\u00e1szok k\u00f6zrem\u0171k\u00f6d\u00e9s\u00e9nek t\u00e1mogat\u00e1sa a vizes \u00e9l\u0151helyek v\u00e9delme \u00e9s kezel\u00e9se \u00e9rdek\u00e9ben.<\/p>\n","protected":false},"author":2,"featured_media":2718,"comment_status":"closed","ping_status":"closed","sticky":false,"template":"","format":"standard","meta":{"_acf_changed":false,"pmpro_default_level":"","footnotes":""},"categories":[45],"tags":[],"class_list":["post-6068","post","type-post","status-publish","format-standard","has-post-thumbnail","hentry","category-0-hu","pmpro-has-access","category-45","description-off"],"acf":[],"yoast_head":"<!-- This site is optimized with the Yoast SEO Premium plugin v21.4 (Yoast SEO v27.5) - https:\/\/yoast.com\/product\/yoast-seo-premium-wordpress\/ -->\n<title>Vizes \u00c9l\u0151helyek Vil\u00e1gnapja - BROZ<\/title>\n<meta name=\"robots\" content=\"index, follow, max-snippet:-1, max-image-preview:large, max-video-preview:-1\" \/>\n<link rel=\"canonical\" href=\"https:\/\/broz.sk\/hu\/svetovy-den-mokradi-2014\/\" \/>\n<meta property=\"og:locale\" content=\"hu_HU\" \/>\n<meta property=\"og:type\" content=\"article\" \/>\n<meta property=\"og:title\" content=\"Vizes \u00c9l\u0151helyek Vil\u00e1gnapja\" \/>\n<meta property=\"og:description\" content=\"Minden\u00e9v febru\u00e1r 2-\u00e1n \u00fcnnepelj\u00fck a Vizes \u00c9l\u0151helyek Vil\u00e1gnapj\u00e1t. A vizeny\u0151s \u00e9l\u0151helyek, l\u00e1posok ritka \u00e9l\u0151l\u00e9nyek otthonai. K\u00f6z\u00fcl\u00fck t\u00f6bb faj m\u00e1ra fokozottan vesz\u00e9lyeztetett, a kipusztul\u00e1s sz\u00e9l\u00e9n \u00e1ll. A 2014. \u00e9v egyik f\u0151 t\u00e9m\u00e1ja a vizeny\u0151s ter\u00fcletek \u00e9s a f\u00f6ldm\u0171vel\u00e9s kapcsolata, valamint a term\u00e9szetv\u00e9d\u0151k \u00e9s a mez\u0151gazd\u00e1szok k\u00f6zrem\u0171k\u00f6d\u00e9s\u00e9nek t\u00e1mogat\u00e1sa a vizes \u00e9l\u0151helyek v\u00e9delme \u00e9s kezel\u00e9se \u00e9rdek\u00e9ben.\" \/>\n<meta property=\"og:url\" content=\"https:\/\/broz.sk\/hu\/svetovy-den-mokradi-2014\/\" \/>\n<meta property=\"og:site_name\" content=\"BROZ\" \/>\n<meta property=\"article:publisher\" content=\"https:\/\/www.facebook.com\/broz.ba\/\" \/>\n<meta property=\"article:published_time\" content=\"2014-02-02T14:06:55+00:00\" \/>\n<meta property=\"article:modified_time\" content=\"2018-11-28T13:27:48+00:00\" \/>\n<meta property=\"og:image\" content=\"https:\/\/broz.sk\/wp-content\/uploads\/2017\/03\/Cicovske_mrtve_rameno2.jpg\" \/>\n\t<meta property=\"og:image:width\" content=\"640\" \/>\n\t<meta property=\"og:image:height\" content=\"480\" \/>\n\t<meta property=\"og:image:type\" content=\"image\/jpeg\" \/>\n<meta name=\"author\" content=\"broz\" \/>\n<meta name=\"twitter:card\" content=\"summary_large_image\" \/>\n<meta name=\"twitter:label1\" content=\"Szerz\u0151:\" \/>\n\t<meta name=\"twitter:data1\" content=\"broz\" \/>\n<script type=\"application\/ld+json\" class=\"yoast-schema-graph\">{\"@context\":\"https:\\\/\\\/schema.org\",\"@graph\":[{\"@type\":\"Article\",\"@id\":\"https:\\\/\\\/broz.sk\\\/hu\\\/svetovy-den-mokradi-2014\\\/#article\",\"isPartOf\":{\"@id\":\"https:\\\/\\\/broz.sk\\\/hu\\\/svetovy-den-mokradi-2014\\\/\"},\"author\":{\"name\":\"broz\",\"@id\":\"https:\\\/\\\/broz.sk\\\/#\\\/schema\\\/person\\\/210ebb0b5afa2a18d1e13abfbbb27080\"},\"headline\":\"Vizes \u00c9l\u0151helyek Vil\u00e1gnapja\",\"datePublished\":\"2014-02-02T14:06:55+00:00\",\"dateModified\":\"2018-11-28T13:27:48+00:00\",\"mainEntityOfPage\":{\"@id\":\"https:\\\/\\\/broz.sk\\\/hu\\\/svetovy-den-mokradi-2014\\\/\"},\"wordCount\":101,\"publisher\":{\"@id\":\"https:\\\/\\\/broz.sk\\\/#organization\"},\"image\":{\"@id\":\"https:\\\/\\\/broz.sk\\\/hu\\\/svetovy-den-mokradi-2014\\\/#primaryimage\"},\"thumbnailUrl\":\"https:\\\/\\\/broz.sk\\\/wp-content\\\/uploads\\\/2017\\\/03\\\/Cicovske_mrtve_rameno2.jpg\",\"articleSection\":[\"K\u00f6rnyezetv\u00e9delmi oktat\u00e1s\"],\"inLanguage\":\"hu\"},{\"@type\":\"WebPage\",\"@id\":\"https:\\\/\\\/broz.sk\\\/hu\\\/svetovy-den-mokradi-2014\\\/\",\"url\":\"https:\\\/\\\/broz.sk\\\/hu\\\/svetovy-den-mokradi-2014\\\/\",\"name\":\"Vizes \u00c9l\u0151helyek Vil\u00e1gnapja - BROZ\",\"isPartOf\":{\"@id\":\"https:\\\/\\\/broz.sk\\\/#website\"},\"primaryImageOfPage\":{\"@id\":\"https:\\\/\\\/broz.sk\\\/hu\\\/svetovy-den-mokradi-2014\\\/#primaryimage\"},\"image\":{\"@id\":\"https:\\\/\\\/broz.sk\\\/hu\\\/svetovy-den-mokradi-2014\\\/#primaryimage\"},\"thumbnailUrl\":\"https:\\\/\\\/broz.sk\\\/wp-content\\\/uploads\\\/2017\\\/03\\\/Cicovske_mrtve_rameno2.jpg\",\"datePublished\":\"2014-02-02T14:06:55+00:00\",\"dateModified\":\"2018-11-28T13:27:48+00:00\",\"breadcrumb\":{\"@id\":\"https:\\\/\\\/broz.sk\\\/hu\\\/svetovy-den-mokradi-2014\\\/#breadcrumb\"},\"inLanguage\":\"hu\",\"potentialAction\":[{\"@type\":\"ReadAction\",\"target\":[\"https:\\\/\\\/broz.sk\\\/hu\\\/svetovy-den-mokradi-2014\\\/\"]}]},{\"@type\":\"ImageObject\",\"inLanguage\":\"hu\",\"@id\":\"https:\\\/\\\/broz.sk\\\/hu\\\/svetovy-den-mokradi-2014\\\/#primaryimage\",\"url\":\"https:\\\/\\\/broz.sk\\\/wp-content\\\/uploads\\\/2017\\\/03\\\/Cicovske_mrtve_rameno2.jpg\",\"contentUrl\":\"https:\\\/\\\/broz.sk\\\/wp-content\\\/uploads\\\/2017\\\/03\\\/Cicovske_mrtve_rameno2.jpg\",\"width\":640,\"height\":480},{\"@type\":\"BreadcrumbList\",\"@id\":\"https:\\\/\\\/broz.sk\\\/hu\\\/svetovy-den-mokradi-2014\\\/#breadcrumb\",\"itemListElement\":[{\"@type\":\"ListItem\",\"position\":1,\"name\":\"Domovsk\u00e1 str\u00e1nka\",\"item\":\"https:\\\/\\\/broz.sk\\\/\"},{\"@type\":\"ListItem\",\"position\":2,\"name\":\"Vizes \u00c9l\u0151helyek Vil\u00e1gnapja\"}]},{\"@type\":\"WebSite\",\"@id\":\"https:\\\/\\\/broz.sk\\\/#website\",\"url\":\"https:\\\/\\\/broz.sk\\\/\",\"name\":\"BROZ\",\"description\":\"ochran\u00e1rske zdru\u017eenie\",\"publisher\":{\"@id\":\"https:\\\/\\\/broz.sk\\\/#organization\"},\"potentialAction\":[{\"@type\":\"SearchAction\",\"target\":{\"@type\":\"EntryPoint\",\"urlTemplate\":\"https:\\\/\\\/broz.sk\\\/?s={search_term_string}\"},\"query-input\":{\"@type\":\"PropertyValueSpecification\",\"valueRequired\":true,\"valueName\":\"search_term_string\"}}],\"inLanguage\":\"hu\"},{\"@type\":\"Organization\",\"@id\":\"https:\\\/\\\/broz.sk\\\/#organization\",\"name\":\"BROZ - Bratislavsk\u00e9 region\u00e1lne ochran\u00e1rske zdru\u017eenie\",\"url\":\"https:\\\/\\\/broz.sk\\\/\",\"logo\":{\"@type\":\"ImageObject\",\"inLanguage\":\"hu\",\"@id\":\"https:\\\/\\\/broz.sk\\\/#\\\/schema\\\/logo\\\/image\\\/\",\"url\":\"https:\\\/\\\/broz.sk\\\/wp-content\\\/uploads\\\/2018\\\/03\\\/broz-logo-hires-color.png\",\"contentUrl\":\"https:\\\/\\\/broz.sk\\\/wp-content\\\/uploads\\\/2018\\\/03\\\/broz-logo-hires-color.png\",\"width\":2585,\"height\":1618,\"caption\":\"BROZ - Bratislavsk\u00e9 region\u00e1lne ochran\u00e1rske zdru\u017eenie\"},\"image\":{\"@id\":\"https:\\\/\\\/broz.sk\\\/#\\\/schema\\\/logo\\\/image\\\/\"},\"sameAs\":[\"https:\\\/\\\/www.facebook.com\\\/broz.ba\\\/\"]},{\"@type\":\"Person\",\"@id\":\"https:\\\/\\\/broz.sk\\\/#\\\/schema\\\/person\\\/210ebb0b5afa2a18d1e13abfbbb27080\",\"name\":\"broz\",\"image\":{\"@type\":\"ImageObject\",\"inLanguage\":\"hu\",\"@id\":\"https:\\\/\\\/secure.gravatar.com\\\/avatar\\\/2e036a5d302f24b5c517a7e75051ca040aedd897cd58df9cbd4f523a61282112?s=96&d=mm&r=g\",\"url\":\"https:\\\/\\\/secure.gravatar.com\\\/avatar\\\/2e036a5d302f24b5c517a7e75051ca040aedd897cd58df9cbd4f523a61282112?s=96&d=mm&r=g\",\"contentUrl\":\"https:\\\/\\\/secure.gravatar.com\\\/avatar\\\/2e036a5d302f24b5c517a7e75051ca040aedd897cd58df9cbd4f523a61282112?s=96&d=mm&r=g\",\"caption\":\"broz\"},\"url\":\"https:\\\/\\\/broz.sk\\\/hu\\\/author\\\/broz\\\/\"}]}<\/script>\n<!-- \/ Yoast SEO Premium plugin. -->","yoast_head_json":{"title":"Vizes \u00c9l\u0151helyek Vil\u00e1gnapja - BROZ","robots":{"index":"index","follow":"follow","max-snippet":"max-snippet:-1","max-image-preview":"max-image-preview:large","max-video-preview":"max-video-preview:-1"},"canonical":"https:\/\/broz.sk\/hu\/svetovy-den-mokradi-2014\/","og_locale":"hu_HU","og_type":"article","og_title":"Vizes \u00c9l\u0151helyek Vil\u00e1gnapja","og_description":"Minden\u00e9v febru\u00e1r 2-\u00e1n \u00fcnnepelj\u00fck a Vizes \u00c9l\u0151helyek Vil\u00e1gnapj\u00e1t. A vizeny\u0151s \u00e9l\u0151helyek, l\u00e1posok ritka \u00e9l\u0151l\u00e9nyek otthonai. K\u00f6z\u00fcl\u00fck t\u00f6bb faj m\u00e1ra fokozottan vesz\u00e9lyeztetett, a kipusztul\u00e1s sz\u00e9l\u00e9n \u00e1ll. A 2014. \u00e9v egyik f\u0151 t\u00e9m\u00e1ja a vizeny\u0151s ter\u00fcletek \u00e9s a f\u00f6ldm\u0171vel\u00e9s kapcsolata, valamint a term\u00e9szetv\u00e9d\u0151k \u00e9s a mez\u0151gazd\u00e1szok k\u00f6zrem\u0171k\u00f6d\u00e9s\u00e9nek t\u00e1mogat\u00e1sa a vizes \u00e9l\u0151helyek v\u00e9delme \u00e9s kezel\u00e9se \u00e9rdek\u00e9ben.","og_url":"https:\/\/broz.sk\/hu\/svetovy-den-mokradi-2014\/","og_site_name":"BROZ","article_publisher":"https:\/\/www.facebook.com\/broz.ba\/","article_published_time":"2014-02-02T14:06:55+00:00","article_modified_time":"2018-11-28T13:27:48+00:00","og_image":[{"width":640,"height":480,"url":"https:\/\/broz.sk\/wp-content\/uploads\/2017\/03\/Cicovske_mrtve_rameno2.jpg","type":"image\/jpeg"}],"author":"broz","twitter_card":"summary_large_image","twitter_misc":{"Szerz\u0151:":"broz"},"schema":{"@context":"https:\/\/schema.org","@graph":[{"@type":"Article","@id":"https:\/\/broz.sk\/hu\/svetovy-den-mokradi-2014\/#article","isPartOf":{"@id":"https:\/\/broz.sk\/hu\/svetovy-den-mokradi-2014\/"},"author":{"name":"broz","@id":"https:\/\/broz.sk\/#\/schema\/person\/210ebb0b5afa2a18d1e13abfbbb27080"},"headline":"Vizes \u00c9l\u0151helyek Vil\u00e1gnapja","datePublished":"2014-02-02T14:06:55+00:00","dateModified":"2018-11-28T13:27:48+00:00","mainEntityOfPage":{"@id":"https:\/\/broz.sk\/hu\/svetovy-den-mokradi-2014\/"},"wordCount":101,"publisher":{"@id":"https:\/\/broz.sk\/#organization"},"image":{"@id":"https:\/\/broz.sk\/hu\/svetovy-den-mokradi-2014\/#primaryimage"},"thumbnailUrl":"https:\/\/broz.sk\/wp-content\/uploads\/2017\/03\/Cicovske_mrtve_rameno2.jpg","articleSection":["K\u00f6rnyezetv\u00e9delmi oktat\u00e1s"],"inLanguage":"hu"},{"@type":"WebPage","@id":"https:\/\/broz.sk\/hu\/svetovy-den-mokradi-2014\/","url":"https:\/\/broz.sk\/hu\/svetovy-den-mokradi-2014\/","name":"Vizes \u00c9l\u0151helyek Vil\u00e1gnapja - BROZ","isPartOf":{"@id":"https:\/\/broz.sk\/#website"},"primaryImageOfPage":{"@id":"https:\/\/broz.sk\/hu\/svetovy-den-mokradi-2014\/#primaryimage"},"image":{"@id":"https:\/\/broz.sk\/hu\/svetovy-den-mokradi-2014\/#primaryimage"},"thumbnailUrl":"https:\/\/broz.sk\/wp-content\/uploads\/2017\/03\/Cicovske_mrtve_rameno2.jpg","datePublished":"2014-02-02T14:06:55+00:00","dateModified":"2018-11-28T13:27:48+00:00","breadcrumb":{"@id":"https:\/\/broz.sk\/hu\/svetovy-den-mokradi-2014\/#breadcrumb"},"inLanguage":"hu","potentialAction":[{"@type":"ReadAction","target":["https:\/\/broz.sk\/hu\/svetovy-den-mokradi-2014\/"]}]},{"@type":"ImageObject","inLanguage":"hu","@id":"https:\/\/broz.sk\/hu\/svetovy-den-mokradi-2014\/#primaryimage","url":"https:\/\/broz.sk\/wp-content\/uploads\/2017\/03\/Cicovske_mrtve_rameno2.jpg","contentUrl":"https:\/\/broz.sk\/wp-content\/uploads\/2017\/03\/Cicovske_mrtve_rameno2.jpg","width":640,"height":480},{"@type":"BreadcrumbList","@id":"https:\/\/broz.sk\/hu\/svetovy-den-mokradi-2014\/#breadcrumb","itemListElement":[{"@type":"ListItem","position":1,"name":"Domovsk\u00e1 str\u00e1nka","item":"https:\/\/broz.sk\/"},{"@type":"ListItem","position":2,"name":"Vizes \u00c9l\u0151helyek Vil\u00e1gnapja"}]},{"@type":"WebSite","@id":"https:\/\/broz.sk\/#website","url":"https:\/\/broz.sk\/","name":"BROZ","description":"ochran\u00e1rske zdru\u017eenie","publisher":{"@id":"https:\/\/broz.sk\/#organization"},"potentialAction":[{"@type":"SearchAction","target":{"@type":"EntryPoint","urlTemplate":"https:\/\/broz.sk\/?s={search_term_string}"},"query-input":{"@type":"PropertyValueSpecification","valueRequired":true,"valueName":"search_term_string"}}],"inLanguage":"hu"},{"@type":"Organization","@id":"https:\/\/broz.sk\/#organization","name":"BROZ - Bratislavsk\u00e9 region\u00e1lne ochran\u00e1rske zdru\u017eenie","url":"https:\/\/broz.sk\/","logo":{"@type":"ImageObject","inLanguage":"hu","@id":"https:\/\/broz.sk\/#\/schema\/logo\/image\/","url":"https:\/\/broz.sk\/wp-content\/uploads\/2018\/03\/broz-logo-hires-color.png","contentUrl":"https:\/\/broz.sk\/wp-content\/uploads\/2018\/03\/broz-logo-hires-color.png","width":2585,"height":1618,"caption":"BROZ - Bratislavsk\u00e9 region\u00e1lne ochran\u00e1rske zdru\u017eenie"},"image":{"@id":"https:\/\/broz.sk\/#\/schema\/logo\/image\/"},"sameAs":["https:\/\/www.facebook.com\/broz.ba\/"]},{"@type":"Person","@id":"https:\/\/broz.sk\/#\/schema\/person\/210ebb0b5afa2a18d1e13abfbbb27080","name":"broz","image":{"@type":"ImageObject","inLanguage":"hu","@id":"https:\/\/secure.gravatar.com\/avatar\/2e036a5d302f24b5c517a7e75051ca040aedd897cd58df9cbd4f523a61282112?s=96&d=mm&r=g","url":"https:\/\/secure.gravatar.com\/avatar\/2e036a5d302f24b5c517a7e75051ca040aedd897cd58df9cbd4f523a61282112?s=96&d=mm&r=g","contentUrl":"https:\/\/secure.gravatar.com\/avatar\/2e036a5d302f24b5c517a7e75051ca040aedd897cd58df9cbd4f523a61282112?s=96&d=mm&r=g","caption":"broz"},"url":"https:\/\/broz.sk\/hu\/author\/broz\/"}]}},"_links":{"self":[{"href":"https:\/\/broz.sk\/hu\/wp-json\/wp\/v2\/posts\/6068","targetHints":{"allow":["GET"]}}],"collection":[{"href":"https:\/\/broz.sk\/hu\/wp-json\/wp\/v2\/posts"}],"about":[{"href":"https:\/\/broz.sk\/hu\/wp-json\/wp\/v2\/types\/post"}],"author":[{"embeddable":true,"href":"https:\/\/broz.sk\/hu\/wp-json\/wp\/v2\/users\/2"}],"replies":[{"embeddable":true,"href":"https:\/\/broz.sk\/hu\/wp-json\/wp\/v2\/comments?post=6068"}],"version-history":[{"count":2,"href":"https:\/\/broz.sk\/hu\/wp-json\/wp\/v2\/posts\/6068\/revisions"}],"predecessor-version":[{"id":6153,"href":"https:\/\/broz.sk\/hu\/wp-json\/wp\/v2\/posts\/6068\/revisions\/6153"}],"wp:featuredmedia":[{"embeddable":true,"href":"https:\/\/broz.sk\/hu\/wp-json\/wp\/v2\/media\/2718"}],"wp:attachment":[{"href":"https:\/\/broz.sk\/hu\/wp-json\/wp\/v2\/media?parent=6068"}],"wp:term":[{"taxonomy":"category","embeddable":true,"href":"https:\/\/broz.sk\/hu\/wp-json\/wp\/v2\/categories?post=6068"},{"taxonomy":"post_tag","embeddable":true,"href":"https:\/\/broz.sk\/hu\/wp-json\/wp\/v2\/tags?post=6068"}],"curies":[{"name":"wp","href":"https:\/\/api.w.org\/{rel}","templated":true}]}}