{"id":5769,"date":"2013-09-19T14:51:44","date_gmt":"2013-09-19T12:51:44","guid":{"rendered":"https:\/\/broz.sk\/studijna-navsteva-zamerana-na-pastevny-manazment-v-chranenych-uzemiach-v-rakusku-2\/"},"modified":"2018-11-28T14:25:05","modified_gmt":"2018-11-28T13:25:05","slug":"studijna-navsteva-zamerana-na-pastevny-manazment-v-chranenych-uzemiach-v-rakusku-2","status":"publish","type":"post","link":"https:\/\/broz.sk\/hu\/studijna-navsteva-zamerana-na-pastevny-manazment-v-chranenych-uzemiach-v-rakusku-2\/","title":{"rendered":"V\u00e9dett ter\u00fcletek legeltet\u00e9si menedzsmentj\u00e9t megc\u00e9lz\u00f3 tanulm\u00e1ny\u00fat Ausztri\u00e1ban"},"content":{"rendered":"2013. szeptember 19. \u00e9s 20-\u00e1n a Natura 2000 BA projekt keret\u00e9n bel\u00fcl \u00e9rdekes tanulm\u00e1ny\u00faton vett\u00fcnk r\u00e9szt Ausztri\u00e1ban. A tanulm\u00e1ny\u00fat c\u00e9lja a v\u00e9dett ter\u00fcleteken folytatott legeltet\u00e9s menedzsmentj\u00e9nek bemutat\u00e1sa volt. A BROZ munkat\u00e1rsain k\u00edv\u00fcl r\u00e9szt vettek a l\u00e1togat\u00e1son az \u00c1llami Term\u00e9szetv\u00e9delmi Hivatal (\u0160OP SR), a Daphne, a Pozsonyi V\u00e1rosi Tan\u00e1cs \u00e9s a Ker\u00fcleti K\u00f6rnyezetv\u00e9delmi Hivatal k\u00e9pvisel\u0151i is. Megtekintett\u00fck a k\u00f6vetkez\u0151 helys\u00e9geket: Lobau, Bisamberg, Glaslauterriegel-Heferlberg-Fluxberg \u00e9s Hundsheim.\r\n\r\n&nbsp;\r\n\r\n<img fetchpriority=\"high\" decoding=\"async\" class=\"alignleft size-medium wp-image-5355\" src=\"https:\/\/broz.sk\/wp-content\/uploads\/2018\/10\/26-300x225.jpg\" alt=\"\" width=\"300\" height=\"225\" srcset=\"https:\/\/broz.sk\/wp-content\/uploads\/2018\/10\/26-300x225.jpg 300w, https:\/\/broz.sk\/wp-content\/uploads\/2018\/10\/26-768x576.jpg 768w, https:\/\/broz.sk\/wp-content\/uploads\/2018\/10\/26-24x18.jpg 24w, https:\/\/broz.sk\/wp-content\/uploads\/2018\/10\/26-36x27.jpg 36w, https:\/\/broz.sk\/wp-content\/uploads\/2018\/10\/26-48x36.jpg 48w, https:\/\/broz.sk\/wp-content\/uploads\/2018\/10\/26.jpg 1000w\" sizes=\"(max-width: 300px) 100vw, 300px\" \/> <img decoding=\"async\" class=\"alignleft size-medium wp-image-5356\" src=\"https:\/\/broz.sk\/wp-content\/uploads\/2018\/10\/27-300x225.jpg\" alt=\"\" width=\"300\" height=\"225\" srcset=\"https:\/\/broz.sk\/wp-content\/uploads\/2018\/10\/27-300x225.jpg 300w, https:\/\/broz.sk\/wp-content\/uploads\/2018\/10\/27-768x576.jpg 768w, https:\/\/broz.sk\/wp-content\/uploads\/2018\/10\/27-24x18.jpg 24w, https:\/\/broz.sk\/wp-content\/uploads\/2018\/10\/27-36x27.jpg 36w, https:\/\/broz.sk\/wp-content\/uploads\/2018\/10\/27-48x36.jpg 48w, https:\/\/broz.sk\/wp-content\/uploads\/2018\/10\/27.jpg 1000w\" sizes=\"(max-width: 300px) 100vw, 300px\" \/> <img decoding=\"async\" class=\"alignleft size-medium wp-image-5357\" src=\"https:\/\/broz.sk\/wp-content\/uploads\/2018\/10\/28-300x225.jpg\" alt=\"\" width=\"300\" height=\"225\" srcset=\"https:\/\/broz.sk\/wp-content\/uploads\/2018\/10\/28-300x225.jpg 300w, https:\/\/broz.sk\/wp-content\/uploads\/2018\/10\/28-768x576.jpg 768w, https:\/\/broz.sk\/wp-content\/uploads\/2018\/10\/28-24x18.jpg 24w, https:\/\/broz.sk\/wp-content\/uploads\/2018\/10\/28-36x27.jpg 36w, https:\/\/broz.sk\/wp-content\/uploads\/2018\/10\/28-48x36.jpg 48w, https:\/\/broz.sk\/wp-content\/uploads\/2018\/10\/28.jpg 1000w\" sizes=\"(max-width: 300px) 100vw, 300px\" \/> <img loading=\"lazy\" decoding=\"async\" class=\"alignleft size-medium wp-image-5358\" src=\"https:\/\/broz.sk\/wp-content\/uploads\/2018\/10\/29-300x225.jpg\" alt=\"\" width=\"300\" height=\"225\" srcset=\"https:\/\/broz.sk\/wp-content\/uploads\/2018\/10\/29-300x225.jpg 300w, https:\/\/broz.sk\/wp-content\/uploads\/2018\/10\/29-768x576.jpg 768w, https:\/\/broz.sk\/wp-content\/uploads\/2018\/10\/29-24x18.jpg 24w, https:\/\/broz.sk\/wp-content\/uploads\/2018\/10\/29-36x27.jpg 36w, https:\/\/broz.sk\/wp-content\/uploads\/2018\/10\/29-48x36.jpg 48w, https:\/\/broz.sk\/wp-content\/uploads\/2018\/10\/29.jpg 1000w\" sizes=\"(max-width: 300px) 100vw, 300px\" \/> <img loading=\"lazy\" decoding=\"async\" class=\"alignleft size-medium wp-image-5359\" src=\"https:\/\/broz.sk\/wp-content\/uploads\/2018\/10\/30-300x225.jpg\" alt=\"\" width=\"300\" height=\"225\" srcset=\"https:\/\/broz.sk\/wp-content\/uploads\/2018\/10\/30-300x225.jpg 300w, https:\/\/broz.sk\/wp-content\/uploads\/2018\/10\/30-768x576.jpg 768w, https:\/\/broz.sk\/wp-content\/uploads\/2018\/10\/30-24x18.jpg 24w, https:\/\/broz.sk\/wp-content\/uploads\/2018\/10\/30-36x27.jpg 36w, https:\/\/broz.sk\/wp-content\/uploads\/2018\/10\/30-48x36.jpg 48w, https:\/\/broz.sk\/wp-content\/uploads\/2018\/10\/30.jpg 1000w\" sizes=\"(max-width: 300px) 100vw, 300px\" \/> <img loading=\"lazy\" decoding=\"async\" class=\"alignleft size-medium wp-image-5360\" src=\"https:\/\/broz.sk\/wp-content\/uploads\/2018\/10\/31-300x225.jpg\" alt=\"\" width=\"300\" height=\"225\" srcset=\"https:\/\/broz.sk\/wp-content\/uploads\/2018\/10\/31-300x225.jpg 300w, https:\/\/broz.sk\/wp-content\/uploads\/2018\/10\/31-768x576.jpg 768w, https:\/\/broz.sk\/wp-content\/uploads\/2018\/10\/31-24x18.jpg 24w, https:\/\/broz.sk\/wp-content\/uploads\/2018\/10\/31-36x27.jpg 36w, https:\/\/broz.sk\/wp-content\/uploads\/2018\/10\/31-48x36.jpg 48w, https:\/\/broz.sk\/wp-content\/uploads\/2018\/10\/31.jpg 1000w\" sizes=\"(max-width: 300px) 100vw, 300px\" \/>","protected":false},"excerpt":{"rendered":"<p>2013. szeptember 19. \u00e9s 20-\u00e1n a Natura 2000 BA projekt keret\u00e9n bel\u00fcl \u00e9rdekes tanulm\u00e1ny\u00faton vett\u00fcnk r\u00e9szt Ausztri\u00e1ban. A tanulm\u00e1ny\u00fat c\u00e9lja a v\u00e9dett ter\u00fcleteken folytatott legeltet\u00e9s menedzsmentj\u00e9nek bemutat\u00e1sa volt. A BROZ munkat\u00e1rsain k\u00edv\u00fcl r\u00e9szt vettek a l\u00e1togat\u00e1son az \u00c1llami Term\u00e9szetv\u00e9delmi Hivatal (\u0160OP SR), a Daphne, a Pozsonyi V\u00e1rosi Tan\u00e1cs \u00e9s a Ker\u00fcleti K\u00f6rnyezetv\u00e9delmi Hivatal k\u00e9pvisel\u0151i is.&hellip;<\/p>\n","protected":false},"author":2,"featured_media":5356,"comment_status":"closed","ping_status":"closed","sticky":false,"template":"","format":"standard","meta":{"_acf_changed":false,"pmpro_default_level":"","footnotes":""},"categories":[40,41],"tags":[],"class_list":["post-5769","post","type-post","status-publish","format-standard","has-post-thumbnail","hentry","category-protection-of-species-hu","category-protection-of-habitats-hu","pmpro-has-access","category-40","category-41","description-off"],"acf":[],"yoast_head":"<!-- This site is optimized with the Yoast SEO Premium plugin v21.4 (Yoast SEO v27.5) - https:\/\/yoast.com\/product\/yoast-seo-premium-wordpress\/ -->\n<title>V\u00e9dett ter\u00fcletek legeltet\u00e9si menedzsmentj\u00e9t megc\u00e9lz\u00f3 tanulm\u00e1ny\u00fat Ausztri\u00e1ban - BROZ<\/title>\n<meta name=\"robots\" content=\"index, follow, max-snippet:-1, max-image-preview:large, max-video-preview:-1\" \/>\n<link rel=\"canonical\" href=\"https:\/\/broz.sk\/hu\/studijna-navsteva-zamerana-na-pastevny-manazment-v-chranenych-uzemiach-v-rakusku-2\/\" \/>\n<meta property=\"og:locale\" content=\"hu_HU\" \/>\n<meta property=\"og:type\" content=\"article\" \/>\n<meta property=\"og:title\" content=\"V\u00e9dett ter\u00fcletek legeltet\u00e9si menedzsmentj\u00e9t megc\u00e9lz\u00f3 tanulm\u00e1ny\u00fat Ausztri\u00e1ban\" \/>\n<meta property=\"og:description\" content=\"2013. szeptember 19. \u00e9s 20-\u00e1n a Natura 2000 BA projekt keret\u00e9n bel\u00fcl \u00e9rdekes tanulm\u00e1ny\u00faton vett\u00fcnk r\u00e9szt Ausztri\u00e1ban. A tanulm\u00e1ny\u00fat c\u00e9lja a v\u00e9dett ter\u00fcleteken folytatott legeltet\u00e9s menedzsmentj\u00e9nek bemutat\u00e1sa volt. A BROZ munkat\u00e1rsain k\u00edv\u00fcl r\u00e9szt vettek a l\u00e1togat\u00e1son az \u00c1llami Term\u00e9szetv\u00e9delmi Hivatal (\u0160OP SR), a Daphne, a Pozsonyi V\u00e1rosi Tan\u00e1cs \u00e9s a Ker\u00fcleti K\u00f6rnyezetv\u00e9delmi Hivatal k\u00e9pvisel\u0151i is.&hellip;\" \/>\n<meta property=\"og:url\" content=\"https:\/\/broz.sk\/hu\/studijna-navsteva-zamerana-na-pastevny-manazment-v-chranenych-uzemiach-v-rakusku-2\/\" \/>\n<meta property=\"og:site_name\" content=\"BROZ\" \/>\n<meta property=\"article:publisher\" content=\"https:\/\/www.facebook.com\/broz.ba\/\" \/>\n<meta property=\"article:published_time\" content=\"2013-09-19T12:51:44+00:00\" \/>\n<meta property=\"article:modified_time\" content=\"2018-11-28T13:25:05+00:00\" \/>\n<meta property=\"og:image\" content=\"https:\/\/broz.sk\/wp-content\/uploads\/2018\/10\/27.jpg\" \/>\n\t<meta property=\"og:image:width\" content=\"1000\" \/>\n\t<meta property=\"og:image:height\" content=\"750\" \/>\n\t<meta property=\"og:image:type\" content=\"image\/jpeg\" \/>\n<meta name=\"author\" content=\"broz\" \/>\n<meta name=\"twitter:card\" content=\"summary_large_image\" \/>\n<meta name=\"twitter:label1\" content=\"Szerz\u0151:\" \/>\n\t<meta name=\"twitter:data1\" content=\"broz\" \/>\n<script type=\"application\/ld+json\" class=\"yoast-schema-graph\">{\"@context\":\"https:\\\/\\\/schema.org\",\"@graph\":[{\"@type\":\"Article\",\"@id\":\"https:\\\/\\\/broz.sk\\\/hu\\\/studijna-navsteva-zamerana-na-pastevny-manazment-v-chranenych-uzemiach-v-rakusku-2\\\/#article\",\"isPartOf\":{\"@id\":\"https:\\\/\\\/broz.sk\\\/hu\\\/studijna-navsteva-zamerana-na-pastevny-manazment-v-chranenych-uzemiach-v-rakusku-2\\\/\"},\"author\":{\"name\":\"broz\",\"@id\":\"https:\\\/\\\/broz.sk\\\/#\\\/schema\\\/person\\\/210ebb0b5afa2a18d1e13abfbbb27080\"},\"headline\":\"V\u00e9dett ter\u00fcletek legeltet\u00e9si menedzsmentj\u00e9t megc\u00e9lz\u00f3 tanulm\u00e1ny\u00fat Ausztri\u00e1ban\",\"datePublished\":\"2013-09-19T12:51:44+00:00\",\"dateModified\":\"2018-11-28T13:25:05+00:00\",\"mainEntityOfPage\":{\"@id\":\"https:\\\/\\\/broz.sk\\\/hu\\\/studijna-navsteva-zamerana-na-pastevny-manazment-v-chranenych-uzemiach-v-rakusku-2\\\/\"},\"wordCount\":111,\"publisher\":{\"@id\":\"https:\\\/\\\/broz.sk\\\/#organization\"},\"image\":{\"@id\":\"https:\\\/\\\/broz.sk\\\/hu\\\/studijna-navsteva-zamerana-na-pastevny-manazment-v-chranenych-uzemiach-v-rakusku-2\\\/#primaryimage\"},\"thumbnailUrl\":\"https:\\\/\\\/broz.sk\\\/wp-content\\\/uploads\\\/2018\\\/10\\\/27.jpg\",\"articleSection\":[\"Fajok v\u00e9delme\",\"Protection of habitats\"],\"inLanguage\":\"hu\"},{\"@type\":\"WebPage\",\"@id\":\"https:\\\/\\\/broz.sk\\\/hu\\\/studijna-navsteva-zamerana-na-pastevny-manazment-v-chranenych-uzemiach-v-rakusku-2\\\/\",\"url\":\"https:\\\/\\\/broz.sk\\\/hu\\\/studijna-navsteva-zamerana-na-pastevny-manazment-v-chranenych-uzemiach-v-rakusku-2\\\/\",\"name\":\"V\u00e9dett ter\u00fcletek legeltet\u00e9si menedzsmentj\u00e9t megc\u00e9lz\u00f3 tanulm\u00e1ny\u00fat Ausztri\u00e1ban - BROZ\",\"isPartOf\":{\"@id\":\"https:\\\/\\\/broz.sk\\\/#website\"},\"primaryImageOfPage\":{\"@id\":\"https:\\\/\\\/broz.sk\\\/hu\\\/studijna-navsteva-zamerana-na-pastevny-manazment-v-chranenych-uzemiach-v-rakusku-2\\\/#primaryimage\"},\"image\":{\"@id\":\"https:\\\/\\\/broz.sk\\\/hu\\\/studijna-navsteva-zamerana-na-pastevny-manazment-v-chranenych-uzemiach-v-rakusku-2\\\/#primaryimage\"},\"thumbnailUrl\":\"https:\\\/\\\/broz.sk\\\/wp-content\\\/uploads\\\/2018\\\/10\\\/27.jpg\",\"datePublished\":\"2013-09-19T12:51:44+00:00\",\"dateModified\":\"2018-11-28T13:25:05+00:00\",\"breadcrumb\":{\"@id\":\"https:\\\/\\\/broz.sk\\\/hu\\\/studijna-navsteva-zamerana-na-pastevny-manazment-v-chranenych-uzemiach-v-rakusku-2\\\/#breadcrumb\"},\"inLanguage\":\"hu\",\"potentialAction\":[{\"@type\":\"ReadAction\",\"target\":[\"https:\\\/\\\/broz.sk\\\/hu\\\/studijna-navsteva-zamerana-na-pastevny-manazment-v-chranenych-uzemiach-v-rakusku-2\\\/\"]}]},{\"@type\":\"ImageObject\",\"inLanguage\":\"hu\",\"@id\":\"https:\\\/\\\/broz.sk\\\/hu\\\/studijna-navsteva-zamerana-na-pastevny-manazment-v-chranenych-uzemiach-v-rakusku-2\\\/#primaryimage\",\"url\":\"https:\\\/\\\/broz.sk\\\/wp-content\\\/uploads\\\/2018\\\/10\\\/27.jpg\",\"contentUrl\":\"https:\\\/\\\/broz.sk\\\/wp-content\\\/uploads\\\/2018\\\/10\\\/27.jpg\",\"width\":1000,\"height\":750},{\"@type\":\"BreadcrumbList\",\"@id\":\"https:\\\/\\\/broz.sk\\\/hu\\\/studijna-navsteva-zamerana-na-pastevny-manazment-v-chranenych-uzemiach-v-rakusku-2\\\/#breadcrumb\",\"itemListElement\":[{\"@type\":\"ListItem\",\"position\":1,\"name\":\"Domovsk\u00e1 str\u00e1nka\",\"item\":\"https:\\\/\\\/broz.sk\\\/\"},{\"@type\":\"ListItem\",\"position\":2,\"name\":\"V\u00e9dett ter\u00fcletek legeltet\u00e9si menedzsmentj\u00e9t megc\u00e9lz\u00f3 tanulm\u00e1ny\u00fat Ausztri\u00e1ban\"}]},{\"@type\":\"WebSite\",\"@id\":\"https:\\\/\\\/broz.sk\\\/#website\",\"url\":\"https:\\\/\\\/broz.sk\\\/\",\"name\":\"BROZ\",\"description\":\"ochran\u00e1rske zdru\u017eenie\",\"publisher\":{\"@id\":\"https:\\\/\\\/broz.sk\\\/#organization\"},\"potentialAction\":[{\"@type\":\"SearchAction\",\"target\":{\"@type\":\"EntryPoint\",\"urlTemplate\":\"https:\\\/\\\/broz.sk\\\/?s={search_term_string}\"},\"query-input\":{\"@type\":\"PropertyValueSpecification\",\"valueRequired\":true,\"valueName\":\"search_term_string\"}}],\"inLanguage\":\"hu\"},{\"@type\":\"Organization\",\"@id\":\"https:\\\/\\\/broz.sk\\\/#organization\",\"name\":\"BROZ - Bratislavsk\u00e9 region\u00e1lne ochran\u00e1rske zdru\u017eenie\",\"url\":\"https:\\\/\\\/broz.sk\\\/\",\"logo\":{\"@type\":\"ImageObject\",\"inLanguage\":\"hu\",\"@id\":\"https:\\\/\\\/broz.sk\\\/#\\\/schema\\\/logo\\\/image\\\/\",\"url\":\"https:\\\/\\\/broz.sk\\\/wp-content\\\/uploads\\\/2018\\\/03\\\/broz-logo-hires-color.png\",\"contentUrl\":\"https:\\\/\\\/broz.sk\\\/wp-content\\\/uploads\\\/2018\\\/03\\\/broz-logo-hires-color.png\",\"width\":2585,\"height\":1618,\"caption\":\"BROZ - Bratislavsk\u00e9 region\u00e1lne ochran\u00e1rske zdru\u017eenie\"},\"image\":{\"@id\":\"https:\\\/\\\/broz.sk\\\/#\\\/schema\\\/logo\\\/image\\\/\"},\"sameAs\":[\"https:\\\/\\\/www.facebook.com\\\/broz.ba\\\/\"]},{\"@type\":\"Person\",\"@id\":\"https:\\\/\\\/broz.sk\\\/#\\\/schema\\\/person\\\/210ebb0b5afa2a18d1e13abfbbb27080\",\"name\":\"broz\",\"image\":{\"@type\":\"ImageObject\",\"inLanguage\":\"hu\",\"@id\":\"https:\\\/\\\/secure.gravatar.com\\\/avatar\\\/2e036a5d302f24b5c517a7e75051ca040aedd897cd58df9cbd4f523a61282112?s=96&d=mm&r=g\",\"url\":\"https:\\\/\\\/secure.gravatar.com\\\/avatar\\\/2e036a5d302f24b5c517a7e75051ca040aedd897cd58df9cbd4f523a61282112?s=96&d=mm&r=g\",\"contentUrl\":\"https:\\\/\\\/secure.gravatar.com\\\/avatar\\\/2e036a5d302f24b5c517a7e75051ca040aedd897cd58df9cbd4f523a61282112?s=96&d=mm&r=g\",\"caption\":\"broz\"},\"url\":\"https:\\\/\\\/broz.sk\\\/hu\\\/author\\\/broz\\\/\"}]}<\/script>\n<!-- \/ Yoast SEO Premium plugin. -->","yoast_head_json":{"title":"V\u00e9dett ter\u00fcletek legeltet\u00e9si menedzsmentj\u00e9t megc\u00e9lz\u00f3 tanulm\u00e1ny\u00fat Ausztri\u00e1ban - BROZ","robots":{"index":"index","follow":"follow","max-snippet":"max-snippet:-1","max-image-preview":"max-image-preview:large","max-video-preview":"max-video-preview:-1"},"canonical":"https:\/\/broz.sk\/hu\/studijna-navsteva-zamerana-na-pastevny-manazment-v-chranenych-uzemiach-v-rakusku-2\/","og_locale":"hu_HU","og_type":"article","og_title":"V\u00e9dett ter\u00fcletek legeltet\u00e9si menedzsmentj\u00e9t megc\u00e9lz\u00f3 tanulm\u00e1ny\u00fat Ausztri\u00e1ban","og_description":"2013. szeptember 19. \u00e9s 20-\u00e1n a Natura 2000 BA projekt keret\u00e9n bel\u00fcl \u00e9rdekes tanulm\u00e1ny\u00faton vett\u00fcnk r\u00e9szt Ausztri\u00e1ban. A tanulm\u00e1ny\u00fat c\u00e9lja a v\u00e9dett ter\u00fcleteken folytatott legeltet\u00e9s menedzsmentj\u00e9nek bemutat\u00e1sa volt. A BROZ munkat\u00e1rsain k\u00edv\u00fcl r\u00e9szt vettek a l\u00e1togat\u00e1son az \u00c1llami Term\u00e9szetv\u00e9delmi Hivatal (\u0160OP SR), a Daphne, a Pozsonyi V\u00e1rosi Tan\u00e1cs \u00e9s a Ker\u00fcleti K\u00f6rnyezetv\u00e9delmi Hivatal k\u00e9pvisel\u0151i is.&hellip;","og_url":"https:\/\/broz.sk\/hu\/studijna-navsteva-zamerana-na-pastevny-manazment-v-chranenych-uzemiach-v-rakusku-2\/","og_site_name":"BROZ","article_publisher":"https:\/\/www.facebook.com\/broz.ba\/","article_published_time":"2013-09-19T12:51:44+00:00","article_modified_time":"2018-11-28T13:25:05+00:00","og_image":[{"width":1000,"height":750,"url":"https:\/\/broz.sk\/wp-content\/uploads\/2018\/10\/27.jpg","type":"image\/jpeg"}],"author":"broz","twitter_card":"summary_large_image","twitter_misc":{"Szerz\u0151:":"broz"},"schema":{"@context":"https:\/\/schema.org","@graph":[{"@type":"Article","@id":"https:\/\/broz.sk\/hu\/studijna-navsteva-zamerana-na-pastevny-manazment-v-chranenych-uzemiach-v-rakusku-2\/#article","isPartOf":{"@id":"https:\/\/broz.sk\/hu\/studijna-navsteva-zamerana-na-pastevny-manazment-v-chranenych-uzemiach-v-rakusku-2\/"},"author":{"name":"broz","@id":"https:\/\/broz.sk\/#\/schema\/person\/210ebb0b5afa2a18d1e13abfbbb27080"},"headline":"V\u00e9dett ter\u00fcletek legeltet\u00e9si menedzsmentj\u00e9t megc\u00e9lz\u00f3 tanulm\u00e1ny\u00fat Ausztri\u00e1ban","datePublished":"2013-09-19T12:51:44+00:00","dateModified":"2018-11-28T13:25:05+00:00","mainEntityOfPage":{"@id":"https:\/\/broz.sk\/hu\/studijna-navsteva-zamerana-na-pastevny-manazment-v-chranenych-uzemiach-v-rakusku-2\/"},"wordCount":111,"publisher":{"@id":"https:\/\/broz.sk\/#organization"},"image":{"@id":"https:\/\/broz.sk\/hu\/studijna-navsteva-zamerana-na-pastevny-manazment-v-chranenych-uzemiach-v-rakusku-2\/#primaryimage"},"thumbnailUrl":"https:\/\/broz.sk\/wp-content\/uploads\/2018\/10\/27.jpg","articleSection":["Fajok v\u00e9delme","Protection of habitats"],"inLanguage":"hu"},{"@type":"WebPage","@id":"https:\/\/broz.sk\/hu\/studijna-navsteva-zamerana-na-pastevny-manazment-v-chranenych-uzemiach-v-rakusku-2\/","url":"https:\/\/broz.sk\/hu\/studijna-navsteva-zamerana-na-pastevny-manazment-v-chranenych-uzemiach-v-rakusku-2\/","name":"V\u00e9dett ter\u00fcletek legeltet\u00e9si menedzsmentj\u00e9t megc\u00e9lz\u00f3 tanulm\u00e1ny\u00fat Ausztri\u00e1ban - BROZ","isPartOf":{"@id":"https:\/\/broz.sk\/#website"},"primaryImageOfPage":{"@id":"https:\/\/broz.sk\/hu\/studijna-navsteva-zamerana-na-pastevny-manazment-v-chranenych-uzemiach-v-rakusku-2\/#primaryimage"},"image":{"@id":"https:\/\/broz.sk\/hu\/studijna-navsteva-zamerana-na-pastevny-manazment-v-chranenych-uzemiach-v-rakusku-2\/#primaryimage"},"thumbnailUrl":"https:\/\/broz.sk\/wp-content\/uploads\/2018\/10\/27.jpg","datePublished":"2013-09-19T12:51:44+00:00","dateModified":"2018-11-28T13:25:05+00:00","breadcrumb":{"@id":"https:\/\/broz.sk\/hu\/studijna-navsteva-zamerana-na-pastevny-manazment-v-chranenych-uzemiach-v-rakusku-2\/#breadcrumb"},"inLanguage":"hu","potentialAction":[{"@type":"ReadAction","target":["https:\/\/broz.sk\/hu\/studijna-navsteva-zamerana-na-pastevny-manazment-v-chranenych-uzemiach-v-rakusku-2\/"]}]},{"@type":"ImageObject","inLanguage":"hu","@id":"https:\/\/broz.sk\/hu\/studijna-navsteva-zamerana-na-pastevny-manazment-v-chranenych-uzemiach-v-rakusku-2\/#primaryimage","url":"https:\/\/broz.sk\/wp-content\/uploads\/2018\/10\/27.jpg","contentUrl":"https:\/\/broz.sk\/wp-content\/uploads\/2018\/10\/27.jpg","width":1000,"height":750},{"@type":"BreadcrumbList","@id":"https:\/\/broz.sk\/hu\/studijna-navsteva-zamerana-na-pastevny-manazment-v-chranenych-uzemiach-v-rakusku-2\/#breadcrumb","itemListElement":[{"@type":"ListItem","position":1,"name":"Domovsk\u00e1 str\u00e1nka","item":"https:\/\/broz.sk\/"},{"@type":"ListItem","position":2,"name":"V\u00e9dett ter\u00fcletek legeltet\u00e9si menedzsmentj\u00e9t megc\u00e9lz\u00f3 tanulm\u00e1ny\u00fat Ausztri\u00e1ban"}]},{"@type":"WebSite","@id":"https:\/\/broz.sk\/#website","url":"https:\/\/broz.sk\/","name":"BROZ","description":"ochran\u00e1rske zdru\u017eenie","publisher":{"@id":"https:\/\/broz.sk\/#organization"},"potentialAction":[{"@type":"SearchAction","target":{"@type":"EntryPoint","urlTemplate":"https:\/\/broz.sk\/?s={search_term_string}"},"query-input":{"@type":"PropertyValueSpecification","valueRequired":true,"valueName":"search_term_string"}}],"inLanguage":"hu"},{"@type":"Organization","@id":"https:\/\/broz.sk\/#organization","name":"BROZ - Bratislavsk\u00e9 region\u00e1lne ochran\u00e1rske zdru\u017eenie","url":"https:\/\/broz.sk\/","logo":{"@type":"ImageObject","inLanguage":"hu","@id":"https:\/\/broz.sk\/#\/schema\/logo\/image\/","url":"https:\/\/broz.sk\/wp-content\/uploads\/2018\/03\/broz-logo-hires-color.png","contentUrl":"https:\/\/broz.sk\/wp-content\/uploads\/2018\/03\/broz-logo-hires-color.png","width":2585,"height":1618,"caption":"BROZ - Bratislavsk\u00e9 region\u00e1lne ochran\u00e1rske zdru\u017eenie"},"image":{"@id":"https:\/\/broz.sk\/#\/schema\/logo\/image\/"},"sameAs":["https:\/\/www.facebook.com\/broz.ba\/"]},{"@type":"Person","@id":"https:\/\/broz.sk\/#\/schema\/person\/210ebb0b5afa2a18d1e13abfbbb27080","name":"broz","image":{"@type":"ImageObject","inLanguage":"hu","@id":"https:\/\/secure.gravatar.com\/avatar\/2e036a5d302f24b5c517a7e75051ca040aedd897cd58df9cbd4f523a61282112?s=96&d=mm&r=g","url":"https:\/\/secure.gravatar.com\/avatar\/2e036a5d302f24b5c517a7e75051ca040aedd897cd58df9cbd4f523a61282112?s=96&d=mm&r=g","contentUrl":"https:\/\/secure.gravatar.com\/avatar\/2e036a5d302f24b5c517a7e75051ca040aedd897cd58df9cbd4f523a61282112?s=96&d=mm&r=g","caption":"broz"},"url":"https:\/\/broz.sk\/hu\/author\/broz\/"}]}},"_links":{"self":[{"href":"https:\/\/broz.sk\/hu\/wp-json\/wp\/v2\/posts\/5769","targetHints":{"allow":["GET"]}}],"collection":[{"href":"https:\/\/broz.sk\/hu\/wp-json\/wp\/v2\/posts"}],"about":[{"href":"https:\/\/broz.sk\/hu\/wp-json\/wp\/v2\/types\/post"}],"author":[{"embeddable":true,"href":"https:\/\/broz.sk\/hu\/wp-json\/wp\/v2\/users\/2"}],"replies":[{"embeddable":true,"href":"https:\/\/broz.sk\/hu\/wp-json\/wp\/v2\/comments?post=5769"}],"version-history":[{"count":3,"href":"https:\/\/broz.sk\/hu\/wp-json\/wp\/v2\/posts\/5769\/revisions"}],"predecessor-version":[{"id":6154,"href":"https:\/\/broz.sk\/hu\/wp-json\/wp\/v2\/posts\/5769\/revisions\/6154"}],"wp:featuredmedia":[{"embeddable":true,"href":"https:\/\/broz.sk\/hu\/wp-json\/wp\/v2\/media\/5356"}],"wp:attachment":[{"href":"https:\/\/broz.sk\/hu\/wp-json\/wp\/v2\/media?parent=5769"}],"wp:term":[{"taxonomy":"category","embeddable":true,"href":"https:\/\/broz.sk\/hu\/wp-json\/wp\/v2\/categories?post=5769"},{"taxonomy":"post_tag","embeddable":true,"href":"https:\/\/broz.sk\/hu\/wp-json\/wp\/v2\/tags?post=5769"}],"curies":[{"name":"wp","href":"https:\/\/api.w.org\/{rel}","templated":true}]}}