{"id":5764,"date":"2013-08-01T17:01:31","date_gmt":"2013-08-01T15:01:31","guid":{"rendered":"https:\/\/broz.sk\/po-viac-ako-50tich-rokoch-sa-opat-pasu-zvierata-na-devinskej-kobyle-2\/"},"modified":"2018-11-28T14:22:09","modified_gmt":"2018-11-28T13:22:09","slug":"po-viac-ako-50tich-rokoch-sa-opat-pasu-zvierata-na-devinskej-kobyle-2","status":"publish","type":"post","link":"https:\/\/broz.sk\/hu\/po-viac-ako-50tich-rokoch-sa-opat-pasu-zvierata-na-devinskej-kobyle-2\/","title":{"rendered":"T\u00f6bb mint 50 \u00e9v ut\u00e1n ism\u00e9t legel a j\u00f3sz\u00e1g a D\u00e9v\u00e9nyi Kanca-hegyen (Dev\u00ednska Kobyla)"},"content":{"rendered":"A D\u00e9v\u00e9nyi Kanca-hegy term\u00e9szetv\u00e9delmi ter\u00fcleten (NPR Dev\u00ednska Kobyla) ma megkezd\u0151d\u00f6tt a BROZ egyik tev\u00e9kenys\u00e9ge \u2013 a hagyom\u00e1nyos legeltet\u00e9s \u00fajra bevezet\u00e9se. A D\u00e9v\u00e9nyi Kanca-hegyi elhagyott k\u0151b\u00e1nya (Weitov lom) als\u00f3 terasz\u00e1n egy villanyp\u00e1sztorral beker\u00edtett ter\u00fcleten 23 tag\u00fa kecskeny\u00e1j legel\u00e9szik. A ny\u00e1j emberi fel\u00fcgyelet alatt fokozatosan fogja lelegelni a megk\u00f6zel\u00edt\u0151leg 6 ha ter\u00fcletet.","protected":false},"excerpt":{"rendered":"<p>A D\u00e9v\u00e9nyi Kanca-hegy term\u00e9szetv\u00e9delmi ter\u00fcleten (NPR Dev\u00ednska Kobyla) ma megkezd\u0151d\u00f6tt a BROZ egyik tev\u00e9kenys\u00e9ge \u2013 a hagyom\u00e1nyos legeltet\u00e9s \u00fajra bevezet\u00e9se. A D\u00e9v\u00e9nyi Kanca-hegyi elhagyott k\u0151b\u00e1nya (Weitov lom) als\u00f3 terasz\u00e1n egy villanyp\u00e1sztorral beker\u00edtett ter\u00fcleten 23 tag\u00fa kecskeny\u00e1j legel\u00e9szik. A ny\u00e1j emberi fel\u00fcgyelet alatt fokozatosan fogja lelegelni a megk\u00f6zel\u00edt\u0151leg 6 ha ter\u00fcletet.<\/p>\n","protected":false},"author":2,"featured_media":3711,"comment_status":"closed","ping_status":"closed","sticky":false,"template":"","format":"standard","meta":{"_acf_changed":false,"pmpro_default_level":"","footnotes":""},"categories":[41],"tags":[],"class_list":["post-5764","post","type-post","status-publish","format-standard","has-post-thumbnail","hentry","category-protection-of-habitats-hu","pmpro-has-access","category-41","description-off"],"acf":[],"yoast_head":"<!-- This site is optimized with the Yoast SEO Premium plugin v21.4 (Yoast SEO v27.5) - https:\/\/yoast.com\/product\/yoast-seo-premium-wordpress\/ -->\n<title>T\u00f6bb mint 50 \u00e9v ut\u00e1n ism\u00e9t legel a j\u00f3sz\u00e1g a D\u00e9v\u00e9nyi Kanca-hegyen (Dev\u00ednska Kobyla) - BROZ<\/title>\n<meta name=\"robots\" content=\"index, follow, max-snippet:-1, max-image-preview:large, max-video-preview:-1\" \/>\n<link rel=\"canonical\" href=\"https:\/\/broz.sk\/hu\/po-viac-ako-50tich-rokoch-sa-opat-pasu-zvierata-na-devinskej-kobyle-2\/\" \/>\n<meta property=\"og:locale\" content=\"hu_HU\" \/>\n<meta property=\"og:type\" content=\"article\" \/>\n<meta property=\"og:title\" content=\"T\u00f6bb mint 50 \u00e9v ut\u00e1n ism\u00e9t legel a j\u00f3sz\u00e1g a D\u00e9v\u00e9nyi Kanca-hegyen (Dev\u00ednska Kobyla)\" \/>\n<meta property=\"og:description\" content=\"A D\u00e9v\u00e9nyi Kanca-hegy term\u00e9szetv\u00e9delmi ter\u00fcleten (NPR Dev\u00ednska Kobyla) ma megkezd\u0151d\u00f6tt a BROZ egyik tev\u00e9kenys\u00e9ge \u2013 a hagyom\u00e1nyos legeltet\u00e9s \u00fajra bevezet\u00e9se. A D\u00e9v\u00e9nyi Kanca-hegyi elhagyott k\u0151b\u00e1nya (Weitov lom) als\u00f3 terasz\u00e1n egy villanyp\u00e1sztorral beker\u00edtett ter\u00fcleten 23 tag\u00fa kecskeny\u00e1j legel\u00e9szik. A ny\u00e1j emberi fel\u00fcgyelet alatt fokozatosan fogja lelegelni a megk\u00f6zel\u00edt\u0151leg 6 ha ter\u00fcletet.\" \/>\n<meta property=\"og:url\" content=\"https:\/\/broz.sk\/hu\/po-viac-ako-50tich-rokoch-sa-opat-pasu-zvierata-na-devinskej-kobyle-2\/\" \/>\n<meta property=\"og:site_name\" content=\"BROZ\" \/>\n<meta property=\"article:publisher\" content=\"https:\/\/www.facebook.com\/broz.ba\/\" \/>\n<meta property=\"article:published_time\" content=\"2013-08-01T15:01:31+00:00\" \/>\n<meta property=\"article:modified_time\" content=\"2018-11-28T13:22:09+00:00\" \/>\n<meta property=\"og:image\" content=\"https:\/\/broz.sk\/wp-content\/uploads\/2018\/02\/kozy.jpg\" \/>\n\t<meta property=\"og:image:width\" content=\"2182\" \/>\n\t<meta property=\"og:image:height\" content=\"1455\" \/>\n\t<meta property=\"og:image:type\" content=\"image\/jpeg\" \/>\n<meta name=\"author\" content=\"broz\" \/>\n<meta name=\"twitter:card\" content=\"summary_large_image\" \/>\n<meta name=\"twitter:label1\" content=\"Szerz\u0151:\" \/>\n\t<meta name=\"twitter:data1\" content=\"broz\" \/>\n<script type=\"application\/ld+json\" class=\"yoast-schema-graph\">{\"@context\":\"https:\\\/\\\/schema.org\",\"@graph\":[{\"@type\":\"Article\",\"@id\":\"https:\\\/\\\/broz.sk\\\/hu\\\/po-viac-ako-50tich-rokoch-sa-opat-pasu-zvierata-na-devinskej-kobyle-2\\\/#article\",\"isPartOf\":{\"@id\":\"https:\\\/\\\/broz.sk\\\/hu\\\/po-viac-ako-50tich-rokoch-sa-opat-pasu-zvierata-na-devinskej-kobyle-2\\\/\"},\"author\":{\"name\":\"broz\",\"@id\":\"https:\\\/\\\/broz.sk\\\/#\\\/schema\\\/person\\\/210ebb0b5afa2a18d1e13abfbbb27080\"},\"headline\":\"T\u00f6bb mint 50 \u00e9v ut\u00e1n ism\u00e9t legel a j\u00f3sz\u00e1g a D\u00e9v\u00e9nyi Kanca-hegyen (Dev\u00ednska Kobyla)\",\"datePublished\":\"2013-08-01T15:01:31+00:00\",\"dateModified\":\"2018-11-28T13:22:09+00:00\",\"mainEntityOfPage\":{\"@id\":\"https:\\\/\\\/broz.sk\\\/hu\\\/po-viac-ako-50tich-rokoch-sa-opat-pasu-zvierata-na-devinskej-kobyle-2\\\/\"},\"wordCount\":97,\"publisher\":{\"@id\":\"https:\\\/\\\/broz.sk\\\/#organization\"},\"image\":{\"@id\":\"https:\\\/\\\/broz.sk\\\/hu\\\/po-viac-ako-50tich-rokoch-sa-opat-pasu-zvierata-na-devinskej-kobyle-2\\\/#primaryimage\"},\"thumbnailUrl\":\"https:\\\/\\\/broz.sk\\\/wp-content\\\/uploads\\\/2018\\\/02\\\/kozy.jpg\",\"articleSection\":[\"Protection of habitats\"],\"inLanguage\":\"hu\"},{\"@type\":\"WebPage\",\"@id\":\"https:\\\/\\\/broz.sk\\\/hu\\\/po-viac-ako-50tich-rokoch-sa-opat-pasu-zvierata-na-devinskej-kobyle-2\\\/\",\"url\":\"https:\\\/\\\/broz.sk\\\/hu\\\/po-viac-ako-50tich-rokoch-sa-opat-pasu-zvierata-na-devinskej-kobyle-2\\\/\",\"name\":\"T\u00f6bb mint 50 \u00e9v ut\u00e1n ism\u00e9t legel a j\u00f3sz\u00e1g a D\u00e9v\u00e9nyi Kanca-hegyen (Dev\u00ednska Kobyla) - BROZ\",\"isPartOf\":{\"@id\":\"https:\\\/\\\/broz.sk\\\/#website\"},\"primaryImageOfPage\":{\"@id\":\"https:\\\/\\\/broz.sk\\\/hu\\\/po-viac-ako-50tich-rokoch-sa-opat-pasu-zvierata-na-devinskej-kobyle-2\\\/#primaryimage\"},\"image\":{\"@id\":\"https:\\\/\\\/broz.sk\\\/hu\\\/po-viac-ako-50tich-rokoch-sa-opat-pasu-zvierata-na-devinskej-kobyle-2\\\/#primaryimage\"},\"thumbnailUrl\":\"https:\\\/\\\/broz.sk\\\/wp-content\\\/uploads\\\/2018\\\/02\\\/kozy.jpg\",\"datePublished\":\"2013-08-01T15:01:31+00:00\",\"dateModified\":\"2018-11-28T13:22:09+00:00\",\"breadcrumb\":{\"@id\":\"https:\\\/\\\/broz.sk\\\/hu\\\/po-viac-ako-50tich-rokoch-sa-opat-pasu-zvierata-na-devinskej-kobyle-2\\\/#breadcrumb\"},\"inLanguage\":\"hu\",\"potentialAction\":[{\"@type\":\"ReadAction\",\"target\":[\"https:\\\/\\\/broz.sk\\\/hu\\\/po-viac-ako-50tich-rokoch-sa-opat-pasu-zvierata-na-devinskej-kobyle-2\\\/\"]}]},{\"@type\":\"ImageObject\",\"inLanguage\":\"hu\",\"@id\":\"https:\\\/\\\/broz.sk\\\/hu\\\/po-viac-ako-50tich-rokoch-sa-opat-pasu-zvierata-na-devinskej-kobyle-2\\\/#primaryimage\",\"url\":\"https:\\\/\\\/broz.sk\\\/wp-content\\\/uploads\\\/2018\\\/02\\\/kozy.jpg\",\"contentUrl\":\"https:\\\/\\\/broz.sk\\\/wp-content\\\/uploads\\\/2018\\\/02\\\/kozy.jpg\",\"width\":2182,\"height\":1455},{\"@type\":\"BreadcrumbList\",\"@id\":\"https:\\\/\\\/broz.sk\\\/hu\\\/po-viac-ako-50tich-rokoch-sa-opat-pasu-zvierata-na-devinskej-kobyle-2\\\/#breadcrumb\",\"itemListElement\":[{\"@type\":\"ListItem\",\"position\":1,\"name\":\"Domovsk\u00e1 str\u00e1nka\",\"item\":\"https:\\\/\\\/broz.sk\\\/\"},{\"@type\":\"ListItem\",\"position\":2,\"name\":\"T\u00f6bb mint 50 \u00e9v ut\u00e1n ism\u00e9t legel a j\u00f3sz\u00e1g a D\u00e9v\u00e9nyi Kanca-hegyen (Dev\u00ednska Kobyla)\"}]},{\"@type\":\"WebSite\",\"@id\":\"https:\\\/\\\/broz.sk\\\/#website\",\"url\":\"https:\\\/\\\/broz.sk\\\/\",\"name\":\"BROZ\",\"description\":\"ochran\u00e1rske zdru\u017eenie\",\"publisher\":{\"@id\":\"https:\\\/\\\/broz.sk\\\/#organization\"},\"potentialAction\":[{\"@type\":\"SearchAction\",\"target\":{\"@type\":\"EntryPoint\",\"urlTemplate\":\"https:\\\/\\\/broz.sk\\\/?s={search_term_string}\"},\"query-input\":{\"@type\":\"PropertyValueSpecification\",\"valueRequired\":true,\"valueName\":\"search_term_string\"}}],\"inLanguage\":\"hu\"},{\"@type\":\"Organization\",\"@id\":\"https:\\\/\\\/broz.sk\\\/#organization\",\"name\":\"BROZ - Bratislavsk\u00e9 region\u00e1lne ochran\u00e1rske zdru\u017eenie\",\"url\":\"https:\\\/\\\/broz.sk\\\/\",\"logo\":{\"@type\":\"ImageObject\",\"inLanguage\":\"hu\",\"@id\":\"https:\\\/\\\/broz.sk\\\/#\\\/schema\\\/logo\\\/image\\\/\",\"url\":\"https:\\\/\\\/broz.sk\\\/wp-content\\\/uploads\\\/2018\\\/03\\\/broz-logo-hires-color.png\",\"contentUrl\":\"https:\\\/\\\/broz.sk\\\/wp-content\\\/uploads\\\/2018\\\/03\\\/broz-logo-hires-color.png\",\"width\":2585,\"height\":1618,\"caption\":\"BROZ - Bratislavsk\u00e9 region\u00e1lne ochran\u00e1rske zdru\u017eenie\"},\"image\":{\"@id\":\"https:\\\/\\\/broz.sk\\\/#\\\/schema\\\/logo\\\/image\\\/\"},\"sameAs\":[\"https:\\\/\\\/www.facebook.com\\\/broz.ba\\\/\"]},{\"@type\":\"Person\",\"@id\":\"https:\\\/\\\/broz.sk\\\/#\\\/schema\\\/person\\\/210ebb0b5afa2a18d1e13abfbbb27080\",\"name\":\"broz\",\"image\":{\"@type\":\"ImageObject\",\"inLanguage\":\"hu\",\"@id\":\"https:\\\/\\\/secure.gravatar.com\\\/avatar\\\/2e036a5d302f24b5c517a7e75051ca040aedd897cd58df9cbd4f523a61282112?s=96&d=mm&r=g\",\"url\":\"https:\\\/\\\/secure.gravatar.com\\\/avatar\\\/2e036a5d302f24b5c517a7e75051ca040aedd897cd58df9cbd4f523a61282112?s=96&d=mm&r=g\",\"contentUrl\":\"https:\\\/\\\/secure.gravatar.com\\\/avatar\\\/2e036a5d302f24b5c517a7e75051ca040aedd897cd58df9cbd4f523a61282112?s=96&d=mm&r=g\",\"caption\":\"broz\"},\"url\":\"https:\\\/\\\/broz.sk\\\/hu\\\/author\\\/broz\\\/\"}]}<\/script>\n<!-- \/ Yoast SEO Premium plugin. -->","yoast_head_json":{"title":"T\u00f6bb mint 50 \u00e9v ut\u00e1n ism\u00e9t legel a j\u00f3sz\u00e1g a D\u00e9v\u00e9nyi Kanca-hegyen (Dev\u00ednska Kobyla) - BROZ","robots":{"index":"index","follow":"follow","max-snippet":"max-snippet:-1","max-image-preview":"max-image-preview:large","max-video-preview":"max-video-preview:-1"},"canonical":"https:\/\/broz.sk\/hu\/po-viac-ako-50tich-rokoch-sa-opat-pasu-zvierata-na-devinskej-kobyle-2\/","og_locale":"hu_HU","og_type":"article","og_title":"T\u00f6bb mint 50 \u00e9v ut\u00e1n ism\u00e9t legel a j\u00f3sz\u00e1g a D\u00e9v\u00e9nyi Kanca-hegyen (Dev\u00ednska Kobyla)","og_description":"A D\u00e9v\u00e9nyi Kanca-hegy term\u00e9szetv\u00e9delmi ter\u00fcleten (NPR Dev\u00ednska Kobyla) ma megkezd\u0151d\u00f6tt a BROZ egyik tev\u00e9kenys\u00e9ge \u2013 a hagyom\u00e1nyos legeltet\u00e9s \u00fajra bevezet\u00e9se. A D\u00e9v\u00e9nyi Kanca-hegyi elhagyott k\u0151b\u00e1nya (Weitov lom) als\u00f3 terasz\u00e1n egy villanyp\u00e1sztorral beker\u00edtett ter\u00fcleten 23 tag\u00fa kecskeny\u00e1j legel\u00e9szik. A ny\u00e1j emberi fel\u00fcgyelet alatt fokozatosan fogja lelegelni a megk\u00f6zel\u00edt\u0151leg 6 ha ter\u00fcletet.","og_url":"https:\/\/broz.sk\/hu\/po-viac-ako-50tich-rokoch-sa-opat-pasu-zvierata-na-devinskej-kobyle-2\/","og_site_name":"BROZ","article_publisher":"https:\/\/www.facebook.com\/broz.ba\/","article_published_time":"2013-08-01T15:01:31+00:00","article_modified_time":"2018-11-28T13:22:09+00:00","og_image":[{"width":2182,"height":1455,"url":"https:\/\/broz.sk\/wp-content\/uploads\/2018\/02\/kozy.jpg","type":"image\/jpeg"}],"author":"broz","twitter_card":"summary_large_image","twitter_misc":{"Szerz\u0151:":"broz"},"schema":{"@context":"https:\/\/schema.org","@graph":[{"@type":"Article","@id":"https:\/\/broz.sk\/hu\/po-viac-ako-50tich-rokoch-sa-opat-pasu-zvierata-na-devinskej-kobyle-2\/#article","isPartOf":{"@id":"https:\/\/broz.sk\/hu\/po-viac-ako-50tich-rokoch-sa-opat-pasu-zvierata-na-devinskej-kobyle-2\/"},"author":{"name":"broz","@id":"https:\/\/broz.sk\/#\/schema\/person\/210ebb0b5afa2a18d1e13abfbbb27080"},"headline":"T\u00f6bb mint 50 \u00e9v ut\u00e1n ism\u00e9t legel a j\u00f3sz\u00e1g a D\u00e9v\u00e9nyi Kanca-hegyen (Dev\u00ednska Kobyla)","datePublished":"2013-08-01T15:01:31+00:00","dateModified":"2018-11-28T13:22:09+00:00","mainEntityOfPage":{"@id":"https:\/\/broz.sk\/hu\/po-viac-ako-50tich-rokoch-sa-opat-pasu-zvierata-na-devinskej-kobyle-2\/"},"wordCount":97,"publisher":{"@id":"https:\/\/broz.sk\/#organization"},"image":{"@id":"https:\/\/broz.sk\/hu\/po-viac-ako-50tich-rokoch-sa-opat-pasu-zvierata-na-devinskej-kobyle-2\/#primaryimage"},"thumbnailUrl":"https:\/\/broz.sk\/wp-content\/uploads\/2018\/02\/kozy.jpg","articleSection":["Protection of habitats"],"inLanguage":"hu"},{"@type":"WebPage","@id":"https:\/\/broz.sk\/hu\/po-viac-ako-50tich-rokoch-sa-opat-pasu-zvierata-na-devinskej-kobyle-2\/","url":"https:\/\/broz.sk\/hu\/po-viac-ako-50tich-rokoch-sa-opat-pasu-zvierata-na-devinskej-kobyle-2\/","name":"T\u00f6bb mint 50 \u00e9v ut\u00e1n ism\u00e9t legel a j\u00f3sz\u00e1g a D\u00e9v\u00e9nyi Kanca-hegyen (Dev\u00ednska Kobyla) - BROZ","isPartOf":{"@id":"https:\/\/broz.sk\/#website"},"primaryImageOfPage":{"@id":"https:\/\/broz.sk\/hu\/po-viac-ako-50tich-rokoch-sa-opat-pasu-zvierata-na-devinskej-kobyle-2\/#primaryimage"},"image":{"@id":"https:\/\/broz.sk\/hu\/po-viac-ako-50tich-rokoch-sa-opat-pasu-zvierata-na-devinskej-kobyle-2\/#primaryimage"},"thumbnailUrl":"https:\/\/broz.sk\/wp-content\/uploads\/2018\/02\/kozy.jpg","datePublished":"2013-08-01T15:01:31+00:00","dateModified":"2018-11-28T13:22:09+00:00","breadcrumb":{"@id":"https:\/\/broz.sk\/hu\/po-viac-ako-50tich-rokoch-sa-opat-pasu-zvierata-na-devinskej-kobyle-2\/#breadcrumb"},"inLanguage":"hu","potentialAction":[{"@type":"ReadAction","target":["https:\/\/broz.sk\/hu\/po-viac-ako-50tich-rokoch-sa-opat-pasu-zvierata-na-devinskej-kobyle-2\/"]}]},{"@type":"ImageObject","inLanguage":"hu","@id":"https:\/\/broz.sk\/hu\/po-viac-ako-50tich-rokoch-sa-opat-pasu-zvierata-na-devinskej-kobyle-2\/#primaryimage","url":"https:\/\/broz.sk\/wp-content\/uploads\/2018\/02\/kozy.jpg","contentUrl":"https:\/\/broz.sk\/wp-content\/uploads\/2018\/02\/kozy.jpg","width":2182,"height":1455},{"@type":"BreadcrumbList","@id":"https:\/\/broz.sk\/hu\/po-viac-ako-50tich-rokoch-sa-opat-pasu-zvierata-na-devinskej-kobyle-2\/#breadcrumb","itemListElement":[{"@type":"ListItem","position":1,"name":"Domovsk\u00e1 str\u00e1nka","item":"https:\/\/broz.sk\/"},{"@type":"ListItem","position":2,"name":"T\u00f6bb mint 50 \u00e9v ut\u00e1n ism\u00e9t legel a j\u00f3sz\u00e1g a D\u00e9v\u00e9nyi Kanca-hegyen (Dev\u00ednska Kobyla)"}]},{"@type":"WebSite","@id":"https:\/\/broz.sk\/#website","url":"https:\/\/broz.sk\/","name":"BROZ","description":"ochran\u00e1rske zdru\u017eenie","publisher":{"@id":"https:\/\/broz.sk\/#organization"},"potentialAction":[{"@type":"SearchAction","target":{"@type":"EntryPoint","urlTemplate":"https:\/\/broz.sk\/?s={search_term_string}"},"query-input":{"@type":"PropertyValueSpecification","valueRequired":true,"valueName":"search_term_string"}}],"inLanguage":"hu"},{"@type":"Organization","@id":"https:\/\/broz.sk\/#organization","name":"BROZ - Bratislavsk\u00e9 region\u00e1lne ochran\u00e1rske zdru\u017eenie","url":"https:\/\/broz.sk\/","logo":{"@type":"ImageObject","inLanguage":"hu","@id":"https:\/\/broz.sk\/#\/schema\/logo\/image\/","url":"https:\/\/broz.sk\/wp-content\/uploads\/2018\/03\/broz-logo-hires-color.png","contentUrl":"https:\/\/broz.sk\/wp-content\/uploads\/2018\/03\/broz-logo-hires-color.png","width":2585,"height":1618,"caption":"BROZ - Bratislavsk\u00e9 region\u00e1lne ochran\u00e1rske zdru\u017eenie"},"image":{"@id":"https:\/\/broz.sk\/#\/schema\/logo\/image\/"},"sameAs":["https:\/\/www.facebook.com\/broz.ba\/"]},{"@type":"Person","@id":"https:\/\/broz.sk\/#\/schema\/person\/210ebb0b5afa2a18d1e13abfbbb27080","name":"broz","image":{"@type":"ImageObject","inLanguage":"hu","@id":"https:\/\/secure.gravatar.com\/avatar\/2e036a5d302f24b5c517a7e75051ca040aedd897cd58df9cbd4f523a61282112?s=96&d=mm&r=g","url":"https:\/\/secure.gravatar.com\/avatar\/2e036a5d302f24b5c517a7e75051ca040aedd897cd58df9cbd4f523a61282112?s=96&d=mm&r=g","contentUrl":"https:\/\/secure.gravatar.com\/avatar\/2e036a5d302f24b5c517a7e75051ca040aedd897cd58df9cbd4f523a61282112?s=96&d=mm&r=g","caption":"broz"},"url":"https:\/\/broz.sk\/hu\/author\/broz\/"}]}},"_links":{"self":[{"href":"https:\/\/broz.sk\/hu\/wp-json\/wp\/v2\/posts\/5764","targetHints":{"allow":["GET"]}}],"collection":[{"href":"https:\/\/broz.sk\/hu\/wp-json\/wp\/v2\/posts"}],"about":[{"href":"https:\/\/broz.sk\/hu\/wp-json\/wp\/v2\/types\/post"}],"author":[{"embeddable":true,"href":"https:\/\/broz.sk\/hu\/wp-json\/wp\/v2\/users\/2"}],"replies":[{"embeddable":true,"href":"https:\/\/broz.sk\/hu\/wp-json\/wp\/v2\/comments?post=5764"}],"version-history":[{"count":2,"href":"https:\/\/broz.sk\/hu\/wp-json\/wp\/v2\/posts\/5764\/revisions"}],"predecessor-version":[{"id":6156,"href":"https:\/\/broz.sk\/hu\/wp-json\/wp\/v2\/posts\/5764\/revisions\/6156"}],"wp:featuredmedia":[{"embeddable":true,"href":"https:\/\/broz.sk\/hu\/wp-json\/wp\/v2\/media\/3711"}],"wp:attachment":[{"href":"https:\/\/broz.sk\/hu\/wp-json\/wp\/v2\/media?parent=5764"}],"wp:term":[{"taxonomy":"category","embeddable":true,"href":"https:\/\/broz.sk\/hu\/wp-json\/wp\/v2\/categories?post=5764"},{"taxonomy":"post_tag","embeddable":true,"href":"https:\/\/broz.sk\/hu\/wp-json\/wp\/v2\/tags?post=5764"}],"curies":[{"name":"wp","href":"https:\/\/api.w.org\/{rel}","templated":true}]}}