{"id":5729,"date":"2012-05-28T13:15:31","date_gmt":"2012-05-28T11:15:31","guid":{"rendered":"https:\/\/broz.sk\/vyhlasenie-chraneneho-arealu-sihot-2\/"},"modified":"2018-11-28T14:05:20","modified_gmt":"2018-11-28T13:05:20","slug":"vyhlasenie-chraneneho-arealu-sihot-2","status":"publish","type":"post","link":"https:\/\/broz.sk\/hu\/vyhlasenie-chraneneho-arealu-sihot-2\/","title":{"rendered":"CHA Siho\u0165 term\u00e9szetv\u00e9delmi kister\u00fclet kihirdet\u00e9se"},"content":{"rendered":"M\u00e1jus 15. \u00f3ta a Siho\u0165 sziget m\u00e1sod \u00e9s harmadfok\u00fa v\u00e9detts\u00e9g\u0171 term\u00e9szetv\u00e9delmi ter\u00fclett\u00e9 lett nyilv\u00e1n\u00edtva. A szigetet term\u00e9szetes \u00e1rt\u00e9ri erd\u0151k bor\u00edtj\u00e1k, \u00e9s \u00e9rt\u00e9kes iv\u00f3v\u00edzforr\u00e1sok is tal\u00e1lhat\u00f3k itt. Egyik oldalr\u00f3l a term\u00e9szetv\u00e9delmileg \u00e9rdekes k\u00e1rolyfalvi Duna-\u00e1g szeg\u00e9lyezi a ter\u00fcletet, s megtal\u00e1lhat\u00f3 itt Eur\u00f3pa legnagyobb hark\u00e1lyfaja is \u2013 a fekete hark\u00e1ly.\r\n\r\n<img fetchpriority=\"high\" decoding=\"async\" class=\"alignleft size-full wp-image-5313\" src=\"https:\/\/broz.sk\/wp-content\/uploads\/2018\/10\/2.jpg\" alt=\"\" width=\"1000\" height=\"667\" srcset=\"https:\/\/broz.sk\/wp-content\/uploads\/2018\/10\/2.jpg 1000w, https:\/\/broz.sk\/wp-content\/uploads\/2018\/10\/2-300x200.jpg 300w, https:\/\/broz.sk\/wp-content\/uploads\/2018\/10\/2-768x512.jpg 768w, https:\/\/broz.sk\/wp-content\/uploads\/2018\/10\/2-24x16.jpg 24w, https:\/\/broz.sk\/wp-content\/uploads\/2018\/10\/2-36x24.jpg 36w, https:\/\/broz.sk\/wp-content\/uploads\/2018\/10\/2-48x32.jpg 48w\" sizes=\"(max-width: 1000px) 100vw, 1000px\" \/>","protected":false},"excerpt":{"rendered":"<p>M\u00e1jus 15. \u00f3ta a Siho\u0165 sziget m\u00e1sod \u00e9s harmadfok\u00fa v\u00e9detts\u00e9g\u0171 term\u00e9szetv\u00e9delmi ter\u00fclett\u00e9 lett nyilv\u00e1n\u00edtva. A szigetet term\u00e9szetes \u00e1rt\u00e9ri erd\u0151k bor\u00edtj\u00e1k, \u00e9s \u00e9rt\u00e9kes iv\u00f3v\u00edzforr\u00e1sok is tal\u00e1lhat\u00f3k itt. Egyik oldalr\u00f3l a term\u00e9szetv\u00e9delmileg \u00e9rdekes k\u00e1rolyfalvi Duna-\u00e1g szeg\u00e9lyezi a ter\u00fcletet, s megtal\u00e1lhat\u00f3 itt Eur\u00f3pa legnagyobb hark\u00e1lyfaja is \u2013 a fekete hark\u00e1ly.<\/p>\n","protected":false},"author":2,"featured_media":5313,"comment_status":"closed","ping_status":"closed","sticky":false,"template":"","format":"standard","meta":{"_acf_changed":false,"pmpro_default_level":"","footnotes":""},"categories":[40,41],"tags":[],"class_list":["post-5729","post","type-post","status-publish","format-standard","has-post-thumbnail","hentry","category-protection-of-species-hu","category-protection-of-habitats-hu","pmpro-has-access","category-40","category-41","description-off"],"acf":[],"yoast_head":"<!-- This site is optimized with the Yoast SEO Premium plugin v21.4 (Yoast SEO v27.5) - https:\/\/yoast.com\/product\/yoast-seo-premium-wordpress\/ -->\n<title>CHA Siho\u0165 term\u00e9szetv\u00e9delmi kister\u00fclet kihirdet\u00e9se - BROZ<\/title>\n<meta name=\"robots\" content=\"index, follow, max-snippet:-1, max-image-preview:large, max-video-preview:-1\" \/>\n<link rel=\"canonical\" href=\"https:\/\/broz.sk\/hu\/vyhlasenie-chraneneho-arealu-sihot-2\/\" \/>\n<meta property=\"og:locale\" content=\"hu_HU\" \/>\n<meta property=\"og:type\" content=\"article\" \/>\n<meta property=\"og:title\" content=\"CHA Siho\u0165 term\u00e9szetv\u00e9delmi kister\u00fclet kihirdet\u00e9se\" \/>\n<meta property=\"og:description\" content=\"M\u00e1jus 15. \u00f3ta a Siho\u0165 sziget m\u00e1sod \u00e9s harmadfok\u00fa v\u00e9detts\u00e9g\u0171 term\u00e9szetv\u00e9delmi ter\u00fclett\u00e9 lett nyilv\u00e1n\u00edtva. A szigetet term\u00e9szetes \u00e1rt\u00e9ri erd\u0151k bor\u00edtj\u00e1k, \u00e9s \u00e9rt\u00e9kes iv\u00f3v\u00edzforr\u00e1sok is tal\u00e1lhat\u00f3k itt. Egyik oldalr\u00f3l a term\u00e9szetv\u00e9delmileg \u00e9rdekes k\u00e1rolyfalvi Duna-\u00e1g szeg\u00e9lyezi a ter\u00fcletet, s megtal\u00e1lhat\u00f3 itt Eur\u00f3pa legnagyobb hark\u00e1lyfaja is \u2013 a fekete hark\u00e1ly.\" \/>\n<meta property=\"og:url\" content=\"https:\/\/broz.sk\/hu\/vyhlasenie-chraneneho-arealu-sihot-2\/\" \/>\n<meta property=\"og:site_name\" content=\"BROZ\" \/>\n<meta property=\"article:publisher\" content=\"https:\/\/www.facebook.com\/broz.ba\/\" \/>\n<meta property=\"article:published_time\" content=\"2012-05-28T11:15:31+00:00\" \/>\n<meta property=\"article:modified_time\" content=\"2018-11-28T13:05:20+00:00\" \/>\n<meta property=\"og:image\" content=\"https:\/\/broz.sk\/wp-content\/uploads\/2018\/10\/2.jpg\" \/>\n\t<meta property=\"og:image:width\" content=\"1000\" \/>\n\t<meta property=\"og:image:height\" content=\"667\" \/>\n\t<meta property=\"og:image:type\" content=\"image\/jpeg\" \/>\n<meta name=\"author\" content=\"broz\" \/>\n<meta name=\"twitter:card\" content=\"summary_large_image\" \/>\n<meta name=\"twitter:label1\" content=\"Szerz\u0151:\" \/>\n\t<meta name=\"twitter:data1\" content=\"broz\" \/>\n<script type=\"application\/ld+json\" class=\"yoast-schema-graph\">{\"@context\":\"https:\\\/\\\/schema.org\",\"@graph\":[{\"@type\":\"Article\",\"@id\":\"https:\\\/\\\/broz.sk\\\/hu\\\/vyhlasenie-chraneneho-arealu-sihot-2\\\/#article\",\"isPartOf\":{\"@id\":\"https:\\\/\\\/broz.sk\\\/hu\\\/vyhlasenie-chraneneho-arealu-sihot-2\\\/\"},\"author\":{\"name\":\"broz\",\"@id\":\"https:\\\/\\\/broz.sk\\\/#\\\/schema\\\/person\\\/210ebb0b5afa2a18d1e13abfbbb27080\"},\"headline\":\"CHA Siho\u0165 term\u00e9szetv\u00e9delmi kister\u00fclet kihirdet\u00e9se\",\"datePublished\":\"2012-05-28T11:15:31+00:00\",\"dateModified\":\"2018-11-28T13:05:20+00:00\",\"mainEntityOfPage\":{\"@id\":\"https:\\\/\\\/broz.sk\\\/hu\\\/vyhlasenie-chraneneho-arealu-sihot-2\\\/\"},\"wordCount\":85,\"publisher\":{\"@id\":\"https:\\\/\\\/broz.sk\\\/#organization\"},\"image\":{\"@id\":\"https:\\\/\\\/broz.sk\\\/hu\\\/vyhlasenie-chraneneho-arealu-sihot-2\\\/#primaryimage\"},\"thumbnailUrl\":\"https:\\\/\\\/broz.sk\\\/wp-content\\\/uploads\\\/2018\\\/10\\\/2.jpg\",\"articleSection\":[\"Fajok v\u00e9delme\",\"Protection of habitats\"],\"inLanguage\":\"hu\"},{\"@type\":\"WebPage\",\"@id\":\"https:\\\/\\\/broz.sk\\\/hu\\\/vyhlasenie-chraneneho-arealu-sihot-2\\\/\",\"url\":\"https:\\\/\\\/broz.sk\\\/hu\\\/vyhlasenie-chraneneho-arealu-sihot-2\\\/\",\"name\":\"CHA Siho\u0165 term\u00e9szetv\u00e9delmi kister\u00fclet kihirdet\u00e9se - BROZ\",\"isPartOf\":{\"@id\":\"https:\\\/\\\/broz.sk\\\/#website\"},\"primaryImageOfPage\":{\"@id\":\"https:\\\/\\\/broz.sk\\\/hu\\\/vyhlasenie-chraneneho-arealu-sihot-2\\\/#primaryimage\"},\"image\":{\"@id\":\"https:\\\/\\\/broz.sk\\\/hu\\\/vyhlasenie-chraneneho-arealu-sihot-2\\\/#primaryimage\"},\"thumbnailUrl\":\"https:\\\/\\\/broz.sk\\\/wp-content\\\/uploads\\\/2018\\\/10\\\/2.jpg\",\"datePublished\":\"2012-05-28T11:15:31+00:00\",\"dateModified\":\"2018-11-28T13:05:20+00:00\",\"breadcrumb\":{\"@id\":\"https:\\\/\\\/broz.sk\\\/hu\\\/vyhlasenie-chraneneho-arealu-sihot-2\\\/#breadcrumb\"},\"inLanguage\":\"hu\",\"potentialAction\":[{\"@type\":\"ReadAction\",\"target\":[\"https:\\\/\\\/broz.sk\\\/hu\\\/vyhlasenie-chraneneho-arealu-sihot-2\\\/\"]}]},{\"@type\":\"ImageObject\",\"inLanguage\":\"hu\",\"@id\":\"https:\\\/\\\/broz.sk\\\/hu\\\/vyhlasenie-chraneneho-arealu-sihot-2\\\/#primaryimage\",\"url\":\"https:\\\/\\\/broz.sk\\\/wp-content\\\/uploads\\\/2018\\\/10\\\/2.jpg\",\"contentUrl\":\"https:\\\/\\\/broz.sk\\\/wp-content\\\/uploads\\\/2018\\\/10\\\/2.jpg\",\"width\":1000,\"height\":667},{\"@type\":\"BreadcrumbList\",\"@id\":\"https:\\\/\\\/broz.sk\\\/hu\\\/vyhlasenie-chraneneho-arealu-sihot-2\\\/#breadcrumb\",\"itemListElement\":[{\"@type\":\"ListItem\",\"position\":1,\"name\":\"Domovsk\u00e1 str\u00e1nka\",\"item\":\"https:\\\/\\\/broz.sk\\\/\"},{\"@type\":\"ListItem\",\"position\":2,\"name\":\"CHA Siho\u0165 term\u00e9szetv\u00e9delmi kister\u00fclet kihirdet\u00e9se\"}]},{\"@type\":\"WebSite\",\"@id\":\"https:\\\/\\\/broz.sk\\\/#website\",\"url\":\"https:\\\/\\\/broz.sk\\\/\",\"name\":\"BROZ\",\"description\":\"ochran\u00e1rske zdru\u017eenie\",\"publisher\":{\"@id\":\"https:\\\/\\\/broz.sk\\\/#organization\"},\"potentialAction\":[{\"@type\":\"SearchAction\",\"target\":{\"@type\":\"EntryPoint\",\"urlTemplate\":\"https:\\\/\\\/broz.sk\\\/?s={search_term_string}\"},\"query-input\":{\"@type\":\"PropertyValueSpecification\",\"valueRequired\":true,\"valueName\":\"search_term_string\"}}],\"inLanguage\":\"hu\"},{\"@type\":\"Organization\",\"@id\":\"https:\\\/\\\/broz.sk\\\/#organization\",\"name\":\"BROZ - Bratislavsk\u00e9 region\u00e1lne ochran\u00e1rske zdru\u017eenie\",\"url\":\"https:\\\/\\\/broz.sk\\\/\",\"logo\":{\"@type\":\"ImageObject\",\"inLanguage\":\"hu\",\"@id\":\"https:\\\/\\\/broz.sk\\\/#\\\/schema\\\/logo\\\/image\\\/\",\"url\":\"https:\\\/\\\/broz.sk\\\/wp-content\\\/uploads\\\/2018\\\/03\\\/broz-logo-hires-color.png\",\"contentUrl\":\"https:\\\/\\\/broz.sk\\\/wp-content\\\/uploads\\\/2018\\\/03\\\/broz-logo-hires-color.png\",\"width\":2585,\"height\":1618,\"caption\":\"BROZ - Bratislavsk\u00e9 region\u00e1lne ochran\u00e1rske zdru\u017eenie\"},\"image\":{\"@id\":\"https:\\\/\\\/broz.sk\\\/#\\\/schema\\\/logo\\\/image\\\/\"},\"sameAs\":[\"https:\\\/\\\/www.facebook.com\\\/broz.ba\\\/\"]},{\"@type\":\"Person\",\"@id\":\"https:\\\/\\\/broz.sk\\\/#\\\/schema\\\/person\\\/210ebb0b5afa2a18d1e13abfbbb27080\",\"name\":\"broz\",\"image\":{\"@type\":\"ImageObject\",\"inLanguage\":\"hu\",\"@id\":\"https:\\\/\\\/secure.gravatar.com\\\/avatar\\\/2e036a5d302f24b5c517a7e75051ca040aedd897cd58df9cbd4f523a61282112?s=96&d=mm&r=g\",\"url\":\"https:\\\/\\\/secure.gravatar.com\\\/avatar\\\/2e036a5d302f24b5c517a7e75051ca040aedd897cd58df9cbd4f523a61282112?s=96&d=mm&r=g\",\"contentUrl\":\"https:\\\/\\\/secure.gravatar.com\\\/avatar\\\/2e036a5d302f24b5c517a7e75051ca040aedd897cd58df9cbd4f523a61282112?s=96&d=mm&r=g\",\"caption\":\"broz\"},\"url\":\"https:\\\/\\\/broz.sk\\\/hu\\\/author\\\/broz\\\/\"}]}<\/script>\n<!-- \/ Yoast SEO Premium plugin. -->","yoast_head_json":{"title":"CHA Siho\u0165 term\u00e9szetv\u00e9delmi kister\u00fclet kihirdet\u00e9se - BROZ","robots":{"index":"index","follow":"follow","max-snippet":"max-snippet:-1","max-image-preview":"max-image-preview:large","max-video-preview":"max-video-preview:-1"},"canonical":"https:\/\/broz.sk\/hu\/vyhlasenie-chraneneho-arealu-sihot-2\/","og_locale":"hu_HU","og_type":"article","og_title":"CHA Siho\u0165 term\u00e9szetv\u00e9delmi kister\u00fclet kihirdet\u00e9se","og_description":"M\u00e1jus 15. \u00f3ta a Siho\u0165 sziget m\u00e1sod \u00e9s harmadfok\u00fa v\u00e9detts\u00e9g\u0171 term\u00e9szetv\u00e9delmi ter\u00fclett\u00e9 lett nyilv\u00e1n\u00edtva. A szigetet term\u00e9szetes \u00e1rt\u00e9ri erd\u0151k bor\u00edtj\u00e1k, \u00e9s \u00e9rt\u00e9kes iv\u00f3v\u00edzforr\u00e1sok is tal\u00e1lhat\u00f3k itt. Egyik oldalr\u00f3l a term\u00e9szetv\u00e9delmileg \u00e9rdekes k\u00e1rolyfalvi Duna-\u00e1g szeg\u00e9lyezi a ter\u00fcletet, s megtal\u00e1lhat\u00f3 itt Eur\u00f3pa legnagyobb hark\u00e1lyfaja is \u2013 a fekete hark\u00e1ly.","og_url":"https:\/\/broz.sk\/hu\/vyhlasenie-chraneneho-arealu-sihot-2\/","og_site_name":"BROZ","article_publisher":"https:\/\/www.facebook.com\/broz.ba\/","article_published_time":"2012-05-28T11:15:31+00:00","article_modified_time":"2018-11-28T13:05:20+00:00","og_image":[{"width":1000,"height":667,"url":"https:\/\/broz.sk\/wp-content\/uploads\/2018\/10\/2.jpg","type":"image\/jpeg"}],"author":"broz","twitter_card":"summary_large_image","twitter_misc":{"Szerz\u0151:":"broz"},"schema":{"@context":"https:\/\/schema.org","@graph":[{"@type":"Article","@id":"https:\/\/broz.sk\/hu\/vyhlasenie-chraneneho-arealu-sihot-2\/#article","isPartOf":{"@id":"https:\/\/broz.sk\/hu\/vyhlasenie-chraneneho-arealu-sihot-2\/"},"author":{"name":"broz","@id":"https:\/\/broz.sk\/#\/schema\/person\/210ebb0b5afa2a18d1e13abfbbb27080"},"headline":"CHA Siho\u0165 term\u00e9szetv\u00e9delmi kister\u00fclet kihirdet\u00e9se","datePublished":"2012-05-28T11:15:31+00:00","dateModified":"2018-11-28T13:05:20+00:00","mainEntityOfPage":{"@id":"https:\/\/broz.sk\/hu\/vyhlasenie-chraneneho-arealu-sihot-2\/"},"wordCount":85,"publisher":{"@id":"https:\/\/broz.sk\/#organization"},"image":{"@id":"https:\/\/broz.sk\/hu\/vyhlasenie-chraneneho-arealu-sihot-2\/#primaryimage"},"thumbnailUrl":"https:\/\/broz.sk\/wp-content\/uploads\/2018\/10\/2.jpg","articleSection":["Fajok v\u00e9delme","Protection of habitats"],"inLanguage":"hu"},{"@type":"WebPage","@id":"https:\/\/broz.sk\/hu\/vyhlasenie-chraneneho-arealu-sihot-2\/","url":"https:\/\/broz.sk\/hu\/vyhlasenie-chraneneho-arealu-sihot-2\/","name":"CHA Siho\u0165 term\u00e9szetv\u00e9delmi kister\u00fclet kihirdet\u00e9se - BROZ","isPartOf":{"@id":"https:\/\/broz.sk\/#website"},"primaryImageOfPage":{"@id":"https:\/\/broz.sk\/hu\/vyhlasenie-chraneneho-arealu-sihot-2\/#primaryimage"},"image":{"@id":"https:\/\/broz.sk\/hu\/vyhlasenie-chraneneho-arealu-sihot-2\/#primaryimage"},"thumbnailUrl":"https:\/\/broz.sk\/wp-content\/uploads\/2018\/10\/2.jpg","datePublished":"2012-05-28T11:15:31+00:00","dateModified":"2018-11-28T13:05:20+00:00","breadcrumb":{"@id":"https:\/\/broz.sk\/hu\/vyhlasenie-chraneneho-arealu-sihot-2\/#breadcrumb"},"inLanguage":"hu","potentialAction":[{"@type":"ReadAction","target":["https:\/\/broz.sk\/hu\/vyhlasenie-chraneneho-arealu-sihot-2\/"]}]},{"@type":"ImageObject","inLanguage":"hu","@id":"https:\/\/broz.sk\/hu\/vyhlasenie-chraneneho-arealu-sihot-2\/#primaryimage","url":"https:\/\/broz.sk\/wp-content\/uploads\/2018\/10\/2.jpg","contentUrl":"https:\/\/broz.sk\/wp-content\/uploads\/2018\/10\/2.jpg","width":1000,"height":667},{"@type":"BreadcrumbList","@id":"https:\/\/broz.sk\/hu\/vyhlasenie-chraneneho-arealu-sihot-2\/#breadcrumb","itemListElement":[{"@type":"ListItem","position":1,"name":"Domovsk\u00e1 str\u00e1nka","item":"https:\/\/broz.sk\/"},{"@type":"ListItem","position":2,"name":"CHA Siho\u0165 term\u00e9szetv\u00e9delmi kister\u00fclet kihirdet\u00e9se"}]},{"@type":"WebSite","@id":"https:\/\/broz.sk\/#website","url":"https:\/\/broz.sk\/","name":"BROZ","description":"ochran\u00e1rske zdru\u017eenie","publisher":{"@id":"https:\/\/broz.sk\/#organization"},"potentialAction":[{"@type":"SearchAction","target":{"@type":"EntryPoint","urlTemplate":"https:\/\/broz.sk\/?s={search_term_string}"},"query-input":{"@type":"PropertyValueSpecification","valueRequired":true,"valueName":"search_term_string"}}],"inLanguage":"hu"},{"@type":"Organization","@id":"https:\/\/broz.sk\/#organization","name":"BROZ - Bratislavsk\u00e9 region\u00e1lne ochran\u00e1rske zdru\u017eenie","url":"https:\/\/broz.sk\/","logo":{"@type":"ImageObject","inLanguage":"hu","@id":"https:\/\/broz.sk\/#\/schema\/logo\/image\/","url":"https:\/\/broz.sk\/wp-content\/uploads\/2018\/03\/broz-logo-hires-color.png","contentUrl":"https:\/\/broz.sk\/wp-content\/uploads\/2018\/03\/broz-logo-hires-color.png","width":2585,"height":1618,"caption":"BROZ - Bratislavsk\u00e9 region\u00e1lne ochran\u00e1rske zdru\u017eenie"},"image":{"@id":"https:\/\/broz.sk\/#\/schema\/logo\/image\/"},"sameAs":["https:\/\/www.facebook.com\/broz.ba\/"]},{"@type":"Person","@id":"https:\/\/broz.sk\/#\/schema\/person\/210ebb0b5afa2a18d1e13abfbbb27080","name":"broz","image":{"@type":"ImageObject","inLanguage":"hu","@id":"https:\/\/secure.gravatar.com\/avatar\/2e036a5d302f24b5c517a7e75051ca040aedd897cd58df9cbd4f523a61282112?s=96&d=mm&r=g","url":"https:\/\/secure.gravatar.com\/avatar\/2e036a5d302f24b5c517a7e75051ca040aedd897cd58df9cbd4f523a61282112?s=96&d=mm&r=g","contentUrl":"https:\/\/secure.gravatar.com\/avatar\/2e036a5d302f24b5c517a7e75051ca040aedd897cd58df9cbd4f523a61282112?s=96&d=mm&r=g","caption":"broz"},"url":"https:\/\/broz.sk\/hu\/author\/broz\/"}]}},"_links":{"self":[{"href":"https:\/\/broz.sk\/hu\/wp-json\/wp\/v2\/posts\/5729","targetHints":{"allow":["GET"]}}],"collection":[{"href":"https:\/\/broz.sk\/hu\/wp-json\/wp\/v2\/posts"}],"about":[{"href":"https:\/\/broz.sk\/hu\/wp-json\/wp\/v2\/types\/post"}],"author":[{"embeddable":true,"href":"https:\/\/broz.sk\/hu\/wp-json\/wp\/v2\/users\/2"}],"replies":[{"embeddable":true,"href":"https:\/\/broz.sk\/hu\/wp-json\/wp\/v2\/comments?post=5729"}],"version-history":[{"count":4,"href":"https:\/\/broz.sk\/hu\/wp-json\/wp\/v2\/posts\/5729\/revisions"}],"predecessor-version":[{"id":6554,"href":"https:\/\/broz.sk\/hu\/wp-json\/wp\/v2\/posts\/5729\/revisions\/6554"}],"wp:featuredmedia":[{"embeddable":true,"href":"https:\/\/broz.sk\/hu\/wp-json\/wp\/v2\/media\/5313"}],"wp:attachment":[{"href":"https:\/\/broz.sk\/hu\/wp-json\/wp\/v2\/media?parent=5729"}],"wp:term":[{"taxonomy":"category","embeddable":true,"href":"https:\/\/broz.sk\/hu\/wp-json\/wp\/v2\/categories?post=5729"},{"taxonomy":"post_tag","embeddable":true,"href":"https:\/\/broz.sk\/hu\/wp-json\/wp\/v2\/tags?post=5729"}],"curies":[{"name":"wp","href":"https:\/\/api.w.org\/{rel}","templated":true}]}}