{"id":5721,"date":"2013-07-10T14:36:14","date_gmt":"2013-07-10T12:36:14","guid":{"rendered":"https:\/\/broz.sk\/prednaska-pre-verejnost-pastva-v-skuev-sur-2\/"},"modified":"2018-11-28T14:19:43","modified_gmt":"2018-11-28T13:19:43","slug":"prednaska-pre-verejnost-pastva-v-skuev-sur-2","status":"publish","type":"post","link":"https:\/\/broz.sk\/hu\/prednaska-pre-verejnost-pastva-v-skuev-sur-2\/","title":{"rendered":"El\u0151ad\u00e1s a nyilv\u00e1noss\u00e1g r\u00e9sz\u00e9re \u2013 legeltet\u00e9s az \u00daEV \u0160\u00far ter\u00fclet\u00e9n"},"content":{"rendered":"Megh\u00edvjuk egy nyilv\u00e1nos el\u0151ad\u00e1sra, melynek f\u0151 t\u00e9m\u00e1ja a projekttev\u00e9kenys\u00e9gek bemutat\u00e1sa \u2013 tervezett \u00e9l\u0151helykezel\u00e9si beavatkoz\u00e1sok az SK\u00daEV \u0160\u00far ter\u00fclet\u00e9n. Az el\u0151ad\u00e1s id\u0151pontja \u00e9s helysz\u00edne: 2013. j\u00falius 3.; 17.30 \u00f3rakor; AI NOVA, Sv\u00e4t\u00fd Jur.\r\n\r\n&nbsp;\r\n\r\n<img fetchpriority=\"high\" decoding=\"async\" class=\"alignleft size-full wp-image-5342\" src=\"https:\/\/broz.sk\/wp-content\/uploads\/2018\/10\/16.jpg\" alt=\"\" width=\"437\" height=\"567\" srcset=\"https:\/\/broz.sk\/wp-content\/uploads\/2018\/10\/16.jpg 437w, https:\/\/broz.sk\/wp-content\/uploads\/2018\/10\/16-231x300.jpg 231w, https:\/\/broz.sk\/wp-content\/uploads\/2018\/10\/16-18x24.jpg 18w, https:\/\/broz.sk\/wp-content\/uploads\/2018\/10\/16-28x36.jpg 28w, https:\/\/broz.sk\/wp-content\/uploads\/2018\/10\/16-37x48.jpg 37w\" sizes=\"(max-width: 437px) 100vw, 437px\" \/>","protected":false},"excerpt":{"rendered":"<p>Megh\u00edvjuk egy nyilv\u00e1nos el\u0151ad\u00e1sra, melynek f\u0151 t\u00e9m\u00e1ja a projekttev\u00e9kenys\u00e9gek bemutat\u00e1sa \u2013 tervezett \u00e9l\u0151helykezel\u00e9si beavatkoz\u00e1sok az SK\u00daEV \u0160\u00far ter\u00fclet\u00e9n. Az el\u0151ad\u00e1s id\u0151pontja \u00e9s helysz\u00edne: 2013. j\u00falius 3.; 17.30 \u00f3rakor; AI NOVA, Sv\u00e4t\u00fd Jur. &nbsp;<\/p>\n","protected":false},"author":2,"featured_media":5342,"comment_status":"closed","ping_status":"closed","sticky":false,"template":"","format":"standard","meta":{"_acf_changed":false,"pmpro_default_level":"","footnotes":""},"categories":[45],"tags":[],"class_list":["post-5721","post","type-post","status-publish","format-standard","has-post-thumbnail","hentry","category-0-hu","pmpro-has-access","category-45","description-off"],"acf":[],"yoast_head":"<!-- This site is optimized with the Yoast SEO Premium plugin v21.4 (Yoast SEO v27.4) - https:\/\/yoast.com\/product\/yoast-seo-premium-wordpress\/ -->\n<title>El\u0151ad\u00e1s a nyilv\u00e1noss\u00e1g r\u00e9sz\u00e9re \u2013 legeltet\u00e9s az \u00daEV \u0160\u00far ter\u00fclet\u00e9n - BROZ<\/title>\n<meta name=\"robots\" content=\"index, follow, max-snippet:-1, max-image-preview:large, max-video-preview:-1\" \/>\n<link rel=\"canonical\" href=\"https:\/\/broz.sk\/hu\/prednaska-pre-verejnost-pastva-v-skuev-sur-2\/\" \/>\n<meta property=\"og:locale\" content=\"hu_HU\" \/>\n<meta property=\"og:type\" content=\"article\" \/>\n<meta property=\"og:title\" content=\"El\u0151ad\u00e1s a nyilv\u00e1noss\u00e1g r\u00e9sz\u00e9re \u2013 legeltet\u00e9s az \u00daEV \u0160\u00far ter\u00fclet\u00e9n\" \/>\n<meta property=\"og:description\" content=\"Megh\u00edvjuk egy nyilv\u00e1nos el\u0151ad\u00e1sra, melynek f\u0151 t\u00e9m\u00e1ja a projekttev\u00e9kenys\u00e9gek bemutat\u00e1sa \u2013 tervezett \u00e9l\u0151helykezel\u00e9si beavatkoz\u00e1sok az SK\u00daEV \u0160\u00far ter\u00fclet\u00e9n. Az el\u0151ad\u00e1s id\u0151pontja \u00e9s helysz\u00edne: 2013. j\u00falius 3.; 17.30 \u00f3rakor; AI NOVA, Sv\u00e4t\u00fd Jur. &nbsp;\" \/>\n<meta property=\"og:url\" content=\"https:\/\/broz.sk\/hu\/prednaska-pre-verejnost-pastva-v-skuev-sur-2\/\" \/>\n<meta property=\"og:site_name\" content=\"BROZ\" \/>\n<meta property=\"article:publisher\" content=\"https:\/\/www.facebook.com\/broz.ba\/\" \/>\n<meta property=\"article:published_time\" content=\"2013-07-10T12:36:14+00:00\" \/>\n<meta property=\"article:modified_time\" content=\"2018-11-28T13:19:43+00:00\" \/>\n<meta property=\"og:image\" content=\"https:\/\/broz.sk\/wp-content\/uploads\/2018\/10\/16.jpg\" \/>\n\t<meta property=\"og:image:width\" content=\"437\" \/>\n\t<meta property=\"og:image:height\" content=\"567\" \/>\n\t<meta property=\"og:image:type\" content=\"image\/jpeg\" \/>\n<meta name=\"author\" content=\"broz\" \/>\n<meta name=\"twitter:card\" content=\"summary_large_image\" \/>\n<meta name=\"twitter:label1\" content=\"Szerz\u0151:\" \/>\n\t<meta name=\"twitter:data1\" content=\"broz\" \/>\n<script type=\"application\/ld+json\" class=\"yoast-schema-graph\">{\"@context\":\"https:\\\/\\\/schema.org\",\"@graph\":[{\"@type\":\"Article\",\"@id\":\"https:\\\/\\\/broz.sk\\\/hu\\\/prednaska-pre-verejnost-pastva-v-skuev-sur-2\\\/#article\",\"isPartOf\":{\"@id\":\"https:\\\/\\\/broz.sk\\\/hu\\\/prednaska-pre-verejnost-pastva-v-skuev-sur-2\\\/\"},\"author\":{\"name\":\"broz\",\"@id\":\"https:\\\/\\\/broz.sk\\\/#\\\/schema\\\/person\\\/210ebb0b5afa2a18d1e13abfbbb27080\"},\"headline\":\"El\u0151ad\u00e1s a nyilv\u00e1noss\u00e1g r\u00e9sz\u00e9re \u2013 legeltet\u00e9s az \u00daEV \u0160\u00far ter\u00fclet\u00e9n\",\"datePublished\":\"2013-07-10T12:36:14+00:00\",\"dateModified\":\"2018-11-28T13:19:43+00:00\",\"mainEntityOfPage\":{\"@id\":\"https:\\\/\\\/broz.sk\\\/hu\\\/prednaska-pre-verejnost-pastva-v-skuev-sur-2\\\/\"},\"wordCount\":68,\"publisher\":{\"@id\":\"https:\\\/\\\/broz.sk\\\/#organization\"},\"image\":{\"@id\":\"https:\\\/\\\/broz.sk\\\/hu\\\/prednaska-pre-verejnost-pastva-v-skuev-sur-2\\\/#primaryimage\"},\"thumbnailUrl\":\"https:\\\/\\\/broz.sk\\\/wp-content\\\/uploads\\\/2018\\\/10\\\/16.jpg\",\"articleSection\":[\"K\u00f6rnyezetv\u00e9delmi oktat\u00e1s\"],\"inLanguage\":\"hu\"},{\"@type\":\"WebPage\",\"@id\":\"https:\\\/\\\/broz.sk\\\/hu\\\/prednaska-pre-verejnost-pastva-v-skuev-sur-2\\\/\",\"url\":\"https:\\\/\\\/broz.sk\\\/hu\\\/prednaska-pre-verejnost-pastva-v-skuev-sur-2\\\/\",\"name\":\"El\u0151ad\u00e1s a nyilv\u00e1noss\u00e1g r\u00e9sz\u00e9re \u2013 legeltet\u00e9s az \u00daEV \u0160\u00far ter\u00fclet\u00e9n - BROZ\",\"isPartOf\":{\"@id\":\"https:\\\/\\\/broz.sk\\\/#website\"},\"primaryImageOfPage\":{\"@id\":\"https:\\\/\\\/broz.sk\\\/hu\\\/prednaska-pre-verejnost-pastva-v-skuev-sur-2\\\/#primaryimage\"},\"image\":{\"@id\":\"https:\\\/\\\/broz.sk\\\/hu\\\/prednaska-pre-verejnost-pastva-v-skuev-sur-2\\\/#primaryimage\"},\"thumbnailUrl\":\"https:\\\/\\\/broz.sk\\\/wp-content\\\/uploads\\\/2018\\\/10\\\/16.jpg\",\"datePublished\":\"2013-07-10T12:36:14+00:00\",\"dateModified\":\"2018-11-28T13:19:43+00:00\",\"breadcrumb\":{\"@id\":\"https:\\\/\\\/broz.sk\\\/hu\\\/prednaska-pre-verejnost-pastva-v-skuev-sur-2\\\/#breadcrumb\"},\"inLanguage\":\"hu\",\"potentialAction\":[{\"@type\":\"ReadAction\",\"target\":[\"https:\\\/\\\/broz.sk\\\/hu\\\/prednaska-pre-verejnost-pastva-v-skuev-sur-2\\\/\"]}]},{\"@type\":\"ImageObject\",\"inLanguage\":\"hu\",\"@id\":\"https:\\\/\\\/broz.sk\\\/hu\\\/prednaska-pre-verejnost-pastva-v-skuev-sur-2\\\/#primaryimage\",\"url\":\"https:\\\/\\\/broz.sk\\\/wp-content\\\/uploads\\\/2018\\\/10\\\/16.jpg\",\"contentUrl\":\"https:\\\/\\\/broz.sk\\\/wp-content\\\/uploads\\\/2018\\\/10\\\/16.jpg\",\"width\":437,\"height\":567},{\"@type\":\"BreadcrumbList\",\"@id\":\"https:\\\/\\\/broz.sk\\\/hu\\\/prednaska-pre-verejnost-pastva-v-skuev-sur-2\\\/#breadcrumb\",\"itemListElement\":[{\"@type\":\"ListItem\",\"position\":1,\"name\":\"Domovsk\u00e1 str\u00e1nka\",\"item\":\"https:\\\/\\\/broz.sk\\\/\"},{\"@type\":\"ListItem\",\"position\":2,\"name\":\"El\u0151ad\u00e1s a nyilv\u00e1noss\u00e1g r\u00e9sz\u00e9re \u2013 legeltet\u00e9s az \u00daEV \u0160\u00far ter\u00fclet\u00e9n\"}]},{\"@type\":\"WebSite\",\"@id\":\"https:\\\/\\\/broz.sk\\\/#website\",\"url\":\"https:\\\/\\\/broz.sk\\\/\",\"name\":\"BROZ\",\"description\":\"ochran\u00e1rske zdru\u017eenie\",\"publisher\":{\"@id\":\"https:\\\/\\\/broz.sk\\\/#organization\"},\"potentialAction\":[{\"@type\":\"SearchAction\",\"target\":{\"@type\":\"EntryPoint\",\"urlTemplate\":\"https:\\\/\\\/broz.sk\\\/?s={search_term_string}\"},\"query-input\":{\"@type\":\"PropertyValueSpecification\",\"valueRequired\":true,\"valueName\":\"search_term_string\"}}],\"inLanguage\":\"hu\"},{\"@type\":\"Organization\",\"@id\":\"https:\\\/\\\/broz.sk\\\/#organization\",\"name\":\"BROZ - Bratislavsk\u00e9 region\u00e1lne ochran\u00e1rske zdru\u017eenie\",\"url\":\"https:\\\/\\\/broz.sk\\\/\",\"logo\":{\"@type\":\"ImageObject\",\"inLanguage\":\"hu\",\"@id\":\"https:\\\/\\\/broz.sk\\\/#\\\/schema\\\/logo\\\/image\\\/\",\"url\":\"https:\\\/\\\/broz.sk\\\/wp-content\\\/uploads\\\/2018\\\/03\\\/broz-logo-hires-color.png\",\"contentUrl\":\"https:\\\/\\\/broz.sk\\\/wp-content\\\/uploads\\\/2018\\\/03\\\/broz-logo-hires-color.png\",\"width\":2585,\"height\":1618,\"caption\":\"BROZ - Bratislavsk\u00e9 region\u00e1lne ochran\u00e1rske zdru\u017eenie\"},\"image\":{\"@id\":\"https:\\\/\\\/broz.sk\\\/#\\\/schema\\\/logo\\\/image\\\/\"},\"sameAs\":[\"https:\\\/\\\/www.facebook.com\\\/broz.ba\\\/\"]},{\"@type\":\"Person\",\"@id\":\"https:\\\/\\\/broz.sk\\\/#\\\/schema\\\/person\\\/210ebb0b5afa2a18d1e13abfbbb27080\",\"name\":\"broz\",\"image\":{\"@type\":\"ImageObject\",\"inLanguage\":\"hu\",\"@id\":\"https:\\\/\\\/secure.gravatar.com\\\/avatar\\\/2e036a5d302f24b5c517a7e75051ca040aedd897cd58df9cbd4f523a61282112?s=96&d=mm&r=g\",\"url\":\"https:\\\/\\\/secure.gravatar.com\\\/avatar\\\/2e036a5d302f24b5c517a7e75051ca040aedd897cd58df9cbd4f523a61282112?s=96&d=mm&r=g\",\"contentUrl\":\"https:\\\/\\\/secure.gravatar.com\\\/avatar\\\/2e036a5d302f24b5c517a7e75051ca040aedd897cd58df9cbd4f523a61282112?s=96&d=mm&r=g\",\"caption\":\"broz\"},\"url\":\"https:\\\/\\\/broz.sk\\\/hu\\\/author\\\/broz\\\/\"}]}<\/script>\n<!-- \/ Yoast SEO Premium plugin. -->","yoast_head_json":{"title":"El\u0151ad\u00e1s a nyilv\u00e1noss\u00e1g r\u00e9sz\u00e9re \u2013 legeltet\u00e9s az \u00daEV \u0160\u00far ter\u00fclet\u00e9n - BROZ","robots":{"index":"index","follow":"follow","max-snippet":"max-snippet:-1","max-image-preview":"max-image-preview:large","max-video-preview":"max-video-preview:-1"},"canonical":"https:\/\/broz.sk\/hu\/prednaska-pre-verejnost-pastva-v-skuev-sur-2\/","og_locale":"hu_HU","og_type":"article","og_title":"El\u0151ad\u00e1s a nyilv\u00e1noss\u00e1g r\u00e9sz\u00e9re \u2013 legeltet\u00e9s az \u00daEV \u0160\u00far ter\u00fclet\u00e9n","og_description":"Megh\u00edvjuk egy nyilv\u00e1nos el\u0151ad\u00e1sra, melynek f\u0151 t\u00e9m\u00e1ja a projekttev\u00e9kenys\u00e9gek bemutat\u00e1sa \u2013 tervezett \u00e9l\u0151helykezel\u00e9si beavatkoz\u00e1sok az SK\u00daEV \u0160\u00far ter\u00fclet\u00e9n. Az el\u0151ad\u00e1s id\u0151pontja \u00e9s helysz\u00edne: 2013. j\u00falius 3.; 17.30 \u00f3rakor; AI NOVA, Sv\u00e4t\u00fd Jur. &nbsp;","og_url":"https:\/\/broz.sk\/hu\/prednaska-pre-verejnost-pastva-v-skuev-sur-2\/","og_site_name":"BROZ","article_publisher":"https:\/\/www.facebook.com\/broz.ba\/","article_published_time":"2013-07-10T12:36:14+00:00","article_modified_time":"2018-11-28T13:19:43+00:00","og_image":[{"width":437,"height":567,"url":"https:\/\/broz.sk\/wp-content\/uploads\/2018\/10\/16.jpg","type":"image\/jpeg"}],"author":"broz","twitter_card":"summary_large_image","twitter_misc":{"Szerz\u0151:":"broz"},"schema":{"@context":"https:\/\/schema.org","@graph":[{"@type":"Article","@id":"https:\/\/broz.sk\/hu\/prednaska-pre-verejnost-pastva-v-skuev-sur-2\/#article","isPartOf":{"@id":"https:\/\/broz.sk\/hu\/prednaska-pre-verejnost-pastva-v-skuev-sur-2\/"},"author":{"name":"broz","@id":"https:\/\/broz.sk\/#\/schema\/person\/210ebb0b5afa2a18d1e13abfbbb27080"},"headline":"El\u0151ad\u00e1s a nyilv\u00e1noss\u00e1g r\u00e9sz\u00e9re \u2013 legeltet\u00e9s az \u00daEV \u0160\u00far ter\u00fclet\u00e9n","datePublished":"2013-07-10T12:36:14+00:00","dateModified":"2018-11-28T13:19:43+00:00","mainEntityOfPage":{"@id":"https:\/\/broz.sk\/hu\/prednaska-pre-verejnost-pastva-v-skuev-sur-2\/"},"wordCount":68,"publisher":{"@id":"https:\/\/broz.sk\/#organization"},"image":{"@id":"https:\/\/broz.sk\/hu\/prednaska-pre-verejnost-pastva-v-skuev-sur-2\/#primaryimage"},"thumbnailUrl":"https:\/\/broz.sk\/wp-content\/uploads\/2018\/10\/16.jpg","articleSection":["K\u00f6rnyezetv\u00e9delmi oktat\u00e1s"],"inLanguage":"hu"},{"@type":"WebPage","@id":"https:\/\/broz.sk\/hu\/prednaska-pre-verejnost-pastva-v-skuev-sur-2\/","url":"https:\/\/broz.sk\/hu\/prednaska-pre-verejnost-pastva-v-skuev-sur-2\/","name":"El\u0151ad\u00e1s a nyilv\u00e1noss\u00e1g r\u00e9sz\u00e9re \u2013 legeltet\u00e9s az \u00daEV \u0160\u00far ter\u00fclet\u00e9n - BROZ","isPartOf":{"@id":"https:\/\/broz.sk\/#website"},"primaryImageOfPage":{"@id":"https:\/\/broz.sk\/hu\/prednaska-pre-verejnost-pastva-v-skuev-sur-2\/#primaryimage"},"image":{"@id":"https:\/\/broz.sk\/hu\/prednaska-pre-verejnost-pastva-v-skuev-sur-2\/#primaryimage"},"thumbnailUrl":"https:\/\/broz.sk\/wp-content\/uploads\/2018\/10\/16.jpg","datePublished":"2013-07-10T12:36:14+00:00","dateModified":"2018-11-28T13:19:43+00:00","breadcrumb":{"@id":"https:\/\/broz.sk\/hu\/prednaska-pre-verejnost-pastva-v-skuev-sur-2\/#breadcrumb"},"inLanguage":"hu","potentialAction":[{"@type":"ReadAction","target":["https:\/\/broz.sk\/hu\/prednaska-pre-verejnost-pastva-v-skuev-sur-2\/"]}]},{"@type":"ImageObject","inLanguage":"hu","@id":"https:\/\/broz.sk\/hu\/prednaska-pre-verejnost-pastva-v-skuev-sur-2\/#primaryimage","url":"https:\/\/broz.sk\/wp-content\/uploads\/2018\/10\/16.jpg","contentUrl":"https:\/\/broz.sk\/wp-content\/uploads\/2018\/10\/16.jpg","width":437,"height":567},{"@type":"BreadcrumbList","@id":"https:\/\/broz.sk\/hu\/prednaska-pre-verejnost-pastva-v-skuev-sur-2\/#breadcrumb","itemListElement":[{"@type":"ListItem","position":1,"name":"Domovsk\u00e1 str\u00e1nka","item":"https:\/\/broz.sk\/"},{"@type":"ListItem","position":2,"name":"El\u0151ad\u00e1s a nyilv\u00e1noss\u00e1g r\u00e9sz\u00e9re \u2013 legeltet\u00e9s az \u00daEV \u0160\u00far ter\u00fclet\u00e9n"}]},{"@type":"WebSite","@id":"https:\/\/broz.sk\/#website","url":"https:\/\/broz.sk\/","name":"BROZ","description":"ochran\u00e1rske zdru\u017eenie","publisher":{"@id":"https:\/\/broz.sk\/#organization"},"potentialAction":[{"@type":"SearchAction","target":{"@type":"EntryPoint","urlTemplate":"https:\/\/broz.sk\/?s={search_term_string}"},"query-input":{"@type":"PropertyValueSpecification","valueRequired":true,"valueName":"search_term_string"}}],"inLanguage":"hu"},{"@type":"Organization","@id":"https:\/\/broz.sk\/#organization","name":"BROZ - Bratislavsk\u00e9 region\u00e1lne ochran\u00e1rske zdru\u017eenie","url":"https:\/\/broz.sk\/","logo":{"@type":"ImageObject","inLanguage":"hu","@id":"https:\/\/broz.sk\/#\/schema\/logo\/image\/","url":"https:\/\/broz.sk\/wp-content\/uploads\/2018\/03\/broz-logo-hires-color.png","contentUrl":"https:\/\/broz.sk\/wp-content\/uploads\/2018\/03\/broz-logo-hires-color.png","width":2585,"height":1618,"caption":"BROZ - Bratislavsk\u00e9 region\u00e1lne ochran\u00e1rske zdru\u017eenie"},"image":{"@id":"https:\/\/broz.sk\/#\/schema\/logo\/image\/"},"sameAs":["https:\/\/www.facebook.com\/broz.ba\/"]},{"@type":"Person","@id":"https:\/\/broz.sk\/#\/schema\/person\/210ebb0b5afa2a18d1e13abfbbb27080","name":"broz","image":{"@type":"ImageObject","inLanguage":"hu","@id":"https:\/\/secure.gravatar.com\/avatar\/2e036a5d302f24b5c517a7e75051ca040aedd897cd58df9cbd4f523a61282112?s=96&d=mm&r=g","url":"https:\/\/secure.gravatar.com\/avatar\/2e036a5d302f24b5c517a7e75051ca040aedd897cd58df9cbd4f523a61282112?s=96&d=mm&r=g","contentUrl":"https:\/\/secure.gravatar.com\/avatar\/2e036a5d302f24b5c517a7e75051ca040aedd897cd58df9cbd4f523a61282112?s=96&d=mm&r=g","caption":"broz"},"url":"https:\/\/broz.sk\/hu\/author\/broz\/"}]}},"_links":{"self":[{"href":"https:\/\/broz.sk\/hu\/wp-json\/wp\/v2\/posts\/5721","targetHints":{"allow":["GET"]}}],"collection":[{"href":"https:\/\/broz.sk\/hu\/wp-json\/wp\/v2\/posts"}],"about":[{"href":"https:\/\/broz.sk\/hu\/wp-json\/wp\/v2\/types\/post"}],"author":[{"embeddable":true,"href":"https:\/\/broz.sk\/hu\/wp-json\/wp\/v2\/users\/2"}],"replies":[{"embeddable":true,"href":"https:\/\/broz.sk\/hu\/wp-json\/wp\/v2\/comments?post=5721"}],"version-history":[{"count":3,"href":"https:\/\/broz.sk\/hu\/wp-json\/wp\/v2\/posts\/5721\/revisions"}],"predecessor-version":[{"id":6158,"href":"https:\/\/broz.sk\/hu\/wp-json\/wp\/v2\/posts\/5721\/revisions\/6158"}],"wp:featuredmedia":[{"embeddable":true,"href":"https:\/\/broz.sk\/hu\/wp-json\/wp\/v2\/media\/5342"}],"wp:attachment":[{"href":"https:\/\/broz.sk\/hu\/wp-json\/wp\/v2\/media?parent=5721"}],"wp:term":[{"taxonomy":"category","embeddable":true,"href":"https:\/\/broz.sk\/hu\/wp-json\/wp\/v2\/categories?post=5721"},{"taxonomy":"post_tag","embeddable":true,"href":"https:\/\/broz.sk\/hu\/wp-json\/wp\/v2\/tags?post=5721"}],"curies":[{"name":"wp","href":"https:\/\/api.w.org\/{rel}","templated":true}]}}