{"id":5042,"date":"2018-08-28T13:36:47","date_gmt":"2018-08-28T11:36:47","guid":{"rendered":"https:\/\/broz.sk\/detske-tabory-na-velkom-lely-mali-aj-tento-rok-velku-ucast\/"},"modified":"2019-12-12T10:50:07","modified_gmt":"2019-12-12T09:50:07","slug":"detske-tabory-na-velkom-lely-mali-aj-tento-rok-velku-ucast","status":"publish","type":"post","link":"https:\/\/broz.sk\/hu\/detske-tabory-na-velkom-lely-mali-aj-tento-rok-velku-ucast\/","title":{"rendered":"Az id\u00e9n is sz\u00e9p sz\u00e1mban vettek r\u00e9szt a gyerekek a nagyl\u00e9li ny\u00e1ri t\u00e1borokban"},"content":{"rendered":"<span lang=\"HU\" style=\"margin: 0px; line-height: 115%; font-family: 'Calibri','sans-serif'; font-size: 11pt;\"><span style=\"color: #000000;\">Az id\u00e9n ism\u00e9t megrendezt\u00fcnk a ny\u00e1ri vak\u00e1ci\u00f3 idej\u00e9n 6 gyermekt\u00e1bort a nagyl\u00e9li Duna-sziget vadreg\u00e9nyes vil\u00e1g\u00e1ban (E.7 projektelem). Az egyes turnusokat az \u00e9rdekl\u0151d\u0151k m\u00e1r m\u00e1jusban teljesen lefoglalt\u00e1k, ami a t\u00e1borok nagym\u00e9rt\u00e9k\u0171 kedvelts\u00e9g\u00e9r\u0151l tan\u00faskodik. A hucul-lovakon val\u00f3 lovagl\u00e1son k\u00edv\u00fcl k\u00fcl\u00f6nb\u00f6z\u0151 tev\u00e9kenys\u00e9gek seg\u00edts\u00e9g\u00e9vel megismerkedtek a gyerekek a Duna menti t\u00e1j eredeti lak\u00f3ival is \u2013 a k\u00e9t\u00e9lt\u0171ekkel, madarakkal, h\u00fcll\u0151kkel, rovarokkal stb.<\/span><\/span>\r\n\r\n<span lang=\"HU\" style=\"margin: 0px; line-height: 115%; font-family: 'Calibri','sans-serif'; font-size: 11pt;\"><span style=\"color: #000000;\">Gyerekek Duna menti \u00e1llatokat figyelnek meg \u00e9s rajzolnak le<\/span><\/span>:\r\n\r\n<img fetchpriority=\"high\" decoding=\"async\" class=\"alignnone wp-image-5036\" src=\"https:\/\/broz.sk\/wp-content\/uploads\/2018\/09\/pozorovanie-zivocicho-pomocou-terennych-lup-300x225.jpg\" alt=\"\" width=\"468\" height=\"351\" srcset=\"https:\/\/broz.sk\/wp-content\/uploads\/2018\/09\/pozorovanie-zivocicho-pomocou-terennych-lup-300x225.jpg 300w, https:\/\/broz.sk\/wp-content\/uploads\/2018\/09\/pozorovanie-zivocicho-pomocou-terennych-lup-768x576.jpg 768w, https:\/\/broz.sk\/wp-content\/uploads\/2018\/09\/pozorovanie-zivocicho-pomocou-terennych-lup-24x18.jpg 24w, https:\/\/broz.sk\/wp-content\/uploads\/2018\/09\/pozorovanie-zivocicho-pomocou-terennych-lup-36x27.jpg 36w, https:\/\/broz.sk\/wp-content\/uploads\/2018\/09\/pozorovanie-zivocicho-pomocou-terennych-lup-48x36.jpg 48w, https:\/\/broz.sk\/wp-content\/uploads\/2018\/09\/pozorovanie-zivocicho-pomocou-terennych-lup.jpg 800w\" sizes=\"(max-width: 468px) 100vw, 468px\" \/> \u00a0 <img decoding=\"async\" class=\"alignnone wp-image-5037\" src=\"https:\/\/broz.sk\/wp-content\/uploads\/2018\/09\/terenna-lupa-222x300.jpg\" alt=\"\" width=\"257\" height=\"347\" srcset=\"https:\/\/broz.sk\/wp-content\/uploads\/2018\/09\/terenna-lupa-222x300.jpg 222w, https:\/\/broz.sk\/wp-content\/uploads\/2018\/09\/terenna-lupa-18x24.jpg 18w, https:\/\/broz.sk\/wp-content\/uploads\/2018\/09\/terenna-lupa-27x36.jpg 27w, https:\/\/broz.sk\/wp-content\/uploads\/2018\/09\/terenna-lupa-36x48.jpg 36w, https:\/\/broz.sk\/wp-content\/uploads\/2018\/09\/terenna-lupa.jpg 592w\" sizes=\"(max-width: 257px) 100vw, 257px\" \/> <img decoding=\"async\" class=\"alignnone wp-image-5038\" src=\"https:\/\/broz.sk\/wp-content\/uploads\/2018\/09\/zaznam-z-pozorovania-300x225.jpg\" alt=\"\" width=\"465\" height=\"349\" srcset=\"https:\/\/broz.sk\/wp-content\/uploads\/2018\/09\/zaznam-z-pozorovania-300x225.jpg 300w, https:\/\/broz.sk\/wp-content\/uploads\/2018\/09\/zaznam-z-pozorovania-768x576.jpg 768w, https:\/\/broz.sk\/wp-content\/uploads\/2018\/09\/zaznam-z-pozorovania-24x18.jpg 24w, https:\/\/broz.sk\/wp-content\/uploads\/2018\/09\/zaznam-z-pozorovania-36x27.jpg 36w, https:\/\/broz.sk\/wp-content\/uploads\/2018\/09\/zaznam-z-pozorovania-48x36.jpg 48w, https:\/\/broz.sk\/wp-content\/uploads\/2018\/09\/zaznam-z-pozorovania.jpg 800w\" sizes=\"(max-width: 465px) 100vw, 465px\" \/>","protected":false},"excerpt":{"rendered":"<p>Az id\u00e9n ism\u00e9t megrendezt\u00fcnk a ny\u00e1ri vak\u00e1ci\u00f3 idej\u00e9n 6 gyermekt\u00e1bort a nagyl\u00e9li Duna-sziget vadreg\u00e9nyes vil\u00e1g\u00e1ban (E.7 projektelem). Az egyes turnusokat az \u00e9rdekl\u0151d\u0151k m\u00e1r m\u00e1jusban teljesen lefoglalt\u00e1k, ami a t\u00e1borok nagym\u00e9rt\u00e9k\u0171 kedvelts\u00e9g\u00e9r\u0151l tan\u00faskodik. A hucul-lovakon val\u00f3 lovagl\u00e1son k\u00edv\u00fcl k\u00fcl\u00f6nb\u00f6z\u0151 tev\u00e9kenys\u00e9gek seg\u00edts\u00e9g\u00e9vel megismerkedtek a gyerekek a Duna menti t\u00e1j eredeti lak\u00f3ival is \u2013 a k\u00e9t\u00e9lt\u0171ekkel, madarakkal, h\u00fcll\u0151kkel,&hellip;<\/p>\n","protected":false},"author":2,"featured_media":9915,"comment_status":"closed","ping_status":"closed","sticky":false,"template":"","format":"standard","meta":{"_acf_changed":false,"pmpro_default_level":"","footnotes":""},"categories":[45],"tags":[],"class_list":["post-5042","post","type-post","status-publish","format-standard","has-post-thumbnail","hentry","category-0-hu","pmpro-has-access","category-45","description-off"],"acf":[],"yoast_head":"<!-- This site is optimized with the Yoast SEO Premium plugin v21.4 (Yoast SEO v27.5) - https:\/\/yoast.com\/product\/yoast-seo-premium-wordpress\/ -->\n<title>Az id\u00e9n is sz\u00e9p sz\u00e1mban vettek r\u00e9szt a gyerekek a nagyl\u00e9li ny\u00e1ri t\u00e1borokban - BROZ<\/title>\n<meta name=\"robots\" content=\"index, follow, max-snippet:-1, max-image-preview:large, max-video-preview:-1\" \/>\n<link rel=\"canonical\" href=\"https:\/\/broz.sk\/hu\/detske-tabory-na-velkom-lely-mali-aj-tento-rok-velku-ucast\/\" \/>\n<meta property=\"og:locale\" content=\"hu_HU\" \/>\n<meta property=\"og:type\" content=\"article\" \/>\n<meta property=\"og:title\" content=\"Az id\u00e9n is sz\u00e9p sz\u00e1mban vettek r\u00e9szt a gyerekek a nagyl\u00e9li ny\u00e1ri t\u00e1borokban\" \/>\n<meta property=\"og:description\" content=\"Az id\u00e9n ism\u00e9t megrendezt\u00fcnk a ny\u00e1ri vak\u00e1ci\u00f3 idej\u00e9n 6 gyermekt\u00e1bort a nagyl\u00e9li Duna-sziget vadreg\u00e9nyes vil\u00e1g\u00e1ban (E.7 projektelem). Az egyes turnusokat az \u00e9rdekl\u0151d\u0151k m\u00e1r m\u00e1jusban teljesen lefoglalt\u00e1k, ami a t\u00e1borok nagym\u00e9rt\u00e9k\u0171 kedvelts\u00e9g\u00e9r\u0151l tan\u00faskodik. A hucul-lovakon val\u00f3 lovagl\u00e1son k\u00edv\u00fcl k\u00fcl\u00f6nb\u00f6z\u0151 tev\u00e9kenys\u00e9gek seg\u00edts\u00e9g\u00e9vel megismerkedtek a gyerekek a Duna menti t\u00e1j eredeti lak\u00f3ival is \u2013 a k\u00e9t\u00e9lt\u0171ekkel, madarakkal, h\u00fcll\u0151kkel,&hellip;\" \/>\n<meta property=\"og:url\" content=\"https:\/\/broz.sk\/hu\/detske-tabory-na-velkom-lely-mali-aj-tento-rok-velku-ucast\/\" \/>\n<meta property=\"og:site_name\" content=\"BROZ\" \/>\n<meta property=\"article:publisher\" content=\"https:\/\/www.facebook.com\/broz.ba\/\" \/>\n<meta property=\"article:published_time\" content=\"2018-08-28T11:36:47+00:00\" \/>\n<meta property=\"article:modified_time\" content=\"2019-12-12T09:50:07+00:00\" \/>\n<meta property=\"og:image\" content=\"https:\/\/broz.sk\/wp-content\/uploads\/2018\/09\/pozorovanie-zivocicho-pomocou-terennych-lup.jpg\" \/>\n\t<meta property=\"og:image:width\" content=\"800\" \/>\n\t<meta property=\"og:image:height\" content=\"600\" \/>\n\t<meta property=\"og:image:type\" content=\"image\/jpeg\" \/>\n<meta name=\"author\" content=\"broz\" \/>\n<meta name=\"twitter:card\" content=\"summary_large_image\" \/>\n<meta name=\"twitter:label1\" content=\"Szerz\u0151:\" \/>\n\t<meta name=\"twitter:data1\" content=\"broz\" \/>\n\t<meta name=\"twitter:label2\" content=\"Becs\u00fclt olvas\u00e1si id\u0151\" \/>\n\t<meta name=\"twitter:data2\" content=\"1 perc\" \/>\n<script type=\"application\/ld+json\" class=\"yoast-schema-graph\">{\"@context\":\"https:\\\/\\\/schema.org\",\"@graph\":[{\"@type\":\"Article\",\"@id\":\"https:\\\/\\\/broz.sk\\\/hu\\\/detske-tabory-na-velkom-lely-mali-aj-tento-rok-velku-ucast\\\/#article\",\"isPartOf\":{\"@id\":\"https:\\\/\\\/broz.sk\\\/hu\\\/detske-tabory-na-velkom-lely-mali-aj-tento-rok-velku-ucast\\\/\"},\"author\":{\"name\":\"broz\",\"@id\":\"https:\\\/\\\/broz.sk\\\/#\\\/schema\\\/person\\\/210ebb0b5afa2a18d1e13abfbbb27080\"},\"headline\":\"Az id\u00e9n is sz\u00e9p sz\u00e1mban vettek r\u00e9szt a gyerekek a nagyl\u00e9li ny\u00e1ri t\u00e1borokban\",\"datePublished\":\"2018-08-28T11:36:47+00:00\",\"dateModified\":\"2019-12-12T09:50:07+00:00\",\"mainEntityOfPage\":{\"@id\":\"https:\\\/\\\/broz.sk\\\/hu\\\/detske-tabory-na-velkom-lely-mali-aj-tento-rok-velku-ucast\\\/\"},\"wordCount\":125,\"publisher\":{\"@id\":\"https:\\\/\\\/broz.sk\\\/#organization\"},\"image\":{\"@id\":\"https:\\\/\\\/broz.sk\\\/hu\\\/detske-tabory-na-velkom-lely-mali-aj-tento-rok-velku-ucast\\\/#primaryimage\"},\"thumbnailUrl\":\"https:\\\/\\\/broz.sk\\\/wp-content\\\/uploads\\\/2018\\\/09\\\/pozorovanie-zivocicho-pomocou-terennych-lup.jpg\",\"articleSection\":[\"K\u00f6rnyezetv\u00e9delmi oktat\u00e1s\"],\"inLanguage\":\"hu\"},{\"@type\":\"WebPage\",\"@id\":\"https:\\\/\\\/broz.sk\\\/hu\\\/detske-tabory-na-velkom-lely-mali-aj-tento-rok-velku-ucast\\\/\",\"url\":\"https:\\\/\\\/broz.sk\\\/hu\\\/detske-tabory-na-velkom-lely-mali-aj-tento-rok-velku-ucast\\\/\",\"name\":\"Az id\u00e9n is sz\u00e9p sz\u00e1mban vettek r\u00e9szt a gyerekek a nagyl\u00e9li ny\u00e1ri t\u00e1borokban - BROZ\",\"isPartOf\":{\"@id\":\"https:\\\/\\\/broz.sk\\\/#website\"},\"primaryImageOfPage\":{\"@id\":\"https:\\\/\\\/broz.sk\\\/hu\\\/detske-tabory-na-velkom-lely-mali-aj-tento-rok-velku-ucast\\\/#primaryimage\"},\"image\":{\"@id\":\"https:\\\/\\\/broz.sk\\\/hu\\\/detske-tabory-na-velkom-lely-mali-aj-tento-rok-velku-ucast\\\/#primaryimage\"},\"thumbnailUrl\":\"https:\\\/\\\/broz.sk\\\/wp-content\\\/uploads\\\/2018\\\/09\\\/pozorovanie-zivocicho-pomocou-terennych-lup.jpg\",\"datePublished\":\"2018-08-28T11:36:47+00:00\",\"dateModified\":\"2019-12-12T09:50:07+00:00\",\"breadcrumb\":{\"@id\":\"https:\\\/\\\/broz.sk\\\/hu\\\/detske-tabory-na-velkom-lely-mali-aj-tento-rok-velku-ucast\\\/#breadcrumb\"},\"inLanguage\":\"hu\",\"potentialAction\":[{\"@type\":\"ReadAction\",\"target\":[\"https:\\\/\\\/broz.sk\\\/hu\\\/detske-tabory-na-velkom-lely-mali-aj-tento-rok-velku-ucast\\\/\"]}]},{\"@type\":\"ImageObject\",\"inLanguage\":\"hu\",\"@id\":\"https:\\\/\\\/broz.sk\\\/hu\\\/detske-tabory-na-velkom-lely-mali-aj-tento-rok-velku-ucast\\\/#primaryimage\",\"url\":\"https:\\\/\\\/broz.sk\\\/wp-content\\\/uploads\\\/2018\\\/09\\\/pozorovanie-zivocicho-pomocou-terennych-lup.jpg\",\"contentUrl\":\"https:\\\/\\\/broz.sk\\\/wp-content\\\/uploads\\\/2018\\\/09\\\/pozorovanie-zivocicho-pomocou-terennych-lup.jpg\",\"width\":800,\"height\":600},{\"@type\":\"BreadcrumbList\",\"@id\":\"https:\\\/\\\/broz.sk\\\/hu\\\/detske-tabory-na-velkom-lely-mali-aj-tento-rok-velku-ucast\\\/#breadcrumb\",\"itemListElement\":[{\"@type\":\"ListItem\",\"position\":1,\"name\":\"Domovsk\u00e1 str\u00e1nka\",\"item\":\"https:\\\/\\\/broz.sk\\\/\"},{\"@type\":\"ListItem\",\"position\":2,\"name\":\"Az id\u00e9n is sz\u00e9p sz\u00e1mban vettek r\u00e9szt a gyerekek a nagyl\u00e9li ny\u00e1ri t\u00e1borokban\"}]},{\"@type\":\"WebSite\",\"@id\":\"https:\\\/\\\/broz.sk\\\/#website\",\"url\":\"https:\\\/\\\/broz.sk\\\/\",\"name\":\"BROZ\",\"description\":\"ochran\u00e1rske zdru\u017eenie\",\"publisher\":{\"@id\":\"https:\\\/\\\/broz.sk\\\/#organization\"},\"potentialAction\":[{\"@type\":\"SearchAction\",\"target\":{\"@type\":\"EntryPoint\",\"urlTemplate\":\"https:\\\/\\\/broz.sk\\\/?s={search_term_string}\"},\"query-input\":{\"@type\":\"PropertyValueSpecification\",\"valueRequired\":true,\"valueName\":\"search_term_string\"}}],\"inLanguage\":\"hu\"},{\"@type\":\"Organization\",\"@id\":\"https:\\\/\\\/broz.sk\\\/#organization\",\"name\":\"BROZ - Bratislavsk\u00e9 region\u00e1lne ochran\u00e1rske zdru\u017eenie\",\"url\":\"https:\\\/\\\/broz.sk\\\/\",\"logo\":{\"@type\":\"ImageObject\",\"inLanguage\":\"hu\",\"@id\":\"https:\\\/\\\/broz.sk\\\/#\\\/schema\\\/logo\\\/image\\\/\",\"url\":\"https:\\\/\\\/broz.sk\\\/wp-content\\\/uploads\\\/2018\\\/03\\\/broz-logo-hires-color.png\",\"contentUrl\":\"https:\\\/\\\/broz.sk\\\/wp-content\\\/uploads\\\/2018\\\/03\\\/broz-logo-hires-color.png\",\"width\":2585,\"height\":1618,\"caption\":\"BROZ - Bratislavsk\u00e9 region\u00e1lne ochran\u00e1rske zdru\u017eenie\"},\"image\":{\"@id\":\"https:\\\/\\\/broz.sk\\\/#\\\/schema\\\/logo\\\/image\\\/\"},\"sameAs\":[\"https:\\\/\\\/www.facebook.com\\\/broz.ba\\\/\"]},{\"@type\":\"Person\",\"@id\":\"https:\\\/\\\/broz.sk\\\/#\\\/schema\\\/person\\\/210ebb0b5afa2a18d1e13abfbbb27080\",\"name\":\"broz\",\"image\":{\"@type\":\"ImageObject\",\"inLanguage\":\"hu\",\"@id\":\"https:\\\/\\\/secure.gravatar.com\\\/avatar\\\/2e036a5d302f24b5c517a7e75051ca040aedd897cd58df9cbd4f523a61282112?s=96&d=mm&r=g\",\"url\":\"https:\\\/\\\/secure.gravatar.com\\\/avatar\\\/2e036a5d302f24b5c517a7e75051ca040aedd897cd58df9cbd4f523a61282112?s=96&d=mm&r=g\",\"contentUrl\":\"https:\\\/\\\/secure.gravatar.com\\\/avatar\\\/2e036a5d302f24b5c517a7e75051ca040aedd897cd58df9cbd4f523a61282112?s=96&d=mm&r=g\",\"caption\":\"broz\"},\"url\":\"https:\\\/\\\/broz.sk\\\/hu\\\/author\\\/broz\\\/\"}]}<\/script>\n<!-- \/ Yoast SEO Premium plugin. -->","yoast_head_json":{"title":"Az id\u00e9n is sz\u00e9p sz\u00e1mban vettek r\u00e9szt a gyerekek a nagyl\u00e9li ny\u00e1ri t\u00e1borokban - BROZ","robots":{"index":"index","follow":"follow","max-snippet":"max-snippet:-1","max-image-preview":"max-image-preview:large","max-video-preview":"max-video-preview:-1"},"canonical":"https:\/\/broz.sk\/hu\/detske-tabory-na-velkom-lely-mali-aj-tento-rok-velku-ucast\/","og_locale":"hu_HU","og_type":"article","og_title":"Az id\u00e9n is sz\u00e9p sz\u00e1mban vettek r\u00e9szt a gyerekek a nagyl\u00e9li ny\u00e1ri t\u00e1borokban","og_description":"Az id\u00e9n ism\u00e9t megrendezt\u00fcnk a ny\u00e1ri vak\u00e1ci\u00f3 idej\u00e9n 6 gyermekt\u00e1bort a nagyl\u00e9li Duna-sziget vadreg\u00e9nyes vil\u00e1g\u00e1ban (E.7 projektelem). Az egyes turnusokat az \u00e9rdekl\u0151d\u0151k m\u00e1r m\u00e1jusban teljesen lefoglalt\u00e1k, ami a t\u00e1borok nagym\u00e9rt\u00e9k\u0171 kedvelts\u00e9g\u00e9r\u0151l tan\u00faskodik. A hucul-lovakon val\u00f3 lovagl\u00e1son k\u00edv\u00fcl k\u00fcl\u00f6nb\u00f6z\u0151 tev\u00e9kenys\u00e9gek seg\u00edts\u00e9g\u00e9vel megismerkedtek a gyerekek a Duna menti t\u00e1j eredeti lak\u00f3ival is \u2013 a k\u00e9t\u00e9lt\u0171ekkel, madarakkal, h\u00fcll\u0151kkel,&hellip;","og_url":"https:\/\/broz.sk\/hu\/detske-tabory-na-velkom-lely-mali-aj-tento-rok-velku-ucast\/","og_site_name":"BROZ","article_publisher":"https:\/\/www.facebook.com\/broz.ba\/","article_published_time":"2018-08-28T11:36:47+00:00","article_modified_time":"2019-12-12T09:50:07+00:00","og_image":[{"width":800,"height":600,"url":"https:\/\/broz.sk\/wp-content\/uploads\/2018\/09\/pozorovanie-zivocicho-pomocou-terennych-lup.jpg","type":"image\/jpeg"}],"author":"broz","twitter_card":"summary_large_image","twitter_misc":{"Szerz\u0151:":"broz","Becs\u00fclt olvas\u00e1si id\u0151":"1 perc"},"schema":{"@context":"https:\/\/schema.org","@graph":[{"@type":"Article","@id":"https:\/\/broz.sk\/hu\/detske-tabory-na-velkom-lely-mali-aj-tento-rok-velku-ucast\/#article","isPartOf":{"@id":"https:\/\/broz.sk\/hu\/detske-tabory-na-velkom-lely-mali-aj-tento-rok-velku-ucast\/"},"author":{"name":"broz","@id":"https:\/\/broz.sk\/#\/schema\/person\/210ebb0b5afa2a18d1e13abfbbb27080"},"headline":"Az id\u00e9n is sz\u00e9p sz\u00e1mban vettek r\u00e9szt a gyerekek a nagyl\u00e9li ny\u00e1ri t\u00e1borokban","datePublished":"2018-08-28T11:36:47+00:00","dateModified":"2019-12-12T09:50:07+00:00","mainEntityOfPage":{"@id":"https:\/\/broz.sk\/hu\/detske-tabory-na-velkom-lely-mali-aj-tento-rok-velku-ucast\/"},"wordCount":125,"publisher":{"@id":"https:\/\/broz.sk\/#organization"},"image":{"@id":"https:\/\/broz.sk\/hu\/detske-tabory-na-velkom-lely-mali-aj-tento-rok-velku-ucast\/#primaryimage"},"thumbnailUrl":"https:\/\/broz.sk\/wp-content\/uploads\/2018\/09\/pozorovanie-zivocicho-pomocou-terennych-lup.jpg","articleSection":["K\u00f6rnyezetv\u00e9delmi oktat\u00e1s"],"inLanguage":"hu"},{"@type":"WebPage","@id":"https:\/\/broz.sk\/hu\/detske-tabory-na-velkom-lely-mali-aj-tento-rok-velku-ucast\/","url":"https:\/\/broz.sk\/hu\/detske-tabory-na-velkom-lely-mali-aj-tento-rok-velku-ucast\/","name":"Az id\u00e9n is sz\u00e9p sz\u00e1mban vettek r\u00e9szt a gyerekek a nagyl\u00e9li ny\u00e1ri t\u00e1borokban - BROZ","isPartOf":{"@id":"https:\/\/broz.sk\/#website"},"primaryImageOfPage":{"@id":"https:\/\/broz.sk\/hu\/detske-tabory-na-velkom-lely-mali-aj-tento-rok-velku-ucast\/#primaryimage"},"image":{"@id":"https:\/\/broz.sk\/hu\/detske-tabory-na-velkom-lely-mali-aj-tento-rok-velku-ucast\/#primaryimage"},"thumbnailUrl":"https:\/\/broz.sk\/wp-content\/uploads\/2018\/09\/pozorovanie-zivocicho-pomocou-terennych-lup.jpg","datePublished":"2018-08-28T11:36:47+00:00","dateModified":"2019-12-12T09:50:07+00:00","breadcrumb":{"@id":"https:\/\/broz.sk\/hu\/detske-tabory-na-velkom-lely-mali-aj-tento-rok-velku-ucast\/#breadcrumb"},"inLanguage":"hu","potentialAction":[{"@type":"ReadAction","target":["https:\/\/broz.sk\/hu\/detske-tabory-na-velkom-lely-mali-aj-tento-rok-velku-ucast\/"]}]},{"@type":"ImageObject","inLanguage":"hu","@id":"https:\/\/broz.sk\/hu\/detske-tabory-na-velkom-lely-mali-aj-tento-rok-velku-ucast\/#primaryimage","url":"https:\/\/broz.sk\/wp-content\/uploads\/2018\/09\/pozorovanie-zivocicho-pomocou-terennych-lup.jpg","contentUrl":"https:\/\/broz.sk\/wp-content\/uploads\/2018\/09\/pozorovanie-zivocicho-pomocou-terennych-lup.jpg","width":800,"height":600},{"@type":"BreadcrumbList","@id":"https:\/\/broz.sk\/hu\/detske-tabory-na-velkom-lely-mali-aj-tento-rok-velku-ucast\/#breadcrumb","itemListElement":[{"@type":"ListItem","position":1,"name":"Domovsk\u00e1 str\u00e1nka","item":"https:\/\/broz.sk\/"},{"@type":"ListItem","position":2,"name":"Az id\u00e9n is sz\u00e9p sz\u00e1mban vettek r\u00e9szt a gyerekek a nagyl\u00e9li ny\u00e1ri t\u00e1borokban"}]},{"@type":"WebSite","@id":"https:\/\/broz.sk\/#website","url":"https:\/\/broz.sk\/","name":"BROZ","description":"ochran\u00e1rske zdru\u017eenie","publisher":{"@id":"https:\/\/broz.sk\/#organization"},"potentialAction":[{"@type":"SearchAction","target":{"@type":"EntryPoint","urlTemplate":"https:\/\/broz.sk\/?s={search_term_string}"},"query-input":{"@type":"PropertyValueSpecification","valueRequired":true,"valueName":"search_term_string"}}],"inLanguage":"hu"},{"@type":"Organization","@id":"https:\/\/broz.sk\/#organization","name":"BROZ - Bratislavsk\u00e9 region\u00e1lne ochran\u00e1rske zdru\u017eenie","url":"https:\/\/broz.sk\/","logo":{"@type":"ImageObject","inLanguage":"hu","@id":"https:\/\/broz.sk\/#\/schema\/logo\/image\/","url":"https:\/\/broz.sk\/wp-content\/uploads\/2018\/03\/broz-logo-hires-color.png","contentUrl":"https:\/\/broz.sk\/wp-content\/uploads\/2018\/03\/broz-logo-hires-color.png","width":2585,"height":1618,"caption":"BROZ - Bratislavsk\u00e9 region\u00e1lne ochran\u00e1rske zdru\u017eenie"},"image":{"@id":"https:\/\/broz.sk\/#\/schema\/logo\/image\/"},"sameAs":["https:\/\/www.facebook.com\/broz.ba\/"]},{"@type":"Person","@id":"https:\/\/broz.sk\/#\/schema\/person\/210ebb0b5afa2a18d1e13abfbbb27080","name":"broz","image":{"@type":"ImageObject","inLanguage":"hu","@id":"https:\/\/secure.gravatar.com\/avatar\/2e036a5d302f24b5c517a7e75051ca040aedd897cd58df9cbd4f523a61282112?s=96&d=mm&r=g","url":"https:\/\/secure.gravatar.com\/avatar\/2e036a5d302f24b5c517a7e75051ca040aedd897cd58df9cbd4f523a61282112?s=96&d=mm&r=g","contentUrl":"https:\/\/secure.gravatar.com\/avatar\/2e036a5d302f24b5c517a7e75051ca040aedd897cd58df9cbd4f523a61282112?s=96&d=mm&r=g","caption":"broz"},"url":"https:\/\/broz.sk\/hu\/author\/broz\/"}]}},"_links":{"self":[{"href":"https:\/\/broz.sk\/hu\/wp-json\/wp\/v2\/posts\/5042","targetHints":{"allow":["GET"]}}],"collection":[{"href":"https:\/\/broz.sk\/hu\/wp-json\/wp\/v2\/posts"}],"about":[{"href":"https:\/\/broz.sk\/hu\/wp-json\/wp\/v2\/types\/post"}],"author":[{"embeddable":true,"href":"https:\/\/broz.sk\/hu\/wp-json\/wp\/v2\/users\/2"}],"replies":[{"embeddable":true,"href":"https:\/\/broz.sk\/hu\/wp-json\/wp\/v2\/comments?post=5042"}],"version-history":[{"count":4,"href":"https:\/\/broz.sk\/hu\/wp-json\/wp\/v2\/posts\/5042\/revisions"}],"predecessor-version":[{"id":5895,"href":"https:\/\/broz.sk\/hu\/wp-json\/wp\/v2\/posts\/5042\/revisions\/5895"}],"wp:featuredmedia":[{"embeddable":true,"href":"https:\/\/broz.sk\/hu\/wp-json\/wp\/v2\/media\/9915"}],"wp:attachment":[{"href":"https:\/\/broz.sk\/hu\/wp-json\/wp\/v2\/media?parent=5042"}],"wp:term":[{"taxonomy":"category","embeddable":true,"href":"https:\/\/broz.sk\/hu\/wp-json\/wp\/v2\/categories?post=5042"},{"taxonomy":"post_tag","embeddable":true,"href":"https:\/\/broz.sk\/hu\/wp-json\/wp\/v2\/tags?post=5042"}],"curies":[{"name":"wp","href":"https:\/\/api.w.org\/{rel}","templated":true}]}}