{"id":4937,"date":"2017-12-22T13:31:11","date_gmt":"2017-12-22T12:31:11","guid":{"rendered":"https:\/\/broz.sk\/revitalizacia-nizinnych-luk-na-apali\/"},"modified":"2018-12-17T15:44:13","modified_gmt":"2018-12-17T14:44:13","slug":"revitalizacia-nizinnych-luk-na-apali","status":"publish","type":"post","link":"https:\/\/broz.sk\/hu\/revitalizacia-nizinnych-luk-na-apali\/","title":{"rendered":"Megkezd\u0151d\u00f6tt a s\u00edkvid\u00e9ki r\u00e9tek rehabilit\u00e1l\u00e1sa az Ap\u00e1li-szigeten"},"content":{"rendered":"N\u00e9h\u00e1ny h\u00e9ttel a kar\u00e1csonyi \u00fcnnepek el\u0151tt siker\u00fclt bebiztos\u00edtanunk egy k\u00f6zleked\u00e9si akad\u00e1ly fel\u00e1ll\u00edt\u00e1s\u00e1t a Kom\u00e1rom melletti Ap\u00e1li-sziget (SKUEV0092 Dolnov\u00e1\u017eske luhy) sz\u00e9l\u00e9n h\u00faz\u00f3d\u00f3 elhagyott f\u00f6ldes \u00faton. Az akad\u00e1ly c\u00e9lja, hogy g\u00e1tolja a g\u00e9pj\u00e1rm\u0171vek mozg\u00e1s\u00e1t a term\u00e9szetv\u00e9delmi ter\u00fcleten. Ennek k\u00f6sz\u00f6nhet\u0151en az \u00fat szabadd\u00e1 v\u00e1lt a ter\u00fclet fenntart\u00e1s\u00e1hoz sz\u00fcks\u00e9ges munkag\u00e9pek sz\u00e1m\u00e1ra, melyek seg\u00edts\u00e9g\u00e9vel fogjuk v\u00e9gezni az itt tal\u00e1lhat\u00f3 ritka r\u00e9ti \u00e9l\u0151helyek rendszeres kezel\u00e9s\u00e9t. Mindezt a C5 (<em>S\u00edkvid\u00e9ki r\u00e9tek \u00e9s f\u00e1tlan \u00e9l\u0151helyek helyre\u00e1ll\u00edt\u00e1sa<\/em>) projektelem keret\u00e9n bel\u00fcl fogjuk v\u00e9ghezvinni. Kar\u00e1csony el\u0151tt a r\u00e9tek n\u00f6v\u00e9nyzet\u00e9nek egy r\u00e9sze mar\u00f3g\u00e9ppel \u00e9s mulcsoz\u00e1ssal lett kezelve. A k\u00f6vetkez\u0151 \u00e9vekben pedig rendszeresen \u00e9vente egyszer (\u0151sszel) kasz\u00e1lva lesznek, hogy megel\u0151zz\u00fck az \u00e9l\u0151helyek ellep\u00e9s\u00e9t a terjeszked\u0151 \u00f6z\u00f6nn\u00f6v\u00e9nyzet \u00e1ltal. Ez kedvez\u0151 hat\u00e1ssal lesz a r\u00e9tek eredeti faj\u00f6sszet\u00e9tel\u00e9nek fenntart\u00e1s\u00e1ra is.\r\n\r\n<img fetchpriority=\"high\" decoding=\"async\" class=\"alignleft size-full wp-image-3984\" src=\"https:\/\/broz.sk\/wp-content\/uploads\/2017\/12\/img.jpg\" alt=\"\" width=\"640\" height=\"480\" srcset=\"https:\/\/broz.sk\/wp-content\/uploads\/2017\/12\/img.jpg 640w, https:\/\/broz.sk\/wp-content\/uploads\/2017\/12\/img-300x225.jpg 300w, https:\/\/broz.sk\/wp-content\/uploads\/2017\/12\/img-24x18.jpg 24w, https:\/\/broz.sk\/wp-content\/uploads\/2017\/12\/img-36x27.jpg 36w, https:\/\/broz.sk\/wp-content\/uploads\/2017\/12\/img-48x36.jpg 48w\" sizes=\"(max-width: 640px) 100vw, 640px\" \/> <img decoding=\"async\" class=\"alignleft size-full wp-image-3983\" src=\"https:\/\/broz.sk\/wp-content\/uploads\/2017\/12\/img-5.jpg\" alt=\"\" width=\"640\" height=\"480\" srcset=\"https:\/\/broz.sk\/wp-content\/uploads\/2017\/12\/img-5.jpg 640w, https:\/\/broz.sk\/wp-content\/uploads\/2017\/12\/img-5-300x225.jpg 300w, https:\/\/broz.sk\/wp-content\/uploads\/2017\/12\/img-5-24x18.jpg 24w, https:\/\/broz.sk\/wp-content\/uploads\/2017\/12\/img-5-36x27.jpg 36w, https:\/\/broz.sk\/wp-content\/uploads\/2017\/12\/img-5-48x36.jpg 48w\" sizes=\"(max-width: 640px) 100vw, 640px\" \/> <img decoding=\"async\" class=\"alignleft size-full wp-image-3982\" src=\"https:\/\/broz.sk\/wp-content\/uploads\/2017\/12\/img-4.jpg\" alt=\"\" width=\"640\" height=\"480\" srcset=\"https:\/\/broz.sk\/wp-content\/uploads\/2017\/12\/img-4.jpg 640w, https:\/\/broz.sk\/wp-content\/uploads\/2017\/12\/img-4-300x225.jpg 300w, https:\/\/broz.sk\/wp-content\/uploads\/2017\/12\/img-4-24x18.jpg 24w, https:\/\/broz.sk\/wp-content\/uploads\/2017\/12\/img-4-36x27.jpg 36w, https:\/\/broz.sk\/wp-content\/uploads\/2017\/12\/img-4-48x36.jpg 48w\" sizes=\"(max-width: 640px) 100vw, 640px\" \/> <img loading=\"lazy\" decoding=\"async\" class=\"alignleft size-full wp-image-3981\" src=\"https:\/\/broz.sk\/wp-content\/uploads\/2017\/12\/img-3.jpg\" alt=\"\" width=\"640\" height=\"480\" srcset=\"https:\/\/broz.sk\/wp-content\/uploads\/2017\/12\/img-3.jpg 640w, https:\/\/broz.sk\/wp-content\/uploads\/2017\/12\/img-3-300x225.jpg 300w, https:\/\/broz.sk\/wp-content\/uploads\/2017\/12\/img-3-24x18.jpg 24w, https:\/\/broz.sk\/wp-content\/uploads\/2017\/12\/img-3-36x27.jpg 36w, https:\/\/broz.sk\/wp-content\/uploads\/2017\/12\/img-3-48x36.jpg 48w\" sizes=\"(max-width: 640px) 100vw, 640px\" \/> <img loading=\"lazy\" decoding=\"async\" class=\"alignleft size-full wp-image-3980\" src=\"https:\/\/broz.sk\/wp-content\/uploads\/2017\/12\/img-2.jpg\" alt=\"\" width=\"640\" height=\"426\" srcset=\"https:\/\/broz.sk\/wp-content\/uploads\/2017\/12\/img-2.jpg 640w, https:\/\/broz.sk\/wp-content\/uploads\/2017\/12\/img-2-300x200.jpg 300w, https:\/\/broz.sk\/wp-content\/uploads\/2017\/12\/img-2-24x16.jpg 24w, https:\/\/broz.sk\/wp-content\/uploads\/2017\/12\/img-2-36x24.jpg 36w, https:\/\/broz.sk\/wp-content\/uploads\/2017\/12\/img-2-48x32.jpg 48w\" sizes=\"(max-width: 640px) 100vw, 640px\" \/> <img loading=\"lazy\" decoding=\"async\" class=\"alignleft size-full wp-image-3979\" src=\"https:\/\/broz.sk\/wp-content\/uploads\/2017\/12\/img-1.jpg\" alt=\"\" width=\"640\" height=\"360\" srcset=\"https:\/\/broz.sk\/wp-content\/uploads\/2017\/12\/img-1.jpg 640w, https:\/\/broz.sk\/wp-content\/uploads\/2017\/12\/img-1-300x169.jpg 300w, https:\/\/broz.sk\/wp-content\/uploads\/2017\/12\/img-1-24x14.jpg 24w, https:\/\/broz.sk\/wp-content\/uploads\/2017\/12\/img-1-36x20.jpg 36w, https:\/\/broz.sk\/wp-content\/uploads\/2017\/12\/img-1-48x27.jpg 48w\" sizes=\"(max-width: 640px) 100vw, 640px\" \/>\r\n\r\n&nbsp;","protected":false},"excerpt":{"rendered":"<p>N\u00e9h\u00e1ny h\u00e9ttel a kar\u00e1csonyi \u00fcnnepek el\u0151tt siker\u00fclt bebiztos\u00edtanunk egy k\u00f6zleked\u00e9si akad\u00e1ly fel\u00e1ll\u00edt\u00e1s\u00e1t a Kom\u00e1rom melletti Ap\u00e1li-sziget (SKUEV0092 Dolnov\u00e1\u017eske luhy) sz\u00e9l\u00e9n h\u00faz\u00f3d\u00f3 elhagyott f\u00f6ldes \u00faton. Az akad\u00e1ly c\u00e9lja, hogy g\u00e1tolja a g\u00e9pj\u00e1rm\u0171vek mozg\u00e1s\u00e1t a term\u00e9szetv\u00e9delmi ter\u00fcleten. Ennek k\u00f6sz\u00f6nhet\u0151en az \u00fat szabadd\u00e1 v\u00e1lt a ter\u00fclet fenntart\u00e1s\u00e1hoz sz\u00fcks\u00e9ges munkag\u00e9pek sz\u00e1m\u00e1ra, melyek seg\u00edts\u00e9g\u00e9vel fogjuk v\u00e9gezni az itt tal\u00e1lhat\u00f3 ritka&hellip;<\/p>\n","protected":false},"author":2,"featured_media":3983,"comment_status":"closed","ping_status":"closed","sticky":false,"template":"","format":"standard","meta":{"_acf_changed":false,"pmpro_default_level":"","footnotes":""},"categories":[41],"tags":[],"class_list":["post-4937","post","type-post","status-publish","format-standard","has-post-thumbnail","hentry","category-protection-of-habitats-hu","pmpro-has-access","category-41","description-off"],"acf":[],"yoast_head":"<!-- This site is optimized with the Yoast SEO Premium plugin v21.4 (Yoast SEO v27.5) - https:\/\/yoast.com\/product\/yoast-seo-premium-wordpress\/ -->\n<title>Megkezd\u0151d\u00f6tt a s\u00edkvid\u00e9ki r\u00e9tek rehabilit\u00e1l\u00e1sa az Ap\u00e1li-szigeten - BROZ<\/title>\n<meta name=\"robots\" content=\"index, follow, max-snippet:-1, max-image-preview:large, max-video-preview:-1\" \/>\n<link rel=\"canonical\" href=\"https:\/\/broz.sk\/hu\/revitalizacia-nizinnych-luk-na-apali\/\" \/>\n<meta property=\"og:locale\" content=\"hu_HU\" \/>\n<meta property=\"og:type\" content=\"article\" \/>\n<meta property=\"og:title\" content=\"Megkezd\u0151d\u00f6tt a s\u00edkvid\u00e9ki r\u00e9tek rehabilit\u00e1l\u00e1sa az Ap\u00e1li-szigeten\" \/>\n<meta property=\"og:description\" content=\"N\u00e9h\u00e1ny h\u00e9ttel a kar\u00e1csonyi \u00fcnnepek el\u0151tt siker\u00fclt bebiztos\u00edtanunk egy k\u00f6zleked\u00e9si akad\u00e1ly fel\u00e1ll\u00edt\u00e1s\u00e1t a Kom\u00e1rom melletti Ap\u00e1li-sziget (SKUEV0092 Dolnov\u00e1\u017eske luhy) sz\u00e9l\u00e9n h\u00faz\u00f3d\u00f3 elhagyott f\u00f6ldes \u00faton. Az akad\u00e1ly c\u00e9lja, hogy g\u00e1tolja a g\u00e9pj\u00e1rm\u0171vek mozg\u00e1s\u00e1t a term\u00e9szetv\u00e9delmi ter\u00fcleten. Ennek k\u00f6sz\u00f6nhet\u0151en az \u00fat szabadd\u00e1 v\u00e1lt a ter\u00fclet fenntart\u00e1s\u00e1hoz sz\u00fcks\u00e9ges munkag\u00e9pek sz\u00e1m\u00e1ra, melyek seg\u00edts\u00e9g\u00e9vel fogjuk v\u00e9gezni az itt tal\u00e1lhat\u00f3 ritka&hellip;\" \/>\n<meta property=\"og:url\" content=\"https:\/\/broz.sk\/hu\/revitalizacia-nizinnych-luk-na-apali\/\" \/>\n<meta property=\"og:site_name\" content=\"BROZ\" \/>\n<meta property=\"article:publisher\" content=\"https:\/\/www.facebook.com\/broz.ba\/\" \/>\n<meta property=\"article:published_time\" content=\"2017-12-22T12:31:11+00:00\" \/>\n<meta property=\"article:modified_time\" content=\"2018-12-17T14:44:13+00:00\" \/>\n<meta property=\"og:image\" content=\"https:\/\/broz.sk\/wp-content\/uploads\/2017\/12\/img-5.jpg\" \/>\n\t<meta property=\"og:image:width\" content=\"640\" \/>\n\t<meta property=\"og:image:height\" content=\"480\" \/>\n\t<meta property=\"og:image:type\" content=\"image\/jpeg\" \/>\n<meta name=\"author\" content=\"broz\" \/>\n<meta name=\"twitter:card\" content=\"summary_large_image\" \/>\n<meta name=\"twitter:label1\" content=\"Szerz\u0151:\" \/>\n\t<meta name=\"twitter:data1\" content=\"broz\" \/>\n\t<meta name=\"twitter:label2\" content=\"Becs\u00fclt olvas\u00e1si id\u0151\" \/>\n\t<meta name=\"twitter:data2\" content=\"1 perc\" \/>\n<script type=\"application\/ld+json\" class=\"yoast-schema-graph\">{\"@context\":\"https:\\\/\\\/schema.org\",\"@graph\":[{\"@type\":\"Article\",\"@id\":\"https:\\\/\\\/broz.sk\\\/hu\\\/revitalizacia-nizinnych-luk-na-apali\\\/#article\",\"isPartOf\":{\"@id\":\"https:\\\/\\\/broz.sk\\\/hu\\\/revitalizacia-nizinnych-luk-na-apali\\\/\"},\"author\":{\"name\":\"broz\",\"@id\":\"https:\\\/\\\/broz.sk\\\/#\\\/schema\\\/person\\\/210ebb0b5afa2a18d1e13abfbbb27080\"},\"headline\":\"Megkezd\u0151d\u00f6tt a s\u00edkvid\u00e9ki r\u00e9tek rehabilit\u00e1l\u00e1sa az Ap\u00e1li-szigeten\",\"datePublished\":\"2017-12-22T12:31:11+00:00\",\"dateModified\":\"2018-12-17T14:44:13+00:00\",\"mainEntityOfPage\":{\"@id\":\"https:\\\/\\\/broz.sk\\\/hu\\\/revitalizacia-nizinnych-luk-na-apali\\\/\"},\"wordCount\":222,\"publisher\":{\"@id\":\"https:\\\/\\\/broz.sk\\\/#organization\"},\"image\":{\"@id\":\"https:\\\/\\\/broz.sk\\\/hu\\\/revitalizacia-nizinnych-luk-na-apali\\\/#primaryimage\"},\"thumbnailUrl\":\"https:\\\/\\\/broz.sk\\\/wp-content\\\/uploads\\\/2017\\\/12\\\/img-5.jpg\",\"articleSection\":[\"Protection of habitats\"],\"inLanguage\":\"hu\"},{\"@type\":\"WebPage\",\"@id\":\"https:\\\/\\\/broz.sk\\\/hu\\\/revitalizacia-nizinnych-luk-na-apali\\\/\",\"url\":\"https:\\\/\\\/broz.sk\\\/hu\\\/revitalizacia-nizinnych-luk-na-apali\\\/\",\"name\":\"Megkezd\u0151d\u00f6tt a s\u00edkvid\u00e9ki r\u00e9tek rehabilit\u00e1l\u00e1sa az Ap\u00e1li-szigeten - BROZ\",\"isPartOf\":{\"@id\":\"https:\\\/\\\/broz.sk\\\/#website\"},\"primaryImageOfPage\":{\"@id\":\"https:\\\/\\\/broz.sk\\\/hu\\\/revitalizacia-nizinnych-luk-na-apali\\\/#primaryimage\"},\"image\":{\"@id\":\"https:\\\/\\\/broz.sk\\\/hu\\\/revitalizacia-nizinnych-luk-na-apali\\\/#primaryimage\"},\"thumbnailUrl\":\"https:\\\/\\\/broz.sk\\\/wp-content\\\/uploads\\\/2017\\\/12\\\/img-5.jpg\",\"datePublished\":\"2017-12-22T12:31:11+00:00\",\"dateModified\":\"2018-12-17T14:44:13+00:00\",\"breadcrumb\":{\"@id\":\"https:\\\/\\\/broz.sk\\\/hu\\\/revitalizacia-nizinnych-luk-na-apali\\\/#breadcrumb\"},\"inLanguage\":\"hu\",\"potentialAction\":[{\"@type\":\"ReadAction\",\"target\":[\"https:\\\/\\\/broz.sk\\\/hu\\\/revitalizacia-nizinnych-luk-na-apali\\\/\"]}]},{\"@type\":\"ImageObject\",\"inLanguage\":\"hu\",\"@id\":\"https:\\\/\\\/broz.sk\\\/hu\\\/revitalizacia-nizinnych-luk-na-apali\\\/#primaryimage\",\"url\":\"https:\\\/\\\/broz.sk\\\/wp-content\\\/uploads\\\/2017\\\/12\\\/img-5.jpg\",\"contentUrl\":\"https:\\\/\\\/broz.sk\\\/wp-content\\\/uploads\\\/2017\\\/12\\\/img-5.jpg\",\"width\":640,\"height\":480},{\"@type\":\"BreadcrumbList\",\"@id\":\"https:\\\/\\\/broz.sk\\\/hu\\\/revitalizacia-nizinnych-luk-na-apali\\\/#breadcrumb\",\"itemListElement\":[{\"@type\":\"ListItem\",\"position\":1,\"name\":\"Domovsk\u00e1 str\u00e1nka\",\"item\":\"https:\\\/\\\/broz.sk\\\/\"},{\"@type\":\"ListItem\",\"position\":2,\"name\":\"Megkezd\u0151d\u00f6tt a s\u00edkvid\u00e9ki r\u00e9tek rehabilit\u00e1l\u00e1sa az Ap\u00e1li-szigeten\"}]},{\"@type\":\"WebSite\",\"@id\":\"https:\\\/\\\/broz.sk\\\/#website\",\"url\":\"https:\\\/\\\/broz.sk\\\/\",\"name\":\"BROZ\",\"description\":\"ochran\u00e1rske zdru\u017eenie\",\"publisher\":{\"@id\":\"https:\\\/\\\/broz.sk\\\/#organization\"},\"potentialAction\":[{\"@type\":\"SearchAction\",\"target\":{\"@type\":\"EntryPoint\",\"urlTemplate\":\"https:\\\/\\\/broz.sk\\\/?s={search_term_string}\"},\"query-input\":{\"@type\":\"PropertyValueSpecification\",\"valueRequired\":true,\"valueName\":\"search_term_string\"}}],\"inLanguage\":\"hu\"},{\"@type\":\"Organization\",\"@id\":\"https:\\\/\\\/broz.sk\\\/#organization\",\"name\":\"BROZ - Bratislavsk\u00e9 region\u00e1lne ochran\u00e1rske zdru\u017eenie\",\"url\":\"https:\\\/\\\/broz.sk\\\/\",\"logo\":{\"@type\":\"ImageObject\",\"inLanguage\":\"hu\",\"@id\":\"https:\\\/\\\/broz.sk\\\/#\\\/schema\\\/logo\\\/image\\\/\",\"url\":\"https:\\\/\\\/broz.sk\\\/wp-content\\\/uploads\\\/2018\\\/03\\\/broz-logo-hires-color.png\",\"contentUrl\":\"https:\\\/\\\/broz.sk\\\/wp-content\\\/uploads\\\/2018\\\/03\\\/broz-logo-hires-color.png\",\"width\":2585,\"height\":1618,\"caption\":\"BROZ - Bratislavsk\u00e9 region\u00e1lne ochran\u00e1rske zdru\u017eenie\"},\"image\":{\"@id\":\"https:\\\/\\\/broz.sk\\\/#\\\/schema\\\/logo\\\/image\\\/\"},\"sameAs\":[\"https:\\\/\\\/www.facebook.com\\\/broz.ba\\\/\"]},{\"@type\":\"Person\",\"@id\":\"https:\\\/\\\/broz.sk\\\/#\\\/schema\\\/person\\\/210ebb0b5afa2a18d1e13abfbbb27080\",\"name\":\"broz\",\"image\":{\"@type\":\"ImageObject\",\"inLanguage\":\"hu\",\"@id\":\"https:\\\/\\\/secure.gravatar.com\\\/avatar\\\/2e036a5d302f24b5c517a7e75051ca040aedd897cd58df9cbd4f523a61282112?s=96&d=mm&r=g\",\"url\":\"https:\\\/\\\/secure.gravatar.com\\\/avatar\\\/2e036a5d302f24b5c517a7e75051ca040aedd897cd58df9cbd4f523a61282112?s=96&d=mm&r=g\",\"contentUrl\":\"https:\\\/\\\/secure.gravatar.com\\\/avatar\\\/2e036a5d302f24b5c517a7e75051ca040aedd897cd58df9cbd4f523a61282112?s=96&d=mm&r=g\",\"caption\":\"broz\"},\"url\":\"https:\\\/\\\/broz.sk\\\/hu\\\/author\\\/broz\\\/\"}]}<\/script>\n<!-- \/ Yoast SEO Premium plugin. -->","yoast_head_json":{"title":"Megkezd\u0151d\u00f6tt a s\u00edkvid\u00e9ki r\u00e9tek rehabilit\u00e1l\u00e1sa az Ap\u00e1li-szigeten - BROZ","robots":{"index":"index","follow":"follow","max-snippet":"max-snippet:-1","max-image-preview":"max-image-preview:large","max-video-preview":"max-video-preview:-1"},"canonical":"https:\/\/broz.sk\/hu\/revitalizacia-nizinnych-luk-na-apali\/","og_locale":"hu_HU","og_type":"article","og_title":"Megkezd\u0151d\u00f6tt a s\u00edkvid\u00e9ki r\u00e9tek rehabilit\u00e1l\u00e1sa az Ap\u00e1li-szigeten","og_description":"N\u00e9h\u00e1ny h\u00e9ttel a kar\u00e1csonyi \u00fcnnepek el\u0151tt siker\u00fclt bebiztos\u00edtanunk egy k\u00f6zleked\u00e9si akad\u00e1ly fel\u00e1ll\u00edt\u00e1s\u00e1t a Kom\u00e1rom melletti Ap\u00e1li-sziget (SKUEV0092 Dolnov\u00e1\u017eske luhy) sz\u00e9l\u00e9n h\u00faz\u00f3d\u00f3 elhagyott f\u00f6ldes \u00faton. Az akad\u00e1ly c\u00e9lja, hogy g\u00e1tolja a g\u00e9pj\u00e1rm\u0171vek mozg\u00e1s\u00e1t a term\u00e9szetv\u00e9delmi ter\u00fcleten. Ennek k\u00f6sz\u00f6nhet\u0151en az \u00fat szabadd\u00e1 v\u00e1lt a ter\u00fclet fenntart\u00e1s\u00e1hoz sz\u00fcks\u00e9ges munkag\u00e9pek sz\u00e1m\u00e1ra, melyek seg\u00edts\u00e9g\u00e9vel fogjuk v\u00e9gezni az itt tal\u00e1lhat\u00f3 ritka&hellip;","og_url":"https:\/\/broz.sk\/hu\/revitalizacia-nizinnych-luk-na-apali\/","og_site_name":"BROZ","article_publisher":"https:\/\/www.facebook.com\/broz.ba\/","article_published_time":"2017-12-22T12:31:11+00:00","article_modified_time":"2018-12-17T14:44:13+00:00","og_image":[{"width":640,"height":480,"url":"https:\/\/broz.sk\/wp-content\/uploads\/2017\/12\/img-5.jpg","type":"image\/jpeg"}],"author":"broz","twitter_card":"summary_large_image","twitter_misc":{"Szerz\u0151:":"broz","Becs\u00fclt olvas\u00e1si id\u0151":"1 perc"},"schema":{"@context":"https:\/\/schema.org","@graph":[{"@type":"Article","@id":"https:\/\/broz.sk\/hu\/revitalizacia-nizinnych-luk-na-apali\/#article","isPartOf":{"@id":"https:\/\/broz.sk\/hu\/revitalizacia-nizinnych-luk-na-apali\/"},"author":{"name":"broz","@id":"https:\/\/broz.sk\/#\/schema\/person\/210ebb0b5afa2a18d1e13abfbbb27080"},"headline":"Megkezd\u0151d\u00f6tt a s\u00edkvid\u00e9ki r\u00e9tek rehabilit\u00e1l\u00e1sa az Ap\u00e1li-szigeten","datePublished":"2017-12-22T12:31:11+00:00","dateModified":"2018-12-17T14:44:13+00:00","mainEntityOfPage":{"@id":"https:\/\/broz.sk\/hu\/revitalizacia-nizinnych-luk-na-apali\/"},"wordCount":222,"publisher":{"@id":"https:\/\/broz.sk\/#organization"},"image":{"@id":"https:\/\/broz.sk\/hu\/revitalizacia-nizinnych-luk-na-apali\/#primaryimage"},"thumbnailUrl":"https:\/\/broz.sk\/wp-content\/uploads\/2017\/12\/img-5.jpg","articleSection":["Protection of habitats"],"inLanguage":"hu"},{"@type":"WebPage","@id":"https:\/\/broz.sk\/hu\/revitalizacia-nizinnych-luk-na-apali\/","url":"https:\/\/broz.sk\/hu\/revitalizacia-nizinnych-luk-na-apali\/","name":"Megkezd\u0151d\u00f6tt a s\u00edkvid\u00e9ki r\u00e9tek rehabilit\u00e1l\u00e1sa az Ap\u00e1li-szigeten - BROZ","isPartOf":{"@id":"https:\/\/broz.sk\/#website"},"primaryImageOfPage":{"@id":"https:\/\/broz.sk\/hu\/revitalizacia-nizinnych-luk-na-apali\/#primaryimage"},"image":{"@id":"https:\/\/broz.sk\/hu\/revitalizacia-nizinnych-luk-na-apali\/#primaryimage"},"thumbnailUrl":"https:\/\/broz.sk\/wp-content\/uploads\/2017\/12\/img-5.jpg","datePublished":"2017-12-22T12:31:11+00:00","dateModified":"2018-12-17T14:44:13+00:00","breadcrumb":{"@id":"https:\/\/broz.sk\/hu\/revitalizacia-nizinnych-luk-na-apali\/#breadcrumb"},"inLanguage":"hu","potentialAction":[{"@type":"ReadAction","target":["https:\/\/broz.sk\/hu\/revitalizacia-nizinnych-luk-na-apali\/"]}]},{"@type":"ImageObject","inLanguage":"hu","@id":"https:\/\/broz.sk\/hu\/revitalizacia-nizinnych-luk-na-apali\/#primaryimage","url":"https:\/\/broz.sk\/wp-content\/uploads\/2017\/12\/img-5.jpg","contentUrl":"https:\/\/broz.sk\/wp-content\/uploads\/2017\/12\/img-5.jpg","width":640,"height":480},{"@type":"BreadcrumbList","@id":"https:\/\/broz.sk\/hu\/revitalizacia-nizinnych-luk-na-apali\/#breadcrumb","itemListElement":[{"@type":"ListItem","position":1,"name":"Domovsk\u00e1 str\u00e1nka","item":"https:\/\/broz.sk\/"},{"@type":"ListItem","position":2,"name":"Megkezd\u0151d\u00f6tt a s\u00edkvid\u00e9ki r\u00e9tek rehabilit\u00e1l\u00e1sa az Ap\u00e1li-szigeten"}]},{"@type":"WebSite","@id":"https:\/\/broz.sk\/#website","url":"https:\/\/broz.sk\/","name":"BROZ","description":"ochran\u00e1rske zdru\u017eenie","publisher":{"@id":"https:\/\/broz.sk\/#organization"},"potentialAction":[{"@type":"SearchAction","target":{"@type":"EntryPoint","urlTemplate":"https:\/\/broz.sk\/?s={search_term_string}"},"query-input":{"@type":"PropertyValueSpecification","valueRequired":true,"valueName":"search_term_string"}}],"inLanguage":"hu"},{"@type":"Organization","@id":"https:\/\/broz.sk\/#organization","name":"BROZ - Bratislavsk\u00e9 region\u00e1lne ochran\u00e1rske zdru\u017eenie","url":"https:\/\/broz.sk\/","logo":{"@type":"ImageObject","inLanguage":"hu","@id":"https:\/\/broz.sk\/#\/schema\/logo\/image\/","url":"https:\/\/broz.sk\/wp-content\/uploads\/2018\/03\/broz-logo-hires-color.png","contentUrl":"https:\/\/broz.sk\/wp-content\/uploads\/2018\/03\/broz-logo-hires-color.png","width":2585,"height":1618,"caption":"BROZ - Bratislavsk\u00e9 region\u00e1lne ochran\u00e1rske zdru\u017eenie"},"image":{"@id":"https:\/\/broz.sk\/#\/schema\/logo\/image\/"},"sameAs":["https:\/\/www.facebook.com\/broz.ba\/"]},{"@type":"Person","@id":"https:\/\/broz.sk\/#\/schema\/person\/210ebb0b5afa2a18d1e13abfbbb27080","name":"broz","image":{"@type":"ImageObject","inLanguage":"hu","@id":"https:\/\/secure.gravatar.com\/avatar\/2e036a5d302f24b5c517a7e75051ca040aedd897cd58df9cbd4f523a61282112?s=96&d=mm&r=g","url":"https:\/\/secure.gravatar.com\/avatar\/2e036a5d302f24b5c517a7e75051ca040aedd897cd58df9cbd4f523a61282112?s=96&d=mm&r=g","contentUrl":"https:\/\/secure.gravatar.com\/avatar\/2e036a5d302f24b5c517a7e75051ca040aedd897cd58df9cbd4f523a61282112?s=96&d=mm&r=g","caption":"broz"},"url":"https:\/\/broz.sk\/hu\/author\/broz\/"}]}},"_links":{"self":[{"href":"https:\/\/broz.sk\/hu\/wp-json\/wp\/v2\/posts\/4937","targetHints":{"allow":["GET"]}}],"collection":[{"href":"https:\/\/broz.sk\/hu\/wp-json\/wp\/v2\/posts"}],"about":[{"href":"https:\/\/broz.sk\/hu\/wp-json\/wp\/v2\/types\/post"}],"author":[{"embeddable":true,"href":"https:\/\/broz.sk\/hu\/wp-json\/wp\/v2\/users\/2"}],"replies":[{"embeddable":true,"href":"https:\/\/broz.sk\/hu\/wp-json\/wp\/v2\/comments?post=4937"}],"version-history":[{"count":2,"href":"https:\/\/broz.sk\/hu\/wp-json\/wp\/v2\/posts\/4937\/revisions"}],"predecessor-version":[{"id":5899,"href":"https:\/\/broz.sk\/hu\/wp-json\/wp\/v2\/posts\/4937\/revisions\/5899"}],"wp:featuredmedia":[{"embeddable":true,"href":"https:\/\/broz.sk\/hu\/wp-json\/wp\/v2\/media\/3983"}],"wp:attachment":[{"href":"https:\/\/broz.sk\/hu\/wp-json\/wp\/v2\/media?parent=4937"}],"wp:term":[{"taxonomy":"category","embeddable":true,"href":"https:\/\/broz.sk\/hu\/wp-json\/wp\/v2\/categories?post=4937"},{"taxonomy":"post_tag","embeddable":true,"href":"https:\/\/broz.sk\/hu\/wp-json\/wp\/v2\/tags?post=4937"}],"curies":[{"name":"wp","href":"https:\/\/api.w.org\/{rel}","templated":true}]}}