{"id":4850,"date":"2017-05-17T12:46:54","date_gmt":"2017-05-17T10:46:54","guid":{"rendered":"https:\/\/broz.sk\/den-otvorenych-dveri-projektu\/"},"modified":"2020-03-31T19:38:00","modified_gmt":"2020-03-31T17:38:00","slug":"den-otvorenych-dveri-projektu","status":"publish","type":"post","link":"https:\/\/broz.sk\/hu\/den-otvorenych-dveri-projektu\/","title":{"rendered":"LIFE-projekt\u00fcnk ny\u00edlt napja \u2013 17.5. 2017 \u2013 V\u00edzm\u0171 M\u00fazeum, Pozsony"},"content":{"rendered":"2017. m\u00e1jus 17-\u00e9n a pozsonyi V\u00edzm\u0171 M\u00fazeum (Vod\u00e1rensk\u00e9 m\u00fazeum, Bratislava) ter\u00fclet\u00e9n meg lett rendezve a \u201eDuna menti \u00e1rt\u00e9ri \u00e9l\u0151helyek rehabilit\u00e1ci\u00f3s \u00e9s kezel\u00e9si programja\u201d (LIFE14\u00a0 NAT\/SK\/001306) elnevez\u00e9s\u0171 projekt ny\u00edlt napja. A ny\u00edlt nap a LIFE-program megalak\u00edt\u00e1s\u00e1nak 25. \u00e9vfordul\u00f3ja \u00e9s a Pozsonyi Region\u00e1lis Term\u00e9szetv\u00e9delmi Egyes\u00fclet (BROZ) megalap\u00edt\u00e1s\u00e1nak 20. \u00e9vfordul\u00f3ja alkalm\u00e1b\u00f3l ker\u00fclt megszervez\u00e9sre. A nagyk\u00f6z\u00f6ns\u00e9gen k\u00edv\u00fcl r\u00e9szt vett a rendezv\u00e9nyen t\u00f6bb szakter\u00fclet k\u00e9pvisel\u0151je is: \u00e1llami szervezetek (Szlov\u00e1k K\u00f6zt\u00e1rsas\u00e1g K\u00f6rnyezetv\u00e9delmi Miniszt\u00e9riuma, \u00c1llami Term\u00e9szetv\u00e9delmi Hivatal, V\u00edzgazd\u00e1lkod\u00e1si Kutat\u00f3 Int\u00e9zet, Nemzeti Erd\u00e9szeti K\u00f6zpont, Vojensk\u00e9 lesy Z\u00e1horia (katonai erd\u0151k\u00f6rzet), SHM\u00da stb.); az Eur\u00f3pai Bizotts\u00e1g szlov\u00e1kiai k\u00e9pviselete; nyilv\u00e1nos \u00e9s k\u00f6zigazgat\u00e1si int\u00e9zm\u00e9nyek (Pozsonyi V\u00edzm\u0171vek, a d\u00e9v\u00e9nyi \u00e9s a k\u00e1rolyfalvi \u00f6nkorm\u00e1nyzati test\u00fclet, Pozsony megye stb.); mag\u00e1n alap\u00edtv\u00e1nyok (pl. Dunajsk\u00fd fond); f\u00fcggetlen szervezetek (SOVS Bird Life Slovensko, \u017divica, Daphne, OZ Na\u0161e Karpaty stb.); sajt\u00f3k\u00e9pvisel\u0151k; mag\u00e1nv\u00e1llalatok; k\u00fclf\u00f6ldi partnerszervezetek (Donau Auen Nemzeti Park Ausztri\u00e1b\u00f3l, Duna \u2013 Ipoly Nemzeti park Magyarorsz\u00e1gr\u00f3l).\r\n\r\nA program f\u0151 r\u00e9sz\u00e9t a Duna menti r\u00e9gi\u00f3ban (projektter\u00fclet) megval\u00f3s\u00edtott tev\u00e9kenys\u00e9gek bemutat\u00e1sa k\u00e9pezte az itt el\u00e9rt k\u00f6z\u00f6s eredm\u00e9nyek hangs\u00falyoz\u00e1s\u00e1val, valamint a sikertelens\u00e9gekb\u0151l levont tanuls\u00e1gokkal kieg\u00e9sz\u00edtve. A nyilv\u00e1nos eszmecsere sor\u00e1n fel lettek v\u00e1zolva a term\u00e9szetv\u00e9delem j\u00f6v\u0151beli kih\u00edv\u00e1sai, de legf\u0151k\u00e9ppen a folyamatban l\u00e9v\u0151 LIFE projekt tov\u00e1bbi c\u00e9ljai. A legjelent\u0151sebb kih\u00edv\u00e1snak, illetve jobban mondva felt\u00e9tlen feladatnak az egyes szakter\u00fcletek konstrukt\u00edv k\u00f6zrem\u0171k\u00f6d\u00e9se lett meghat\u00e1rozva a term\u00e9szeti \u00e9rt\u00e9kek fenntart\u00e1sa \u00e9rdek\u00e9ben. Ez nem csup\u00e1n a term\u00e9szetv\u00e9delemmel k\u00f6zvetlen\u00fcl foglalkoz\u00f3 int\u00e9zm\u00e9nyeket \u00e9rinti, hanem azokat is, amelyeknek nincs hasonl\u00f3, t\u00f6rv\u00e9nyes k\u00f6teless\u00e9g\u00fck. A r\u00e9sztvev\u0151k pozit\u00edvan \u00e9rt\u00e9kelt\u00e9k a rendezv\u00e9nyt.\r\n\r\n<img fetchpriority=\"high\" decoding=\"async\" class=\"alignleft wp-image-3909\" src=\"https:\/\/broz.sk\/wp-content\/uploads\/2018\/03\/img-15.jpg\" alt=\"\" width=\"347\" height=\"260\" srcset=\"https:\/\/broz.sk\/wp-content\/uploads\/2018\/03\/img-15.jpg 640w, https:\/\/broz.sk\/wp-content\/uploads\/2018\/03\/img-15-300x225.jpg 300w, https:\/\/broz.sk\/wp-content\/uploads\/2018\/03\/img-15-24x18.jpg 24w, https:\/\/broz.sk\/wp-content\/uploads\/2018\/03\/img-15-36x27.jpg 36w, https:\/\/broz.sk\/wp-content\/uploads\/2018\/03\/img-15-48x36.jpg 48w\" sizes=\"(max-width: 347px) 100vw, 347px\" \/>\r\n<img decoding=\"async\" class=\"alignleft wp-image-3910\" src=\"https:\/\/broz.sk\/wp-content\/uploads\/2018\/03\/img-16.jpg\" alt=\"\" width=\"382\" height=\"254\" srcset=\"https:\/\/broz.sk\/wp-content\/uploads\/2018\/03\/img-16.jpg 640w, https:\/\/broz.sk\/wp-content\/uploads\/2018\/03\/img-16-300x200.jpg 300w, https:\/\/broz.sk\/wp-content\/uploads\/2018\/03\/img-16-24x16.jpg 24w, https:\/\/broz.sk\/wp-content\/uploads\/2018\/03\/img-16-36x24.jpg 36w, https:\/\/broz.sk\/wp-content\/uploads\/2018\/03\/img-16-48x32.jpg 48w\" sizes=\"(max-width: 382px) 100vw, 382px\" \/><img decoding=\"async\" class=\"wp-image-3911 alignnone\" src=\"https:\/\/broz.sk\/wp-content\/uploads\/2018\/03\/img-17.jpg\" alt=\"\" width=\"372\" height=\"279\" srcset=\"https:\/\/broz.sk\/wp-content\/uploads\/2018\/03\/img-17.jpg 640w, https:\/\/broz.sk\/wp-content\/uploads\/2018\/03\/img-17-300x225.jpg 300w, https:\/\/broz.sk\/wp-content\/uploads\/2018\/03\/img-17-24x18.jpg 24w, https:\/\/broz.sk\/wp-content\/uploads\/2018\/03\/img-17-36x27.jpg 36w, https:\/\/broz.sk\/wp-content\/uploads\/2018\/03\/img-17-48x36.jpg 48w\" sizes=\"(max-width: 372px) 100vw, 372px\" \/> <img loading=\"lazy\" decoding=\"async\" class=\"alignleft wp-image-3912\" src=\"https:\/\/broz.sk\/wp-content\/uploads\/2018\/03\/img-18.jpg\" alt=\"\" width=\"344\" height=\"258\" srcset=\"https:\/\/broz.sk\/wp-content\/uploads\/2018\/03\/img-18.jpg 640w, https:\/\/broz.sk\/wp-content\/uploads\/2018\/03\/img-18-300x225.jpg 300w, https:\/\/broz.sk\/wp-content\/uploads\/2018\/03\/img-18-24x18.jpg 24w, https:\/\/broz.sk\/wp-content\/uploads\/2018\/03\/img-18-36x27.jpg 36w, https:\/\/broz.sk\/wp-content\/uploads\/2018\/03\/img-18-48x36.jpg 48w\" sizes=\"(max-width: 344px) 100vw, 344px\" \/>","protected":false},"excerpt":{"rendered":"<p>2017. m\u00e1jus 17-\u00e9n a pozsonyi V\u00edzm\u0171 M\u00fazeum (Vod\u00e1rensk\u00e9 m\u00fazeum, Bratislava) ter\u00fclet\u00e9n meg lett rendezve a \u201eDuna menti \u00e1rt\u00e9ri \u00e9l\u0151helyek rehabilit\u00e1ci\u00f3s \u00e9s kezel\u00e9si programja\u201d (LIFE14\u00a0 NAT\/SK\/001306) elnevez\u00e9s\u0171 projekt ny\u00edlt napja. A ny\u00edlt nap a LIFE-program megalak\u00edt\u00e1s\u00e1nak 25. \u00e9vfordul\u00f3ja \u00e9s a Pozsonyi Region\u00e1lis Term\u00e9szetv\u00e9delmi Egyes\u00fclet (BROZ) megalap\u00edt\u00e1s\u00e1nak 20. \u00e9vfordul\u00f3ja alkalm\u00e1b\u00f3l ker\u00fclt megszervez\u00e9sre. A nagyk\u00f6z\u00f6ns\u00e9gen k\u00edv\u00fcl r\u00e9szt vett&hellip;<\/p>\n","protected":false},"author":2,"featured_media":11342,"comment_status":"closed","ping_status":"closed","sticky":false,"template":"","format":"standard","meta":{"_acf_changed":false,"pmpro_default_level":"","footnotes":""},"categories":[45,23],"tags":[28],"class_list":["post-4850","post","type-post","status-publish","format-standard","has-post-thumbnail","hentry","category-0-hu","category-uncategorized-hu","tag-life-hu","pmpro-has-access","category-45","category-23","description-off"],"acf":[],"yoast_head":"<!-- This site is optimized with the Yoast SEO Premium plugin v21.4 (Yoast SEO v27.5) - https:\/\/yoast.com\/product\/yoast-seo-premium-wordpress\/ -->\n<title>LIFE-projekt\u00fcnk ny\u00edlt napja \u2013 17.5. 2017 \u2013 V\u00edzm\u0171 M\u00fazeum, Pozsony - BROZ<\/title>\n<meta name=\"robots\" content=\"index, follow, max-snippet:-1, max-image-preview:large, max-video-preview:-1\" \/>\n<link rel=\"canonical\" href=\"https:\/\/broz.sk\/hu\/den-otvorenych-dveri-projektu\/\" \/>\n<meta property=\"og:locale\" content=\"hu_HU\" \/>\n<meta property=\"og:type\" content=\"article\" \/>\n<meta property=\"og:title\" content=\"LIFE-projekt\u00fcnk ny\u00edlt napja \u2013 17.5. 2017 \u2013 V\u00edzm\u0171 M\u00fazeum, Pozsony\" \/>\n<meta property=\"og:description\" content=\"2017. m\u00e1jus 17-\u00e9n a pozsonyi V\u00edzm\u0171 M\u00fazeum (Vod\u00e1rensk\u00e9 m\u00fazeum, Bratislava) ter\u00fclet\u00e9n meg lett rendezve a \u201eDuna menti \u00e1rt\u00e9ri \u00e9l\u0151helyek rehabilit\u00e1ci\u00f3s \u00e9s kezel\u00e9si programja\u201d (LIFE14\u00a0 NAT\/SK\/001306) elnevez\u00e9s\u0171 projekt ny\u00edlt napja. A ny\u00edlt nap a LIFE-program megalak\u00edt\u00e1s\u00e1nak 25. \u00e9vfordul\u00f3ja \u00e9s a Pozsonyi Region\u00e1lis Term\u00e9szetv\u00e9delmi Egyes\u00fclet (BROZ) megalap\u00edt\u00e1s\u00e1nak 20. \u00e9vfordul\u00f3ja alkalm\u00e1b\u00f3l ker\u00fclt megszervez\u00e9sre. A nagyk\u00f6z\u00f6ns\u00e9gen k\u00edv\u00fcl r\u00e9szt vett&hellip;\" \/>\n<meta property=\"og:url\" content=\"https:\/\/broz.sk\/hu\/den-otvorenych-dveri-projektu\/\" \/>\n<meta property=\"og:site_name\" content=\"BROZ\" \/>\n<meta property=\"article:publisher\" content=\"https:\/\/www.facebook.com\/broz.ba\/\" \/>\n<meta property=\"article:published_time\" content=\"2017-05-17T10:46:54+00:00\" \/>\n<meta property=\"article:modified_time\" content=\"2020-03-31T17:38:00+00:00\" \/>\n<meta property=\"og:image\" content=\"https:\/\/broz.sk\/wp-content\/uploads\/2018\/03\/img-19.jpg\" \/>\n\t<meta property=\"og:image:width\" content=\"640\" \/>\n\t<meta property=\"og:image:height\" content=\"480\" \/>\n\t<meta property=\"og:image:type\" content=\"image\/jpeg\" \/>\n<meta name=\"author\" content=\"broz\" \/>\n<meta name=\"twitter:card\" content=\"summary_large_image\" \/>\n<meta name=\"twitter:label1\" content=\"Szerz\u0151:\" \/>\n\t<meta name=\"twitter:data1\" content=\"broz\" \/>\n\t<meta name=\"twitter:label2\" content=\"Becs\u00fclt olvas\u00e1si id\u0151\" \/>\n\t<meta name=\"twitter:data2\" content=\"2 perc\" \/>\n<script type=\"application\/ld+json\" class=\"yoast-schema-graph\">{\"@context\":\"https:\\\/\\\/schema.org\",\"@graph\":[{\"@type\":\"Article\",\"@id\":\"https:\\\/\\\/broz.sk\\\/hu\\\/den-otvorenych-dveri-projektu\\\/#article\",\"isPartOf\":{\"@id\":\"https:\\\/\\\/broz.sk\\\/hu\\\/den-otvorenych-dveri-projektu\\\/\"},\"author\":{\"name\":\"broz\",\"@id\":\"https:\\\/\\\/broz.sk\\\/#\\\/schema\\\/person\\\/210ebb0b5afa2a18d1e13abfbbb27080\"},\"headline\":\"LIFE-projekt\u00fcnk ny\u00edlt napja \u2013 17.5. 2017 \u2013 V\u00edzm\u0171 M\u00fazeum, Pozsony\",\"datePublished\":\"2017-05-17T10:46:54+00:00\",\"dateModified\":\"2020-03-31T17:38:00+00:00\",\"mainEntityOfPage\":{\"@id\":\"https:\\\/\\\/broz.sk\\\/hu\\\/den-otvorenych-dveri-projektu\\\/\"},\"wordCount\":394,\"publisher\":{\"@id\":\"https:\\\/\\\/broz.sk\\\/#organization\"},\"image\":{\"@id\":\"https:\\\/\\\/broz.sk\\\/hu\\\/den-otvorenych-dveri-projektu\\\/#primaryimage\"},\"thumbnailUrl\":\"https:\\\/\\\/broz.sk\\\/wp-content\\\/uploads\\\/2018\\\/03\\\/img-19.jpg\",\"keywords\":[\"LIFE\"],\"articleSection\":[\"K\u00f6rnyezetv\u00e9delmi oktat\u00e1s\",\"Uncategorized @hu\"],\"inLanguage\":\"hu\"},{\"@type\":\"WebPage\",\"@id\":\"https:\\\/\\\/broz.sk\\\/hu\\\/den-otvorenych-dveri-projektu\\\/\",\"url\":\"https:\\\/\\\/broz.sk\\\/hu\\\/den-otvorenych-dveri-projektu\\\/\",\"name\":\"LIFE-projekt\u00fcnk ny\u00edlt napja \u2013 17.5. 2017 \u2013 V\u00edzm\u0171 M\u00fazeum, Pozsony - BROZ\",\"isPartOf\":{\"@id\":\"https:\\\/\\\/broz.sk\\\/#website\"},\"primaryImageOfPage\":{\"@id\":\"https:\\\/\\\/broz.sk\\\/hu\\\/den-otvorenych-dveri-projektu\\\/#primaryimage\"},\"image\":{\"@id\":\"https:\\\/\\\/broz.sk\\\/hu\\\/den-otvorenych-dveri-projektu\\\/#primaryimage\"},\"thumbnailUrl\":\"https:\\\/\\\/broz.sk\\\/wp-content\\\/uploads\\\/2018\\\/03\\\/img-19.jpg\",\"datePublished\":\"2017-05-17T10:46:54+00:00\",\"dateModified\":\"2020-03-31T17:38:00+00:00\",\"breadcrumb\":{\"@id\":\"https:\\\/\\\/broz.sk\\\/hu\\\/den-otvorenych-dveri-projektu\\\/#breadcrumb\"},\"inLanguage\":\"hu\",\"potentialAction\":[{\"@type\":\"ReadAction\",\"target\":[\"https:\\\/\\\/broz.sk\\\/hu\\\/den-otvorenych-dveri-projektu\\\/\"]}]},{\"@type\":\"ImageObject\",\"inLanguage\":\"hu\",\"@id\":\"https:\\\/\\\/broz.sk\\\/hu\\\/den-otvorenych-dveri-projektu\\\/#primaryimage\",\"url\":\"https:\\\/\\\/broz.sk\\\/wp-content\\\/uploads\\\/2018\\\/03\\\/img-19.jpg\",\"contentUrl\":\"https:\\\/\\\/broz.sk\\\/wp-content\\\/uploads\\\/2018\\\/03\\\/img-19.jpg\",\"width\":640,\"height\":480},{\"@type\":\"BreadcrumbList\",\"@id\":\"https:\\\/\\\/broz.sk\\\/hu\\\/den-otvorenych-dveri-projektu\\\/#breadcrumb\",\"itemListElement\":[{\"@type\":\"ListItem\",\"position\":1,\"name\":\"Domovsk\u00e1 str\u00e1nka\",\"item\":\"https:\\\/\\\/broz.sk\\\/\"},{\"@type\":\"ListItem\",\"position\":2,\"name\":\"LIFE-projekt\u00fcnk ny\u00edlt napja \u2013 17.5. 2017 \u2013 V\u00edzm\u0171 M\u00fazeum, Pozsony\"}]},{\"@type\":\"WebSite\",\"@id\":\"https:\\\/\\\/broz.sk\\\/#website\",\"url\":\"https:\\\/\\\/broz.sk\\\/\",\"name\":\"BROZ\",\"description\":\"ochran\u00e1rske zdru\u017eenie\",\"publisher\":{\"@id\":\"https:\\\/\\\/broz.sk\\\/#organization\"},\"potentialAction\":[{\"@type\":\"SearchAction\",\"target\":{\"@type\":\"EntryPoint\",\"urlTemplate\":\"https:\\\/\\\/broz.sk\\\/?s={search_term_string}\"},\"query-input\":{\"@type\":\"PropertyValueSpecification\",\"valueRequired\":true,\"valueName\":\"search_term_string\"}}],\"inLanguage\":\"hu\"},{\"@type\":\"Organization\",\"@id\":\"https:\\\/\\\/broz.sk\\\/#organization\",\"name\":\"BROZ - Bratislavsk\u00e9 region\u00e1lne ochran\u00e1rske zdru\u017eenie\",\"url\":\"https:\\\/\\\/broz.sk\\\/\",\"logo\":{\"@type\":\"ImageObject\",\"inLanguage\":\"hu\",\"@id\":\"https:\\\/\\\/broz.sk\\\/#\\\/schema\\\/logo\\\/image\\\/\",\"url\":\"https:\\\/\\\/broz.sk\\\/wp-content\\\/uploads\\\/2018\\\/03\\\/broz-logo-hires-color.png\",\"contentUrl\":\"https:\\\/\\\/broz.sk\\\/wp-content\\\/uploads\\\/2018\\\/03\\\/broz-logo-hires-color.png\",\"width\":2585,\"height\":1618,\"caption\":\"BROZ - Bratislavsk\u00e9 region\u00e1lne ochran\u00e1rske zdru\u017eenie\"},\"image\":{\"@id\":\"https:\\\/\\\/broz.sk\\\/#\\\/schema\\\/logo\\\/image\\\/\"},\"sameAs\":[\"https:\\\/\\\/www.facebook.com\\\/broz.ba\\\/\"]},{\"@type\":\"Person\",\"@id\":\"https:\\\/\\\/broz.sk\\\/#\\\/schema\\\/person\\\/210ebb0b5afa2a18d1e13abfbbb27080\",\"name\":\"broz\",\"image\":{\"@type\":\"ImageObject\",\"inLanguage\":\"hu\",\"@id\":\"https:\\\/\\\/secure.gravatar.com\\\/avatar\\\/2e036a5d302f24b5c517a7e75051ca040aedd897cd58df9cbd4f523a61282112?s=96&d=mm&r=g\",\"url\":\"https:\\\/\\\/secure.gravatar.com\\\/avatar\\\/2e036a5d302f24b5c517a7e75051ca040aedd897cd58df9cbd4f523a61282112?s=96&d=mm&r=g\",\"contentUrl\":\"https:\\\/\\\/secure.gravatar.com\\\/avatar\\\/2e036a5d302f24b5c517a7e75051ca040aedd897cd58df9cbd4f523a61282112?s=96&d=mm&r=g\",\"caption\":\"broz\"},\"url\":\"https:\\\/\\\/broz.sk\\\/hu\\\/author\\\/broz\\\/\"}]}<\/script>\n<!-- \/ Yoast SEO Premium plugin. -->","yoast_head_json":{"title":"LIFE-projekt\u00fcnk ny\u00edlt napja \u2013 17.5. 2017 \u2013 V\u00edzm\u0171 M\u00fazeum, Pozsony - BROZ","robots":{"index":"index","follow":"follow","max-snippet":"max-snippet:-1","max-image-preview":"max-image-preview:large","max-video-preview":"max-video-preview:-1"},"canonical":"https:\/\/broz.sk\/hu\/den-otvorenych-dveri-projektu\/","og_locale":"hu_HU","og_type":"article","og_title":"LIFE-projekt\u00fcnk ny\u00edlt napja \u2013 17.5. 2017 \u2013 V\u00edzm\u0171 M\u00fazeum, Pozsony","og_description":"2017. m\u00e1jus 17-\u00e9n a pozsonyi V\u00edzm\u0171 M\u00fazeum (Vod\u00e1rensk\u00e9 m\u00fazeum, Bratislava) ter\u00fclet\u00e9n meg lett rendezve a \u201eDuna menti \u00e1rt\u00e9ri \u00e9l\u0151helyek rehabilit\u00e1ci\u00f3s \u00e9s kezel\u00e9si programja\u201d (LIFE14\u00a0 NAT\/SK\/001306) elnevez\u00e9s\u0171 projekt ny\u00edlt napja. A ny\u00edlt nap a LIFE-program megalak\u00edt\u00e1s\u00e1nak 25. \u00e9vfordul\u00f3ja \u00e9s a Pozsonyi Region\u00e1lis Term\u00e9szetv\u00e9delmi Egyes\u00fclet (BROZ) megalap\u00edt\u00e1s\u00e1nak 20. \u00e9vfordul\u00f3ja alkalm\u00e1b\u00f3l ker\u00fclt megszervez\u00e9sre. A nagyk\u00f6z\u00f6ns\u00e9gen k\u00edv\u00fcl r\u00e9szt vett&hellip;","og_url":"https:\/\/broz.sk\/hu\/den-otvorenych-dveri-projektu\/","og_site_name":"BROZ","article_publisher":"https:\/\/www.facebook.com\/broz.ba\/","article_published_time":"2017-05-17T10:46:54+00:00","article_modified_time":"2020-03-31T17:38:00+00:00","og_image":[{"width":640,"height":480,"url":"https:\/\/broz.sk\/wp-content\/uploads\/2018\/03\/img-19.jpg","type":"image\/jpeg"}],"author":"broz","twitter_card":"summary_large_image","twitter_misc":{"Szerz\u0151:":"broz","Becs\u00fclt olvas\u00e1si id\u0151":"2 perc"},"schema":{"@context":"https:\/\/schema.org","@graph":[{"@type":"Article","@id":"https:\/\/broz.sk\/hu\/den-otvorenych-dveri-projektu\/#article","isPartOf":{"@id":"https:\/\/broz.sk\/hu\/den-otvorenych-dveri-projektu\/"},"author":{"name":"broz","@id":"https:\/\/broz.sk\/#\/schema\/person\/210ebb0b5afa2a18d1e13abfbbb27080"},"headline":"LIFE-projekt\u00fcnk ny\u00edlt napja \u2013 17.5. 2017 \u2013 V\u00edzm\u0171 M\u00fazeum, Pozsony","datePublished":"2017-05-17T10:46:54+00:00","dateModified":"2020-03-31T17:38:00+00:00","mainEntityOfPage":{"@id":"https:\/\/broz.sk\/hu\/den-otvorenych-dveri-projektu\/"},"wordCount":394,"publisher":{"@id":"https:\/\/broz.sk\/#organization"},"image":{"@id":"https:\/\/broz.sk\/hu\/den-otvorenych-dveri-projektu\/#primaryimage"},"thumbnailUrl":"https:\/\/broz.sk\/wp-content\/uploads\/2018\/03\/img-19.jpg","keywords":["LIFE"],"articleSection":["K\u00f6rnyezetv\u00e9delmi oktat\u00e1s","Uncategorized @hu"],"inLanguage":"hu"},{"@type":"WebPage","@id":"https:\/\/broz.sk\/hu\/den-otvorenych-dveri-projektu\/","url":"https:\/\/broz.sk\/hu\/den-otvorenych-dveri-projektu\/","name":"LIFE-projekt\u00fcnk ny\u00edlt napja \u2013 17.5. 2017 \u2013 V\u00edzm\u0171 M\u00fazeum, Pozsony - BROZ","isPartOf":{"@id":"https:\/\/broz.sk\/#website"},"primaryImageOfPage":{"@id":"https:\/\/broz.sk\/hu\/den-otvorenych-dveri-projektu\/#primaryimage"},"image":{"@id":"https:\/\/broz.sk\/hu\/den-otvorenych-dveri-projektu\/#primaryimage"},"thumbnailUrl":"https:\/\/broz.sk\/wp-content\/uploads\/2018\/03\/img-19.jpg","datePublished":"2017-05-17T10:46:54+00:00","dateModified":"2020-03-31T17:38:00+00:00","breadcrumb":{"@id":"https:\/\/broz.sk\/hu\/den-otvorenych-dveri-projektu\/#breadcrumb"},"inLanguage":"hu","potentialAction":[{"@type":"ReadAction","target":["https:\/\/broz.sk\/hu\/den-otvorenych-dveri-projektu\/"]}]},{"@type":"ImageObject","inLanguage":"hu","@id":"https:\/\/broz.sk\/hu\/den-otvorenych-dveri-projektu\/#primaryimage","url":"https:\/\/broz.sk\/wp-content\/uploads\/2018\/03\/img-19.jpg","contentUrl":"https:\/\/broz.sk\/wp-content\/uploads\/2018\/03\/img-19.jpg","width":640,"height":480},{"@type":"BreadcrumbList","@id":"https:\/\/broz.sk\/hu\/den-otvorenych-dveri-projektu\/#breadcrumb","itemListElement":[{"@type":"ListItem","position":1,"name":"Domovsk\u00e1 str\u00e1nka","item":"https:\/\/broz.sk\/"},{"@type":"ListItem","position":2,"name":"LIFE-projekt\u00fcnk ny\u00edlt napja \u2013 17.5. 2017 \u2013 V\u00edzm\u0171 M\u00fazeum, Pozsony"}]},{"@type":"WebSite","@id":"https:\/\/broz.sk\/#website","url":"https:\/\/broz.sk\/","name":"BROZ","description":"ochran\u00e1rske zdru\u017eenie","publisher":{"@id":"https:\/\/broz.sk\/#organization"},"potentialAction":[{"@type":"SearchAction","target":{"@type":"EntryPoint","urlTemplate":"https:\/\/broz.sk\/?s={search_term_string}"},"query-input":{"@type":"PropertyValueSpecification","valueRequired":true,"valueName":"search_term_string"}}],"inLanguage":"hu"},{"@type":"Organization","@id":"https:\/\/broz.sk\/#organization","name":"BROZ - Bratislavsk\u00e9 region\u00e1lne ochran\u00e1rske zdru\u017eenie","url":"https:\/\/broz.sk\/","logo":{"@type":"ImageObject","inLanguage":"hu","@id":"https:\/\/broz.sk\/#\/schema\/logo\/image\/","url":"https:\/\/broz.sk\/wp-content\/uploads\/2018\/03\/broz-logo-hires-color.png","contentUrl":"https:\/\/broz.sk\/wp-content\/uploads\/2018\/03\/broz-logo-hires-color.png","width":2585,"height":1618,"caption":"BROZ - Bratislavsk\u00e9 region\u00e1lne ochran\u00e1rske zdru\u017eenie"},"image":{"@id":"https:\/\/broz.sk\/#\/schema\/logo\/image\/"},"sameAs":["https:\/\/www.facebook.com\/broz.ba\/"]},{"@type":"Person","@id":"https:\/\/broz.sk\/#\/schema\/person\/210ebb0b5afa2a18d1e13abfbbb27080","name":"broz","image":{"@type":"ImageObject","inLanguage":"hu","@id":"https:\/\/secure.gravatar.com\/avatar\/2e036a5d302f24b5c517a7e75051ca040aedd897cd58df9cbd4f523a61282112?s=96&d=mm&r=g","url":"https:\/\/secure.gravatar.com\/avatar\/2e036a5d302f24b5c517a7e75051ca040aedd897cd58df9cbd4f523a61282112?s=96&d=mm&r=g","contentUrl":"https:\/\/secure.gravatar.com\/avatar\/2e036a5d302f24b5c517a7e75051ca040aedd897cd58df9cbd4f523a61282112?s=96&d=mm&r=g","caption":"broz"},"url":"https:\/\/broz.sk\/hu\/author\/broz\/"}]}},"_links":{"self":[{"href":"https:\/\/broz.sk\/hu\/wp-json\/wp\/v2\/posts\/4850","targetHints":{"allow":["GET"]}}],"collection":[{"href":"https:\/\/broz.sk\/hu\/wp-json\/wp\/v2\/posts"}],"about":[{"href":"https:\/\/broz.sk\/hu\/wp-json\/wp\/v2\/types\/post"}],"author":[{"embeddable":true,"href":"https:\/\/broz.sk\/hu\/wp-json\/wp\/v2\/users\/2"}],"replies":[{"embeddable":true,"href":"https:\/\/broz.sk\/hu\/wp-json\/wp\/v2\/comments?post=4850"}],"version-history":[{"count":2,"href":"https:\/\/broz.sk\/hu\/wp-json\/wp\/v2\/posts\/4850\/revisions"}],"predecessor-version":[{"id":5908,"href":"https:\/\/broz.sk\/hu\/wp-json\/wp\/v2\/posts\/4850\/revisions\/5908"}],"wp:featuredmedia":[{"embeddable":true,"href":"https:\/\/broz.sk\/hu\/wp-json\/wp\/v2\/media\/11342"}],"wp:attachment":[{"href":"https:\/\/broz.sk\/hu\/wp-json\/wp\/v2\/media?parent=4850"}],"wp:term":[{"taxonomy":"category","embeddable":true,"href":"https:\/\/broz.sk\/hu\/wp-json\/wp\/v2\/categories?post=4850"},{"taxonomy":"post_tag","embeddable":true,"href":"https:\/\/broz.sk\/hu\/wp-json\/wp\/v2\/tags?post=4850"}],"curies":[{"name":"wp","href":"https:\/\/api.w.org\/{rel}","templated":true}]}}