{"id":4648,"date":"2016-07-15T07:41:33","date_gmt":"2016-07-15T05:41:33","guid":{"rendered":"https:\/\/broz.sk\/detske-letne-tabory-na-velkom-leli-su-v-plnom-prude\/"},"modified":"2019-12-12T10:42:54","modified_gmt":"2019-12-12T09:42:54","slug":"detske-letne-tabory-na-velkom-leli-su-v-plnom-prude","status":"publish","type":"post","link":"https:\/\/broz.sk\/hu\/detske-letne-tabory-na-velkom-leli-su-v-plnom-prude\/","title":{"rendered":"Ny\u00e1ri gyerekt\u00e1borok Nagyl\u00e9len"},"content":{"rendered":"J\u00falius m\u00e1sodik het\u00e9t\u0151l kezdve beindultak a ny\u00e1ri gyerekt\u00e1borok Nagyl\u00e9len (projektelem E.7). A r\u00e9sztvev\u0151k egy hetes turnusok alatt ismerkednek meg az \u00e1rt\u00e9ri erd\u0151k vil\u00e1g\u00e1val. Hangs\u00falyozva van az erd\u0151 v\u00e9delm\u00e9nek fontoss\u00e1ga, \u00e9s a rendszeres gazd\u00e1lkod\u00e1s sz\u00fcks\u00e9gess\u00e9ge az itteni t\u00e1j fennmarad\u00e1s\u00e1nak c\u00e9lj\u00e1b\u00f3l. A gyerekek eg\u00e9sz napokat kinn t\u00f6ltenek a szabad leveg\u0151n, ahogy ez valaha eg\u00e9szen term\u00e9szetes volt. Megtanulj\u00e1k, mi\u00e9rt fontos a Nagyl\u00e9li-szigeten a k\u00fcl\u00f6nb\u00f6z\u0151 h\u00e1zi \u00e1llatok honos fajt\u00e1inak legeltet\u00e9se (bivalyok, lovak, szarvasmarha, kecsk\u00e9k, juhok), \u00e9s egyben l\u00e1thatj\u00e1k azt is, hogyan kell az \u00e1llatokat helyesen gondozni. A t\u00e1bor folyam\u00e1n megismerkednek az \u0151shonos fafajt\u00e1kkal, sok m\u00e1s n\u00f6v\u00e9nnyel \u00e9s \u00e1llattal (bogarak, puhatest\u0171ek, r\u00e1kok, kiseml\u0151s\u00f6k stb.) is. L\u00e1thatj\u00e1k a sajtk\u00e9sz\u00edt\u00e9st eg\u00e9szen a frissen lefejt tejt\u0151l kezdve, tov\u00e1bb\u00e1 saj\u00e1t kez\u0171leg gondoskodhatnak a h\u00e1zi\u00e1llatokr\u00f3l is.\r\n\r\nA t\u00e1borvezet\u0151k elmagyar\u00e1zz\u00e1k a k\u00f6rny\u00e9k t\u00f6rt\u00e9net\u00e9t, a Duna-\u00e1gak v\u00edzrendszer\u00e9nek m\u0171k\u00f6d\u00e9s\u00e9t \u00e9s nem utols\u00f3 sorban a LIFE projekt kit\u0171z\u00f6tt c\u00e9ljait is. A gyerekek szem\u00e9lyes \u00e9lm\u00e9nyek \u00fatj\u00e1n tapasztalj\u00e1k meg az ember \u00e9s a term\u00e9szet k\u00f6zvetlen egy\u00fctt\u00e9l\u00e9s\u00e9t. A gyakorlatban l\u00e1thatj\u00e1k az elhagyott \u00e9s a term\u00e9szetbar\u00e1t m\u00f3don megm\u0171velt ter\u00fcletek k\u00f6zti k\u00fcl\u00f6nbs\u00e9get (elt\u00e9r\u0151 fajgazdags\u00e1g \u00e9s t\u00e1jk\u00e9p). A t\u00e1bor v\u00e9g\u00e9n rengeteg \u00e9lm\u00e9nnyel gazdagabban t\u00e9rnek haza, valamint szoros kapcsolat \u00e9p\u00fcl ki k\u00f6zt\u00fck \u00e9s a k\u00f6rny\u00e9k t\u00e1ja k\u00f6z\u00f6tt. Ez nem csup\u00e1n a gyerekek sz\u00e1m\u00e1ra fontos, hanem az itteni term\u00e9szet fennmarad\u00e1sa szempontj\u00e1b\u00f3l is.\r\n\r\n<a href=\"https:\/\/broz.sk\/wp-content\/uploads\/2017\/05\/detske_tabory12.jpg\"><img fetchpriority=\"high\" decoding=\"async\" class=\"alignnone\" title=\"deti na Mahulieninom moste cez rameno Dunaja\" src=\"https:\/\/broz.sk\/wp-content\/uploads\/2017\/05\/detske_tabory12.jpg\" alt=\"deti pri ramene Dunaja\" width=\"640\" height=\"480\" \/><\/a>\r\n\r\n<img decoding=\"async\" src=\"https:\/\/broz.sk\/wp-content\/uploads\/2017\/05\/detske_tabory01.jpg\" alt=\"detske_tabory01.jpg\" \/>\r\n<img decoding=\"async\" src=\"https:\/\/broz.sk\/wp-content\/uploads\/2017\/05\/detske_tabory10.jpg\" alt=\"detske_tabory10.jpg\" \/>\r\n<img decoding=\"async\" src=\"https:\/\/broz.sk\/wp-content\/uploads\/2017\/05\/detske_tabory09.jpg\" alt=\"detske_tabory09.jpg\" \/>\r\n<img decoding=\"async\" src=\"https:\/\/broz.sk\/wp-content\/uploads\/2017\/05\/detske_tabory08.jpg\" alt=\"detske_tabory08.jpg\" \/>\r\n<img decoding=\"async\" src=\"https:\/\/broz.sk\/wp-content\/uploads\/2017\/05\/detske_tabory06.jpg\" alt=\"detske_tabory06.jpg\" \/>\r\n<img decoding=\"async\" src=\"https:\/\/broz.sk\/wp-content\/uploads\/2017\/05\/detske_tabory07.jpg\" alt=\"detske_tabory07.jpg\" \/>\r\n<img decoding=\"async\" src=\"https:\/\/broz.sk\/wp-content\/uploads\/2017\/05\/detske_tabory05_1.jpg\" alt=\"detske_tabory05_1.jpg\" \/>\r\n<img decoding=\"async\" src=\"https:\/\/broz.sk\/wp-content\/uploads\/2017\/05\/detske_tabory03.jpg\" alt=\"detske_tabory03.jpg\" \/>\r\n<img decoding=\"async\" src=\"https:\/\/broz.sk\/wp-content\/uploads\/2017\/05\/detske_tabory04_1.jpg\" alt=\"detske_tabory04_1.jpg\" \/>","protected":false},"excerpt":{"rendered":"<p>J\u00falius m\u00e1sodik het\u00e9t\u0151l kezdve beindultak a ny\u00e1ri gyerekt\u00e1borok Nagyl\u00e9len (projektelem E.7). A r\u00e9sztvev\u0151k egy hetes turnusok alatt ismerkednek meg az \u00e1rt\u00e9ri erd\u0151k vil\u00e1g\u00e1val. Hangs\u00falyozva van az erd\u0151 v\u00e9delm\u00e9nek fontoss\u00e1ga, \u00e9s a rendszeres gazd\u00e1lkod\u00e1s sz\u00fcks\u00e9gess\u00e9ge az itteni t\u00e1j fennmarad\u00e1s\u00e1nak c\u00e9lj\u00e1b\u00f3l. A gyerekek eg\u00e9sz napokat kinn t\u00f6ltenek a szabad leveg\u0151n, ahogy ez valaha eg\u00e9szen term\u00e9szetes volt. Megtanulj\u00e1k,&hellip;<\/p>\n","protected":false},"author":2,"featured_media":9911,"comment_status":"closed","ping_status":"closed","sticky":false,"template":"","format":"standard","meta":{"_acf_changed":false,"pmpro_default_level":"","footnotes":""},"categories":[45],"tags":[],"class_list":["post-4648","post","type-post","status-publish","format-standard","has-post-thumbnail","hentry","category-0-hu","pmpro-has-access","category-45","description-off"],"acf":[],"yoast_head":"<!-- This site is optimized with the Yoast SEO Premium plugin v21.4 (Yoast SEO v27.5) - https:\/\/yoast.com\/product\/yoast-seo-premium-wordpress\/ -->\n<title>Ny\u00e1ri gyerekt\u00e1borok Nagyl\u00e9len - BROZ<\/title>\n<meta name=\"robots\" content=\"index, follow, max-snippet:-1, max-image-preview:large, max-video-preview:-1\" \/>\n<link rel=\"canonical\" href=\"https:\/\/broz.sk\/hu\/detske-letne-tabory-na-velkom-leli-su-v-plnom-prude\/\" \/>\n<meta property=\"og:locale\" content=\"hu_HU\" \/>\n<meta property=\"og:type\" content=\"article\" \/>\n<meta property=\"og:title\" content=\"Ny\u00e1ri gyerekt\u00e1borok Nagyl\u00e9len\" \/>\n<meta property=\"og:description\" content=\"J\u00falius m\u00e1sodik het\u00e9t\u0151l kezdve beindultak a ny\u00e1ri gyerekt\u00e1borok Nagyl\u00e9len (projektelem E.7). A r\u00e9sztvev\u0151k egy hetes turnusok alatt ismerkednek meg az \u00e1rt\u00e9ri erd\u0151k vil\u00e1g\u00e1val. Hangs\u00falyozva van az erd\u0151 v\u00e9delm\u00e9nek fontoss\u00e1ga, \u00e9s a rendszeres gazd\u00e1lkod\u00e1s sz\u00fcks\u00e9gess\u00e9ge az itteni t\u00e1j fennmarad\u00e1s\u00e1nak c\u00e9lj\u00e1b\u00f3l. A gyerekek eg\u00e9sz napokat kinn t\u00f6ltenek a szabad leveg\u0151n, ahogy ez valaha eg\u00e9szen term\u00e9szetes volt. Megtanulj\u00e1k,&hellip;\" \/>\n<meta property=\"og:url\" content=\"https:\/\/broz.sk\/hu\/detske-letne-tabory-na-velkom-leli-su-v-plnom-prude\/\" \/>\n<meta property=\"og:site_name\" content=\"BROZ\" \/>\n<meta property=\"article:publisher\" content=\"https:\/\/www.facebook.com\/broz.ba\/\" \/>\n<meta property=\"article:published_time\" content=\"2016-07-15T05:41:33+00:00\" \/>\n<meta property=\"article:modified_time\" content=\"2019-12-12T09:42:54+00:00\" \/>\n<meta property=\"og:image\" content=\"https:\/\/broz.sk\/wp-content\/uploads\/2017\/05\/detske_tabory12.jpg\" \/>\n\t<meta property=\"og:image:width\" content=\"640\" \/>\n\t<meta property=\"og:image:height\" content=\"480\" \/>\n\t<meta property=\"og:image:type\" content=\"image\/jpeg\" \/>\n<meta name=\"author\" content=\"broz\" \/>\n<meta name=\"twitter:card\" content=\"summary_large_image\" \/>\n<meta name=\"twitter:label1\" content=\"Szerz\u0151:\" \/>\n\t<meta name=\"twitter:data1\" content=\"broz\" \/>\n\t<meta name=\"twitter:label2\" content=\"Becs\u00fclt olvas\u00e1si id\u0151\" \/>\n\t<meta name=\"twitter:data2\" content=\"2 perc\" \/>\n<script type=\"application\/ld+json\" class=\"yoast-schema-graph\">{\"@context\":\"https:\\\/\\\/schema.org\",\"@graph\":[{\"@type\":\"Article\",\"@id\":\"https:\\\/\\\/broz.sk\\\/hu\\\/detske-letne-tabory-na-velkom-leli-su-v-plnom-prude\\\/#article\",\"isPartOf\":{\"@id\":\"https:\\\/\\\/broz.sk\\\/hu\\\/detske-letne-tabory-na-velkom-leli-su-v-plnom-prude\\\/\"},\"author\":{\"name\":\"broz\",\"@id\":\"https:\\\/\\\/broz.sk\\\/#\\\/schema\\\/person\\\/210ebb0b5afa2a18d1e13abfbbb27080\"},\"headline\":\"Ny\u00e1ri gyerekt\u00e1borok Nagyl\u00e9len\",\"datePublished\":\"2016-07-15T05:41:33+00:00\",\"dateModified\":\"2019-12-12T09:42:54+00:00\",\"mainEntityOfPage\":{\"@id\":\"https:\\\/\\\/broz.sk\\\/hu\\\/detske-letne-tabory-na-velkom-leli-su-v-plnom-prude\\\/\"},\"wordCount\":338,\"publisher\":{\"@id\":\"https:\\\/\\\/broz.sk\\\/#organization\"},\"image\":{\"@id\":\"https:\\\/\\\/broz.sk\\\/hu\\\/detske-letne-tabory-na-velkom-leli-su-v-plnom-prude\\\/#primaryimage\"},\"thumbnailUrl\":\"https:\\\/\\\/broz.sk\\\/wp-content\\\/uploads\\\/2017\\\/05\\\/detske_tabory12.jpg\",\"articleSection\":[\"K\u00f6rnyezetv\u00e9delmi oktat\u00e1s\"],\"inLanguage\":\"hu\"},{\"@type\":\"WebPage\",\"@id\":\"https:\\\/\\\/broz.sk\\\/hu\\\/detske-letne-tabory-na-velkom-leli-su-v-plnom-prude\\\/\",\"url\":\"https:\\\/\\\/broz.sk\\\/hu\\\/detske-letne-tabory-na-velkom-leli-su-v-plnom-prude\\\/\",\"name\":\"Ny\u00e1ri gyerekt\u00e1borok Nagyl\u00e9len - BROZ\",\"isPartOf\":{\"@id\":\"https:\\\/\\\/broz.sk\\\/#website\"},\"primaryImageOfPage\":{\"@id\":\"https:\\\/\\\/broz.sk\\\/hu\\\/detske-letne-tabory-na-velkom-leli-su-v-plnom-prude\\\/#primaryimage\"},\"image\":{\"@id\":\"https:\\\/\\\/broz.sk\\\/hu\\\/detske-letne-tabory-na-velkom-leli-su-v-plnom-prude\\\/#primaryimage\"},\"thumbnailUrl\":\"https:\\\/\\\/broz.sk\\\/wp-content\\\/uploads\\\/2017\\\/05\\\/detske_tabory12.jpg\",\"datePublished\":\"2016-07-15T05:41:33+00:00\",\"dateModified\":\"2019-12-12T09:42:54+00:00\",\"breadcrumb\":{\"@id\":\"https:\\\/\\\/broz.sk\\\/hu\\\/detske-letne-tabory-na-velkom-leli-su-v-plnom-prude\\\/#breadcrumb\"},\"inLanguage\":\"hu\",\"potentialAction\":[{\"@type\":\"ReadAction\",\"target\":[\"https:\\\/\\\/broz.sk\\\/hu\\\/detske-letne-tabory-na-velkom-leli-su-v-plnom-prude\\\/\"]}]},{\"@type\":\"ImageObject\",\"inLanguage\":\"hu\",\"@id\":\"https:\\\/\\\/broz.sk\\\/hu\\\/detske-letne-tabory-na-velkom-leli-su-v-plnom-prude\\\/#primaryimage\",\"url\":\"https:\\\/\\\/broz.sk\\\/wp-content\\\/uploads\\\/2017\\\/05\\\/detske_tabory12.jpg\",\"contentUrl\":\"https:\\\/\\\/broz.sk\\\/wp-content\\\/uploads\\\/2017\\\/05\\\/detske_tabory12.jpg\",\"width\":640,\"height\":480,\"caption\":\"detske_tabory12\"},{\"@type\":\"BreadcrumbList\",\"@id\":\"https:\\\/\\\/broz.sk\\\/hu\\\/detske-letne-tabory-na-velkom-leli-su-v-plnom-prude\\\/#breadcrumb\",\"itemListElement\":[{\"@type\":\"ListItem\",\"position\":1,\"name\":\"Domovsk\u00e1 str\u00e1nka\",\"item\":\"https:\\\/\\\/broz.sk\\\/\"},{\"@type\":\"ListItem\",\"position\":2,\"name\":\"Ny\u00e1ri gyerekt\u00e1borok Nagyl\u00e9len\"}]},{\"@type\":\"WebSite\",\"@id\":\"https:\\\/\\\/broz.sk\\\/#website\",\"url\":\"https:\\\/\\\/broz.sk\\\/\",\"name\":\"BROZ\",\"description\":\"ochran\u00e1rske zdru\u017eenie\",\"publisher\":{\"@id\":\"https:\\\/\\\/broz.sk\\\/#organization\"},\"potentialAction\":[{\"@type\":\"SearchAction\",\"target\":{\"@type\":\"EntryPoint\",\"urlTemplate\":\"https:\\\/\\\/broz.sk\\\/?s={search_term_string}\"},\"query-input\":{\"@type\":\"PropertyValueSpecification\",\"valueRequired\":true,\"valueName\":\"search_term_string\"}}],\"inLanguage\":\"hu\"},{\"@type\":\"Organization\",\"@id\":\"https:\\\/\\\/broz.sk\\\/#organization\",\"name\":\"BROZ - Bratislavsk\u00e9 region\u00e1lne ochran\u00e1rske zdru\u017eenie\",\"url\":\"https:\\\/\\\/broz.sk\\\/\",\"logo\":{\"@type\":\"ImageObject\",\"inLanguage\":\"hu\",\"@id\":\"https:\\\/\\\/broz.sk\\\/#\\\/schema\\\/logo\\\/image\\\/\",\"url\":\"https:\\\/\\\/broz.sk\\\/wp-content\\\/uploads\\\/2018\\\/03\\\/broz-logo-hires-color.png\",\"contentUrl\":\"https:\\\/\\\/broz.sk\\\/wp-content\\\/uploads\\\/2018\\\/03\\\/broz-logo-hires-color.png\",\"width\":2585,\"height\":1618,\"caption\":\"BROZ - Bratislavsk\u00e9 region\u00e1lne ochran\u00e1rske zdru\u017eenie\"},\"image\":{\"@id\":\"https:\\\/\\\/broz.sk\\\/#\\\/schema\\\/logo\\\/image\\\/\"},\"sameAs\":[\"https:\\\/\\\/www.facebook.com\\\/broz.ba\\\/\"]},{\"@type\":\"Person\",\"@id\":\"https:\\\/\\\/broz.sk\\\/#\\\/schema\\\/person\\\/210ebb0b5afa2a18d1e13abfbbb27080\",\"name\":\"broz\",\"image\":{\"@type\":\"ImageObject\",\"inLanguage\":\"hu\",\"@id\":\"https:\\\/\\\/secure.gravatar.com\\\/avatar\\\/2e036a5d302f24b5c517a7e75051ca040aedd897cd58df9cbd4f523a61282112?s=96&d=mm&r=g\",\"url\":\"https:\\\/\\\/secure.gravatar.com\\\/avatar\\\/2e036a5d302f24b5c517a7e75051ca040aedd897cd58df9cbd4f523a61282112?s=96&d=mm&r=g\",\"contentUrl\":\"https:\\\/\\\/secure.gravatar.com\\\/avatar\\\/2e036a5d302f24b5c517a7e75051ca040aedd897cd58df9cbd4f523a61282112?s=96&d=mm&r=g\",\"caption\":\"broz\"},\"url\":\"https:\\\/\\\/broz.sk\\\/hu\\\/author\\\/broz\\\/\"}]}<\/script>\n<!-- \/ Yoast SEO Premium plugin. -->","yoast_head_json":{"title":"Ny\u00e1ri gyerekt\u00e1borok Nagyl\u00e9len - BROZ","robots":{"index":"index","follow":"follow","max-snippet":"max-snippet:-1","max-image-preview":"max-image-preview:large","max-video-preview":"max-video-preview:-1"},"canonical":"https:\/\/broz.sk\/hu\/detske-letne-tabory-na-velkom-leli-su-v-plnom-prude\/","og_locale":"hu_HU","og_type":"article","og_title":"Ny\u00e1ri gyerekt\u00e1borok Nagyl\u00e9len","og_description":"J\u00falius m\u00e1sodik het\u00e9t\u0151l kezdve beindultak a ny\u00e1ri gyerekt\u00e1borok Nagyl\u00e9len (projektelem E.7). A r\u00e9sztvev\u0151k egy hetes turnusok alatt ismerkednek meg az \u00e1rt\u00e9ri erd\u0151k vil\u00e1g\u00e1val. Hangs\u00falyozva van az erd\u0151 v\u00e9delm\u00e9nek fontoss\u00e1ga, \u00e9s a rendszeres gazd\u00e1lkod\u00e1s sz\u00fcks\u00e9gess\u00e9ge az itteni t\u00e1j fennmarad\u00e1s\u00e1nak c\u00e9lj\u00e1b\u00f3l. A gyerekek eg\u00e9sz napokat kinn t\u00f6ltenek a szabad leveg\u0151n, ahogy ez valaha eg\u00e9szen term\u00e9szetes volt. Megtanulj\u00e1k,&hellip;","og_url":"https:\/\/broz.sk\/hu\/detske-letne-tabory-na-velkom-leli-su-v-plnom-prude\/","og_site_name":"BROZ","article_publisher":"https:\/\/www.facebook.com\/broz.ba\/","article_published_time":"2016-07-15T05:41:33+00:00","article_modified_time":"2019-12-12T09:42:54+00:00","og_image":[{"width":640,"height":480,"url":"https:\/\/broz.sk\/wp-content\/uploads\/2017\/05\/detske_tabory12.jpg","type":"image\/jpeg"}],"author":"broz","twitter_card":"summary_large_image","twitter_misc":{"Szerz\u0151:":"broz","Becs\u00fclt olvas\u00e1si id\u0151":"2 perc"},"schema":{"@context":"https:\/\/schema.org","@graph":[{"@type":"Article","@id":"https:\/\/broz.sk\/hu\/detske-letne-tabory-na-velkom-leli-su-v-plnom-prude\/#article","isPartOf":{"@id":"https:\/\/broz.sk\/hu\/detske-letne-tabory-na-velkom-leli-su-v-plnom-prude\/"},"author":{"name":"broz","@id":"https:\/\/broz.sk\/#\/schema\/person\/210ebb0b5afa2a18d1e13abfbbb27080"},"headline":"Ny\u00e1ri gyerekt\u00e1borok Nagyl\u00e9len","datePublished":"2016-07-15T05:41:33+00:00","dateModified":"2019-12-12T09:42:54+00:00","mainEntityOfPage":{"@id":"https:\/\/broz.sk\/hu\/detske-letne-tabory-na-velkom-leli-su-v-plnom-prude\/"},"wordCount":338,"publisher":{"@id":"https:\/\/broz.sk\/#organization"},"image":{"@id":"https:\/\/broz.sk\/hu\/detske-letne-tabory-na-velkom-leli-su-v-plnom-prude\/#primaryimage"},"thumbnailUrl":"https:\/\/broz.sk\/wp-content\/uploads\/2017\/05\/detske_tabory12.jpg","articleSection":["K\u00f6rnyezetv\u00e9delmi oktat\u00e1s"],"inLanguage":"hu"},{"@type":"WebPage","@id":"https:\/\/broz.sk\/hu\/detske-letne-tabory-na-velkom-leli-su-v-plnom-prude\/","url":"https:\/\/broz.sk\/hu\/detske-letne-tabory-na-velkom-leli-su-v-plnom-prude\/","name":"Ny\u00e1ri gyerekt\u00e1borok Nagyl\u00e9len - BROZ","isPartOf":{"@id":"https:\/\/broz.sk\/#website"},"primaryImageOfPage":{"@id":"https:\/\/broz.sk\/hu\/detske-letne-tabory-na-velkom-leli-su-v-plnom-prude\/#primaryimage"},"image":{"@id":"https:\/\/broz.sk\/hu\/detske-letne-tabory-na-velkom-leli-su-v-plnom-prude\/#primaryimage"},"thumbnailUrl":"https:\/\/broz.sk\/wp-content\/uploads\/2017\/05\/detske_tabory12.jpg","datePublished":"2016-07-15T05:41:33+00:00","dateModified":"2019-12-12T09:42:54+00:00","breadcrumb":{"@id":"https:\/\/broz.sk\/hu\/detske-letne-tabory-na-velkom-leli-su-v-plnom-prude\/#breadcrumb"},"inLanguage":"hu","potentialAction":[{"@type":"ReadAction","target":["https:\/\/broz.sk\/hu\/detske-letne-tabory-na-velkom-leli-su-v-plnom-prude\/"]}]},{"@type":"ImageObject","inLanguage":"hu","@id":"https:\/\/broz.sk\/hu\/detske-letne-tabory-na-velkom-leli-su-v-plnom-prude\/#primaryimage","url":"https:\/\/broz.sk\/wp-content\/uploads\/2017\/05\/detske_tabory12.jpg","contentUrl":"https:\/\/broz.sk\/wp-content\/uploads\/2017\/05\/detske_tabory12.jpg","width":640,"height":480,"caption":"detske_tabory12"},{"@type":"BreadcrumbList","@id":"https:\/\/broz.sk\/hu\/detske-letne-tabory-na-velkom-leli-su-v-plnom-prude\/#breadcrumb","itemListElement":[{"@type":"ListItem","position":1,"name":"Domovsk\u00e1 str\u00e1nka","item":"https:\/\/broz.sk\/"},{"@type":"ListItem","position":2,"name":"Ny\u00e1ri gyerekt\u00e1borok Nagyl\u00e9len"}]},{"@type":"WebSite","@id":"https:\/\/broz.sk\/#website","url":"https:\/\/broz.sk\/","name":"BROZ","description":"ochran\u00e1rske zdru\u017eenie","publisher":{"@id":"https:\/\/broz.sk\/#organization"},"potentialAction":[{"@type":"SearchAction","target":{"@type":"EntryPoint","urlTemplate":"https:\/\/broz.sk\/?s={search_term_string}"},"query-input":{"@type":"PropertyValueSpecification","valueRequired":true,"valueName":"search_term_string"}}],"inLanguage":"hu"},{"@type":"Organization","@id":"https:\/\/broz.sk\/#organization","name":"BROZ - Bratislavsk\u00e9 region\u00e1lne ochran\u00e1rske zdru\u017eenie","url":"https:\/\/broz.sk\/","logo":{"@type":"ImageObject","inLanguage":"hu","@id":"https:\/\/broz.sk\/#\/schema\/logo\/image\/","url":"https:\/\/broz.sk\/wp-content\/uploads\/2018\/03\/broz-logo-hires-color.png","contentUrl":"https:\/\/broz.sk\/wp-content\/uploads\/2018\/03\/broz-logo-hires-color.png","width":2585,"height":1618,"caption":"BROZ - Bratislavsk\u00e9 region\u00e1lne ochran\u00e1rske zdru\u017eenie"},"image":{"@id":"https:\/\/broz.sk\/#\/schema\/logo\/image\/"},"sameAs":["https:\/\/www.facebook.com\/broz.ba\/"]},{"@type":"Person","@id":"https:\/\/broz.sk\/#\/schema\/person\/210ebb0b5afa2a18d1e13abfbbb27080","name":"broz","image":{"@type":"ImageObject","inLanguage":"hu","@id":"https:\/\/secure.gravatar.com\/avatar\/2e036a5d302f24b5c517a7e75051ca040aedd897cd58df9cbd4f523a61282112?s=96&d=mm&r=g","url":"https:\/\/secure.gravatar.com\/avatar\/2e036a5d302f24b5c517a7e75051ca040aedd897cd58df9cbd4f523a61282112?s=96&d=mm&r=g","contentUrl":"https:\/\/secure.gravatar.com\/avatar\/2e036a5d302f24b5c517a7e75051ca040aedd897cd58df9cbd4f523a61282112?s=96&d=mm&r=g","caption":"broz"},"url":"https:\/\/broz.sk\/hu\/author\/broz\/"}]}},"_links":{"self":[{"href":"https:\/\/broz.sk\/hu\/wp-json\/wp\/v2\/posts\/4648","targetHints":{"allow":["GET"]}}],"collection":[{"href":"https:\/\/broz.sk\/hu\/wp-json\/wp\/v2\/posts"}],"about":[{"href":"https:\/\/broz.sk\/hu\/wp-json\/wp\/v2\/types\/post"}],"author":[{"embeddable":true,"href":"https:\/\/broz.sk\/hu\/wp-json\/wp\/v2\/users\/2"}],"replies":[{"embeddable":true,"href":"https:\/\/broz.sk\/hu\/wp-json\/wp\/v2\/comments?post=4648"}],"version-history":[{"count":6,"href":"https:\/\/broz.sk\/hu\/wp-json\/wp\/v2\/posts\/4648\/revisions"}],"predecessor-version":[{"id":5916,"href":"https:\/\/broz.sk\/hu\/wp-json\/wp\/v2\/posts\/4648\/revisions\/5916"}],"wp:featuredmedia":[{"embeddable":true,"href":"https:\/\/broz.sk\/hu\/wp-json\/wp\/v2\/media\/9911"}],"wp:attachment":[{"href":"https:\/\/broz.sk\/hu\/wp-json\/wp\/v2\/media?parent=4648"}],"wp:term":[{"taxonomy":"category","embeddable":true,"href":"https:\/\/broz.sk\/hu\/wp-json\/wp\/v2\/categories?post=4648"},{"taxonomy":"post_tag","embeddable":true,"href":"https:\/\/broz.sk\/hu\/wp-json\/wp\/v2\/tags?post=4648"}],"curies":[{"name":"wp","href":"https:\/\/api.w.org\/{rel}","templated":true}]}}