{"id":4641,"date":"2017-09-09T12:30:47","date_gmt":"2017-09-09T10:30:47","guid":{"rendered":"https:\/\/broz.sk\/zeleny-den-v-domosi-prilakal-najma-rodiny-s-detmi\/"},"modified":"2018-12-17T16:42:11","modified_gmt":"2018-12-17T15:42:11","slug":"zeleny-den-v-domosi-prilakal-najma-rodiny-s-detmi","status":"publish","type":"post","link":"https:\/\/broz.sk\/hu\/zeleny-den-v-domosi-prilakal-najma-rodiny-s-detmi\/","title":{"rendered":"A D\u00f6m\u00f6si Z\u00f6ld Forgatag napja f\u0151leg a csal\u00e1dokat sz\u00f3l\u00edtotta meg"},"content":{"rendered":"2017. szeptember 9-\u00e9n megval\u00f3sult a D\u00f6m\u00f6si Z\u00f6ld Forgatag napja, mely f\u0151leg a term\u00e9szetet \u00e9s annak v\u00e9delm\u00e9t vette c\u00e9lba. A gazdag program legink\u00e1bb a csal\u00e1dokat sz\u00f3l\u00edtotta meg.\r\n\r\n<img fetchpriority=\"high\" decoding=\"async\" class=\"alignleft size-full wp-image-3904\" src=\"https:\/\/broz.sk\/wp-content\/uploads\/2018\/03\/img.jpg\" alt=\"\" width=\"1000\" height=\"750\" srcset=\"https:\/\/broz.sk\/wp-content\/uploads\/2018\/03\/img.jpg 1000w, https:\/\/broz.sk\/wp-content\/uploads\/2018\/03\/img-300x225.jpg 300w, https:\/\/broz.sk\/wp-content\/uploads\/2018\/03\/img-768x576.jpg 768w, https:\/\/broz.sk\/wp-content\/uploads\/2018\/03\/img-24x18.jpg 24w, https:\/\/broz.sk\/wp-content\/uploads\/2018\/03\/img-36x27.jpg 36w, https:\/\/broz.sk\/wp-content\/uploads\/2018\/03\/img-48x36.jpg 48w\" sizes=\"(max-width: 1000px) 100vw, 1000px\" \/> <img decoding=\"async\" class=\"alignleft size-full wp-image-3903\" src=\"https:\/\/broz.sk\/wp-content\/uploads\/2018\/03\/img-14.jpg\" alt=\"\" width=\"500\" height=\"332\" srcset=\"https:\/\/broz.sk\/wp-content\/uploads\/2018\/03\/img-14.jpg 500w, https:\/\/broz.sk\/wp-content\/uploads\/2018\/03\/img-14-300x199.jpg 300w, https:\/\/broz.sk\/wp-content\/uploads\/2018\/03\/img-14-24x16.jpg 24w, https:\/\/broz.sk\/wp-content\/uploads\/2018\/03\/img-14-36x24.jpg 36w, https:\/\/broz.sk\/wp-content\/uploads\/2018\/03\/img-14-48x32.jpg 48w\" sizes=\"(max-width: 500px) 100vw, 500px\" \/> <img decoding=\"async\" class=\"alignleft size-full wp-image-3902\" src=\"https:\/\/broz.sk\/wp-content\/uploads\/2018\/03\/img-13.jpg\" alt=\"\" width=\"500\" height=\"332\" srcset=\"https:\/\/broz.sk\/wp-content\/uploads\/2018\/03\/img-13.jpg 500w, https:\/\/broz.sk\/wp-content\/uploads\/2018\/03\/img-13-300x199.jpg 300w, https:\/\/broz.sk\/wp-content\/uploads\/2018\/03\/img-13-24x16.jpg 24w, https:\/\/broz.sk\/wp-content\/uploads\/2018\/03\/img-13-36x24.jpg 36w, https:\/\/broz.sk\/wp-content\/uploads\/2018\/03\/img-13-48x32.jpg 48w\" sizes=\"(max-width: 500px) 100vw, 500px\" \/> <img loading=\"lazy\" decoding=\"async\" class=\"alignleft size-full wp-image-3901\" src=\"https:\/\/broz.sk\/wp-content\/uploads\/2018\/03\/img-12.jpg\" alt=\"\" width=\"500\" height=\"332\" srcset=\"https:\/\/broz.sk\/wp-content\/uploads\/2018\/03\/img-12.jpg 500w, https:\/\/broz.sk\/wp-content\/uploads\/2018\/03\/img-12-300x199.jpg 300w, https:\/\/broz.sk\/wp-content\/uploads\/2018\/03\/img-12-24x16.jpg 24w, https:\/\/broz.sk\/wp-content\/uploads\/2018\/03\/img-12-36x24.jpg 36w, https:\/\/broz.sk\/wp-content\/uploads\/2018\/03\/img-12-48x32.jpg 48w\" sizes=\"(max-width: 500px) 100vw, 500px\" \/> <img loading=\"lazy\" decoding=\"async\" class=\"alignleft size-full wp-image-3900\" src=\"https:\/\/broz.sk\/wp-content\/uploads\/2018\/03\/img-11.jpg\" alt=\"\" width=\"500\" height=\"332\" srcset=\"https:\/\/broz.sk\/wp-content\/uploads\/2018\/03\/img-11.jpg 500w, https:\/\/broz.sk\/wp-content\/uploads\/2018\/03\/img-11-300x199.jpg 300w, https:\/\/broz.sk\/wp-content\/uploads\/2018\/03\/img-11-24x16.jpg 24w, https:\/\/broz.sk\/wp-content\/uploads\/2018\/03\/img-11-36x24.jpg 36w, https:\/\/broz.sk\/wp-content\/uploads\/2018\/03\/img-11-48x32.jpg 48w\" sizes=\"(max-width: 500px) 100vw, 500px\" \/> <img loading=\"lazy\" decoding=\"async\" class=\"alignleft size-full wp-image-3899\" src=\"https:\/\/broz.sk\/wp-content\/uploads\/2018\/03\/img-10-1.jpg\" alt=\"\" width=\"500\" height=\"332\" srcset=\"https:\/\/broz.sk\/wp-content\/uploads\/2018\/03\/img-10-1.jpg 500w, https:\/\/broz.sk\/wp-content\/uploads\/2018\/03\/img-10-1-300x199.jpg 300w, https:\/\/broz.sk\/wp-content\/uploads\/2018\/03\/img-10-1-24x16.jpg 24w, https:\/\/broz.sk\/wp-content\/uploads\/2018\/03\/img-10-1-36x24.jpg 36w, https:\/\/broz.sk\/wp-content\/uploads\/2018\/03\/img-10-1-48x32.jpg 48w\" sizes=\"(max-width: 500px) 100vw, 500px\" \/> <img loading=\"lazy\" decoding=\"async\" class=\"alignleft size-full wp-image-3898\" src=\"https:\/\/broz.sk\/wp-content\/uploads\/2018\/03\/img-9-1.jpg\" alt=\"\" width=\"500\" height=\"332\" srcset=\"https:\/\/broz.sk\/wp-content\/uploads\/2018\/03\/img-9-1.jpg 500w, https:\/\/broz.sk\/wp-content\/uploads\/2018\/03\/img-9-1-300x199.jpg 300w, https:\/\/broz.sk\/wp-content\/uploads\/2018\/03\/img-9-1-24x16.jpg 24w, https:\/\/broz.sk\/wp-content\/uploads\/2018\/03\/img-9-1-36x24.jpg 36w, https:\/\/broz.sk\/wp-content\/uploads\/2018\/03\/img-9-1-48x32.jpg 48w\" sizes=\"(max-width: 500px) 100vw, 500px\" \/> <img loading=\"lazy\" decoding=\"async\" class=\"alignleft size-full wp-image-3897\" src=\"https:\/\/broz.sk\/wp-content\/uploads\/2018\/03\/img-8-1.jpg\" alt=\"\" width=\"500\" height=\"332\" srcset=\"https:\/\/broz.sk\/wp-content\/uploads\/2018\/03\/img-8-1.jpg 500w, https:\/\/broz.sk\/wp-content\/uploads\/2018\/03\/img-8-1-300x199.jpg 300w, https:\/\/broz.sk\/wp-content\/uploads\/2018\/03\/img-8-1-24x16.jpg 24w, https:\/\/broz.sk\/wp-content\/uploads\/2018\/03\/img-8-1-36x24.jpg 36w, https:\/\/broz.sk\/wp-content\/uploads\/2018\/03\/img-8-1-48x32.jpg 48w\" sizes=\"(max-width: 500px) 100vw, 500px\" \/> <img loading=\"lazy\" decoding=\"async\" class=\"alignleft size-full wp-image-3896\" src=\"https:\/\/broz.sk\/wp-content\/uploads\/2018\/03\/img-7-1.jpg\" alt=\"\" width=\"778\" height=\"581\" srcset=\"https:\/\/broz.sk\/wp-content\/uploads\/2018\/03\/img-7-1.jpg 778w, https:\/\/broz.sk\/wp-content\/uploads\/2018\/03\/img-7-1-300x224.jpg 300w, https:\/\/broz.sk\/wp-content\/uploads\/2018\/03\/img-7-1-768x574.jpg 768w, https:\/\/broz.sk\/wp-content\/uploads\/2018\/03\/img-7-1-24x18.jpg 24w, https:\/\/broz.sk\/wp-content\/uploads\/2018\/03\/img-7-1-36x27.jpg 36w, https:\/\/broz.sk\/wp-content\/uploads\/2018\/03\/img-7-1-48x36.jpg 48w\" sizes=\"(max-width: 778px) 100vw, 778px\" \/> <img loading=\"lazy\" decoding=\"async\" class=\"alignleft size-full wp-image-3895\" src=\"https:\/\/broz.sk\/wp-content\/uploads\/2018\/03\/img-6-1.jpg\" alt=\"\" width=\"500\" height=\"332\" srcset=\"https:\/\/broz.sk\/wp-content\/uploads\/2018\/03\/img-6-1.jpg 500w, https:\/\/broz.sk\/wp-content\/uploads\/2018\/03\/img-6-1-300x199.jpg 300w, https:\/\/broz.sk\/wp-content\/uploads\/2018\/03\/img-6-1-24x16.jpg 24w, https:\/\/broz.sk\/wp-content\/uploads\/2018\/03\/img-6-1-36x24.jpg 36w, https:\/\/broz.sk\/wp-content\/uploads\/2018\/03\/img-6-1-48x32.jpg 48w\" sizes=\"(max-width: 500px) 100vw, 500px\" \/> <img loading=\"lazy\" decoding=\"async\" class=\"alignleft size-full wp-image-3894\" src=\"https:\/\/broz.sk\/wp-content\/uploads\/2018\/03\/img-5-1.jpg\" alt=\"\" width=\"500\" height=\"375\" srcset=\"https:\/\/broz.sk\/wp-content\/uploads\/2018\/03\/img-5-1.jpg 500w, https:\/\/broz.sk\/wp-content\/uploads\/2018\/03\/img-5-1-300x225.jpg 300w, https:\/\/broz.sk\/wp-content\/uploads\/2018\/03\/img-5-1-24x18.jpg 24w, https:\/\/broz.sk\/wp-content\/uploads\/2018\/03\/img-5-1-36x27.jpg 36w, https:\/\/broz.sk\/wp-content\/uploads\/2018\/03\/img-5-1-48x36.jpg 48w\" sizes=\"(max-width: 500px) 100vw, 500px\" \/> <img loading=\"lazy\" decoding=\"async\" class=\"alignleft size-full wp-image-3893\" src=\"https:\/\/broz.sk\/wp-content\/uploads\/2018\/03\/img-4-1.jpg\" alt=\"\" width=\"375\" height=\"500\" srcset=\"https:\/\/broz.sk\/wp-content\/uploads\/2018\/03\/img-4-1.jpg 375w, https:\/\/broz.sk\/wp-content\/uploads\/2018\/03\/img-4-1-225x300.jpg 225w, https:\/\/broz.sk\/wp-content\/uploads\/2018\/03\/img-4-1-18x24.jpg 18w, https:\/\/broz.sk\/wp-content\/uploads\/2018\/03\/img-4-1-27x36.jpg 27w, https:\/\/broz.sk\/wp-content\/uploads\/2018\/03\/img-4-1-36x48.jpg 36w\" sizes=\"(max-width: 375px) 100vw, 375px\" \/> <img loading=\"lazy\" decoding=\"async\" class=\"alignleft size-full wp-image-3892\" src=\"https:\/\/broz.sk\/wp-content\/uploads\/2018\/03\/img-3-1.jpg\" alt=\"\" width=\"500\" height=\"375\" srcset=\"https:\/\/broz.sk\/wp-content\/uploads\/2018\/03\/img-3-1.jpg 500w, https:\/\/broz.sk\/wp-content\/uploads\/2018\/03\/img-3-1-300x225.jpg 300w, https:\/\/broz.sk\/wp-content\/uploads\/2018\/03\/img-3-1-24x18.jpg 24w, https:\/\/broz.sk\/wp-content\/uploads\/2018\/03\/img-3-1-36x27.jpg 36w, https:\/\/broz.sk\/wp-content\/uploads\/2018\/03\/img-3-1-48x36.jpg 48w\" sizes=\"(max-width: 500px) 100vw, 500px\" \/>\r\n\r\n&nbsp;\r\n\r\n&nbsp;\r\n\r\n&nbsp;","protected":false},"excerpt":{"rendered":"<p>2017. szeptember 9-\u00e9n megval\u00f3sult a D\u00f6m\u00f6si Z\u00f6ld Forgatag napja, mely f\u0151leg a term\u00e9szetet \u00e9s annak v\u00e9delm\u00e9t vette c\u00e9lba. A gazdag program legink\u00e1bb a csal\u00e1dokat sz\u00f3l\u00edtotta meg. &nbsp; &nbsp; &nbsp;<\/p>\n","protected":false},"author":2,"featured_media":3890,"comment_status":"closed","ping_status":"closed","sticky":false,"template":"","format":"standard","meta":{"_acf_changed":false,"pmpro_default_level":"","footnotes":""},"categories":[45],"tags":[],"class_list":["post-4641","post","type-post","status-publish","format-standard","has-post-thumbnail","hentry","category-0-hu","pmpro-has-access","category-45","description-off"],"acf":[],"yoast_head":"<!-- This site is optimized with the Yoast SEO Premium plugin v21.4 (Yoast SEO v27.5) - https:\/\/yoast.com\/product\/yoast-seo-premium-wordpress\/ -->\n<title>A D\u00f6m\u00f6si Z\u00f6ld Forgatag napja f\u0151leg a csal\u00e1dokat sz\u00f3l\u00edtotta meg - BROZ<\/title>\n<meta name=\"robots\" content=\"index, follow, max-snippet:-1, max-image-preview:large, max-video-preview:-1\" \/>\n<link rel=\"canonical\" href=\"https:\/\/broz.sk\/hu\/zeleny-den-v-domosi-prilakal-najma-rodiny-s-detmi\/\" \/>\n<meta property=\"og:locale\" content=\"hu_HU\" \/>\n<meta property=\"og:type\" content=\"article\" \/>\n<meta property=\"og:title\" content=\"A D\u00f6m\u00f6si Z\u00f6ld Forgatag napja f\u0151leg a csal\u00e1dokat sz\u00f3l\u00edtotta meg\" \/>\n<meta property=\"og:description\" content=\"2017. szeptember 9-\u00e9n megval\u00f3sult a D\u00f6m\u00f6si Z\u00f6ld Forgatag napja, mely f\u0151leg a term\u00e9szetet \u00e9s annak v\u00e9delm\u00e9t vette c\u00e9lba. A gazdag program legink\u00e1bb a csal\u00e1dokat sz\u00f3l\u00edtotta meg. &nbsp; &nbsp; &nbsp;\" \/>\n<meta property=\"og:url\" content=\"https:\/\/broz.sk\/hu\/zeleny-den-v-domosi-prilakal-najma-rodiny-s-detmi\/\" \/>\n<meta property=\"og:site_name\" content=\"BROZ\" \/>\n<meta property=\"article:publisher\" content=\"https:\/\/www.facebook.com\/broz.ba\/\" \/>\n<meta property=\"article:published_time\" content=\"2017-09-09T10:30:47+00:00\" \/>\n<meta property=\"article:modified_time\" content=\"2018-12-17T15:42:11+00:00\" \/>\n<meta property=\"og:image\" content=\"https:\/\/broz.sk\/wp-content\/uploads\/2018\/03\/img-1-1.jpg\" \/>\n\t<meta property=\"og:image:width\" content=\"1000\" \/>\n\t<meta property=\"og:image:height\" content=\"750\" \/>\n\t<meta property=\"og:image:type\" content=\"image\/jpeg\" \/>\n<meta name=\"author\" content=\"broz\" \/>\n<meta name=\"twitter:card\" content=\"summary_large_image\" \/>\n<meta name=\"twitter:label1\" content=\"Szerz\u0151:\" \/>\n\t<meta name=\"twitter:data1\" content=\"broz\" \/>\n<script type=\"application\/ld+json\" class=\"yoast-schema-graph\">{\"@context\":\"https:\\\/\\\/schema.org\",\"@graph\":[{\"@type\":\"Article\",\"@id\":\"https:\\\/\\\/broz.sk\\\/hu\\\/zeleny-den-v-domosi-prilakal-najma-rodiny-s-detmi\\\/#article\",\"isPartOf\":{\"@id\":\"https:\\\/\\\/broz.sk\\\/hu\\\/zeleny-den-v-domosi-prilakal-najma-rodiny-s-detmi\\\/\"},\"author\":{\"name\":\"broz\",\"@id\":\"https:\\\/\\\/broz.sk\\\/#\\\/schema\\\/person\\\/210ebb0b5afa2a18d1e13abfbbb27080\"},\"headline\":\"A D\u00f6m\u00f6si Z\u00f6ld Forgatag napja f\u0151leg a csal\u00e1dokat sz\u00f3l\u00edtotta meg\",\"datePublished\":\"2017-09-09T10:30:47+00:00\",\"dateModified\":\"2018-12-17T15:42:11+00:00\",\"mainEntityOfPage\":{\"@id\":\"https:\\\/\\\/broz.sk\\\/hu\\\/zeleny-den-v-domosi-prilakal-najma-rodiny-s-detmi\\\/\"},\"wordCount\":59,\"publisher\":{\"@id\":\"https:\\\/\\\/broz.sk\\\/#organization\"},\"image\":{\"@id\":\"https:\\\/\\\/broz.sk\\\/hu\\\/zeleny-den-v-domosi-prilakal-najma-rodiny-s-detmi\\\/#primaryimage\"},\"thumbnailUrl\":\"https:\\\/\\\/broz.sk\\\/wp-content\\\/uploads\\\/2018\\\/03\\\/img-1-1.jpg\",\"articleSection\":[\"K\u00f6rnyezetv\u00e9delmi oktat\u00e1s\"],\"inLanguage\":\"hu\"},{\"@type\":\"WebPage\",\"@id\":\"https:\\\/\\\/broz.sk\\\/hu\\\/zeleny-den-v-domosi-prilakal-najma-rodiny-s-detmi\\\/\",\"url\":\"https:\\\/\\\/broz.sk\\\/hu\\\/zeleny-den-v-domosi-prilakal-najma-rodiny-s-detmi\\\/\",\"name\":\"A D\u00f6m\u00f6si Z\u00f6ld Forgatag napja f\u0151leg a csal\u00e1dokat sz\u00f3l\u00edtotta meg - BROZ\",\"isPartOf\":{\"@id\":\"https:\\\/\\\/broz.sk\\\/#website\"},\"primaryImageOfPage\":{\"@id\":\"https:\\\/\\\/broz.sk\\\/hu\\\/zeleny-den-v-domosi-prilakal-najma-rodiny-s-detmi\\\/#primaryimage\"},\"image\":{\"@id\":\"https:\\\/\\\/broz.sk\\\/hu\\\/zeleny-den-v-domosi-prilakal-najma-rodiny-s-detmi\\\/#primaryimage\"},\"thumbnailUrl\":\"https:\\\/\\\/broz.sk\\\/wp-content\\\/uploads\\\/2018\\\/03\\\/img-1-1.jpg\",\"datePublished\":\"2017-09-09T10:30:47+00:00\",\"dateModified\":\"2018-12-17T15:42:11+00:00\",\"breadcrumb\":{\"@id\":\"https:\\\/\\\/broz.sk\\\/hu\\\/zeleny-den-v-domosi-prilakal-najma-rodiny-s-detmi\\\/#breadcrumb\"},\"inLanguage\":\"hu\",\"potentialAction\":[{\"@type\":\"ReadAction\",\"target\":[\"https:\\\/\\\/broz.sk\\\/hu\\\/zeleny-den-v-domosi-prilakal-najma-rodiny-s-detmi\\\/\"]}]},{\"@type\":\"ImageObject\",\"inLanguage\":\"hu\",\"@id\":\"https:\\\/\\\/broz.sk\\\/hu\\\/zeleny-den-v-domosi-prilakal-najma-rodiny-s-detmi\\\/#primaryimage\",\"url\":\"https:\\\/\\\/broz.sk\\\/wp-content\\\/uploads\\\/2018\\\/03\\\/img-1-1.jpg\",\"contentUrl\":\"https:\\\/\\\/broz.sk\\\/wp-content\\\/uploads\\\/2018\\\/03\\\/img-1-1.jpg\",\"width\":1000,\"height\":750},{\"@type\":\"BreadcrumbList\",\"@id\":\"https:\\\/\\\/broz.sk\\\/hu\\\/zeleny-den-v-domosi-prilakal-najma-rodiny-s-detmi\\\/#breadcrumb\",\"itemListElement\":[{\"@type\":\"ListItem\",\"position\":1,\"name\":\"Domovsk\u00e1 str\u00e1nka\",\"item\":\"https:\\\/\\\/broz.sk\\\/\"},{\"@type\":\"ListItem\",\"position\":2,\"name\":\"A D\u00f6m\u00f6si Z\u00f6ld Forgatag napja f\u0151leg a csal\u00e1dokat sz\u00f3l\u00edtotta meg\"}]},{\"@type\":\"WebSite\",\"@id\":\"https:\\\/\\\/broz.sk\\\/#website\",\"url\":\"https:\\\/\\\/broz.sk\\\/\",\"name\":\"BROZ\",\"description\":\"ochran\u00e1rske zdru\u017eenie\",\"publisher\":{\"@id\":\"https:\\\/\\\/broz.sk\\\/#organization\"},\"potentialAction\":[{\"@type\":\"SearchAction\",\"target\":{\"@type\":\"EntryPoint\",\"urlTemplate\":\"https:\\\/\\\/broz.sk\\\/?s={search_term_string}\"},\"query-input\":{\"@type\":\"PropertyValueSpecification\",\"valueRequired\":true,\"valueName\":\"search_term_string\"}}],\"inLanguage\":\"hu\"},{\"@type\":\"Organization\",\"@id\":\"https:\\\/\\\/broz.sk\\\/#organization\",\"name\":\"BROZ - Bratislavsk\u00e9 region\u00e1lne ochran\u00e1rske zdru\u017eenie\",\"url\":\"https:\\\/\\\/broz.sk\\\/\",\"logo\":{\"@type\":\"ImageObject\",\"inLanguage\":\"hu\",\"@id\":\"https:\\\/\\\/broz.sk\\\/#\\\/schema\\\/logo\\\/image\\\/\",\"url\":\"https:\\\/\\\/broz.sk\\\/wp-content\\\/uploads\\\/2018\\\/03\\\/broz-logo-hires-color.png\",\"contentUrl\":\"https:\\\/\\\/broz.sk\\\/wp-content\\\/uploads\\\/2018\\\/03\\\/broz-logo-hires-color.png\",\"width\":2585,\"height\":1618,\"caption\":\"BROZ - Bratislavsk\u00e9 region\u00e1lne ochran\u00e1rske zdru\u017eenie\"},\"image\":{\"@id\":\"https:\\\/\\\/broz.sk\\\/#\\\/schema\\\/logo\\\/image\\\/\"},\"sameAs\":[\"https:\\\/\\\/www.facebook.com\\\/broz.ba\\\/\"]},{\"@type\":\"Person\",\"@id\":\"https:\\\/\\\/broz.sk\\\/#\\\/schema\\\/person\\\/210ebb0b5afa2a18d1e13abfbbb27080\",\"name\":\"broz\",\"image\":{\"@type\":\"ImageObject\",\"inLanguage\":\"hu\",\"@id\":\"https:\\\/\\\/secure.gravatar.com\\\/avatar\\\/2e036a5d302f24b5c517a7e75051ca040aedd897cd58df9cbd4f523a61282112?s=96&d=mm&r=g\",\"url\":\"https:\\\/\\\/secure.gravatar.com\\\/avatar\\\/2e036a5d302f24b5c517a7e75051ca040aedd897cd58df9cbd4f523a61282112?s=96&d=mm&r=g\",\"contentUrl\":\"https:\\\/\\\/secure.gravatar.com\\\/avatar\\\/2e036a5d302f24b5c517a7e75051ca040aedd897cd58df9cbd4f523a61282112?s=96&d=mm&r=g\",\"caption\":\"broz\"},\"url\":\"https:\\\/\\\/broz.sk\\\/hu\\\/author\\\/broz\\\/\"}]}<\/script>\n<!-- \/ Yoast SEO Premium plugin. -->","yoast_head_json":{"title":"A D\u00f6m\u00f6si Z\u00f6ld Forgatag napja f\u0151leg a csal\u00e1dokat sz\u00f3l\u00edtotta meg - BROZ","robots":{"index":"index","follow":"follow","max-snippet":"max-snippet:-1","max-image-preview":"max-image-preview:large","max-video-preview":"max-video-preview:-1"},"canonical":"https:\/\/broz.sk\/hu\/zeleny-den-v-domosi-prilakal-najma-rodiny-s-detmi\/","og_locale":"hu_HU","og_type":"article","og_title":"A D\u00f6m\u00f6si Z\u00f6ld Forgatag napja f\u0151leg a csal\u00e1dokat sz\u00f3l\u00edtotta meg","og_description":"2017. szeptember 9-\u00e9n megval\u00f3sult a D\u00f6m\u00f6si Z\u00f6ld Forgatag napja, mely f\u0151leg a term\u00e9szetet \u00e9s annak v\u00e9delm\u00e9t vette c\u00e9lba. A gazdag program legink\u00e1bb a csal\u00e1dokat sz\u00f3l\u00edtotta meg. &nbsp; &nbsp; &nbsp;","og_url":"https:\/\/broz.sk\/hu\/zeleny-den-v-domosi-prilakal-najma-rodiny-s-detmi\/","og_site_name":"BROZ","article_publisher":"https:\/\/www.facebook.com\/broz.ba\/","article_published_time":"2017-09-09T10:30:47+00:00","article_modified_time":"2018-12-17T15:42:11+00:00","og_image":[{"width":1000,"height":750,"url":"https:\/\/broz.sk\/wp-content\/uploads\/2018\/03\/img-1-1.jpg","type":"image\/jpeg"}],"author":"broz","twitter_card":"summary_large_image","twitter_misc":{"Szerz\u0151:":"broz"},"schema":{"@context":"https:\/\/schema.org","@graph":[{"@type":"Article","@id":"https:\/\/broz.sk\/hu\/zeleny-den-v-domosi-prilakal-najma-rodiny-s-detmi\/#article","isPartOf":{"@id":"https:\/\/broz.sk\/hu\/zeleny-den-v-domosi-prilakal-najma-rodiny-s-detmi\/"},"author":{"name":"broz","@id":"https:\/\/broz.sk\/#\/schema\/person\/210ebb0b5afa2a18d1e13abfbbb27080"},"headline":"A D\u00f6m\u00f6si Z\u00f6ld Forgatag napja f\u0151leg a csal\u00e1dokat sz\u00f3l\u00edtotta meg","datePublished":"2017-09-09T10:30:47+00:00","dateModified":"2018-12-17T15:42:11+00:00","mainEntityOfPage":{"@id":"https:\/\/broz.sk\/hu\/zeleny-den-v-domosi-prilakal-najma-rodiny-s-detmi\/"},"wordCount":59,"publisher":{"@id":"https:\/\/broz.sk\/#organization"},"image":{"@id":"https:\/\/broz.sk\/hu\/zeleny-den-v-domosi-prilakal-najma-rodiny-s-detmi\/#primaryimage"},"thumbnailUrl":"https:\/\/broz.sk\/wp-content\/uploads\/2018\/03\/img-1-1.jpg","articleSection":["K\u00f6rnyezetv\u00e9delmi oktat\u00e1s"],"inLanguage":"hu"},{"@type":"WebPage","@id":"https:\/\/broz.sk\/hu\/zeleny-den-v-domosi-prilakal-najma-rodiny-s-detmi\/","url":"https:\/\/broz.sk\/hu\/zeleny-den-v-domosi-prilakal-najma-rodiny-s-detmi\/","name":"A D\u00f6m\u00f6si Z\u00f6ld Forgatag napja f\u0151leg a csal\u00e1dokat sz\u00f3l\u00edtotta meg - BROZ","isPartOf":{"@id":"https:\/\/broz.sk\/#website"},"primaryImageOfPage":{"@id":"https:\/\/broz.sk\/hu\/zeleny-den-v-domosi-prilakal-najma-rodiny-s-detmi\/#primaryimage"},"image":{"@id":"https:\/\/broz.sk\/hu\/zeleny-den-v-domosi-prilakal-najma-rodiny-s-detmi\/#primaryimage"},"thumbnailUrl":"https:\/\/broz.sk\/wp-content\/uploads\/2018\/03\/img-1-1.jpg","datePublished":"2017-09-09T10:30:47+00:00","dateModified":"2018-12-17T15:42:11+00:00","breadcrumb":{"@id":"https:\/\/broz.sk\/hu\/zeleny-den-v-domosi-prilakal-najma-rodiny-s-detmi\/#breadcrumb"},"inLanguage":"hu","potentialAction":[{"@type":"ReadAction","target":["https:\/\/broz.sk\/hu\/zeleny-den-v-domosi-prilakal-najma-rodiny-s-detmi\/"]}]},{"@type":"ImageObject","inLanguage":"hu","@id":"https:\/\/broz.sk\/hu\/zeleny-den-v-domosi-prilakal-najma-rodiny-s-detmi\/#primaryimage","url":"https:\/\/broz.sk\/wp-content\/uploads\/2018\/03\/img-1-1.jpg","contentUrl":"https:\/\/broz.sk\/wp-content\/uploads\/2018\/03\/img-1-1.jpg","width":1000,"height":750},{"@type":"BreadcrumbList","@id":"https:\/\/broz.sk\/hu\/zeleny-den-v-domosi-prilakal-najma-rodiny-s-detmi\/#breadcrumb","itemListElement":[{"@type":"ListItem","position":1,"name":"Domovsk\u00e1 str\u00e1nka","item":"https:\/\/broz.sk\/"},{"@type":"ListItem","position":2,"name":"A D\u00f6m\u00f6si Z\u00f6ld Forgatag napja f\u0151leg a csal\u00e1dokat sz\u00f3l\u00edtotta meg"}]},{"@type":"WebSite","@id":"https:\/\/broz.sk\/#website","url":"https:\/\/broz.sk\/","name":"BROZ","description":"ochran\u00e1rske zdru\u017eenie","publisher":{"@id":"https:\/\/broz.sk\/#organization"},"potentialAction":[{"@type":"SearchAction","target":{"@type":"EntryPoint","urlTemplate":"https:\/\/broz.sk\/?s={search_term_string}"},"query-input":{"@type":"PropertyValueSpecification","valueRequired":true,"valueName":"search_term_string"}}],"inLanguage":"hu"},{"@type":"Organization","@id":"https:\/\/broz.sk\/#organization","name":"BROZ - Bratislavsk\u00e9 region\u00e1lne ochran\u00e1rske zdru\u017eenie","url":"https:\/\/broz.sk\/","logo":{"@type":"ImageObject","inLanguage":"hu","@id":"https:\/\/broz.sk\/#\/schema\/logo\/image\/","url":"https:\/\/broz.sk\/wp-content\/uploads\/2018\/03\/broz-logo-hires-color.png","contentUrl":"https:\/\/broz.sk\/wp-content\/uploads\/2018\/03\/broz-logo-hires-color.png","width":2585,"height":1618,"caption":"BROZ - Bratislavsk\u00e9 region\u00e1lne ochran\u00e1rske zdru\u017eenie"},"image":{"@id":"https:\/\/broz.sk\/#\/schema\/logo\/image\/"},"sameAs":["https:\/\/www.facebook.com\/broz.ba\/"]},{"@type":"Person","@id":"https:\/\/broz.sk\/#\/schema\/person\/210ebb0b5afa2a18d1e13abfbbb27080","name":"broz","image":{"@type":"ImageObject","inLanguage":"hu","@id":"https:\/\/secure.gravatar.com\/avatar\/2e036a5d302f24b5c517a7e75051ca040aedd897cd58df9cbd4f523a61282112?s=96&d=mm&r=g","url":"https:\/\/secure.gravatar.com\/avatar\/2e036a5d302f24b5c517a7e75051ca040aedd897cd58df9cbd4f523a61282112?s=96&d=mm&r=g","contentUrl":"https:\/\/secure.gravatar.com\/avatar\/2e036a5d302f24b5c517a7e75051ca040aedd897cd58df9cbd4f523a61282112?s=96&d=mm&r=g","caption":"broz"},"url":"https:\/\/broz.sk\/hu\/author\/broz\/"}]}},"_links":{"self":[{"href":"https:\/\/broz.sk\/hu\/wp-json\/wp\/v2\/posts\/4641","targetHints":{"allow":["GET"]}}],"collection":[{"href":"https:\/\/broz.sk\/hu\/wp-json\/wp\/v2\/posts"}],"about":[{"href":"https:\/\/broz.sk\/hu\/wp-json\/wp\/v2\/types\/post"}],"author":[{"embeddable":true,"href":"https:\/\/broz.sk\/hu\/wp-json\/wp\/v2\/users\/2"}],"replies":[{"embeddable":true,"href":"https:\/\/broz.sk\/hu\/wp-json\/wp\/v2\/comments?post=4641"}],"version-history":[{"count":3,"href":"https:\/\/broz.sk\/hu\/wp-json\/wp\/v2\/posts\/4641\/revisions"}],"predecessor-version":[{"id":5905,"href":"https:\/\/broz.sk\/hu\/wp-json\/wp\/v2\/posts\/4641\/revisions\/5905"}],"wp:featuredmedia":[{"embeddable":true,"href":"https:\/\/broz.sk\/hu\/wp-json\/wp\/v2\/media\/3890"}],"wp:attachment":[{"href":"https:\/\/broz.sk\/hu\/wp-json\/wp\/v2\/media?parent=4641"}],"wp:term":[{"taxonomy":"category","embeddable":true,"href":"https:\/\/broz.sk\/hu\/wp-json\/wp\/v2\/categories?post=4641"},{"taxonomy":"post_tag","embeddable":true,"href":"https:\/\/broz.sk\/hu\/wp-json\/wp\/v2\/tags?post=4641"}],"curies":[{"name":"wp","href":"https:\/\/api.w.org\/{rel}","templated":true}]}}