{"id":40774,"date":"2026-03-12T14:24:44","date_gmt":"2026-03-12T13:24:44","guid":{"rendered":"https:\/\/broz.sk\/life-resistance-az-ias-konferencian-a-duna-menten\/"},"modified":"2026-03-12T14:26:20","modified_gmt":"2026-03-12T13:26:20","slug":"life-resistance-az-ias-konferencian-a-duna-menten","status":"publish","type":"post","link":"https:\/\/broz.sk\/hu\/life-resistance-az-ias-konferencian-a-duna-menten\/","title":{"rendered":"LIFE Resistance az IAS konferenci\u00e1n a Duna ment\u00e9n"},"content":{"rendered":"<div class=\"wpb-content-wrapper\">[vc_row][vc_column][vc_column_text css=&#8221;&#8221;]<span style=\"font-weight: 400;\">2026 m\u00e1rcius 4.-5.-\u00e9n projekt\u00fcnket a Szlov\u00e1k Tudom\u00e1nyos Akad\u00e9mia N\u00f6v\u00e9nybiol\u00f3giai \u00e9s Biodiverzit\u00e1si K\u00f6zpontj\u00e1nak munkat\u00e1rsai k\u00e9pviselt\u00e9k a \u201eInv\u00e1zi\u00f3s idegen fajok a Duna r\u00e9gi\u00f3ban: region\u00e1lis jelent\u0151s\u00e9g\u0171 inv\u00e1zi\u00f3s fajok\u201d c\u00edm\u0171 nemzetk\u00f6zi konferenci\u00e1n, amelyet Magyarorsz\u00e1gon, Tata v\u00e1ros\u00e1ban rendeztek meg. Az esem\u00e9nyen miniszt\u00e9riumok, az Eur\u00f3pai Bizotts\u00e1g, nemzetk\u00f6zi szervezetek, kutat\u00f3int\u00e9zetek, term\u00e9szetv\u00e9d\u0151k \u00e9s civil szervezetek k\u00e9pvisel\u0151i tal\u00e1lkoztak a teljes Duna menti r\u00e9gi\u00f3b\u00f3l.<\/span><span style=\"font-weight: 400;\">\r\n<\/span>[\/vc_column_text][vc_column_text css=&#8221;&#8221;]<span style=\"font-weight: 400;\">Partnereink lehet\u0151s\u00e9get kaptak arra, hogy bemutass\u00e1k a LIFE Resistance projektet szak\u00e9rt\u0151knek \u00e9s d\u00f6nt\u00e9shoz\u00f3knak Eur\u00f3pa k\u00fcl\u00f6nb\u00f6z\u0151 orsz\u00e1gaib\u00f3l. Elmondt\u00e1k, mi hajtja el\u0151re munk\u00e1nkat: az inv\u00e1zi\u00f3s n\u00f6v\u00e9nyfajok terjed\u00e9s\u00e9nek visszaszor\u00edt\u00e1sa a hat\u00e1r menti ter\u00fcleteken. Egy\u00fattal ismertett\u00e9k azokat a m\u00f3dszereket \u00e9s elj\u00e1r\u00e1sokat is, amelyek k\u00fcl\u00f6nlegess\u00e9 teszik projekt\u00fcnket. Megosztott\u00e1k a terepi munka els\u0151 eredm\u00e9nyeit is.Az inv\u00e1zi\u00f3s fajok nem ismernek hat\u00e1rokat, ez\u00e9rt a vel\u00fck folytatott k\u00fczdelem sem \u00e1llhat meg egyetlen orsz\u00e1g hat\u00e1r\u00e1n. \u00c9ppen ez\u00e9rt fontosak az ilyen tal\u00e1lkoz\u00f3k. Seg\u00edtenek abban, hogy munk\u00e1nkat sz\u00e9lesebb \u00f6sszef\u00fcgg\u00e9sbe helyezz\u00fck, \u00faj potenci\u00e1lis partnereket ismerj\u00fcnk meg, \u00e9s hozz\u00e1j\u00e1ruljunk a biol\u00f3giai inv\u00e1zi\u00f3k elleni eur\u00f3pai strat\u00e9gi\u00e1hoz.<\/span>[\/vc_column_text][vc_column_text css=&#8221;&#8221;]<span style=\"font-weight: 400;\">K\u00f6sz\u00f6nj\u00fck a Szlov\u00e1k Tudom\u00e1nyos Akad\u00e9mia N\u00f6v\u00e9nybiol\u00f3giai \u00e9s Biodiverzit\u00e1si K\u00f6zpontja munkat\u00e1rsainak a projekt kiv\u00e1l\u00f3 k\u00e9pviselet\u00e9t. \u00d6r\u00f6mmel v\u00e1rjuk a tov\u00e1bbi alkalmakat, ahol bemutathatjuk tev\u00e9kenys\u00e9geink eredm\u00e9nyeit.<\/span>[\/vc_column_text][\/vc_column][\/vc_row]<\/div>","protected":false},"excerpt":{"rendered":"<p>2026 m\u00e1rcius 4.-5.-\u00e9n projekt\u00fcnket a Szlov\u00e1k Tudom\u00e1nyos Akad\u00e9mia N\u00f6v\u00e9nybiol\u00f3giai \u00e9s Biodiverzit\u00e1si K\u00f6zpontj\u00e1nak munkat\u00e1rsai k\u00e9pviselt\u00e9k a \u201eInv\u00e1zi\u00f3s idegen fajok a Duna r\u00e9gi\u00f3ban: region\u00e1lis jelent\u0151s\u00e9g\u0171 inv\u00e1zi\u00f3s fajok\u201d c\u00edm\u0171 nemzetk\u00f6zi konferenci\u00e1n, amelyet Magyarorsz\u00e1gon, Tata v\u00e1ros\u00e1ban rendeztek meg.<\/p>\n","protected":false},"author":19,"featured_media":40767,"comment_status":"closed","ping_status":"closed","sticky":false,"template":"","format":"standard","meta":{"_acf_changed":false,"pmpro_default_level":"","footnotes":""},"categories":[45],"tags":[28],"class_list":["post-40774","post","type-post","status-publish","format-standard","has-post-thumbnail","hentry","category-0-hu","tag-life-hu","pmpro-has-access","category-45","description-off"],"acf":[],"yoast_head":"<!-- This site is optimized with the Yoast SEO Premium plugin v21.4 (Yoast SEO v27.5) - https:\/\/yoast.com\/product\/yoast-seo-premium-wordpress\/ -->\n<title>LIFE Resistance az IAS konferenci\u00e1n a Duna ment\u00e9n - BROZ<\/title>\n<meta name=\"robots\" content=\"index, follow, max-snippet:-1, max-image-preview:large, max-video-preview:-1\" \/>\n<link rel=\"canonical\" href=\"https:\/\/broz.sk\/hu\/life-resistance-az-ias-konferencian-a-duna-menten\/\" \/>\n<meta property=\"og:locale\" content=\"hu_HU\" \/>\n<meta property=\"og:type\" content=\"article\" \/>\n<meta property=\"og:title\" content=\"LIFE Resistance az IAS konferenci\u00e1n a Duna ment\u00e9n\" \/>\n<meta property=\"og:description\" content=\"2026 m\u00e1rcius 4.-5.-\u00e9n projekt\u00fcnket a Szlov\u00e1k Tudom\u00e1nyos Akad\u00e9mia N\u00f6v\u00e9nybiol\u00f3giai \u00e9s Biodiverzit\u00e1si K\u00f6zpontj\u00e1nak munkat\u00e1rsai k\u00e9pviselt\u00e9k a \u201eInv\u00e1zi\u00f3s idegen fajok a Duna r\u00e9gi\u00f3ban: region\u00e1lis jelent\u0151s\u00e9g\u0171 inv\u00e1zi\u00f3s fajok\u201d c\u00edm\u0171 nemzetk\u00f6zi konferenci\u00e1n, amelyet Magyarorsz\u00e1gon, Tata v\u00e1ros\u00e1ban rendeztek meg.\" \/>\n<meta property=\"og:url\" content=\"https:\/\/broz.sk\/hu\/life-resistance-az-ias-konferencian-a-duna-menten\/\" \/>\n<meta property=\"og:site_name\" content=\"BROZ\" \/>\n<meta property=\"article:publisher\" content=\"https:\/\/www.facebook.com\/broz.ba\/\" \/>\n<meta property=\"article:published_time\" content=\"2026-03-12T13:24:44+00:00\" \/>\n<meta property=\"article:modified_time\" content=\"2026-03-12T13:26:20+00:00\" \/>\n<meta property=\"og:image\" content=\"https:\/\/broz.sk\/wp-content\/uploads\/2026\/03\/IMG_3537.jpeg\" \/>\n\t<meta property=\"og:image:width\" content=\"1280\" \/>\n\t<meta property=\"og:image:height\" content=\"960\" \/>\n\t<meta property=\"og:image:type\" content=\"image\/jpeg\" \/>\n<meta name=\"author\" content=\"Patrik Ga\u017eo\" \/>\n<meta name=\"twitter:card\" content=\"summary_large_image\" \/>\n<meta name=\"twitter:label1\" content=\"Szerz\u0151:\" \/>\n\t<meta name=\"twitter:data1\" content=\"Patrik Ga\u017eo\" \/>\n\t<meta name=\"twitter:label2\" content=\"Becs\u00fclt olvas\u00e1si id\u0151\" \/>\n\t<meta name=\"twitter:data2\" content=\"2 perc\" \/>\n<script type=\"application\/ld+json\" class=\"yoast-schema-graph\">{\"@context\":\"https:\\\/\\\/schema.org\",\"@graph\":[{\"@type\":\"Article\",\"@id\":\"https:\\\/\\\/broz.sk\\\/hu\\\/life-resistance-az-ias-konferencian-a-duna-menten\\\/#article\",\"isPartOf\":{\"@id\":\"https:\\\/\\\/broz.sk\\\/hu\\\/life-resistance-az-ias-konferencian-a-duna-menten\\\/\"},\"author\":{\"name\":\"Patrik Ga\u017eo\",\"@id\":\"https:\\\/\\\/broz.sk\\\/#\\\/schema\\\/person\\\/5247c0302e5e2ef1d8cd4f1adc2bee8b\"},\"headline\":\"LIFE Resistance az IAS konferenci\u00e1n a Duna ment\u00e9n\",\"datePublished\":\"2026-03-12T13:24:44+00:00\",\"dateModified\":\"2026-03-12T13:26:20+00:00\",\"mainEntityOfPage\":{\"@id\":\"https:\\\/\\\/broz.sk\\\/hu\\\/life-resistance-az-ias-konferencian-a-duna-menten\\\/\"},\"wordCount\":340,\"publisher\":{\"@id\":\"https:\\\/\\\/broz.sk\\\/#organization\"},\"image\":{\"@id\":\"https:\\\/\\\/broz.sk\\\/hu\\\/life-resistance-az-ias-konferencian-a-duna-menten\\\/#primaryimage\"},\"thumbnailUrl\":\"https:\\\/\\\/broz.sk\\\/wp-content\\\/uploads\\\/2026\\\/03\\\/IMG_3537.jpeg\",\"keywords\":[\"LIFE\"],\"articleSection\":[\"K\u00f6rnyezetv\u00e9delmi oktat\u00e1s\"],\"inLanguage\":\"hu\"},{\"@type\":\"WebPage\",\"@id\":\"https:\\\/\\\/broz.sk\\\/hu\\\/life-resistance-az-ias-konferencian-a-duna-menten\\\/\",\"url\":\"https:\\\/\\\/broz.sk\\\/hu\\\/life-resistance-az-ias-konferencian-a-duna-menten\\\/\",\"name\":\"LIFE Resistance az IAS konferenci\u00e1n a Duna ment\u00e9n - BROZ\",\"isPartOf\":{\"@id\":\"https:\\\/\\\/broz.sk\\\/#website\"},\"primaryImageOfPage\":{\"@id\":\"https:\\\/\\\/broz.sk\\\/hu\\\/life-resistance-az-ias-konferencian-a-duna-menten\\\/#primaryimage\"},\"image\":{\"@id\":\"https:\\\/\\\/broz.sk\\\/hu\\\/life-resistance-az-ias-konferencian-a-duna-menten\\\/#primaryimage\"},\"thumbnailUrl\":\"https:\\\/\\\/broz.sk\\\/wp-content\\\/uploads\\\/2026\\\/03\\\/IMG_3537.jpeg\",\"datePublished\":\"2026-03-12T13:24:44+00:00\",\"dateModified\":\"2026-03-12T13:26:20+00:00\",\"breadcrumb\":{\"@id\":\"https:\\\/\\\/broz.sk\\\/hu\\\/life-resistance-az-ias-konferencian-a-duna-menten\\\/#breadcrumb\"},\"inLanguage\":\"hu\",\"potentialAction\":[{\"@type\":\"ReadAction\",\"target\":[\"https:\\\/\\\/broz.sk\\\/hu\\\/life-resistance-az-ias-konferencian-a-duna-menten\\\/\"]}]},{\"@type\":\"ImageObject\",\"inLanguage\":\"hu\",\"@id\":\"https:\\\/\\\/broz.sk\\\/hu\\\/life-resistance-az-ias-konferencian-a-duna-menten\\\/#primaryimage\",\"url\":\"https:\\\/\\\/broz.sk\\\/wp-content\\\/uploads\\\/2026\\\/03\\\/IMG_3537.jpeg\",\"contentUrl\":\"https:\\\/\\\/broz.sk\\\/wp-content\\\/uploads\\\/2026\\\/03\\\/IMG_3537.jpeg\",\"width\":1280,\"height\":960,\"caption\":\"LIFE Resistance na konferencii o IAS v okol\u00ed Dunaja\"},{\"@type\":\"BreadcrumbList\",\"@id\":\"https:\\\/\\\/broz.sk\\\/hu\\\/life-resistance-az-ias-konferencian-a-duna-menten\\\/#breadcrumb\",\"itemListElement\":[{\"@type\":\"ListItem\",\"position\":1,\"name\":\"Domovsk\u00e1 str\u00e1nka\",\"item\":\"https:\\\/\\\/broz.sk\\\/\"},{\"@type\":\"ListItem\",\"position\":2,\"name\":\"LIFE Resistance az IAS konferenci\u00e1n a Duna ment\u00e9n\"}]},{\"@type\":\"WebSite\",\"@id\":\"https:\\\/\\\/broz.sk\\\/#website\",\"url\":\"https:\\\/\\\/broz.sk\\\/\",\"name\":\"BROZ\",\"description\":\"ochran\u00e1rske zdru\u017eenie\",\"publisher\":{\"@id\":\"https:\\\/\\\/broz.sk\\\/#organization\"},\"potentialAction\":[{\"@type\":\"SearchAction\",\"target\":{\"@type\":\"EntryPoint\",\"urlTemplate\":\"https:\\\/\\\/broz.sk\\\/?s={search_term_string}\"},\"query-input\":{\"@type\":\"PropertyValueSpecification\",\"valueRequired\":true,\"valueName\":\"search_term_string\"}}],\"inLanguage\":\"hu\"},{\"@type\":\"Organization\",\"@id\":\"https:\\\/\\\/broz.sk\\\/#organization\",\"name\":\"BROZ - Bratislavsk\u00e9 region\u00e1lne ochran\u00e1rske zdru\u017eenie\",\"url\":\"https:\\\/\\\/broz.sk\\\/\",\"logo\":{\"@type\":\"ImageObject\",\"inLanguage\":\"hu\",\"@id\":\"https:\\\/\\\/broz.sk\\\/#\\\/schema\\\/logo\\\/image\\\/\",\"url\":\"https:\\\/\\\/broz.sk\\\/wp-content\\\/uploads\\\/2018\\\/03\\\/broz-logo-hires-color.png\",\"contentUrl\":\"https:\\\/\\\/broz.sk\\\/wp-content\\\/uploads\\\/2018\\\/03\\\/broz-logo-hires-color.png\",\"width\":2585,\"height\":1618,\"caption\":\"BROZ - Bratislavsk\u00e9 region\u00e1lne ochran\u00e1rske zdru\u017eenie\"},\"image\":{\"@id\":\"https:\\\/\\\/broz.sk\\\/#\\\/schema\\\/logo\\\/image\\\/\"},\"sameAs\":[\"https:\\\/\\\/www.facebook.com\\\/broz.ba\\\/\"]},{\"@type\":\"Person\",\"@id\":\"https:\\\/\\\/broz.sk\\\/#\\\/schema\\\/person\\\/5247c0302e5e2ef1d8cd4f1adc2bee8b\",\"name\":\"Patrik Ga\u017eo\",\"image\":{\"@type\":\"ImageObject\",\"inLanguage\":\"hu\",\"@id\":\"https:\\\/\\\/secure.gravatar.com\\\/avatar\\\/4e5a871362c2d898a426c79781b751703b1b935ee6a48ac3c7a9b78ec6522ddf?s=96&d=mm&r=g\",\"url\":\"https:\\\/\\\/secure.gravatar.com\\\/avatar\\\/4e5a871362c2d898a426c79781b751703b1b935ee6a48ac3c7a9b78ec6522ddf?s=96&d=mm&r=g\",\"contentUrl\":\"https:\\\/\\\/secure.gravatar.com\\\/avatar\\\/4e5a871362c2d898a426c79781b751703b1b935ee6a48ac3c7a9b78ec6522ddf?s=96&d=mm&r=g\",\"caption\":\"Patrik Ga\u017eo\"},\"url\":\"https:\\\/\\\/broz.sk\\\/hu\\\/author\\\/patrik-gazo\\\/\"}]}<\/script>\n<!-- \/ Yoast SEO Premium plugin. -->","yoast_head_json":{"title":"LIFE Resistance az IAS konferenci\u00e1n a Duna ment\u00e9n - BROZ","robots":{"index":"index","follow":"follow","max-snippet":"max-snippet:-1","max-image-preview":"max-image-preview:large","max-video-preview":"max-video-preview:-1"},"canonical":"https:\/\/broz.sk\/hu\/life-resistance-az-ias-konferencian-a-duna-menten\/","og_locale":"hu_HU","og_type":"article","og_title":"LIFE Resistance az IAS konferenci\u00e1n a Duna ment\u00e9n","og_description":"2026 m\u00e1rcius 4.-5.-\u00e9n projekt\u00fcnket a Szlov\u00e1k Tudom\u00e1nyos Akad\u00e9mia N\u00f6v\u00e9nybiol\u00f3giai \u00e9s Biodiverzit\u00e1si K\u00f6zpontj\u00e1nak munkat\u00e1rsai k\u00e9pviselt\u00e9k a \u201eInv\u00e1zi\u00f3s idegen fajok a Duna r\u00e9gi\u00f3ban: region\u00e1lis jelent\u0151s\u00e9g\u0171 inv\u00e1zi\u00f3s fajok\u201d c\u00edm\u0171 nemzetk\u00f6zi konferenci\u00e1n, amelyet Magyarorsz\u00e1gon, Tata v\u00e1ros\u00e1ban rendeztek meg.","og_url":"https:\/\/broz.sk\/hu\/life-resistance-az-ias-konferencian-a-duna-menten\/","og_site_name":"BROZ","article_publisher":"https:\/\/www.facebook.com\/broz.ba\/","article_published_time":"2026-03-12T13:24:44+00:00","article_modified_time":"2026-03-12T13:26:20+00:00","og_image":[{"width":1280,"height":960,"url":"https:\/\/broz.sk\/wp-content\/uploads\/2026\/03\/IMG_3537.jpeg","type":"image\/jpeg"}],"author":"Patrik Ga\u017eo","twitter_card":"summary_large_image","twitter_misc":{"Szerz\u0151:":"Patrik Ga\u017eo","Becs\u00fclt olvas\u00e1si id\u0151":"2 perc"},"schema":{"@context":"https:\/\/schema.org","@graph":[{"@type":"Article","@id":"https:\/\/broz.sk\/hu\/life-resistance-az-ias-konferencian-a-duna-menten\/#article","isPartOf":{"@id":"https:\/\/broz.sk\/hu\/life-resistance-az-ias-konferencian-a-duna-menten\/"},"author":{"name":"Patrik Ga\u017eo","@id":"https:\/\/broz.sk\/#\/schema\/person\/5247c0302e5e2ef1d8cd4f1adc2bee8b"},"headline":"LIFE Resistance az IAS konferenci\u00e1n a Duna ment\u00e9n","datePublished":"2026-03-12T13:24:44+00:00","dateModified":"2026-03-12T13:26:20+00:00","mainEntityOfPage":{"@id":"https:\/\/broz.sk\/hu\/life-resistance-az-ias-konferencian-a-duna-menten\/"},"wordCount":340,"publisher":{"@id":"https:\/\/broz.sk\/#organization"},"image":{"@id":"https:\/\/broz.sk\/hu\/life-resistance-az-ias-konferencian-a-duna-menten\/#primaryimage"},"thumbnailUrl":"https:\/\/broz.sk\/wp-content\/uploads\/2026\/03\/IMG_3537.jpeg","keywords":["LIFE"],"articleSection":["K\u00f6rnyezetv\u00e9delmi oktat\u00e1s"],"inLanguage":"hu"},{"@type":"WebPage","@id":"https:\/\/broz.sk\/hu\/life-resistance-az-ias-konferencian-a-duna-menten\/","url":"https:\/\/broz.sk\/hu\/life-resistance-az-ias-konferencian-a-duna-menten\/","name":"LIFE Resistance az IAS konferenci\u00e1n a Duna ment\u00e9n - BROZ","isPartOf":{"@id":"https:\/\/broz.sk\/#website"},"primaryImageOfPage":{"@id":"https:\/\/broz.sk\/hu\/life-resistance-az-ias-konferencian-a-duna-menten\/#primaryimage"},"image":{"@id":"https:\/\/broz.sk\/hu\/life-resistance-az-ias-konferencian-a-duna-menten\/#primaryimage"},"thumbnailUrl":"https:\/\/broz.sk\/wp-content\/uploads\/2026\/03\/IMG_3537.jpeg","datePublished":"2026-03-12T13:24:44+00:00","dateModified":"2026-03-12T13:26:20+00:00","breadcrumb":{"@id":"https:\/\/broz.sk\/hu\/life-resistance-az-ias-konferencian-a-duna-menten\/#breadcrumb"},"inLanguage":"hu","potentialAction":[{"@type":"ReadAction","target":["https:\/\/broz.sk\/hu\/life-resistance-az-ias-konferencian-a-duna-menten\/"]}]},{"@type":"ImageObject","inLanguage":"hu","@id":"https:\/\/broz.sk\/hu\/life-resistance-az-ias-konferencian-a-duna-menten\/#primaryimage","url":"https:\/\/broz.sk\/wp-content\/uploads\/2026\/03\/IMG_3537.jpeg","contentUrl":"https:\/\/broz.sk\/wp-content\/uploads\/2026\/03\/IMG_3537.jpeg","width":1280,"height":960,"caption":"LIFE Resistance na konferencii o IAS v okol\u00ed Dunaja"},{"@type":"BreadcrumbList","@id":"https:\/\/broz.sk\/hu\/life-resistance-az-ias-konferencian-a-duna-menten\/#breadcrumb","itemListElement":[{"@type":"ListItem","position":1,"name":"Domovsk\u00e1 str\u00e1nka","item":"https:\/\/broz.sk\/"},{"@type":"ListItem","position":2,"name":"LIFE Resistance az IAS konferenci\u00e1n a Duna ment\u00e9n"}]},{"@type":"WebSite","@id":"https:\/\/broz.sk\/#website","url":"https:\/\/broz.sk\/","name":"BROZ","description":"ochran\u00e1rske zdru\u017eenie","publisher":{"@id":"https:\/\/broz.sk\/#organization"},"potentialAction":[{"@type":"SearchAction","target":{"@type":"EntryPoint","urlTemplate":"https:\/\/broz.sk\/?s={search_term_string}"},"query-input":{"@type":"PropertyValueSpecification","valueRequired":true,"valueName":"search_term_string"}}],"inLanguage":"hu"},{"@type":"Organization","@id":"https:\/\/broz.sk\/#organization","name":"BROZ - Bratislavsk\u00e9 region\u00e1lne ochran\u00e1rske zdru\u017eenie","url":"https:\/\/broz.sk\/","logo":{"@type":"ImageObject","inLanguage":"hu","@id":"https:\/\/broz.sk\/#\/schema\/logo\/image\/","url":"https:\/\/broz.sk\/wp-content\/uploads\/2018\/03\/broz-logo-hires-color.png","contentUrl":"https:\/\/broz.sk\/wp-content\/uploads\/2018\/03\/broz-logo-hires-color.png","width":2585,"height":1618,"caption":"BROZ - Bratislavsk\u00e9 region\u00e1lne ochran\u00e1rske zdru\u017eenie"},"image":{"@id":"https:\/\/broz.sk\/#\/schema\/logo\/image\/"},"sameAs":["https:\/\/www.facebook.com\/broz.ba\/"]},{"@type":"Person","@id":"https:\/\/broz.sk\/#\/schema\/person\/5247c0302e5e2ef1d8cd4f1adc2bee8b","name":"Patrik Ga\u017eo","image":{"@type":"ImageObject","inLanguage":"hu","@id":"https:\/\/secure.gravatar.com\/avatar\/4e5a871362c2d898a426c79781b751703b1b935ee6a48ac3c7a9b78ec6522ddf?s=96&d=mm&r=g","url":"https:\/\/secure.gravatar.com\/avatar\/4e5a871362c2d898a426c79781b751703b1b935ee6a48ac3c7a9b78ec6522ddf?s=96&d=mm&r=g","contentUrl":"https:\/\/secure.gravatar.com\/avatar\/4e5a871362c2d898a426c79781b751703b1b935ee6a48ac3c7a9b78ec6522ddf?s=96&d=mm&r=g","caption":"Patrik Ga\u017eo"},"url":"https:\/\/broz.sk\/hu\/author\/patrik-gazo\/"}]}},"_links":{"self":[{"href":"https:\/\/broz.sk\/hu\/wp-json\/wp\/v2\/posts\/40774","targetHints":{"allow":["GET"]}}],"collection":[{"href":"https:\/\/broz.sk\/hu\/wp-json\/wp\/v2\/posts"}],"about":[{"href":"https:\/\/broz.sk\/hu\/wp-json\/wp\/v2\/types\/post"}],"author":[{"embeddable":true,"href":"https:\/\/broz.sk\/hu\/wp-json\/wp\/v2\/users\/19"}],"replies":[{"embeddable":true,"href":"https:\/\/broz.sk\/hu\/wp-json\/wp\/v2\/comments?post=40774"}],"version-history":[{"count":3,"href":"https:\/\/broz.sk\/hu\/wp-json\/wp\/v2\/posts\/40774\/revisions"}],"predecessor-version":[{"id":40777,"href":"https:\/\/broz.sk\/hu\/wp-json\/wp\/v2\/posts\/40774\/revisions\/40777"}],"wp:featuredmedia":[{"embeddable":true,"href":"https:\/\/broz.sk\/hu\/wp-json\/wp\/v2\/media\/40767"}],"wp:attachment":[{"href":"https:\/\/broz.sk\/hu\/wp-json\/wp\/v2\/media?parent=40774"}],"wp:term":[{"taxonomy":"category","embeddable":true,"href":"https:\/\/broz.sk\/hu\/wp-json\/wp\/v2\/categories?post=40774"},{"taxonomy":"post_tag","embeddable":true,"href":"https:\/\/broz.sk\/hu\/wp-json\/wp\/v2\/tags?post=40774"}],"curies":[{"name":"wp","href":"https:\/\/api.w.org\/{rel}","templated":true}]}}