{"id":34817,"date":"2020-05-14T11:51:51","date_gmt":"2020-05-14T09:51:51","guid":{"rendered":"https:\/\/broz.sk\/az-arteri-erdok-helyreallitasa-a-biodiverzitas-es-a-klima-vedelmeert\/"},"modified":"2024-10-23T11:56:45","modified_gmt":"2024-10-23T09:56:45","slug":"az-arteri-erdok-helyreallitasa-a-biodiverzitas-es-a-klima-vedelmeert","status":"publish","type":"post","link":"https:\/\/broz.sk\/hu\/az-arteri-erdok-helyreallitasa-a-biodiverzitas-es-a-klima-vedelmeert\/","title":{"rendered":"Az \u00e1rt\u00e9ri erd\u0151k helyre\u00e1ll\u00edt\u00e1sa a biodiverzit\u00e1s \u00e9s a kl\u00edma v\u00e9delm\u00e9\u00e9rt"},"content":{"rendered":"<div class=\"wpb-content-wrapper\">[vc_row][vc_column][vc_column_text]<span style=\"font-weight: 400;\">A kl\u00edmav\u00e1ltoz\u00e1s megold\u00e1sainak keres\u00e9sekor az \u00e1rt\u00e9ri erd\u0151k gyakran h\u00e1tt\u00e9rbe szorulnak. Pedig ezeknek az erd\u0151knek a helyre\u00e1ll\u00edt\u00e1sa kulcsszerepet j\u00e1tszhat a l\u00e9gk\u00f6r sz\u00e9n-dioxid (CO\u2082) koncentr\u00e1ci\u00f3j\u00e1nak cs\u00f6kkent\u00e9s\u00e9ben.<\/span>\r\n\r\n<span style=\"font-weight: 400;\">A f\u00e1k k\u00e9pesek jelent\u0151s mennyis\u00e9g\u0171 CO\u2082-t megk\u00f6tni \u00e9s sz\u00e9n form\u00e1j\u00e1ban t\u00e1rolni a sz\u00f6veteikben. Egy \u00e9rett fa ak\u00e1r 22 kg CO\u2082-t is k\u00e9pes \u201ekinyerni\u201d az atmoszf\u00e9r\u00e1b\u00f3l \u00e9vente. Ez\u00e9rt az erd\u0151k rendk\u00edv\u00fcl fontosak a folyamatban l\u00e9v\u0151 kl\u00edmav\u00e1ltoz\u00e1s lass\u00edt\u00e1s\u00e1ban, amelyet f\u0151k\u00e9nt a fosszilis t\u00fczel\u0151anyagok el\u00e9get\u00e9se okoz.<\/span>\r\n\r\n[\/vc_column_text][vc_single_image image=&#8221;11860&#8243; img_size=&#8221;large&#8221; title=&#8221;Fontos megjegyezni, hogy nem minden erd\u0151 egyenl\u0151; egyes erd\u0151t\u00edpusok hat\u00e9konyabban k\u00e9pesek megk\u00f6tni a sz\u00e9n-dioxidot, mint m\u00e1sok&#8221;][vc_column_text]<span style=\"font-weight: 400;\">Az \u00e1rt\u00e9ri erd\u0151k, amelyek a foly\u00f3k k\u00f6r\u00fcli s\u00edks\u00e1gokon tal\u00e1lhat\u00f3k, a foly\u00f3 dinamik\u00e1j\u00e1nak k\u00f6sz\u00f6nhet\u0151en sokkal term\u00e9kenyebbek, \u00edgy l\u00e9nyegesen nagyobb a sz\u00e9n-dioxid megk\u00f6t\u0151 k\u00e9pess\u00e9g\u00fck is. Az \u00e1rt\u00e9ri erd\u0151k veget\u00e1ci\u00f3j\u00e1ban \u00e9s talaj\u00e1ban k\u00e9tszer annyi sz\u00e9n tal\u00e1lhat\u00f3, mint a magasabban fekv\u0151 erd\u0151kben.<\/span>\r\n\r\n<span style=\"font-weight: 400;\">A talaj rendk\u00edv\u00fcl fontos szerepet j\u00e1tszik a sz\u00e9n t\u00e1rol\u00e1s\u00e1ban, mivel az \u00e1ltala megk\u00f6t\u00f6tt sz\u00e9n ak\u00e1r 50%-a is itt rakt\u00e1roz\u00f3dik. Ez az oka annak, hogy az \u00e1rt\u00e9ri erd\u0151k k\u00fcl\u00f6n\u00f6sen hat\u00e9konyak a sz\u00e9n-dioxid elnyel\u00e9s\u00e9ben. A foly\u00f3k t\u00e1pl\u00e1lta talaj rendszeres meg\u00fajul\u00e1s\u00e1nak k\u00f6sz\u00f6nhet\u0151en az \u00e1rvizek sor\u00e1n ezek az erd\u0151k val\u00f3di CO\u2082-elnyel\u0151 rendszerr\u00e9 v\u00e1lnak, amelyek hekt\u00e1ronk\u00e9nt ak\u00e1r 354 tonna sz\u00e9n-dioxidot is k\u00e9pesek t\u00e1rolni.<\/span>\r\n\r\n<span style=\"font-weight: 400;\">A f\u00e1k CO\u2082 megk\u00f6t\u00e9s\u00e9re val\u00f3 k\u00e9pess\u00e9g\u00e9t a kezel\u00e9s\u00fck m\u00f3dja is befoly\u00e1solja. Az intenz\u00edv erd\u0151gazd\u00e1lkod\u00e1s \u00e9s a sz\u00e9lesk\u00f6r\u0171 fakitermel\u00e9s k\u00e1ros\u00edtja az erd\u0151 talaj\u00e1t, ezzel nagy mennyis\u00e9g\u0171 CO\u2082-t szabad\u00edtva fel. \u00cdgy a fakitermel\u00e9s sor\u00e1n az erd\u0151 forr\u00e1ss\u00e1 v\u00e1lik a CO\u2082-kibocs\u00e1t\u00e1s szempontj\u00e1b\u00f3l.<\/span>[\/vc_column_text][vc_single_image image=&#8221;11864&#8243; img_size=&#8221;large&#8221; title=&#8221;Hibrid f\u0171zf\u00e1k monokult\u00far\u00e1ja&#8221;][vc_column_text]<span style=\"font-weight: 400;\">A Dun\u00e1t \u00f6vez\u0151 \u00e1rt\u00e9ri erd\u0151k a szlov\u00e1k ter\u00fcleteken napjainkban er\u0151teljesen ki vannak t\u00e9ve az intenz\u00edv erd\u0151gazd\u00e1lkod\u00e1snak. Az \u00e1rt\u00e9ri erd\u0151k fenntart\u00e1sa ma m\u00e1r nagyr\u00e9szt nem \u0151shonos hibrid fafajok termeszt\u00e9s\u00e9re \u00e9p\u00fcl. Ezek a hibrid fajt\u00e1k nemcsak a biodiverzit\u00e1sra gyakorolnak kedvez\u0151tlen hat\u00e1st, hanem a kl\u00edm\u00e1ra is, mivel a sz\u00e9n-dioxid t\u00e1rol\u00e1s\u00e1ra val\u00f3 k\u00e9pess\u00e9g\u00fck a fel\u00e9re cs\u00f6kkent a term\u00e9szetes erd\u0151kh\u00f6z k\u00e9pest.<\/span>\r\n\r\n<span style=\"font-weight: 400;\">A Duna \u00e1rt\u00e9r erd\u0151it a B\u0151si v\u00edzier\u0151m\u0171 \u00e9p\u00edt\u00e9se miatt megv\u00e1ltozott v\u00edzviszonyok is s\u00fajtj\u00e1k. A v\u00edz elterel\u0151d\u00f6tt a Duna eredeti medr\u00e9b\u0151l, \u00e9s a foly\u00f3rendszer jelent\u0151s r\u00e9sze, ahol az erd\u0151k tal\u00e1lhat\u00f3k, v\u00edzhi\u00e1ny miatt kisz\u00e1rad. A foly\u00f3 dinamik\u00e1j\u00e1nak \u00e9s az \u00e1rvizek hi\u00e1nya cs\u00f6kkenti az erd\u0151k regener\u00e1l\u00f3d\u00e1si k\u00e9pess\u00e9g\u00e9t, ezzel egy\u00fctt pedig a sz\u00e9n-dioxid megk\u00f6t\u00e9s\u00e9re val\u00f3 potenci\u00e1ljukat is.<\/span>[\/vc_column_text][vc_single_image image=&#8221;11868&#8243; img_size=&#8221;large&#8221;][vc_column_text]<span style=\"font-weight: 400;\">A jelenlegi kl\u00edmav\u00e1ls\u00e1g kontextus\u00e1ban az \u00e1rt\u00e9ri erd\u0151k helyre\u00e1ll\u00edt\u00e1sa hat\u00e9kony megold\u00e1st jelenthet a kl\u00edmav\u00e1ltoz\u00e1s m\u00e9rs\u00e9kl\u00e9s\u00e9re. A term\u00e9szetes foly\u00f3v\u00edzi rendszer helyre\u00e1ll\u00edt\u00e1sa \u00e9s a rendszeres, kontroll\u00e1lt \u00e1rvizek bevezet\u00e9se serkentheti a hi\u00e1nyz\u00f3 term\u00e9szetes folyamatokat az \u00e1rt\u00e9ri erd\u0151kben. Ezen t\u00falmen\u0151en a term\u00e9szetk\u00f6zeli erd\u0151gazd\u00e1lkod\u00e1s biztos\u00edthatja, hogy az erd\u0151 \u00f6kol\u00f3giai ig\u00e9nyei is \u00e9rv\u00e9nyes\u00fcljenek.<\/span>\r\n\r\n<span style=\"font-weight: 400;\">Az \u00e1rt\u00e9ri erd\u0151k helyre\u00e1ll\u00edt\u00e1s\u00e1ba fektetett forr\u00e1sok nemcsak a biodiverzit\u00e1s v\u00e9delm\u00e9t szolg\u00e1lj\u00e1k, hanem a l\u00e9gk\u00f6rb\u0151l a sz\u00e9n-dioxid kivon\u00e1s\u00e1nak kiemelked\u0151 k\u00e9pess\u00e9g\u00fck r\u00e9v\u00e9n a kl\u00edma \u00e9s a t\u00e1rsadalom sz\u00e1m\u00e1ra is jelent\u0151s el\u0151ny\u00f6ket ny\u00fajtanak.<\/span>[\/vc_column_text][vc_single_image image=&#8221;11872&#8243; img_size=&#8221;large&#8221;][\/vc_column][\/vc_row]<\/div>","protected":false},"excerpt":{"rendered":"<p>A kl\u00edmav\u00e1ltoz\u00e1s megold\u00e1sainak keres\u00e9sekor az \u00e1rt\u00e9ri erd\u0151k gyakran h\u00e1tt\u00e9rbe szorulnak. Pedig ezeknek az erd\u0151knek a helyre\u00e1ll\u00edt\u00e1sa kulcsszerepet j\u00e1tszhat a l\u00e9gk\u00f6r sz\u00e9n-dioxid (CO\u2082) koncentr\u00e1ci\u00f3j\u00e1nak cs\u00f6kkent\u00e9s\u00e9ben.<\/p>\n","protected":false},"author":2,"featured_media":11879,"comment_status":"closed","ping_status":"closed","sticky":false,"template":"","format":"standard","meta":{"_acf_changed":false,"pmpro_default_level":"","footnotes":""},"categories":[41],"tags":[],"class_list":["post-34817","post","type-post","status-publish","format-standard","has-post-thumbnail","hentry","category-protection-of-habitats-hu","pmpro-has-access","category-41","description-off"],"acf":[],"yoast_head":"<!-- This site is optimized with the Yoast SEO Premium plugin v21.4 (Yoast SEO v27.4) - https:\/\/yoast.com\/product\/yoast-seo-premium-wordpress\/ -->\n<title>Az \u00e1rt\u00e9ri erd\u0151k helyre\u00e1ll\u00edt\u00e1sa a biodiverzit\u00e1s \u00e9s a kl\u00edma v\u00e9delm\u00e9\u00e9rt - BROZ<\/title>\n<meta name=\"robots\" content=\"index, follow, max-snippet:-1, max-image-preview:large, max-video-preview:-1\" \/>\n<link rel=\"canonical\" href=\"https:\/\/broz.sk\/hu\/az-arteri-erdok-helyreallitasa-a-biodiverzitas-es-a-klima-vedelmeert\/\" \/>\n<meta property=\"og:locale\" content=\"hu_HU\" \/>\n<meta property=\"og:type\" content=\"article\" \/>\n<meta property=\"og:title\" content=\"Az \u00e1rt\u00e9ri erd\u0151k helyre\u00e1ll\u00edt\u00e1sa a biodiverzit\u00e1s \u00e9s a kl\u00edma v\u00e9delm\u00e9\u00e9rt\" \/>\n<meta property=\"og:description\" content=\"A kl\u00edmav\u00e1ltoz\u00e1s megold\u00e1sainak keres\u00e9sekor az \u00e1rt\u00e9ri erd\u0151k gyakran h\u00e1tt\u00e9rbe szorulnak. Pedig ezeknek az erd\u0151knek a helyre\u00e1ll\u00edt\u00e1sa kulcsszerepet j\u00e1tszhat a l\u00e9gk\u00f6r sz\u00e9n-dioxid (CO\u2082) koncentr\u00e1ci\u00f3j\u00e1nak cs\u00f6kkent\u00e9s\u00e9ben.\" \/>\n<meta property=\"og:url\" content=\"https:\/\/broz.sk\/hu\/az-arteri-erdok-helyreallitasa-a-biodiverzitas-es-a-klima-vedelmeert\/\" \/>\n<meta property=\"og:site_name\" content=\"BROZ\" \/>\n<meta property=\"article:publisher\" content=\"https:\/\/www.facebook.com\/broz.ba\/\" \/>\n<meta property=\"article:published_time\" content=\"2020-05-14T09:51:51+00:00\" \/>\n<meta property=\"article:modified_time\" content=\"2024-10-23T09:56:45+00:00\" \/>\n<meta property=\"og:image\" content=\"https:\/\/broz.sk\/wp-content\/uploads\/2020\/05\/DJI_0128-1024x575.jpg\" \/>\n\t<meta property=\"og:image:width\" content=\"1024\" \/>\n\t<meta property=\"og:image:height\" content=\"575\" \/>\n\t<meta property=\"og:image:type\" content=\"image\/jpeg\" \/>\n<meta name=\"author\" content=\"broz\" \/>\n<meta name=\"twitter:card\" content=\"summary_large_image\" \/>\n<meta name=\"twitter:label1\" content=\"Szerz\u0151:\" \/>\n\t<meta name=\"twitter:data1\" content=\"broz\" \/>\n\t<meta name=\"twitter:label2\" content=\"Becs\u00fclt olvas\u00e1si id\u0151\" \/>\n\t<meta name=\"twitter:data2\" content=\"3 perc\" \/>\n<script type=\"application\/ld+json\" class=\"yoast-schema-graph\">{\"@context\":\"https:\\\/\\\/schema.org\",\"@graph\":[{\"@type\":\"Article\",\"@id\":\"https:\\\/\\\/broz.sk\\\/hu\\\/az-arteri-erdok-helyreallitasa-a-biodiverzitas-es-a-klima-vedelmeert\\\/#article\",\"isPartOf\":{\"@id\":\"https:\\\/\\\/broz.sk\\\/hu\\\/az-arteri-erdok-helyreallitasa-a-biodiverzitas-es-a-klima-vedelmeert\\\/\"},\"author\":{\"name\":\"broz\",\"@id\":\"https:\\\/\\\/broz.sk\\\/#\\\/schema\\\/person\\\/210ebb0b5afa2a18d1e13abfbbb27080\"},\"headline\":\"Az \u00e1rt\u00e9ri erd\u0151k helyre\u00e1ll\u00edt\u00e1sa a biodiverzit\u00e1s \u00e9s a kl\u00edma v\u00e9delm\u00e9\u00e9rt\",\"datePublished\":\"2020-05-14T09:51:51+00:00\",\"dateModified\":\"2024-10-23T09:56:45+00:00\",\"mainEntityOfPage\":{\"@id\":\"https:\\\/\\\/broz.sk\\\/hu\\\/az-arteri-erdok-helyreallitasa-a-biodiverzitas-es-a-klima-vedelmeert\\\/\"},\"wordCount\":812,\"publisher\":{\"@id\":\"https:\\\/\\\/broz.sk\\\/#organization\"},\"image\":{\"@id\":\"https:\\\/\\\/broz.sk\\\/hu\\\/az-arteri-erdok-helyreallitasa-a-biodiverzitas-es-a-klima-vedelmeert\\\/#primaryimage\"},\"thumbnailUrl\":\"https:\\\/\\\/broz.sk\\\/wp-content\\\/uploads\\\/2020\\\/05\\\/DJI_0128.jpg\",\"articleSection\":[\"Protection of habitats\"],\"inLanguage\":\"hu\"},{\"@type\":\"WebPage\",\"@id\":\"https:\\\/\\\/broz.sk\\\/hu\\\/az-arteri-erdok-helyreallitasa-a-biodiverzitas-es-a-klima-vedelmeert\\\/\",\"url\":\"https:\\\/\\\/broz.sk\\\/hu\\\/az-arteri-erdok-helyreallitasa-a-biodiverzitas-es-a-klima-vedelmeert\\\/\",\"name\":\"Az \u00e1rt\u00e9ri erd\u0151k helyre\u00e1ll\u00edt\u00e1sa a biodiverzit\u00e1s \u00e9s a kl\u00edma v\u00e9delm\u00e9\u00e9rt - BROZ\",\"isPartOf\":{\"@id\":\"https:\\\/\\\/broz.sk\\\/#website\"},\"primaryImageOfPage\":{\"@id\":\"https:\\\/\\\/broz.sk\\\/hu\\\/az-arteri-erdok-helyreallitasa-a-biodiverzitas-es-a-klima-vedelmeert\\\/#primaryimage\"},\"image\":{\"@id\":\"https:\\\/\\\/broz.sk\\\/hu\\\/az-arteri-erdok-helyreallitasa-a-biodiverzitas-es-a-klima-vedelmeert\\\/#primaryimage\"},\"thumbnailUrl\":\"https:\\\/\\\/broz.sk\\\/wp-content\\\/uploads\\\/2020\\\/05\\\/DJI_0128.jpg\",\"datePublished\":\"2020-05-14T09:51:51+00:00\",\"dateModified\":\"2024-10-23T09:56:45+00:00\",\"breadcrumb\":{\"@id\":\"https:\\\/\\\/broz.sk\\\/hu\\\/az-arteri-erdok-helyreallitasa-a-biodiverzitas-es-a-klima-vedelmeert\\\/#breadcrumb\"},\"inLanguage\":\"hu\",\"potentialAction\":[{\"@type\":\"ReadAction\",\"target\":[\"https:\\\/\\\/broz.sk\\\/hu\\\/az-arteri-erdok-helyreallitasa-a-biodiverzitas-es-a-klima-vedelmeert\\\/\"]}]},{\"@type\":\"ImageObject\",\"inLanguage\":\"hu\",\"@id\":\"https:\\\/\\\/broz.sk\\\/hu\\\/az-arteri-erdok-helyreallitasa-a-biodiverzitas-es-a-klima-vedelmeert\\\/#primaryimage\",\"url\":\"https:\\\/\\\/broz.sk\\\/wp-content\\\/uploads\\\/2020\\\/05\\\/DJI_0128.jpg\",\"contentUrl\":\"https:\\\/\\\/broz.sk\\\/wp-content\\\/uploads\\\/2020\\\/05\\\/DJI_0128.jpg\",\"width\":2560,\"height\":1438},{\"@type\":\"BreadcrumbList\",\"@id\":\"https:\\\/\\\/broz.sk\\\/hu\\\/az-arteri-erdok-helyreallitasa-a-biodiverzitas-es-a-klima-vedelmeert\\\/#breadcrumb\",\"itemListElement\":[{\"@type\":\"ListItem\",\"position\":1,\"name\":\"Domovsk\u00e1 str\u00e1nka\",\"item\":\"https:\\\/\\\/broz.sk\\\/\"},{\"@type\":\"ListItem\",\"position\":2,\"name\":\"Az \u00e1rt\u00e9ri erd\u0151k helyre\u00e1ll\u00edt\u00e1sa a biodiverzit\u00e1s \u00e9s a kl\u00edma v\u00e9delm\u00e9\u00e9rt\"}]},{\"@type\":\"WebSite\",\"@id\":\"https:\\\/\\\/broz.sk\\\/#website\",\"url\":\"https:\\\/\\\/broz.sk\\\/\",\"name\":\"BROZ\",\"description\":\"ochran\u00e1rske zdru\u017eenie\",\"publisher\":{\"@id\":\"https:\\\/\\\/broz.sk\\\/#organization\"},\"potentialAction\":[{\"@type\":\"SearchAction\",\"target\":{\"@type\":\"EntryPoint\",\"urlTemplate\":\"https:\\\/\\\/broz.sk\\\/?s={search_term_string}\"},\"query-input\":{\"@type\":\"PropertyValueSpecification\",\"valueRequired\":true,\"valueName\":\"search_term_string\"}}],\"inLanguage\":\"hu\"},{\"@type\":\"Organization\",\"@id\":\"https:\\\/\\\/broz.sk\\\/#organization\",\"name\":\"BROZ - Bratislavsk\u00e9 region\u00e1lne ochran\u00e1rske zdru\u017eenie\",\"url\":\"https:\\\/\\\/broz.sk\\\/\",\"logo\":{\"@type\":\"ImageObject\",\"inLanguage\":\"hu\",\"@id\":\"https:\\\/\\\/broz.sk\\\/#\\\/schema\\\/logo\\\/image\\\/\",\"url\":\"https:\\\/\\\/broz.sk\\\/wp-content\\\/uploads\\\/2018\\\/03\\\/broz-logo-hires-color.png\",\"contentUrl\":\"https:\\\/\\\/broz.sk\\\/wp-content\\\/uploads\\\/2018\\\/03\\\/broz-logo-hires-color.png\",\"width\":2585,\"height\":1618,\"caption\":\"BROZ - Bratislavsk\u00e9 region\u00e1lne ochran\u00e1rske zdru\u017eenie\"},\"image\":{\"@id\":\"https:\\\/\\\/broz.sk\\\/#\\\/schema\\\/logo\\\/image\\\/\"},\"sameAs\":[\"https:\\\/\\\/www.facebook.com\\\/broz.ba\\\/\"]},{\"@type\":\"Person\",\"@id\":\"https:\\\/\\\/broz.sk\\\/#\\\/schema\\\/person\\\/210ebb0b5afa2a18d1e13abfbbb27080\",\"name\":\"broz\",\"image\":{\"@type\":\"ImageObject\",\"inLanguage\":\"hu\",\"@id\":\"https:\\\/\\\/secure.gravatar.com\\\/avatar\\\/2e036a5d302f24b5c517a7e75051ca040aedd897cd58df9cbd4f523a61282112?s=96&d=mm&r=g\",\"url\":\"https:\\\/\\\/secure.gravatar.com\\\/avatar\\\/2e036a5d302f24b5c517a7e75051ca040aedd897cd58df9cbd4f523a61282112?s=96&d=mm&r=g\",\"contentUrl\":\"https:\\\/\\\/secure.gravatar.com\\\/avatar\\\/2e036a5d302f24b5c517a7e75051ca040aedd897cd58df9cbd4f523a61282112?s=96&d=mm&r=g\",\"caption\":\"broz\"},\"url\":\"https:\\\/\\\/broz.sk\\\/hu\\\/author\\\/broz\\\/\"}]}<\/script>\n<!-- \/ Yoast SEO Premium plugin. -->","yoast_head_json":{"title":"Az \u00e1rt\u00e9ri erd\u0151k helyre\u00e1ll\u00edt\u00e1sa a biodiverzit\u00e1s \u00e9s a kl\u00edma v\u00e9delm\u00e9\u00e9rt - BROZ","robots":{"index":"index","follow":"follow","max-snippet":"max-snippet:-1","max-image-preview":"max-image-preview:large","max-video-preview":"max-video-preview:-1"},"canonical":"https:\/\/broz.sk\/hu\/az-arteri-erdok-helyreallitasa-a-biodiverzitas-es-a-klima-vedelmeert\/","og_locale":"hu_HU","og_type":"article","og_title":"Az \u00e1rt\u00e9ri erd\u0151k helyre\u00e1ll\u00edt\u00e1sa a biodiverzit\u00e1s \u00e9s a kl\u00edma v\u00e9delm\u00e9\u00e9rt","og_description":"A kl\u00edmav\u00e1ltoz\u00e1s megold\u00e1sainak keres\u00e9sekor az \u00e1rt\u00e9ri erd\u0151k gyakran h\u00e1tt\u00e9rbe szorulnak. Pedig ezeknek az erd\u0151knek a helyre\u00e1ll\u00edt\u00e1sa kulcsszerepet j\u00e1tszhat a l\u00e9gk\u00f6r sz\u00e9n-dioxid (CO\u2082) koncentr\u00e1ci\u00f3j\u00e1nak cs\u00f6kkent\u00e9s\u00e9ben.","og_url":"https:\/\/broz.sk\/hu\/az-arteri-erdok-helyreallitasa-a-biodiverzitas-es-a-klima-vedelmeert\/","og_site_name":"BROZ","article_publisher":"https:\/\/www.facebook.com\/broz.ba\/","article_published_time":"2020-05-14T09:51:51+00:00","article_modified_time":"2024-10-23T09:56:45+00:00","og_image":[{"width":1024,"height":575,"url":"https:\/\/broz.sk\/wp-content\/uploads\/2020\/05\/DJI_0128-1024x575.jpg","type":"image\/jpeg"}],"author":"broz","twitter_card":"summary_large_image","twitter_misc":{"Szerz\u0151:":"broz","Becs\u00fclt olvas\u00e1si id\u0151":"3 perc"},"schema":{"@context":"https:\/\/schema.org","@graph":[{"@type":"Article","@id":"https:\/\/broz.sk\/hu\/az-arteri-erdok-helyreallitasa-a-biodiverzitas-es-a-klima-vedelmeert\/#article","isPartOf":{"@id":"https:\/\/broz.sk\/hu\/az-arteri-erdok-helyreallitasa-a-biodiverzitas-es-a-klima-vedelmeert\/"},"author":{"name":"broz","@id":"https:\/\/broz.sk\/#\/schema\/person\/210ebb0b5afa2a18d1e13abfbbb27080"},"headline":"Az \u00e1rt\u00e9ri erd\u0151k helyre\u00e1ll\u00edt\u00e1sa a biodiverzit\u00e1s \u00e9s a kl\u00edma v\u00e9delm\u00e9\u00e9rt","datePublished":"2020-05-14T09:51:51+00:00","dateModified":"2024-10-23T09:56:45+00:00","mainEntityOfPage":{"@id":"https:\/\/broz.sk\/hu\/az-arteri-erdok-helyreallitasa-a-biodiverzitas-es-a-klima-vedelmeert\/"},"wordCount":812,"publisher":{"@id":"https:\/\/broz.sk\/#organization"},"image":{"@id":"https:\/\/broz.sk\/hu\/az-arteri-erdok-helyreallitasa-a-biodiverzitas-es-a-klima-vedelmeert\/#primaryimage"},"thumbnailUrl":"https:\/\/broz.sk\/wp-content\/uploads\/2020\/05\/DJI_0128.jpg","articleSection":["Protection of habitats"],"inLanguage":"hu"},{"@type":"WebPage","@id":"https:\/\/broz.sk\/hu\/az-arteri-erdok-helyreallitasa-a-biodiverzitas-es-a-klima-vedelmeert\/","url":"https:\/\/broz.sk\/hu\/az-arteri-erdok-helyreallitasa-a-biodiverzitas-es-a-klima-vedelmeert\/","name":"Az \u00e1rt\u00e9ri erd\u0151k helyre\u00e1ll\u00edt\u00e1sa a biodiverzit\u00e1s \u00e9s a kl\u00edma v\u00e9delm\u00e9\u00e9rt - BROZ","isPartOf":{"@id":"https:\/\/broz.sk\/#website"},"primaryImageOfPage":{"@id":"https:\/\/broz.sk\/hu\/az-arteri-erdok-helyreallitasa-a-biodiverzitas-es-a-klima-vedelmeert\/#primaryimage"},"image":{"@id":"https:\/\/broz.sk\/hu\/az-arteri-erdok-helyreallitasa-a-biodiverzitas-es-a-klima-vedelmeert\/#primaryimage"},"thumbnailUrl":"https:\/\/broz.sk\/wp-content\/uploads\/2020\/05\/DJI_0128.jpg","datePublished":"2020-05-14T09:51:51+00:00","dateModified":"2024-10-23T09:56:45+00:00","breadcrumb":{"@id":"https:\/\/broz.sk\/hu\/az-arteri-erdok-helyreallitasa-a-biodiverzitas-es-a-klima-vedelmeert\/#breadcrumb"},"inLanguage":"hu","potentialAction":[{"@type":"ReadAction","target":["https:\/\/broz.sk\/hu\/az-arteri-erdok-helyreallitasa-a-biodiverzitas-es-a-klima-vedelmeert\/"]}]},{"@type":"ImageObject","inLanguage":"hu","@id":"https:\/\/broz.sk\/hu\/az-arteri-erdok-helyreallitasa-a-biodiverzitas-es-a-klima-vedelmeert\/#primaryimage","url":"https:\/\/broz.sk\/wp-content\/uploads\/2020\/05\/DJI_0128.jpg","contentUrl":"https:\/\/broz.sk\/wp-content\/uploads\/2020\/05\/DJI_0128.jpg","width":2560,"height":1438},{"@type":"BreadcrumbList","@id":"https:\/\/broz.sk\/hu\/az-arteri-erdok-helyreallitasa-a-biodiverzitas-es-a-klima-vedelmeert\/#breadcrumb","itemListElement":[{"@type":"ListItem","position":1,"name":"Domovsk\u00e1 str\u00e1nka","item":"https:\/\/broz.sk\/"},{"@type":"ListItem","position":2,"name":"Az \u00e1rt\u00e9ri erd\u0151k helyre\u00e1ll\u00edt\u00e1sa a biodiverzit\u00e1s \u00e9s a kl\u00edma v\u00e9delm\u00e9\u00e9rt"}]},{"@type":"WebSite","@id":"https:\/\/broz.sk\/#website","url":"https:\/\/broz.sk\/","name":"BROZ","description":"ochran\u00e1rske zdru\u017eenie","publisher":{"@id":"https:\/\/broz.sk\/#organization"},"potentialAction":[{"@type":"SearchAction","target":{"@type":"EntryPoint","urlTemplate":"https:\/\/broz.sk\/?s={search_term_string}"},"query-input":{"@type":"PropertyValueSpecification","valueRequired":true,"valueName":"search_term_string"}}],"inLanguage":"hu"},{"@type":"Organization","@id":"https:\/\/broz.sk\/#organization","name":"BROZ - Bratislavsk\u00e9 region\u00e1lne ochran\u00e1rske zdru\u017eenie","url":"https:\/\/broz.sk\/","logo":{"@type":"ImageObject","inLanguage":"hu","@id":"https:\/\/broz.sk\/#\/schema\/logo\/image\/","url":"https:\/\/broz.sk\/wp-content\/uploads\/2018\/03\/broz-logo-hires-color.png","contentUrl":"https:\/\/broz.sk\/wp-content\/uploads\/2018\/03\/broz-logo-hires-color.png","width":2585,"height":1618,"caption":"BROZ - Bratislavsk\u00e9 region\u00e1lne ochran\u00e1rske zdru\u017eenie"},"image":{"@id":"https:\/\/broz.sk\/#\/schema\/logo\/image\/"},"sameAs":["https:\/\/www.facebook.com\/broz.ba\/"]},{"@type":"Person","@id":"https:\/\/broz.sk\/#\/schema\/person\/210ebb0b5afa2a18d1e13abfbbb27080","name":"broz","image":{"@type":"ImageObject","inLanguage":"hu","@id":"https:\/\/secure.gravatar.com\/avatar\/2e036a5d302f24b5c517a7e75051ca040aedd897cd58df9cbd4f523a61282112?s=96&d=mm&r=g","url":"https:\/\/secure.gravatar.com\/avatar\/2e036a5d302f24b5c517a7e75051ca040aedd897cd58df9cbd4f523a61282112?s=96&d=mm&r=g","contentUrl":"https:\/\/secure.gravatar.com\/avatar\/2e036a5d302f24b5c517a7e75051ca040aedd897cd58df9cbd4f523a61282112?s=96&d=mm&r=g","caption":"broz"},"url":"https:\/\/broz.sk\/hu\/author\/broz\/"}]}},"_links":{"self":[{"href":"https:\/\/broz.sk\/hu\/wp-json\/wp\/v2\/posts\/34817","targetHints":{"allow":["GET"]}}],"collection":[{"href":"https:\/\/broz.sk\/hu\/wp-json\/wp\/v2\/posts"}],"about":[{"href":"https:\/\/broz.sk\/hu\/wp-json\/wp\/v2\/types\/post"}],"author":[{"embeddable":true,"href":"https:\/\/broz.sk\/hu\/wp-json\/wp\/v2\/users\/2"}],"replies":[{"embeddable":true,"href":"https:\/\/broz.sk\/hu\/wp-json\/wp\/v2\/comments?post=34817"}],"version-history":[{"count":4,"href":"https:\/\/broz.sk\/hu\/wp-json\/wp\/v2\/posts\/34817\/revisions"}],"predecessor-version":[{"id":34822,"href":"https:\/\/broz.sk\/hu\/wp-json\/wp\/v2\/posts\/34817\/revisions\/34822"}],"wp:featuredmedia":[{"embeddable":true,"href":"https:\/\/broz.sk\/hu\/wp-json\/wp\/v2\/media\/11879"}],"wp:attachment":[{"href":"https:\/\/broz.sk\/hu\/wp-json\/wp\/v2\/media?parent=34817"}],"wp:term":[{"taxonomy":"category","embeddable":true,"href":"https:\/\/broz.sk\/hu\/wp-json\/wp\/v2\/categories?post=34817"},{"taxonomy":"post_tag","embeddable":true,"href":"https:\/\/broz.sk\/hu\/wp-json\/wp\/v2\/tags?post=34817"}],"curies":[{"name":"wp","href":"https:\/\/api.w.org\/{rel}","templated":true}]}}