{"id":34722,"date":"2023-02-15T15:05:12","date_gmt":"2023-02-15T14:05:12","guid":{"rendered":"https:\/\/broz.sk\/a-duna-menti-arteri-erdok-keteltuinek-monitorozasa-2022\/"},"modified":"2024-10-21T15:08:20","modified_gmt":"2024-10-21T13:08:20","slug":"a-duna-menti-arteri-erdok-keteltuinek-monitorozasa-2022","status":"publish","type":"post","link":"https:\/\/broz.sk\/hu\/a-duna-menti-arteri-erdok-keteltuinek-monitorozasa-2022\/","title":{"rendered":"A Duna menti \u00e1rt\u00e9ri erd\u0151k k\u00e9t\u00e9lt\u0171inek monitoroz\u00e1sa 2022"},"content":{"rendered":"<div class=\"wpb-content-wrapper\">[vc_row][vc_column][vc_column_text]\r\n<h2><span style=\"font-weight: 400;\">Hogyan befoly\u00e1solj\u00e1k a szimul\u00e1lt \u00e1rvizek a b\u00e9k\u00e1k \u00e9s szalamandr\u00e1k szaporod\u00e1s\u00e1t?<\/span><\/h2>\r\n<span style=\"font-weight: 400;\">A LIFE Dunajsk\u00e9 luhy projekt sor\u00e1n a k\u00e9t\u00e9lt\u0171ek monitoroz\u00e1sa 2022-ben is folytat\u00f3dott. T\u00f6bb ter\u00fcletet figyelt\u00fcnk meg hat k\u00fcl\u00f6nb\u00f6z\u0151 helysz\u00ednen. A k\u00e9t\u00e9lt\u0171ek szaporod\u00e1s\u00e1t nagym\u00e9rt\u00e9kben befoly\u00e1solta a szimul\u00e1lt \u00e1rvizek \u00fctemez\u00e9se. Ebben az \u00e9vben a tavaszi \u00e1rv\u00edz m\u00e1jus 14-\u00e9n kezd\u0151d\u00f6tt \u00e9s 30 napig tartott, m\u00edg a ny\u00e1ri j\u00fanius 13-\u00e1n kezd\u0151d\u00f6tt, \u00e9s 16 napig tartott.<\/span>\r\n\r\n<span style=\"font-weight: 400;\">A Dunai kanyarok (Dunajsk\u00e9 kriviny) ter\u00fclet\u00e9n 2022-ben j\u00f3 volt a v\u00edzell\u00e1t\u00e1s, \u00edgy kiv\u00e1l\u00f3 felt\u00e9teleket biztos\u00edtott a k\u00e9t\u00e9lt\u0171ek szaporod\u00e1s\u00e1hoz. A v\u00edzszintet tov\u00e1bb jav\u00edtott\u00e1k a szimul\u00e1lt \u00e1rvizek is. A k\u00e9t\u00e9lt\u0171eket vonzotta a nedves ter\u00fclet is, amelyet az \u00e1rt\u00e9ri erd\u0151ben alak\u00edtottak ki, ahol a f\u00e1k fokozatosan elhalnak, \u00edgy a ter\u00fclet vil\u00e1gosabb\u00e1 v\u00e1lik.<\/span>\r\n\r\n[\/vc_column_text][vc_single_image image=&#8221;21177&#8243; img_size=&#8221;full&#8221; add_caption=&#8221;yes&#8221;][vc_column_text]\r\n\r\n<span style=\"font-weight: 400;\">Doborgazban az egyes ter\u00fcletek el\u00f6nt\u00e9s\u00e9vel egy \u00f6sszef\u00fcgg\u0151 mocsaras ter\u00fclet alakult ki, amely elegend\u0151 szaporod\u00f3helyet biztos\u00edtott a k\u00e9t\u00e9lt\u0171ek sz\u00e1m\u00e1ra a kora tavaszt\u00f3l eg\u00e9szen a ny\u00e1rig.<\/span>\r\n\r\n[\/vc_column_text][vc_single_image image=&#8221;21189&#8243; img_size=&#8221;full&#8221; add_caption=&#8221;yes&#8221;][vc_column_text]\r\n\r\n<span style=\"font-weight: 400;\">A Dunai kanyarok \u00e9s Doborgaz k\u00f6zel helyezkednek el a bevezet\u0151 ny\u00edl\u00e1sokhoz, ahol a v\u00edz bejut a mell\u00e9k\u00e1grendszerbe. Ennek k\u00f6sz\u00f6nhet\u0151en a szimul\u00e1lt \u00e1rvizek intenz\u00edvebben hatnak ezekre a ter\u00fcletekre, \u00edgy j\u00f3l el vannak l\u00e1tva v\u00edzzel.<\/span>\r\n\r\n<span style=\"font-weight: 400;\">M\u00e1s helyzet alakult ki a Kir\u00e1lyi r\u00e9t, a Bakai \u00e1g \u00e9s az Isztr\u00e1ga k\u00f6rny\u00e9k\u00e9n. Sz\u00e1mos helysz\u00ednen \u00e1prilisban sz\u00e1razs\u00e1g uralkodott. Annak ellen\u00e9re, hogy j\u00faniusban j\u00f3 volt a v\u00edzell\u00e1t\u00e1s, kev\u00e9s egyedet figyeltek meg, ami val\u00f3sz\u00edn\u0171leg a kedvez\u0151tlen tavaszi v\u00edz\u00e1ll\u00e1ssal f\u00fcgg \u00f6ssze. Ezeknek a helysz\u00edneknek kedvez\u0151bb lenne, ha a tavaszi szimul\u00e1lt \u00e1rv\u00edz m\u00e1rcius v\u00e9g\u00e9n vagy \u00e1prilis elej\u00e9n kezd\u0151dne, hogy a kora tavasszal szaporod\u00f3 fajoknak is legyen el\u00e9g idej\u00fck.<\/span>\r\n\r\n[\/vc_column_text][vc_single_image image=&#8221;21181&#8243; img_size=&#8221;full&#8221; add_caption=&#8221;yes&#8221;][vc_single_image image=&#8221;21185&#8243; img_size=&#8221;full&#8221; add_caption=&#8221;yes&#8221;][vc_column_text]\r\n\r\n<span style=\"font-weight: 400;\">A Kir\u00e1lyi r\u00e9ten \u00e9s Isztr\u00e1ga ter\u00fclet\u00e9n b\u00e1r az \u00e1rvizek idej\u00e9n elegend\u0151 v\u00edz \u00e1llt rendelkez\u00e9sre, j\u00falius k\u00f6zep\u00e9re ezek a ter\u00fcletek kisz\u00e1radtak. Az elszigetelt pocsoly\u00e1kban p\u00e9ld\u00e1ul v\u00f6r\u00f6shas\u00fa unk\u00e1k ebihalait tal\u00e1lt\u00e1k, amelyek azonban val\u00f3sz\u00edn\u0171leg nem tudtak \u00e1talakulni, miel\u0151tt a pocsoly\u00e1k teljesen kisz\u00e1radtak volna.<\/span>\r\n\r\n[\/vc_column_text][vc_single_image image=&#8221;21173&#8243; img_size=&#8221;full&#8221; add_caption=&#8221;yes&#8221;][vc_column_text]\r\n\r\n<span style=\"font-weight: 400;\">Isztr\u00e1ga ter\u00fclet\u00e9n 2022-ben \u00faj csatorn\u00e1kat hoztak l\u00e9tre, amelyeket a v\u00edz bet\u00f6lt\u00e9se ut\u00e1n a k\u00e9t\u00e9lt\u0171ek hamar ben\u00e9pes\u00edtettek. A szimul\u00e1lt \u00e1rv\u00edznek k\u00f6sz\u00f6nhet\u0151en a k\u00f6rnyez\u0151 mocsarak is v\u00edz al\u00e1 ker\u00fcltek, de r\u00f6viddel az \u00e1rv\u00edz lecseng\u00e9se ut\u00e1n a v\u00edz elt\u0171nt, \u00e9s sz\u00e1razon maradtak. A ny\u00e1ri \u00e1rv\u00edz meghosszabb\u00edt\u00e1sa lehet\u0151v\u00e9 tenn\u00e9 a k\u00e9t\u00e9lt\u0171 l\u00e1rv\u00e1k sikeres \u00e1talakul\u00e1s\u00e1t \u00e9s jav\u00edtan\u00e1 popul\u00e1ci\u00f3ik \u00e1llapot\u00e1t.<\/span>\r\n\r\n[\/vc_column_text][vc_single_image image=&#8221;21193&#8243; img_size=&#8221;full&#8221; add_caption=&#8221;yes&#8221;][vc_column_text]\r\n\r\n<span style=\"font-weight: 400;\">A k\u00e9t\u00e9lt\u0171ek el\u0151fordul\u00e1sa \u00e9s szaporod\u00e1sa szempontj\u00e1b\u00f3l kulcsfontoss\u00e1g\u00fa a megfelel\u0151 v\u00edzell\u00e1t\u00e1s. N\u00e9h\u00e1ny Duna menti alf\u00f6ld\u00f6n \u00e9l\u0151 faj (mocs\u00e1ri b\u00e9ka, barna varangy, pettyes szalamandra \u00e9s dunai tarajosg\u0151te) m\u00e1r kora tavasszal (m\u00e1rcius, \u00e1prilis) elkezd szaporodni. Ezek sz\u00e1m\u00e1ra fontos lenne, hogy a szaporod\u00f3helyeik m\u00e1rcius k\u00f6zep\u00e9t\u0151l v\u00edz alatt \u00e1lljanak. M\u00e1s fajok (z\u00f6ld levelib\u00e9ka, \u00e1s\u00f3b\u00e9ka, v\u00f6r\u00f6shas\u00fa unka \u00e9s v\u00edzi b\u00e9k\u00e1k) \u00e1prilist\u00f3l j\u00fanius elej\u00e9ig szaporodnak, \u00e9s l\u00e1rv\u00e1ik j\u00falius v\u00e9g\u00e9ig, augusztus elej\u00e9ig fejl\u0151dnek a v\u00edzben. Ezeknek a fajoknak az optim\u00e1lis szaporod\u00e1shoz legal\u00e1bb j\u00falius v\u00e9g\u00e9ig v\u00edzre lenne sz\u00fcks\u00e9g\u00fck.<\/span>\r\n\r\n[\/vc_column_text][vc_single_image image=&#8221;21169&#8243; img_size=&#8221;full&#8221; add_caption=&#8221;yes&#8221;][vc_single_image image=&#8221;21197&#8243; img_size=&#8221;full&#8221; add_caption=&#8221;yes&#8221;][vc_column_text]<span style=\"font-weight: 400;\">Itt tal\u00e1lja a <a href=\"https:\/\/broz.sk\/hu\/az-agrendszer-mesterseges-elarasztasanak-jelentosege-a-duna-szarazfoldi-deltajaban-elo-keteltuek-szempontjabol\/\">2019, 2020<\/a> \u00e9s <a href=\"https:\/\/broz.sk\/hu\/folytatodik-a-bekak-es-a-gotek-monitorozasa-a-dunai-artereken\/\">2021<\/a>-es k\u00e9t\u00e9lt\u0171-monitoroz\u00e1s eredm\u00e9nyeit.<\/span>\r\n\r\n<span style=\"font-weight: 400;\">(A monitoroz\u00e1s \u00e9s annak \u00e9rt\u00e9kel\u00e9se; f\u00e9nyk\u00e9pes anyag szerz\u0151je: doc. Mgr. Peter Mikul\u00ed\u010dek, PhD., Zool\u00f3giai Tansz\u00e9k, Comenius Egyetem, Pozsony)<\/span>[\/vc_column_text][\/vc_column][\/vc_row]<\/div>","protected":false},"excerpt":{"rendered":"<p>A LIFE Dunajsk\u00e9 luhy projekt sor\u00e1n a k\u00e9t\u00e9lt\u0171ek monitoroz\u00e1sa 2022-ben is folytat\u00f3dott. T\u00f6bb ter\u00fcletet figyelt\u00fcnk meg hat k\u00fcl\u00f6nb\u00f6z\u0151 helysz\u00ednen. A k\u00e9t\u00e9lt\u0171ek szaporod\u00e1s\u00e1t nagym\u00e9rt\u00e9kben befoly\u00e1solta a szimul\u00e1lt \u00e1rvizek \u00fctemez\u00e9se. Ebben az \u00e9vben a tavaszi \u00e1rv\u00edz m\u00e1jus 14-\u00e9n kezd\u0151d\u00f6tt \u00e9s 30 napig tartott, m\u00edg a ny\u00e1ri j\u00fanius 13-\u00e1n kezd\u0151d\u00f6tt, \u00e9s 16 napig tartott.<\/p>\n","protected":false},"author":19,"featured_media":21196,"comment_status":"closed","ping_status":"closed","sticky":false,"template":"","format":"standard","meta":{"_acf_changed":false,"pmpro_default_level":"","footnotes":""},"categories":[41],"tags":[],"class_list":["post-34722","post","type-post","status-publish","format-standard","has-post-thumbnail","hentry","category-protection-of-habitats-hu","pmpro-has-access","category-41","description-off"],"acf":[],"yoast_head":"<!-- This site is optimized with the Yoast SEO Premium plugin v21.4 (Yoast SEO v27.5) - https:\/\/yoast.com\/product\/yoast-seo-premium-wordpress\/ -->\n<title>A Duna menti \u00e1rt\u00e9ri erd\u0151k k\u00e9t\u00e9lt\u0171inek monitoroz\u00e1sa 2022 - BROZ<\/title>\n<meta name=\"robots\" content=\"index, follow, max-snippet:-1, max-image-preview:large, max-video-preview:-1\" \/>\n<link rel=\"canonical\" href=\"https:\/\/broz.sk\/hu\/a-duna-menti-arteri-erdok-keteltuinek-monitorozasa-2022\/\" \/>\n<meta property=\"og:locale\" content=\"hu_HU\" \/>\n<meta property=\"og:type\" content=\"article\" \/>\n<meta property=\"og:title\" content=\"A Duna menti \u00e1rt\u00e9ri erd\u0151k k\u00e9t\u00e9lt\u0171inek monitoroz\u00e1sa 2022\" \/>\n<meta property=\"og:description\" content=\"A LIFE Dunajsk\u00e9 luhy projekt sor\u00e1n a k\u00e9t\u00e9lt\u0171ek monitoroz\u00e1sa 2022-ben is folytat\u00f3dott. T\u00f6bb ter\u00fcletet figyelt\u00fcnk meg hat k\u00fcl\u00f6nb\u00f6z\u0151 helysz\u00ednen. A k\u00e9t\u00e9lt\u0171ek szaporod\u00e1s\u00e1t nagym\u00e9rt\u00e9kben befoly\u00e1solta a szimul\u00e1lt \u00e1rvizek \u00fctemez\u00e9se. Ebben az \u00e9vben a tavaszi \u00e1rv\u00edz m\u00e1jus 14-\u00e9n kezd\u0151d\u00f6tt \u00e9s 30 napig tartott, m\u00edg a ny\u00e1ri j\u00fanius 13-\u00e1n kezd\u0151d\u00f6tt, \u00e9s 16 napig tartott.\" \/>\n<meta property=\"og:url\" content=\"https:\/\/broz.sk\/hu\/a-duna-menti-arteri-erdok-keteltuinek-monitorozasa-2022\/\" \/>\n<meta property=\"og:site_name\" content=\"BROZ\" \/>\n<meta property=\"article:publisher\" content=\"https:\/\/www.facebook.com\/broz.ba\/\" \/>\n<meta property=\"article:published_time\" content=\"2023-02-15T14:05:12+00:00\" \/>\n<meta property=\"article:modified_time\" content=\"2024-10-21T13:08:20+00:00\" \/>\n<meta property=\"og:image\" content=\"https:\/\/broz.sk\/wp-content\/uploads\/2023\/02\/P1000247-scaled.jpg\" \/>\n\t<meta property=\"og:image:width\" content=\"2560\" \/>\n\t<meta property=\"og:image:height\" content=\"1922\" \/>\n\t<meta property=\"og:image:type\" content=\"image\/jpeg\" \/>\n<meta name=\"author\" content=\"Patrik Ga\u017eo\" \/>\n<meta name=\"twitter:card\" content=\"summary_large_image\" \/>\n<meta name=\"twitter:label1\" content=\"Szerz\u0151:\" \/>\n\t<meta name=\"twitter:data1\" content=\"Patrik Ga\u017eo\" \/>\n\t<meta name=\"twitter:label2\" content=\"Becs\u00fclt olvas\u00e1si id\u0151\" \/>\n\t<meta name=\"twitter:data2\" content=\"3 perc\" \/>\n<script type=\"application\/ld+json\" class=\"yoast-schema-graph\">{\"@context\":\"https:\\\/\\\/schema.org\",\"@graph\":[{\"@type\":\"Article\",\"@id\":\"https:\\\/\\\/broz.sk\\\/hu\\\/a-duna-menti-arteri-erdok-keteltuinek-monitorozasa-2022\\\/#article\",\"isPartOf\":{\"@id\":\"https:\\\/\\\/broz.sk\\\/hu\\\/a-duna-menti-arteri-erdok-keteltuinek-monitorozasa-2022\\\/\"},\"author\":{\"name\":\"Patrik Ga\u017eo\",\"@id\":\"https:\\\/\\\/broz.sk\\\/#\\\/schema\\\/person\\\/5247c0302e5e2ef1d8cd4f1adc2bee8b\"},\"headline\":\"A Duna menti \u00e1rt\u00e9ri erd\u0151k k\u00e9t\u00e9lt\u0171inek monitoroz\u00e1sa 2022\",\"datePublished\":\"2023-02-15T14:05:12+00:00\",\"dateModified\":\"2024-10-21T13:08:20+00:00\",\"mainEntityOfPage\":{\"@id\":\"https:\\\/\\\/broz.sk\\\/hu\\\/a-duna-menti-arteri-erdok-keteltuinek-monitorozasa-2022\\\/\"},\"wordCount\":856,\"publisher\":{\"@id\":\"https:\\\/\\\/broz.sk\\\/#organization\"},\"image\":{\"@id\":\"https:\\\/\\\/broz.sk\\\/hu\\\/a-duna-menti-arteri-erdok-keteltuinek-monitorozasa-2022\\\/#primaryimage\"},\"thumbnailUrl\":\"https:\\\/\\\/broz.sk\\\/wp-content\\\/uploads\\\/2023\\\/02\\\/P1000247-scaled.jpg\",\"articleSection\":[\"Protection of habitats\"],\"inLanguage\":\"hu\"},{\"@type\":\"WebPage\",\"@id\":\"https:\\\/\\\/broz.sk\\\/hu\\\/a-duna-menti-arteri-erdok-keteltuinek-monitorozasa-2022\\\/\",\"url\":\"https:\\\/\\\/broz.sk\\\/hu\\\/a-duna-menti-arteri-erdok-keteltuinek-monitorozasa-2022\\\/\",\"name\":\"A Duna menti \u00e1rt\u00e9ri erd\u0151k k\u00e9t\u00e9lt\u0171inek monitoroz\u00e1sa 2022 - BROZ\",\"isPartOf\":{\"@id\":\"https:\\\/\\\/broz.sk\\\/#website\"},\"primaryImageOfPage\":{\"@id\":\"https:\\\/\\\/broz.sk\\\/hu\\\/a-duna-menti-arteri-erdok-keteltuinek-monitorozasa-2022\\\/#primaryimage\"},\"image\":{\"@id\":\"https:\\\/\\\/broz.sk\\\/hu\\\/a-duna-menti-arteri-erdok-keteltuinek-monitorozasa-2022\\\/#primaryimage\"},\"thumbnailUrl\":\"https:\\\/\\\/broz.sk\\\/wp-content\\\/uploads\\\/2023\\\/02\\\/P1000247-scaled.jpg\",\"datePublished\":\"2023-02-15T14:05:12+00:00\",\"dateModified\":\"2024-10-21T13:08:20+00:00\",\"breadcrumb\":{\"@id\":\"https:\\\/\\\/broz.sk\\\/hu\\\/a-duna-menti-arteri-erdok-keteltuinek-monitorozasa-2022\\\/#breadcrumb\"},\"inLanguage\":\"hu\",\"potentialAction\":[{\"@type\":\"ReadAction\",\"target\":[\"https:\\\/\\\/broz.sk\\\/hu\\\/a-duna-menti-arteri-erdok-keteltuinek-monitorozasa-2022\\\/\"]}]},{\"@type\":\"ImageObject\",\"inLanguage\":\"hu\",\"@id\":\"https:\\\/\\\/broz.sk\\\/hu\\\/a-duna-menti-arteri-erdok-keteltuinek-monitorozasa-2022\\\/#primaryimage\",\"url\":\"https:\\\/\\\/broz.sk\\\/wp-content\\\/uploads\\\/2023\\\/02\\\/P1000247-scaled.jpg\",\"contentUrl\":\"https:\\\/\\\/broz.sk\\\/wp-content\\\/uploads\\\/2023\\\/02\\\/P1000247-scaled.jpg\",\"width\":2560,\"height\":1922,\"caption\":\"Rosni\u010dka zelen\u00e1\"},{\"@type\":\"BreadcrumbList\",\"@id\":\"https:\\\/\\\/broz.sk\\\/hu\\\/a-duna-menti-arteri-erdok-keteltuinek-monitorozasa-2022\\\/#breadcrumb\",\"itemListElement\":[{\"@type\":\"ListItem\",\"position\":1,\"name\":\"Domovsk\u00e1 str\u00e1nka\",\"item\":\"https:\\\/\\\/broz.sk\\\/\"},{\"@type\":\"ListItem\",\"position\":2,\"name\":\"A Duna menti \u00e1rt\u00e9ri erd\u0151k k\u00e9t\u00e9lt\u0171inek monitoroz\u00e1sa 2022\"}]},{\"@type\":\"WebSite\",\"@id\":\"https:\\\/\\\/broz.sk\\\/#website\",\"url\":\"https:\\\/\\\/broz.sk\\\/\",\"name\":\"BROZ\",\"description\":\"ochran\u00e1rske zdru\u017eenie\",\"publisher\":{\"@id\":\"https:\\\/\\\/broz.sk\\\/#organization\"},\"potentialAction\":[{\"@type\":\"SearchAction\",\"target\":{\"@type\":\"EntryPoint\",\"urlTemplate\":\"https:\\\/\\\/broz.sk\\\/?s={search_term_string}\"},\"query-input\":{\"@type\":\"PropertyValueSpecification\",\"valueRequired\":true,\"valueName\":\"search_term_string\"}}],\"inLanguage\":\"hu\"},{\"@type\":\"Organization\",\"@id\":\"https:\\\/\\\/broz.sk\\\/#organization\",\"name\":\"BROZ - Bratislavsk\u00e9 region\u00e1lne ochran\u00e1rske zdru\u017eenie\",\"url\":\"https:\\\/\\\/broz.sk\\\/\",\"logo\":{\"@type\":\"ImageObject\",\"inLanguage\":\"hu\",\"@id\":\"https:\\\/\\\/broz.sk\\\/#\\\/schema\\\/logo\\\/image\\\/\",\"url\":\"https:\\\/\\\/broz.sk\\\/wp-content\\\/uploads\\\/2018\\\/03\\\/broz-logo-hires-color.png\",\"contentUrl\":\"https:\\\/\\\/broz.sk\\\/wp-content\\\/uploads\\\/2018\\\/03\\\/broz-logo-hires-color.png\",\"width\":2585,\"height\":1618,\"caption\":\"BROZ - Bratislavsk\u00e9 region\u00e1lne ochran\u00e1rske zdru\u017eenie\"},\"image\":{\"@id\":\"https:\\\/\\\/broz.sk\\\/#\\\/schema\\\/logo\\\/image\\\/\"},\"sameAs\":[\"https:\\\/\\\/www.facebook.com\\\/broz.ba\\\/\"]},{\"@type\":\"Person\",\"@id\":\"https:\\\/\\\/broz.sk\\\/#\\\/schema\\\/person\\\/5247c0302e5e2ef1d8cd4f1adc2bee8b\",\"name\":\"Patrik Ga\u017eo\",\"image\":{\"@type\":\"ImageObject\",\"inLanguage\":\"hu\",\"@id\":\"https:\\\/\\\/secure.gravatar.com\\\/avatar\\\/4e5a871362c2d898a426c79781b751703b1b935ee6a48ac3c7a9b78ec6522ddf?s=96&d=mm&r=g\",\"url\":\"https:\\\/\\\/secure.gravatar.com\\\/avatar\\\/4e5a871362c2d898a426c79781b751703b1b935ee6a48ac3c7a9b78ec6522ddf?s=96&d=mm&r=g\",\"contentUrl\":\"https:\\\/\\\/secure.gravatar.com\\\/avatar\\\/4e5a871362c2d898a426c79781b751703b1b935ee6a48ac3c7a9b78ec6522ddf?s=96&d=mm&r=g\",\"caption\":\"Patrik Ga\u017eo\"},\"url\":\"https:\\\/\\\/broz.sk\\\/hu\\\/author\\\/patrik-gazo\\\/\"}]}<\/script>\n<!-- \/ Yoast SEO Premium plugin. -->","yoast_head_json":{"title":"A Duna menti \u00e1rt\u00e9ri erd\u0151k k\u00e9t\u00e9lt\u0171inek monitoroz\u00e1sa 2022 - BROZ","robots":{"index":"index","follow":"follow","max-snippet":"max-snippet:-1","max-image-preview":"max-image-preview:large","max-video-preview":"max-video-preview:-1"},"canonical":"https:\/\/broz.sk\/hu\/a-duna-menti-arteri-erdok-keteltuinek-monitorozasa-2022\/","og_locale":"hu_HU","og_type":"article","og_title":"A Duna menti \u00e1rt\u00e9ri erd\u0151k k\u00e9t\u00e9lt\u0171inek monitoroz\u00e1sa 2022","og_description":"A LIFE Dunajsk\u00e9 luhy projekt sor\u00e1n a k\u00e9t\u00e9lt\u0171ek monitoroz\u00e1sa 2022-ben is folytat\u00f3dott. T\u00f6bb ter\u00fcletet figyelt\u00fcnk meg hat k\u00fcl\u00f6nb\u00f6z\u0151 helysz\u00ednen. A k\u00e9t\u00e9lt\u0171ek szaporod\u00e1s\u00e1t nagym\u00e9rt\u00e9kben befoly\u00e1solta a szimul\u00e1lt \u00e1rvizek \u00fctemez\u00e9se. Ebben az \u00e9vben a tavaszi \u00e1rv\u00edz m\u00e1jus 14-\u00e9n kezd\u0151d\u00f6tt \u00e9s 30 napig tartott, m\u00edg a ny\u00e1ri j\u00fanius 13-\u00e1n kezd\u0151d\u00f6tt, \u00e9s 16 napig tartott.","og_url":"https:\/\/broz.sk\/hu\/a-duna-menti-arteri-erdok-keteltuinek-monitorozasa-2022\/","og_site_name":"BROZ","article_publisher":"https:\/\/www.facebook.com\/broz.ba\/","article_published_time":"2023-02-15T14:05:12+00:00","article_modified_time":"2024-10-21T13:08:20+00:00","og_image":[{"width":2560,"height":1922,"url":"https:\/\/broz.sk\/wp-content\/uploads\/2023\/02\/P1000247-scaled.jpg","type":"image\/jpeg"}],"author":"Patrik Ga\u017eo","twitter_card":"summary_large_image","twitter_misc":{"Szerz\u0151:":"Patrik Ga\u017eo","Becs\u00fclt olvas\u00e1si id\u0151":"3 perc"},"schema":{"@context":"https:\/\/schema.org","@graph":[{"@type":"Article","@id":"https:\/\/broz.sk\/hu\/a-duna-menti-arteri-erdok-keteltuinek-monitorozasa-2022\/#article","isPartOf":{"@id":"https:\/\/broz.sk\/hu\/a-duna-menti-arteri-erdok-keteltuinek-monitorozasa-2022\/"},"author":{"name":"Patrik Ga\u017eo","@id":"https:\/\/broz.sk\/#\/schema\/person\/5247c0302e5e2ef1d8cd4f1adc2bee8b"},"headline":"A Duna menti \u00e1rt\u00e9ri erd\u0151k k\u00e9t\u00e9lt\u0171inek monitoroz\u00e1sa 2022","datePublished":"2023-02-15T14:05:12+00:00","dateModified":"2024-10-21T13:08:20+00:00","mainEntityOfPage":{"@id":"https:\/\/broz.sk\/hu\/a-duna-menti-arteri-erdok-keteltuinek-monitorozasa-2022\/"},"wordCount":856,"publisher":{"@id":"https:\/\/broz.sk\/#organization"},"image":{"@id":"https:\/\/broz.sk\/hu\/a-duna-menti-arteri-erdok-keteltuinek-monitorozasa-2022\/#primaryimage"},"thumbnailUrl":"https:\/\/broz.sk\/wp-content\/uploads\/2023\/02\/P1000247-scaled.jpg","articleSection":["Protection of habitats"],"inLanguage":"hu"},{"@type":"WebPage","@id":"https:\/\/broz.sk\/hu\/a-duna-menti-arteri-erdok-keteltuinek-monitorozasa-2022\/","url":"https:\/\/broz.sk\/hu\/a-duna-menti-arteri-erdok-keteltuinek-monitorozasa-2022\/","name":"A Duna menti \u00e1rt\u00e9ri erd\u0151k k\u00e9t\u00e9lt\u0171inek monitoroz\u00e1sa 2022 - BROZ","isPartOf":{"@id":"https:\/\/broz.sk\/#website"},"primaryImageOfPage":{"@id":"https:\/\/broz.sk\/hu\/a-duna-menti-arteri-erdok-keteltuinek-monitorozasa-2022\/#primaryimage"},"image":{"@id":"https:\/\/broz.sk\/hu\/a-duna-menti-arteri-erdok-keteltuinek-monitorozasa-2022\/#primaryimage"},"thumbnailUrl":"https:\/\/broz.sk\/wp-content\/uploads\/2023\/02\/P1000247-scaled.jpg","datePublished":"2023-02-15T14:05:12+00:00","dateModified":"2024-10-21T13:08:20+00:00","breadcrumb":{"@id":"https:\/\/broz.sk\/hu\/a-duna-menti-arteri-erdok-keteltuinek-monitorozasa-2022\/#breadcrumb"},"inLanguage":"hu","potentialAction":[{"@type":"ReadAction","target":["https:\/\/broz.sk\/hu\/a-duna-menti-arteri-erdok-keteltuinek-monitorozasa-2022\/"]}]},{"@type":"ImageObject","inLanguage":"hu","@id":"https:\/\/broz.sk\/hu\/a-duna-menti-arteri-erdok-keteltuinek-monitorozasa-2022\/#primaryimage","url":"https:\/\/broz.sk\/wp-content\/uploads\/2023\/02\/P1000247-scaled.jpg","contentUrl":"https:\/\/broz.sk\/wp-content\/uploads\/2023\/02\/P1000247-scaled.jpg","width":2560,"height":1922,"caption":"Rosni\u010dka zelen\u00e1"},{"@type":"BreadcrumbList","@id":"https:\/\/broz.sk\/hu\/a-duna-menti-arteri-erdok-keteltuinek-monitorozasa-2022\/#breadcrumb","itemListElement":[{"@type":"ListItem","position":1,"name":"Domovsk\u00e1 str\u00e1nka","item":"https:\/\/broz.sk\/"},{"@type":"ListItem","position":2,"name":"A Duna menti \u00e1rt\u00e9ri erd\u0151k k\u00e9t\u00e9lt\u0171inek monitoroz\u00e1sa 2022"}]},{"@type":"WebSite","@id":"https:\/\/broz.sk\/#website","url":"https:\/\/broz.sk\/","name":"BROZ","description":"ochran\u00e1rske zdru\u017eenie","publisher":{"@id":"https:\/\/broz.sk\/#organization"},"potentialAction":[{"@type":"SearchAction","target":{"@type":"EntryPoint","urlTemplate":"https:\/\/broz.sk\/?s={search_term_string}"},"query-input":{"@type":"PropertyValueSpecification","valueRequired":true,"valueName":"search_term_string"}}],"inLanguage":"hu"},{"@type":"Organization","@id":"https:\/\/broz.sk\/#organization","name":"BROZ - Bratislavsk\u00e9 region\u00e1lne ochran\u00e1rske zdru\u017eenie","url":"https:\/\/broz.sk\/","logo":{"@type":"ImageObject","inLanguage":"hu","@id":"https:\/\/broz.sk\/#\/schema\/logo\/image\/","url":"https:\/\/broz.sk\/wp-content\/uploads\/2018\/03\/broz-logo-hires-color.png","contentUrl":"https:\/\/broz.sk\/wp-content\/uploads\/2018\/03\/broz-logo-hires-color.png","width":2585,"height":1618,"caption":"BROZ - Bratislavsk\u00e9 region\u00e1lne ochran\u00e1rske zdru\u017eenie"},"image":{"@id":"https:\/\/broz.sk\/#\/schema\/logo\/image\/"},"sameAs":["https:\/\/www.facebook.com\/broz.ba\/"]},{"@type":"Person","@id":"https:\/\/broz.sk\/#\/schema\/person\/5247c0302e5e2ef1d8cd4f1adc2bee8b","name":"Patrik Ga\u017eo","image":{"@type":"ImageObject","inLanguage":"hu","@id":"https:\/\/secure.gravatar.com\/avatar\/4e5a871362c2d898a426c79781b751703b1b935ee6a48ac3c7a9b78ec6522ddf?s=96&d=mm&r=g","url":"https:\/\/secure.gravatar.com\/avatar\/4e5a871362c2d898a426c79781b751703b1b935ee6a48ac3c7a9b78ec6522ddf?s=96&d=mm&r=g","contentUrl":"https:\/\/secure.gravatar.com\/avatar\/4e5a871362c2d898a426c79781b751703b1b935ee6a48ac3c7a9b78ec6522ddf?s=96&d=mm&r=g","caption":"Patrik Ga\u017eo"},"url":"https:\/\/broz.sk\/hu\/author\/patrik-gazo\/"}]}},"_links":{"self":[{"href":"https:\/\/broz.sk\/hu\/wp-json\/wp\/v2\/posts\/34722","targetHints":{"allow":["GET"]}}],"collection":[{"href":"https:\/\/broz.sk\/hu\/wp-json\/wp\/v2\/posts"}],"about":[{"href":"https:\/\/broz.sk\/hu\/wp-json\/wp\/v2\/types\/post"}],"author":[{"embeddable":true,"href":"https:\/\/broz.sk\/hu\/wp-json\/wp\/v2\/users\/19"}],"replies":[{"embeddable":true,"href":"https:\/\/broz.sk\/hu\/wp-json\/wp\/v2\/comments?post=34722"}],"version-history":[{"count":4,"href":"https:\/\/broz.sk\/hu\/wp-json\/wp\/v2\/posts\/34722\/revisions"}],"predecessor-version":[{"id":34727,"href":"https:\/\/broz.sk\/hu\/wp-json\/wp\/v2\/posts\/34722\/revisions\/34727"}],"wp:featuredmedia":[{"embeddable":true,"href":"https:\/\/broz.sk\/hu\/wp-json\/wp\/v2\/media\/21196"}],"wp:attachment":[{"href":"https:\/\/broz.sk\/hu\/wp-json\/wp\/v2\/media?parent=34722"}],"wp:term":[{"taxonomy":"category","embeddable":true,"href":"https:\/\/broz.sk\/hu\/wp-json\/wp\/v2\/categories?post=34722"},{"taxonomy":"post_tag","embeddable":true,"href":"https:\/\/broz.sk\/hu\/wp-json\/wp\/v2\/tags?post=34722"}],"curies":[{"name":"wp","href":"https:\/\/api.w.org\/{rel}","templated":true}]}}