{"id":19467,"date":"2022-07-19T12:02:00","date_gmt":"2022-07-19T10:02:00","guid":{"rendered":"https:\/\/broz.sk\/targyalasok-a-duna-szarazfoldi-deltajanak-megmentesere-iranyulo-peticiorol\/"},"modified":"2022-07-19T12:03:52","modified_gmt":"2022-07-19T10:03:52","slug":"targyalasok-a-duna-szarazfoldi-deltajanak-megmentesere-iranyulo-peticiorol","status":"publish","type":"post","link":"https:\/\/broz.sk\/hu\/targyalasok-a-duna-szarazfoldi-deltajanak-megmentesere-iranyulo-peticiorol\/","title":{"rendered":"T\u00e1rgyal\u00e1sok a Duna sz\u00e1razf\u00f6ldi delt\u00e1j\u00e1nak megment\u00e9s\u00e9re ir\u00e1nyul\u00f3 pet\u00edci\u00f3r\u00f3l"},"content":{"rendered":"<div class=\"wpb-content-wrapper\">[vc_row][vc_column][vc_column_text]<span style=\"font-weight: 400;\">A Duna sz\u00e1razf\u00f6ldi delt\u00e1j\u00e1nak megment\u00e9s\u00e9re ir\u00e1nyul\u00f3 pet\u00edci\u00f3nkat 11\u00a0603-an \u00edrt\u00e1k al\u00e1, ez a kezdem\u00e9nyez\u00e9s k\u00e9pezi az \u00c1llami V\u00edzgazd\u00e1lkod\u00e1si \u00c9p\u00edt\u0151v\u00e1llalattal (Vodohospod\u00e1rska v\u00fdstavba, \u0161.p.) \u00e9s a K\u00f6rnyezetv\u00e9delmi Miniszt\u00e9riummal a sz\u00e1razf\u00f6ldi Duna-delta v\u00edzell\u00e1t\u00e1s\u00e1nak n\u00f6vel\u00e9s\u00e9r\u0151l folytatott t\u00e1rgyal\u00e1sok alapj\u00e1t.<\/span><span style=\"font-weight: 400;\">\r\n<\/span><span style=\"font-weight: 400;\">Jelenleg online t\u00e1rgyal\u00e1s zajlanak, melyeken az \u00e9rt\u00e9kes \u00e1rter\u00fcletbe juttatott v\u00edzmennyis\u00e9g n\u00f6vel\u00e9s\u00e9r\u0151l \u00e9s stabiliz\u00e1l\u00e1s\u00e1r\u00f3l egyeztet\u00fcnk. A t\u00e1rgyal\u00e1sok tov\u00e1bbi c\u00e9lja, hogy az \u00c1llami V\u00edzgazd\u00e1lkod\u00e1si \u00c9p\u00edt\u0151v\u00e1llalatn\u00e1l el\u00e9rj\u00fck a ter\u00fclet \u00e9vente k\u00e9tszeri el\u00e1raszt\u00e1s\u00e1t, ami megfelel a Duna term\u00e9szetes v\u00edzhozam-ingadoz\u00e1sainak. Szeretn\u00e9nk azt is el\u00e9rni, hogy nagyobb v\u00edzhozamokn\u00e1l folyamatosan \u2013 azaz nem csak az el\u00e1raszt\u00e1sok id\u0151szak\u00e1ban \u2013 t\u00f6bb v\u00edz ker\u00fclj\u00f6n az \u00e1grendszerbe. Az is fontos, hogy a delt\u00e1ba juttatott v\u00edzmennyis\u00e9g ingadoz\u00f3 legyen, azaz legal\u00e1bb r\u00e9szben hasonl\u00edtson a ter\u00fclet eredeti hidrodinamikai fluktu\u00e1ci\u00f3ira.\u00a0<\/span>\r\n\r\n<span style=\"font-weight: 400;\">A t\u00e1rgyal\u00e1sok egyel\u0151re j\u00f3l haladnak, elv\u00e1r\u00e1sainkat tudom\u00e1sul vett\u00e9k, \u00e9s a megold\u00e1s sz\u00e1nd\u00e9k\u00e1t az \u00c1llami V\u00edzgazd\u00e1lkod\u00e1si \u00c9p\u00edt\u0151v\u00e1llalat k\u00e9pvisel\u0151i mellett J\u00e1n Budaj k\u00f6rnyezetv\u00e9delmi miniszter is kinyilv\u00e1n\u00edtotta egy sajt\u00f3t\u00e1j\u00e9koztat\u00f3 keret\u00e9ben, ill. a pet\u00edci\u00f3ban megfogalmazottakra adott hivatalos v\u00e1laszlev\u00e9lben egyar\u00e1nt.<\/span><span style=\"font-weight: 400;\">\r\n<\/span><span style=\"font-weight: 400;\">A t\u00e1rgyal\u00e1sok sor\u00e1n beny\u00fajtott k\u00e9r\u00e9seinkre az \u00c1llami V\u00edzgazd\u00e1lkod\u00e1si \u00c9p\u00edt\u0151v\u00e1llalat rendk\u00edv\u00fcl korrekt\u00fcl reag\u00e1l, annak ellen\u00e9re, hogy az \u0151 \u00e9rdek\u00fck az, hogy meg\u0151rizz\u00e9k a villamosenergia-termel\u00e9sre haszn\u00e1lhat\u00f3 v\u00edzmennyis\u00e9get.<\/span><span style=\"font-weight: 400;\">\r\n<\/span><span style=\"font-weight: 400;\">Rem\u00e9lhet\u0151leg fokozatosan olyan megold\u00e1sra jutunk, amely mindk\u00e9t f\u00e9l sz\u00e1m\u00e1ra elfogadhat\u00f3, \u00e9s t\u00f6bb vizet biztos\u00edt a Duna sz\u00e1razf\u00f6ldi delt\u00e1ja sz\u00e1m\u00e1ra.<\/span><span style=\"font-weight: 400;\">\r\n<\/span><span style=\"font-weight: 400;\">A t\u00e1rgyal\u00e1sokon az \u00c1llami V\u00edzgazd\u00e1lkod\u00e1si \u00c9p\u00edt\u0151v\u00e1llalat k\u00e9pvisel\u0151in k\u00edv\u00fcl a Szlov\u00e1k V\u00edzgazd\u00e1lkod\u00e1si Kutat\u00f3int\u00e9zetb\u0151l Katar\u00edna Holubov\u00e1 \u00e9s a Szlov\u00e1k \u00c1llami V\u00edzgazd\u00e1lkod\u00e1si V\u00e1llalat k\u00e9pvisel\u0151i is r\u00e9szt vesznek.<\/span><span style=\"font-weight: 400;\">\r\n<\/span>[\/vc_column_text][\/vc_column][\/vc_row]<\/div>","protected":false},"excerpt":{"rendered":"<p>A Duna sz\u00e1razf\u00f6ldi delt\u00e1j\u00e1nak megment\u00e9s\u00e9re ir\u00e1nyul\u00f3 pet\u00edci\u00f3nkat 11 603-an \u00edrt\u00e1k al\u00e1, ez a kezdem\u00e9nyez\u00e9s k\u00e9pezi az \u00c1llami V\u00edzgazd\u00e1lkod\u00e1si \u00c9p\u00edt\u0151v\u00e1llalattal (Vodohospod\u00e1rska v\u00fdstavba, \u0161.p.) \u00e9s a K\u00f6rnyezetv\u00e9delmi Miniszt\u00e9riummal a sz\u00e1razf\u00f6ldi Duna-delta v\u00edzell\u00e1t\u00e1s\u00e1nak n\u00f6vel\u00e9s\u00e9r\u0151l folytatott t\u00e1rgyal\u00e1sok alapj\u00e1t.<\/p>\n","protected":false},"author":2,"featured_media":15134,"comment_status":"closed","ping_status":"closed","sticky":false,"template":"","format":"standard","meta":{"_acf_changed":false,"pmpro_default_level":"","footnotes":""},"categories":[41],"tags":[],"class_list":["post-19467","post","type-post","status-publish","format-standard","has-post-thumbnail","hentry","category-protection-of-habitats-hu","pmpro-has-access","category-41","description-off"],"acf":[],"yoast_head":"<!-- This site is optimized with the Yoast SEO Premium plugin v21.4 (Yoast SEO v27.5) - https:\/\/yoast.com\/product\/yoast-seo-premium-wordpress\/ -->\n<title>T\u00e1rgyal\u00e1sok a Duna sz\u00e1razf\u00f6ldi delt\u00e1j\u00e1nak megment\u00e9s\u00e9re ir\u00e1nyul\u00f3 pet\u00edci\u00f3r\u00f3l - BROZ<\/title>\n<meta name=\"description\" content=\"A Duna sz\u00e1razf\u00f6ldi delt\u00e1j\u00e1nak megment\u00e9s\u00e9re ir\u00e1nyul\u00f3 pet\u00edci\u00f3nkat 11 603-an \u00edrt\u00e1k al\u00e1.\" \/>\n<meta name=\"robots\" content=\"index, follow, max-snippet:-1, max-image-preview:large, max-video-preview:-1\" \/>\n<link rel=\"canonical\" href=\"https:\/\/broz.sk\/hu\/targyalasok-a-duna-szarazfoldi-deltajanak-megmentesere-iranyulo-peticiorol\/\" \/>\n<meta property=\"og:locale\" content=\"hu_HU\" \/>\n<meta property=\"og:type\" content=\"article\" \/>\n<meta property=\"og:title\" content=\"T\u00e1rgyal\u00e1sok a Duna sz\u00e1razf\u00f6ldi delt\u00e1j\u00e1nak megment\u00e9s\u00e9re ir\u00e1nyul\u00f3 pet\u00edci\u00f3r\u00f3l\" \/>\n<meta property=\"og:description\" content=\"A Duna sz\u00e1razf\u00f6ldi delt\u00e1j\u00e1nak megment\u00e9s\u00e9re ir\u00e1nyul\u00f3 pet\u00edci\u00f3nkat 11 603-an \u00edrt\u00e1k al\u00e1.\" \/>\n<meta property=\"og:url\" content=\"https:\/\/broz.sk\/hu\/targyalasok-a-duna-szarazfoldi-deltajanak-megmentesere-iranyulo-peticiorol\/\" \/>\n<meta property=\"og:site_name\" content=\"BROZ\" \/>\n<meta property=\"article:publisher\" content=\"https:\/\/www.facebook.com\/broz.ba\/\" \/>\n<meta property=\"article:published_time\" content=\"2022-07-19T10:02:00+00:00\" \/>\n<meta property=\"article:modified_time\" content=\"2022-07-19T10:03:52+00:00\" \/>\n<meta property=\"og:image\" content=\"https:\/\/broz.sk\/wp-content\/uploads\/2021\/03\/call_MP.jpg\" \/>\n\t<meta property=\"og:image:width\" content=\"1599\" \/>\n\t<meta property=\"og:image:height\" content=\"733\" \/>\n\t<meta property=\"og:image:type\" content=\"image\/jpeg\" \/>\n<meta name=\"author\" content=\"broz\" \/>\n<meta name=\"twitter:card\" content=\"summary_large_image\" \/>\n<meta name=\"twitter:label1\" content=\"Szerz\u0151:\" \/>\n\t<meta name=\"twitter:data1\" content=\"broz\" \/>\n\t<meta name=\"twitter:label2\" content=\"Becs\u00fclt olvas\u00e1si id\u0151\" \/>\n\t<meta name=\"twitter:data2\" content=\"2 perc\" \/>\n<script type=\"application\/ld+json\" class=\"yoast-schema-graph\">{\"@context\":\"https:\\\/\\\/schema.org\",\"@graph\":[{\"@type\":\"Article\",\"@id\":\"https:\\\/\\\/broz.sk\\\/hu\\\/targyalasok-a-duna-szarazfoldi-deltajanak-megmentesere-iranyulo-peticiorol\\\/#article\",\"isPartOf\":{\"@id\":\"https:\\\/\\\/broz.sk\\\/hu\\\/targyalasok-a-duna-szarazfoldi-deltajanak-megmentesere-iranyulo-peticiorol\\\/\"},\"author\":{\"name\":\"broz\",\"@id\":\"https:\\\/\\\/broz.sk\\\/#\\\/schema\\\/person\\\/210ebb0b5afa2a18d1e13abfbbb27080\"},\"headline\":\"T\u00e1rgyal\u00e1sok a Duna sz\u00e1razf\u00f6ldi delt\u00e1j\u00e1nak megment\u00e9s\u00e9re ir\u00e1nyul\u00f3 pet\u00edci\u00f3r\u00f3l\",\"datePublished\":\"2022-07-19T10:02:00+00:00\",\"dateModified\":\"2022-07-19T10:03:52+00:00\",\"mainEntityOfPage\":{\"@id\":\"https:\\\/\\\/broz.sk\\\/hu\\\/targyalasok-a-duna-szarazfoldi-deltajanak-megmentesere-iranyulo-peticiorol\\\/\"},\"wordCount\":436,\"publisher\":{\"@id\":\"https:\\\/\\\/broz.sk\\\/#organization\"},\"image\":{\"@id\":\"https:\\\/\\\/broz.sk\\\/hu\\\/targyalasok-a-duna-szarazfoldi-deltajanak-megmentesere-iranyulo-peticiorol\\\/#primaryimage\"},\"thumbnailUrl\":\"https:\\\/\\\/broz.sk\\\/wp-content\\\/uploads\\\/2021\\\/03\\\/call_MP.jpg\",\"articleSection\":[\"Protection of habitats\"],\"inLanguage\":\"hu\"},{\"@type\":\"WebPage\",\"@id\":\"https:\\\/\\\/broz.sk\\\/hu\\\/targyalasok-a-duna-szarazfoldi-deltajanak-megmentesere-iranyulo-peticiorol\\\/\",\"url\":\"https:\\\/\\\/broz.sk\\\/hu\\\/targyalasok-a-duna-szarazfoldi-deltajanak-megmentesere-iranyulo-peticiorol\\\/\",\"name\":\"T\u00e1rgyal\u00e1sok a Duna sz\u00e1razf\u00f6ldi delt\u00e1j\u00e1nak megment\u00e9s\u00e9re ir\u00e1nyul\u00f3 pet\u00edci\u00f3r\u00f3l - BROZ\",\"isPartOf\":{\"@id\":\"https:\\\/\\\/broz.sk\\\/#website\"},\"primaryImageOfPage\":{\"@id\":\"https:\\\/\\\/broz.sk\\\/hu\\\/targyalasok-a-duna-szarazfoldi-deltajanak-megmentesere-iranyulo-peticiorol\\\/#primaryimage\"},\"image\":{\"@id\":\"https:\\\/\\\/broz.sk\\\/hu\\\/targyalasok-a-duna-szarazfoldi-deltajanak-megmentesere-iranyulo-peticiorol\\\/#primaryimage\"},\"thumbnailUrl\":\"https:\\\/\\\/broz.sk\\\/wp-content\\\/uploads\\\/2021\\\/03\\\/call_MP.jpg\",\"datePublished\":\"2022-07-19T10:02:00+00:00\",\"dateModified\":\"2022-07-19T10:03:52+00:00\",\"description\":\"A Duna sz\u00e1razf\u00f6ldi delt\u00e1j\u00e1nak megment\u00e9s\u00e9re ir\u00e1nyul\u00f3 pet\u00edci\u00f3nkat 11 603-an \u00edrt\u00e1k al\u00e1.\",\"breadcrumb\":{\"@id\":\"https:\\\/\\\/broz.sk\\\/hu\\\/targyalasok-a-duna-szarazfoldi-deltajanak-megmentesere-iranyulo-peticiorol\\\/#breadcrumb\"},\"inLanguage\":\"hu\",\"potentialAction\":[{\"@type\":\"ReadAction\",\"target\":[\"https:\\\/\\\/broz.sk\\\/hu\\\/targyalasok-a-duna-szarazfoldi-deltajanak-megmentesere-iranyulo-peticiorol\\\/\"]}]},{\"@type\":\"ImageObject\",\"inLanguage\":\"hu\",\"@id\":\"https:\\\/\\\/broz.sk\\\/hu\\\/targyalasok-a-duna-szarazfoldi-deltajanak-megmentesere-iranyulo-peticiorol\\\/#primaryimage\",\"url\":\"https:\\\/\\\/broz.sk\\\/wp-content\\\/uploads\\\/2021\\\/03\\\/call_MP.jpg\",\"contentUrl\":\"https:\\\/\\\/broz.sk\\\/wp-content\\\/uploads\\\/2021\\\/03\\\/call_MP.jpg\",\"width\":1599,\"height\":733,\"caption\":\"rokovania k Vn\u00fatrozemskej delte Dunaja\"},{\"@type\":\"BreadcrumbList\",\"@id\":\"https:\\\/\\\/broz.sk\\\/hu\\\/targyalasok-a-duna-szarazfoldi-deltajanak-megmentesere-iranyulo-peticiorol\\\/#breadcrumb\",\"itemListElement\":[{\"@type\":\"ListItem\",\"position\":1,\"name\":\"Domovsk\u00e1 str\u00e1nka\",\"item\":\"https:\\\/\\\/broz.sk\\\/\"},{\"@type\":\"ListItem\",\"position\":2,\"name\":\"T\u00e1rgyal\u00e1sok a Duna sz\u00e1razf\u00f6ldi delt\u00e1j\u00e1nak megment\u00e9s\u00e9re ir\u00e1nyul\u00f3 pet\u00edci\u00f3r\u00f3l\"}]},{\"@type\":\"WebSite\",\"@id\":\"https:\\\/\\\/broz.sk\\\/#website\",\"url\":\"https:\\\/\\\/broz.sk\\\/\",\"name\":\"BROZ\",\"description\":\"ochran\u00e1rske zdru\u017eenie\",\"publisher\":{\"@id\":\"https:\\\/\\\/broz.sk\\\/#organization\"},\"potentialAction\":[{\"@type\":\"SearchAction\",\"target\":{\"@type\":\"EntryPoint\",\"urlTemplate\":\"https:\\\/\\\/broz.sk\\\/?s={search_term_string}\"},\"query-input\":{\"@type\":\"PropertyValueSpecification\",\"valueRequired\":true,\"valueName\":\"search_term_string\"}}],\"inLanguage\":\"hu\"},{\"@type\":\"Organization\",\"@id\":\"https:\\\/\\\/broz.sk\\\/#organization\",\"name\":\"BROZ - Bratislavsk\u00e9 region\u00e1lne ochran\u00e1rske zdru\u017eenie\",\"url\":\"https:\\\/\\\/broz.sk\\\/\",\"logo\":{\"@type\":\"ImageObject\",\"inLanguage\":\"hu\",\"@id\":\"https:\\\/\\\/broz.sk\\\/#\\\/schema\\\/logo\\\/image\\\/\",\"url\":\"https:\\\/\\\/broz.sk\\\/wp-content\\\/uploads\\\/2018\\\/03\\\/broz-logo-hires-color.png\",\"contentUrl\":\"https:\\\/\\\/broz.sk\\\/wp-content\\\/uploads\\\/2018\\\/03\\\/broz-logo-hires-color.png\",\"width\":2585,\"height\":1618,\"caption\":\"BROZ - Bratislavsk\u00e9 region\u00e1lne ochran\u00e1rske zdru\u017eenie\"},\"image\":{\"@id\":\"https:\\\/\\\/broz.sk\\\/#\\\/schema\\\/logo\\\/image\\\/\"},\"sameAs\":[\"https:\\\/\\\/www.facebook.com\\\/broz.ba\\\/\"]},{\"@type\":\"Person\",\"@id\":\"https:\\\/\\\/broz.sk\\\/#\\\/schema\\\/person\\\/210ebb0b5afa2a18d1e13abfbbb27080\",\"name\":\"broz\",\"image\":{\"@type\":\"ImageObject\",\"inLanguage\":\"hu\",\"@id\":\"https:\\\/\\\/secure.gravatar.com\\\/avatar\\\/2e036a5d302f24b5c517a7e75051ca040aedd897cd58df9cbd4f523a61282112?s=96&d=mm&r=g\",\"url\":\"https:\\\/\\\/secure.gravatar.com\\\/avatar\\\/2e036a5d302f24b5c517a7e75051ca040aedd897cd58df9cbd4f523a61282112?s=96&d=mm&r=g\",\"contentUrl\":\"https:\\\/\\\/secure.gravatar.com\\\/avatar\\\/2e036a5d302f24b5c517a7e75051ca040aedd897cd58df9cbd4f523a61282112?s=96&d=mm&r=g\",\"caption\":\"broz\"},\"url\":\"https:\\\/\\\/broz.sk\\\/hu\\\/author\\\/broz\\\/\"}]}<\/script>\n<!-- \/ Yoast SEO Premium plugin. -->","yoast_head_json":{"title":"T\u00e1rgyal\u00e1sok a Duna sz\u00e1razf\u00f6ldi delt\u00e1j\u00e1nak megment\u00e9s\u00e9re ir\u00e1nyul\u00f3 pet\u00edci\u00f3r\u00f3l - BROZ","description":"A Duna sz\u00e1razf\u00f6ldi delt\u00e1j\u00e1nak megment\u00e9s\u00e9re ir\u00e1nyul\u00f3 pet\u00edci\u00f3nkat 11 603-an \u00edrt\u00e1k al\u00e1.","robots":{"index":"index","follow":"follow","max-snippet":"max-snippet:-1","max-image-preview":"max-image-preview:large","max-video-preview":"max-video-preview:-1"},"canonical":"https:\/\/broz.sk\/hu\/targyalasok-a-duna-szarazfoldi-deltajanak-megmentesere-iranyulo-peticiorol\/","og_locale":"hu_HU","og_type":"article","og_title":"T\u00e1rgyal\u00e1sok a Duna sz\u00e1razf\u00f6ldi delt\u00e1j\u00e1nak megment\u00e9s\u00e9re ir\u00e1nyul\u00f3 pet\u00edci\u00f3r\u00f3l","og_description":"A Duna sz\u00e1razf\u00f6ldi delt\u00e1j\u00e1nak megment\u00e9s\u00e9re ir\u00e1nyul\u00f3 pet\u00edci\u00f3nkat 11 603-an \u00edrt\u00e1k al\u00e1.","og_url":"https:\/\/broz.sk\/hu\/targyalasok-a-duna-szarazfoldi-deltajanak-megmentesere-iranyulo-peticiorol\/","og_site_name":"BROZ","article_publisher":"https:\/\/www.facebook.com\/broz.ba\/","article_published_time":"2022-07-19T10:02:00+00:00","article_modified_time":"2022-07-19T10:03:52+00:00","og_image":[{"width":1599,"height":733,"url":"https:\/\/broz.sk\/wp-content\/uploads\/2021\/03\/call_MP.jpg","type":"image\/jpeg"}],"author":"broz","twitter_card":"summary_large_image","twitter_misc":{"Szerz\u0151:":"broz","Becs\u00fclt olvas\u00e1si id\u0151":"2 perc"},"schema":{"@context":"https:\/\/schema.org","@graph":[{"@type":"Article","@id":"https:\/\/broz.sk\/hu\/targyalasok-a-duna-szarazfoldi-deltajanak-megmentesere-iranyulo-peticiorol\/#article","isPartOf":{"@id":"https:\/\/broz.sk\/hu\/targyalasok-a-duna-szarazfoldi-deltajanak-megmentesere-iranyulo-peticiorol\/"},"author":{"name":"broz","@id":"https:\/\/broz.sk\/#\/schema\/person\/210ebb0b5afa2a18d1e13abfbbb27080"},"headline":"T\u00e1rgyal\u00e1sok a Duna sz\u00e1razf\u00f6ldi delt\u00e1j\u00e1nak megment\u00e9s\u00e9re ir\u00e1nyul\u00f3 pet\u00edci\u00f3r\u00f3l","datePublished":"2022-07-19T10:02:00+00:00","dateModified":"2022-07-19T10:03:52+00:00","mainEntityOfPage":{"@id":"https:\/\/broz.sk\/hu\/targyalasok-a-duna-szarazfoldi-deltajanak-megmentesere-iranyulo-peticiorol\/"},"wordCount":436,"publisher":{"@id":"https:\/\/broz.sk\/#organization"},"image":{"@id":"https:\/\/broz.sk\/hu\/targyalasok-a-duna-szarazfoldi-deltajanak-megmentesere-iranyulo-peticiorol\/#primaryimage"},"thumbnailUrl":"https:\/\/broz.sk\/wp-content\/uploads\/2021\/03\/call_MP.jpg","articleSection":["Protection of habitats"],"inLanguage":"hu"},{"@type":"WebPage","@id":"https:\/\/broz.sk\/hu\/targyalasok-a-duna-szarazfoldi-deltajanak-megmentesere-iranyulo-peticiorol\/","url":"https:\/\/broz.sk\/hu\/targyalasok-a-duna-szarazfoldi-deltajanak-megmentesere-iranyulo-peticiorol\/","name":"T\u00e1rgyal\u00e1sok a Duna sz\u00e1razf\u00f6ldi delt\u00e1j\u00e1nak megment\u00e9s\u00e9re ir\u00e1nyul\u00f3 pet\u00edci\u00f3r\u00f3l - BROZ","isPartOf":{"@id":"https:\/\/broz.sk\/#website"},"primaryImageOfPage":{"@id":"https:\/\/broz.sk\/hu\/targyalasok-a-duna-szarazfoldi-deltajanak-megmentesere-iranyulo-peticiorol\/#primaryimage"},"image":{"@id":"https:\/\/broz.sk\/hu\/targyalasok-a-duna-szarazfoldi-deltajanak-megmentesere-iranyulo-peticiorol\/#primaryimage"},"thumbnailUrl":"https:\/\/broz.sk\/wp-content\/uploads\/2021\/03\/call_MP.jpg","datePublished":"2022-07-19T10:02:00+00:00","dateModified":"2022-07-19T10:03:52+00:00","description":"A Duna sz\u00e1razf\u00f6ldi delt\u00e1j\u00e1nak megment\u00e9s\u00e9re ir\u00e1nyul\u00f3 pet\u00edci\u00f3nkat 11 603-an \u00edrt\u00e1k al\u00e1.","breadcrumb":{"@id":"https:\/\/broz.sk\/hu\/targyalasok-a-duna-szarazfoldi-deltajanak-megmentesere-iranyulo-peticiorol\/#breadcrumb"},"inLanguage":"hu","potentialAction":[{"@type":"ReadAction","target":["https:\/\/broz.sk\/hu\/targyalasok-a-duna-szarazfoldi-deltajanak-megmentesere-iranyulo-peticiorol\/"]}]},{"@type":"ImageObject","inLanguage":"hu","@id":"https:\/\/broz.sk\/hu\/targyalasok-a-duna-szarazfoldi-deltajanak-megmentesere-iranyulo-peticiorol\/#primaryimage","url":"https:\/\/broz.sk\/wp-content\/uploads\/2021\/03\/call_MP.jpg","contentUrl":"https:\/\/broz.sk\/wp-content\/uploads\/2021\/03\/call_MP.jpg","width":1599,"height":733,"caption":"rokovania k Vn\u00fatrozemskej delte Dunaja"},{"@type":"BreadcrumbList","@id":"https:\/\/broz.sk\/hu\/targyalasok-a-duna-szarazfoldi-deltajanak-megmentesere-iranyulo-peticiorol\/#breadcrumb","itemListElement":[{"@type":"ListItem","position":1,"name":"Domovsk\u00e1 str\u00e1nka","item":"https:\/\/broz.sk\/"},{"@type":"ListItem","position":2,"name":"T\u00e1rgyal\u00e1sok a Duna sz\u00e1razf\u00f6ldi delt\u00e1j\u00e1nak megment\u00e9s\u00e9re ir\u00e1nyul\u00f3 pet\u00edci\u00f3r\u00f3l"}]},{"@type":"WebSite","@id":"https:\/\/broz.sk\/#website","url":"https:\/\/broz.sk\/","name":"BROZ","description":"ochran\u00e1rske zdru\u017eenie","publisher":{"@id":"https:\/\/broz.sk\/#organization"},"potentialAction":[{"@type":"SearchAction","target":{"@type":"EntryPoint","urlTemplate":"https:\/\/broz.sk\/?s={search_term_string}"},"query-input":{"@type":"PropertyValueSpecification","valueRequired":true,"valueName":"search_term_string"}}],"inLanguage":"hu"},{"@type":"Organization","@id":"https:\/\/broz.sk\/#organization","name":"BROZ - Bratislavsk\u00e9 region\u00e1lne ochran\u00e1rske zdru\u017eenie","url":"https:\/\/broz.sk\/","logo":{"@type":"ImageObject","inLanguage":"hu","@id":"https:\/\/broz.sk\/#\/schema\/logo\/image\/","url":"https:\/\/broz.sk\/wp-content\/uploads\/2018\/03\/broz-logo-hires-color.png","contentUrl":"https:\/\/broz.sk\/wp-content\/uploads\/2018\/03\/broz-logo-hires-color.png","width":2585,"height":1618,"caption":"BROZ - Bratislavsk\u00e9 region\u00e1lne ochran\u00e1rske zdru\u017eenie"},"image":{"@id":"https:\/\/broz.sk\/#\/schema\/logo\/image\/"},"sameAs":["https:\/\/www.facebook.com\/broz.ba\/"]},{"@type":"Person","@id":"https:\/\/broz.sk\/#\/schema\/person\/210ebb0b5afa2a18d1e13abfbbb27080","name":"broz","image":{"@type":"ImageObject","inLanguage":"hu","@id":"https:\/\/secure.gravatar.com\/avatar\/2e036a5d302f24b5c517a7e75051ca040aedd897cd58df9cbd4f523a61282112?s=96&d=mm&r=g","url":"https:\/\/secure.gravatar.com\/avatar\/2e036a5d302f24b5c517a7e75051ca040aedd897cd58df9cbd4f523a61282112?s=96&d=mm&r=g","contentUrl":"https:\/\/secure.gravatar.com\/avatar\/2e036a5d302f24b5c517a7e75051ca040aedd897cd58df9cbd4f523a61282112?s=96&d=mm&r=g","caption":"broz"},"url":"https:\/\/broz.sk\/hu\/author\/broz\/"}]}},"_links":{"self":[{"href":"https:\/\/broz.sk\/hu\/wp-json\/wp\/v2\/posts\/19467","targetHints":{"allow":["GET"]}}],"collection":[{"href":"https:\/\/broz.sk\/hu\/wp-json\/wp\/v2\/posts"}],"about":[{"href":"https:\/\/broz.sk\/hu\/wp-json\/wp\/v2\/types\/post"}],"author":[{"embeddable":true,"href":"https:\/\/broz.sk\/hu\/wp-json\/wp\/v2\/users\/2"}],"replies":[{"embeddable":true,"href":"https:\/\/broz.sk\/hu\/wp-json\/wp\/v2\/comments?post=19467"}],"version-history":[{"count":4,"href":"https:\/\/broz.sk\/hu\/wp-json\/wp\/v2\/posts\/19467\/revisions"}],"predecessor-version":[{"id":19473,"href":"https:\/\/broz.sk\/hu\/wp-json\/wp\/v2\/posts\/19467\/revisions\/19473"}],"wp:featuredmedia":[{"embeddable":true,"href":"https:\/\/broz.sk\/hu\/wp-json\/wp\/v2\/media\/15134"}],"wp:attachment":[{"href":"https:\/\/broz.sk\/hu\/wp-json\/wp\/v2\/media?parent=19467"}],"wp:term":[{"taxonomy":"category","embeddable":true,"href":"https:\/\/broz.sk\/hu\/wp-json\/wp\/v2\/categories?post=19467"},{"taxonomy":"post_tag","embeddable":true,"href":"https:\/\/broz.sk\/hu\/wp-json\/wp\/v2\/tags?post=19467"}],"curies":[{"name":"wp","href":"https:\/\/api.w.org\/{rel}","templated":true}]}}