{"id":19421,"date":"2022-07-19T11:12:36","date_gmt":"2022-07-19T09:12:36","guid":{"rendered":"https:\/\/broz.sk\/a-nagyleli-sziget-az-aradas-alatt-szigetcsoportta-valtozott\/"},"modified":"2022-07-19T11:14:20","modified_gmt":"2022-07-19T09:14:20","slug":"a-nagyleli-sziget-az-aradas-alatt-szigetcsoportta-valtozott","status":"publish","type":"post","link":"https:\/\/broz.sk\/hu\/a-nagyleli-sziget-az-aradas-alatt-szigetcsoportta-valtozott\/","title":{"rendered":"A Nagyl\u00e9li-sziget az \u00e1rad\u00e1s alatt szigetcsoportt\u00e1 v\u00e1ltozott"},"content":{"rendered":"<div class=\"wpb-content-wrapper\">[vc_row][vc_column][vc_column_text]<span style=\"font-weight: 400;\">A Duna v\u00edzszintje megk\u00f6zel\u00edt\u0151leg 4 m\u00e9tert emelkedett az elm\u00falt napokban, ami \u00e9letet ad\u00f3 \u00e1rad\u00e1st hozott a Duna menti t\u00e1jba. A foly\u00f3 kil\u00e9pett a medr\u00e9b\u0151l \u00e9s el\u00e1rasztotta a k\u00f6rnyez\u0151 vid\u00e9ket. T\u00e1panyagokat vett fel, hordal\u00e9kot rakott le, \u00e9s alak\u00edtotta a partokat. A mederfen\u00e9ken g\u00f6rgetve, sodorva tem\u00e9rdek kavicsot \u00e9s homokot mozgatott meg, hatalmas f\u00e1kat sz\u00e1ll\u00edtott a felsz\u00ednen. Nagy\u00edv\u0171 t\u00e1jalak\u00edt\u00f3 folyamatokat ind\u00edtott el, melyekhez sz\u00e1mos n\u00f6v\u00e9ny- \u00e9s \u00e1llatfaj k\u00f6t\u0151dik. Sajnos manaps\u00e1g ritk\u00e1n lehet\u00fcnk tan\u00fai ezeknek a folyamatoknak.<\/span><span style=\"font-weight: 400;\">\r\n<\/span><span style=\"font-weight: 400;\">Az \u00e1rad\u00e1skor szem\u00fcnk el\u0151tt h\u00f6mp\u00f6lyg\u0151 v\u00edz hatalmas aj\u00e1nd\u00e9k nek\u00fcnk, embereknek is, jelent\u0151s\u00e9ge a kl\u00edmav\u00e1ltoz\u00e1s idej\u00e9n m\u00e9g tov\u00e1bb n\u0151.\u00a0<\/span>\r\n\r\n<span style=\"font-weight: 400;\">Meg kellene tanulnunk \u00fajra \u00e9rt\u00e9knek tekinteni, \u00e9s teret adni neki ott, ahol sz\u00fcks\u00e9ge van r\u00e1. M\u00e1shol pedig, ahol ez lehets\u00e9ges, \u00e9rdemes visszatartani \u00e9s lelass\u00edtani a vizet a t\u00e1jban. Cser\u00e9be a foly\u00f3 nem okoz majd annyi k\u00e1rt az \u00e9rz\u00e9keny ter\u00fcleteken.<\/span>\r\n\r\n<span style=\"font-weight: 400;\">A fot\u00f3kon az el\u00e1rasztott Nagyl\u00e9li-sziget l\u00e1that\u00f3.<\/span>[\/vc_column_text][\/vc_column][\/vc_row][vc_row][vc_column]<style type=\"text\/css\" data-type=\"the7_shortcodes-inline-css\">.gallery-carousel-shortcode.gallery-carousel-shortcode-id-6e86734389a0157ef28a4271ffe92b63.owl-carousel .owl-nav div {\n  width: 36px;\n  height: 36px;\n  border-radius: 500px;\n}\n.dt-arrow-border-on.gallery-carousel-shortcode.gallery-carousel-shortcode-id-6e86734389a0157ef28a4271ffe92b63.owl-carousel .owl-nav div:not(:hover):before {\n  border-width: 0px;\n}\n.dt-arrow-hover-border-on.gallery-carousel-shortcode.gallery-carousel-shortcode-id-6e86734389a0157ef28a4271ffe92b63.owl-carousel .owl-nav div:hover:after {\n  border-width: 0px;\n}\n.gallery-carousel-shortcode.gallery-carousel-shortcode-id-6e86734389a0157ef28a4271ffe92b63.owl-carousel .owl-nav div.owl-prev {\n  top: 50%;\n  transform: translateY(calc(-50% + 0px));\n  left: -43px;\n}\n@media all and (-ms-high-contrast: none) {\n  .gallery-carousel-shortcode.gallery-carousel-shortcode-id-6e86734389a0157ef28a4271ffe92b63.owl-carousel .owl-nav div.owl-prev {\n    transform: translateY(-50%);\n    margin-top: 0px;\n  }\n}\n.gallery-carousel-shortcode.gallery-carousel-shortcode-id-6e86734389a0157ef28a4271ffe92b63.owl-carousel .owl-nav div.owl-prev i {\n  padding: 0px 0px 0px 0px;\n}\n.gallery-carousel-shortcode.gallery-carousel-shortcode-id-6e86734389a0157ef28a4271ffe92b63.owl-carousel .owl-nav div.owl-next {\n  top: 50%;\n  transform: translateY(calc(-50% + 0px));\n  right: -43px;\n}\n@media all and (-ms-high-contrast: none) {\n  .gallery-carousel-shortcode.gallery-carousel-shortcode-id-6e86734389a0157ef28a4271ffe92b63.owl-carousel .owl-nav div.owl-next {\n    transform: translateY(-50%);\n    margin-top: 0px;\n  }\n}\n.gallery-carousel-shortcode.gallery-carousel-shortcode-id-6e86734389a0157ef28a4271ffe92b63.owl-carousel .owl-nav div.owl-next i {\n  padding: 0px 0px 0px 0px;\n}\n.gallery-carousel-shortcode.gallery-carousel-shortcode-id-6e86734389a0157ef28a4271ffe92b63.owl-carousel .owl-nav i {\n  font-size: 18px;\n}\n.gallery-carousel-shortcode.gallery-carousel-shortcode-id-6e86734389a0157ef28a4271ffe92b63.owl-carousel .owl-nav div:not(:hover) i,\n.gallery-carousel-shortcode.gallery-carousel-shortcode-id-6e86734389a0157ef28a4271ffe92b63.owl-carousel .owl-nav div:not(:hover) i:before {\n  color: #ffffff;\n  background: none;\n}\n.gallery-carousel-shortcode.gallery-carousel-shortcode-id-6e86734389a0157ef28a4271ffe92b63.owl-carousel .owl-nav div:hover i,\n.gallery-carousel-shortcode.gallery-carousel-shortcode-id-6e86734389a0157ef28a4271ffe92b63.owl-carousel .owl-nav div:hover i:before {\n  color: rgba(255,255,255,0.75);\n  background: none;\n}\n.gallery-carousel-shortcode.gallery-carousel-shortcode-id-6e86734389a0157ef28a4271ffe92b63 .owl-dots {\n  top: calc(100% + 20px);\n  left: 50%;\n  transform: translateX(calc(-50% + 0px));\n}\n@media all and (-ms-high-contrast: none) {\n  .gallery-carousel-shortcode.gallery-carousel-shortcode-id-6e86734389a0157ef28a4271ffe92b63 .owl-dots {\n    transform: translateX(-50%);\n    margin-left: 0px;\n  }\n}\n.gallery-carousel-shortcode.gallery-carousel-shortcode-id-6e86734389a0157ef28a4271ffe92b63 .owl-dot {\n  width: 10px;\n  height: 10px;\n  margin: 0 8px;\n}\n@media screen and (max-width: 778px) {\n  .gallery-carousel-shortcode.gallery-carousel-shortcode-id-6e86734389a0157ef28a4271ffe92b63.hide-arrows .owl-nav a {\n    display: none;\n  }\n}\n@media screen and (max-width: 778px) {\n  .gallery-carousel-shortcode.gallery-carousel-shortcode-id-6e86734389a0157ef28a4271ffe92b63.reposition-arrows .owl-nav .owl-prev {\n    top: 50%;\n    transform: translateY(calc(-50% + 0px));\n    left: 10px;\n  }\n  .gallery-carousel-shortcode.gallery-carousel-shortcode-id-6e86734389a0157ef28a4271ffe92b63.reposition-arrows .owl-nav .owl-next {\n    top: 50%;\n    transform: translateY(calc(-50% + 0px));\n    right: 10px;\n  }\n}\n@media screen and (max-width: 778px) and all and (-ms-high-contrast: none) {\n  .gallery-carousel-shortcode.gallery-carousel-shortcode-id-6e86734389a0157ef28a4271ffe92b63.reposition-arrows .owl-nav .owl-prev {\n    transform: translateY(-50%);\n    margin-top: 0px;\n  }\n}\n@media screen and (max-width: 778px) and all and (-ms-high-contrast: none) {\n  .gallery-carousel-shortcode.gallery-carousel-shortcode-id-6e86734389a0157ef28a4271ffe92b63.reposition-arrows .owl-nav .owl-next {\n    transform: translateY(-50%);\n    margin-top: 0px;\n  }\n}\n.gallery-carousel-shortcode.gallery-carousel-shortcode-id-6e86734389a0157ef28a4271ffe92b63 figure,\n.gallery-carousel-shortcode.gallery-carousel-shortcode-id-6e86734389a0157ef28a4271ffe92b63 .rollover,\n.gallery-carousel-shortcode.gallery-carousel-shortcode-id-6e86734389a0157ef28a4271ffe92b63 img,\n.gallery-carousel-shortcode.gallery-carousel-shortcode-id-6e86734389a0157ef28a4271ffe92b63 .gallery-rollover {\n  border-radius: 0px;\n}\n.gallery-carousel-shortcode.gallery-carousel-shortcode-id-6e86734389a0157ef28a4271ffe92b63.enable-bg-rollover .gallery-rollover {\n  background: -webkit-linear-gradient();\n  background: linear-gradient();\n}\n.gallery-carousel-shortcode.gallery-carousel-shortcode-id-6e86734389a0157ef28a4271ffe92b63.enable-img-shadow .owl-stage-outer {\n  padding: 14px 0;\n}\n.gallery-carousel-shortcode.gallery-carousel-shortcode-id-6e86734389a0157ef28a4271ffe92b63.enable-bg-rollover.hover-scale figure .rollover:after {\n  background: -webkit-linear-gradient();\n  background: linear-gradient();\n}\n.gallery-carousel-shortcode.gallery-carousel-shortcode-id-6e86734389a0157ef28a4271ffe92b63.gallery-shortcode .gallery-zoom-ico {\n  width: 44px;\n  height: 44px;\n  line-height: 44px;\n  border-radius: 100px;\n  margin: -22px 0 0 -22px;\n  border-width: 0px;\n}\n.dt-icon-bg-on.gallery-carousel-shortcode.gallery-carousel-shortcode-id-6e86734389a0157ef28a4271ffe92b63.gallery-shortcode .gallery-zoom-ico {\n  background: rgba(255,255,255,0.3);\n  box-shadow: none;\n}\n.gallery-carousel-shortcode.gallery-carousel-shortcode-id-6e86734389a0157ef28a4271ffe92b63.gallery-shortcode .gallery-zoom-ico:before,\n.gallery-carousel-shortcode.gallery-carousel-shortcode-id-6e86734389a0157ef28a4271ffe92b63.gallery-shortcode .gallery-zoom-ico span {\n  font-size: 32px;\n  line-height: 44px;\n  color: #ffffff;\n  background: none;\n}\n<\/style><div class=\"owl-carousel gallery-carousel-shortcode gallery-shortcode  dt-gallery-container dt-owl-carousel-call gallery-carousel-shortcode-id-6e86734389a0157ef28a4271ffe92b63 quick-scale-img enable-bg-rollover meta-info-off dt-arrow-border-on dt-arrow-hover-border-on bullets-small-dot-stroke reposition-arrows dt-icon-bg-off arrows-bg-on disable-arrows-hover-bg arrows-hover-bg-on  hover-fade \" data-scroll-mode=\"1\" data-col-num=\"6\" data-wide-col-num=\"6\" data-laptop-col=\"5\" data-h-tablet-columns-num=\"4\" data-v-tablet-columns-num=\"3\" data-phone-columns-num=\"1\" data-col-gap=\"10\" data-stage-padding=\"0\" data-speed=\"600\" data-autoplay=\"false\" data-autoplay_speed=\"6000\" data-arrows=\"true\" data-bullet=\"false\" data-next-icon=\"icon-ar-017-r\" data-prev-icon=\"icon-ar-017-l\" data-img-shadow-size=\"12px\" data-img-shadow-spread=\"3px\"><div data-post-id=\"16313\" data-date=\"2021-08-05T13:53:19+02:00\" data-name=\"5\"><figure class=\"post\"><a href=\"https:\/\/broz.sk\/wp-content\/uploads\/2021\/08\/5-scaled.jpg\" class=\"rollover dt-pswp-item layzr-bg\" data-large_image_width=\"2560\" data-large_image_height=\"1917\" data-dt-img-description=\"\" title=\"5\"><img fetchpriority=\"high\" decoding=\"async\" class=\"preload-me owl-lazy-load aspect\" src=\"data:image\/svg+xml,%3Csvg%20xmlns%3D&#39;http%3A%2F%2Fwww.w3.org%2F2000%2Fsvg&#39;%20viewBox%3D&#39;0%200%201917%201917&#39;%2F%3E\" data-src=\"https:\/\/broz.sk\/wp-content\/uploads\/2021\/08\/5-scaled-1917x1917.jpg\" data-srcset=\"https:\/\/broz.sk\/wp-content\/uploads\/2021\/08\/5-scaled-1917x1917.jpg 1917w\" loading=\"eager\" style=\"--ratio: 1917 \/ 1917\" sizes=\"(max-width: 1917px) 100vw, 1917px\" alt=\"\" width=\"1917\" height=\"1917\"  \/><span class=\"gallery-rollover\"><span class=\"gallery-zoom-ico icomoon-the7-font-the7-zoom-06\"><span><\/span><\/span><\/span><\/a><\/figure><\/div><div data-post-id=\"16317\" data-date=\"2021-08-05T13:53:39+02:00\" data-name=\"10\"><figure class=\"post\"><a href=\"https:\/\/broz.sk\/wp-content\/uploads\/2021\/08\/10-scaled.jpg\" class=\"rollover dt-pswp-item layzr-bg\" data-large_image_width=\"2560\" data-large_image_height=\"1546\" data-dt-img-description=\"\" title=\"10\"><img decoding=\"async\" class=\"preload-me owl-lazy-load aspect\" src=\"data:image\/svg+xml,%3Csvg%20xmlns%3D&#39;http%3A%2F%2Fwww.w3.org%2F2000%2Fsvg&#39;%20viewBox%3D&#39;0%200%201546%201546&#39;%2F%3E\" data-src=\"https:\/\/broz.sk\/wp-content\/uploads\/2021\/08\/10-scaled-1546x1546.jpg\" data-srcset=\"https:\/\/broz.sk\/wp-content\/uploads\/2021\/08\/10-scaled-1546x1546.jpg 1546w\" loading=\"eager\" style=\"--ratio: 1546 \/ 1546\" sizes=\"(max-width: 1546px) 100vw, 1546px\" alt=\"\" width=\"1546\" height=\"1546\"  \/><span class=\"gallery-rollover\"><span class=\"gallery-zoom-ico icomoon-the7-font-the7-zoom-06\"><span><\/span><\/span><\/span><\/a><\/figure><\/div><div data-post-id=\"16321\" data-date=\"2021-08-05T13:54:00+02:00\" data-name=\"12\"><figure class=\"post\"><a href=\"https:\/\/broz.sk\/wp-content\/uploads\/2021\/08\/12-scaled.jpg\" class=\"rollover dt-pswp-item layzr-bg\" data-large_image_width=\"2560\" data-large_image_height=\"1917\" data-dt-img-description=\"\" title=\"12\"><img decoding=\"async\" class=\"preload-me owl-lazy-load aspect\" src=\"data:image\/svg+xml,%3Csvg%20xmlns%3D&#39;http%3A%2F%2Fwww.w3.org%2F2000%2Fsvg&#39;%20viewBox%3D&#39;0%200%201917%201917&#39;%2F%3E\" data-src=\"https:\/\/broz.sk\/wp-content\/uploads\/2021\/08\/12-scaled-1917x1917.jpg\" data-srcset=\"https:\/\/broz.sk\/wp-content\/uploads\/2021\/08\/12-scaled-1917x1917.jpg 1917w\" loading=\"eager\" style=\"--ratio: 1917 \/ 1917\" sizes=\"(max-width: 1917px) 100vw, 1917px\" alt=\"\" width=\"1917\" height=\"1917\"  \/><span class=\"gallery-rollover\"><span class=\"gallery-zoom-ico icomoon-the7-font-the7-zoom-06\"><span><\/span><\/span><\/span><\/a><\/figure><\/div><\/div>[\/vc_column][\/vc_row]<\/div>","protected":false},"excerpt":{"rendered":"<p>A Duna v\u00edzszintje megk\u00f6zel\u00edt\u0151leg 4 m\u00e9tert emelkedett az elm\u00falt napokban, ami \u00e9letet ad\u00f3 \u00e1rad\u00e1st hozott a Duna menti t\u00e1jba. A foly\u00f3 kil\u00e9pett a medr\u00e9b\u0151l \u00e9s el\u00e1rasztotta a k\u00f6rnyez\u0151 vid\u00e9ket. <\/p>\n","protected":false},"author":2,"featured_media":16309,"comment_status":"closed","ping_status":"closed","sticky":false,"template":"","format":"standard","meta":{"_acf_changed":false,"pmpro_default_level":"","footnotes":""},"categories":[41],"tags":[],"class_list":["post-19421","post","type-post","status-publish","format-standard","has-post-thumbnail","hentry","category-protection-of-habitats-hu","pmpro-has-access","category-41","description-off"],"acf":[],"yoast_head":"<!-- This site is optimized with the Yoast SEO Premium plugin v21.4 (Yoast SEO v27.4) - https:\/\/yoast.com\/product\/yoast-seo-premium-wordpress\/ -->\n<title>A Nagyl\u00e9li-sziget az \u00e1rad\u00e1s alatt szigetcsoportt\u00e1 v\u00e1ltozott - BROZ<\/title>\n<meta name=\"description\" content=\"A Duna v\u00edzszintje megk\u00f6zel\u00edt\u0151leg 4 m\u00e9tert emelkedett az elm\u00falt napokban, ami \u00e9letet ad\u00f3 \u00e1rad\u00e1st hozott a Duna menti t\u00e1jba. A foly\u00f3 kil\u00e9pett a medr\u00e9b\u0151l \u00e9s el\u00e1rasztotta a k\u00f6rnyez\u0151 vid\u00e9ket.\" \/>\n<meta name=\"robots\" content=\"index, follow, max-snippet:-1, max-image-preview:large, max-video-preview:-1\" \/>\n<link rel=\"canonical\" href=\"https:\/\/broz.sk\/hu\/a-nagyleli-sziget-az-aradas-alatt-szigetcsoportta-valtozott\/\" \/>\n<meta property=\"og:locale\" content=\"hu_HU\" \/>\n<meta property=\"og:type\" content=\"article\" \/>\n<meta property=\"og:title\" content=\"A Nagyl\u00e9li-sziget az \u00e1rad\u00e1s alatt szigetcsoportt\u00e1 v\u00e1ltozott\" \/>\n<meta property=\"og:description\" content=\"A Duna v\u00edzszintje megk\u00f6zel\u00edt\u0151leg 4 m\u00e9tert emelkedett az elm\u00falt napokban, ami \u00e9letet ad\u00f3 \u00e1rad\u00e1st hozott a Duna menti t\u00e1jba. A foly\u00f3 kil\u00e9pett a medr\u00e9b\u0151l \u00e9s el\u00e1rasztotta a k\u00f6rnyez\u0151 vid\u00e9ket.\" \/>\n<meta property=\"og:url\" content=\"https:\/\/broz.sk\/hu\/a-nagyleli-sziget-az-aradas-alatt-szigetcsoportta-valtozott\/\" \/>\n<meta property=\"og:site_name\" content=\"BROZ\" \/>\n<meta property=\"article:publisher\" content=\"https:\/\/www.facebook.com\/broz.ba\/\" \/>\n<meta property=\"article:published_time\" content=\"2022-07-19T09:12:36+00:00\" \/>\n<meta property=\"article:modified_time\" content=\"2022-07-19T09:14:20+00:00\" \/>\n<meta property=\"og:image\" content=\"https:\/\/broz.sk\/wp-content\/uploads\/2021\/08\/1-002.jpg\" \/>\n\t<meta property=\"og:image:width\" content=\"1712\" \/>\n\t<meta property=\"og:image:height\" content=\"1336\" \/>\n\t<meta property=\"og:image:type\" content=\"image\/jpeg\" \/>\n<meta name=\"author\" content=\"broz\" \/>\n<meta name=\"twitter:card\" content=\"summary_large_image\" \/>\n<meta name=\"twitter:label1\" content=\"Szerz\u0151:\" \/>\n\t<meta name=\"twitter:data1\" content=\"broz\" \/>\n\t<meta name=\"twitter:label2\" content=\"Becs\u00fclt olvas\u00e1si id\u0151\" \/>\n\t<meta name=\"twitter:data2\" content=\"1 perc\" \/>\n<script type=\"application\/ld+json\" class=\"yoast-schema-graph\">{\"@context\":\"https:\\\/\\\/schema.org\",\"@graph\":[{\"@type\":\"Article\",\"@id\":\"https:\\\/\\\/broz.sk\\\/hu\\\/a-nagyleli-sziget-az-aradas-alatt-szigetcsoportta-valtozott\\\/#article\",\"isPartOf\":{\"@id\":\"https:\\\/\\\/broz.sk\\\/hu\\\/a-nagyleli-sziget-az-aradas-alatt-szigetcsoportta-valtozott\\\/\"},\"author\":{\"name\":\"broz\",\"@id\":\"https:\\\/\\\/broz.sk\\\/#\\\/schema\\\/person\\\/210ebb0b5afa2a18d1e13abfbbb27080\"},\"headline\":\"A Nagyl\u00e9li-sziget az \u00e1rad\u00e1s alatt szigetcsoportt\u00e1 v\u00e1ltozott\",\"datePublished\":\"2022-07-19T09:12:36+00:00\",\"dateModified\":\"2022-07-19T09:14:20+00:00\",\"mainEntityOfPage\":{\"@id\":\"https:\\\/\\\/broz.sk\\\/hu\\\/a-nagyleli-sziget-az-aradas-alatt-szigetcsoportta-valtozott\\\/\"},\"wordCount\":284,\"publisher\":{\"@id\":\"https:\\\/\\\/broz.sk\\\/#organization\"},\"image\":{\"@id\":\"https:\\\/\\\/broz.sk\\\/hu\\\/a-nagyleli-sziget-az-aradas-alatt-szigetcsoportta-valtozott\\\/#primaryimage\"},\"thumbnailUrl\":\"https:\\\/\\\/broz.sk\\\/wp-content\\\/uploads\\\/2021\\\/08\\\/1-002.jpg\",\"articleSection\":[\"Protection of habitats\"],\"inLanguage\":\"hu\"},{\"@type\":\"WebPage\",\"@id\":\"https:\\\/\\\/broz.sk\\\/hu\\\/a-nagyleli-sziget-az-aradas-alatt-szigetcsoportta-valtozott\\\/\",\"url\":\"https:\\\/\\\/broz.sk\\\/hu\\\/a-nagyleli-sziget-az-aradas-alatt-szigetcsoportta-valtozott\\\/\",\"name\":\"A Nagyl\u00e9li-sziget az \u00e1rad\u00e1s alatt szigetcsoportt\u00e1 v\u00e1ltozott - BROZ\",\"isPartOf\":{\"@id\":\"https:\\\/\\\/broz.sk\\\/#website\"},\"primaryImageOfPage\":{\"@id\":\"https:\\\/\\\/broz.sk\\\/hu\\\/a-nagyleli-sziget-az-aradas-alatt-szigetcsoportta-valtozott\\\/#primaryimage\"},\"image\":{\"@id\":\"https:\\\/\\\/broz.sk\\\/hu\\\/a-nagyleli-sziget-az-aradas-alatt-szigetcsoportta-valtozott\\\/#primaryimage\"},\"thumbnailUrl\":\"https:\\\/\\\/broz.sk\\\/wp-content\\\/uploads\\\/2021\\\/08\\\/1-002.jpg\",\"datePublished\":\"2022-07-19T09:12:36+00:00\",\"dateModified\":\"2022-07-19T09:14:20+00:00\",\"description\":\"A Duna v\u00edzszintje megk\u00f6zel\u00edt\u0151leg 4 m\u00e9tert emelkedett az elm\u00falt napokban, ami \u00e9letet ad\u00f3 \u00e1rad\u00e1st hozott a Duna menti t\u00e1jba. A foly\u00f3 kil\u00e9pett a medr\u00e9b\u0151l \u00e9s el\u00e1rasztotta a k\u00f6rnyez\u0151 vid\u00e9ket.\",\"breadcrumb\":{\"@id\":\"https:\\\/\\\/broz.sk\\\/hu\\\/a-nagyleli-sziget-az-aradas-alatt-szigetcsoportta-valtozott\\\/#breadcrumb\"},\"inLanguage\":\"hu\",\"potentialAction\":[{\"@type\":\"ReadAction\",\"target\":[\"https:\\\/\\\/broz.sk\\\/hu\\\/a-nagyleli-sziget-az-aradas-alatt-szigetcsoportta-valtozott\\\/\"]}]},{\"@type\":\"ImageObject\",\"inLanguage\":\"hu\",\"@id\":\"https:\\\/\\\/broz.sk\\\/hu\\\/a-nagyleli-sziget-az-aradas-alatt-szigetcsoportta-valtozott\\\/#primaryimage\",\"url\":\"https:\\\/\\\/broz.sk\\\/wp-content\\\/uploads\\\/2021\\\/08\\\/1-002.jpg\",\"contentUrl\":\"https:\\\/\\\/broz.sk\\\/wp-content\\\/uploads\\\/2021\\\/08\\\/1-002.jpg\",\"width\":1712,\"height\":1336,\"caption\":\"Ve\u013ekol\u00e9lsky ostrov po\u010das z\u00e1plav\"},{\"@type\":\"BreadcrumbList\",\"@id\":\"https:\\\/\\\/broz.sk\\\/hu\\\/a-nagyleli-sziget-az-aradas-alatt-szigetcsoportta-valtozott\\\/#breadcrumb\",\"itemListElement\":[{\"@type\":\"ListItem\",\"position\":1,\"name\":\"Domovsk\u00e1 str\u00e1nka\",\"item\":\"https:\\\/\\\/broz.sk\\\/\"},{\"@type\":\"ListItem\",\"position\":2,\"name\":\"A Nagyl\u00e9li-sziget az \u00e1rad\u00e1s alatt szigetcsoportt\u00e1 v\u00e1ltozott\"}]},{\"@type\":\"WebSite\",\"@id\":\"https:\\\/\\\/broz.sk\\\/#website\",\"url\":\"https:\\\/\\\/broz.sk\\\/\",\"name\":\"BROZ\",\"description\":\"ochran\u00e1rske zdru\u017eenie\",\"publisher\":{\"@id\":\"https:\\\/\\\/broz.sk\\\/#organization\"},\"potentialAction\":[{\"@type\":\"SearchAction\",\"target\":{\"@type\":\"EntryPoint\",\"urlTemplate\":\"https:\\\/\\\/broz.sk\\\/?s={search_term_string}\"},\"query-input\":{\"@type\":\"PropertyValueSpecification\",\"valueRequired\":true,\"valueName\":\"search_term_string\"}}],\"inLanguage\":\"hu\"},{\"@type\":\"Organization\",\"@id\":\"https:\\\/\\\/broz.sk\\\/#organization\",\"name\":\"BROZ - Bratislavsk\u00e9 region\u00e1lne ochran\u00e1rske zdru\u017eenie\",\"url\":\"https:\\\/\\\/broz.sk\\\/\",\"logo\":{\"@type\":\"ImageObject\",\"inLanguage\":\"hu\",\"@id\":\"https:\\\/\\\/broz.sk\\\/#\\\/schema\\\/logo\\\/image\\\/\",\"url\":\"https:\\\/\\\/broz.sk\\\/wp-content\\\/uploads\\\/2018\\\/03\\\/broz-logo-hires-color.png\",\"contentUrl\":\"https:\\\/\\\/broz.sk\\\/wp-content\\\/uploads\\\/2018\\\/03\\\/broz-logo-hires-color.png\",\"width\":2585,\"height\":1618,\"caption\":\"BROZ - Bratislavsk\u00e9 region\u00e1lne ochran\u00e1rske zdru\u017eenie\"},\"image\":{\"@id\":\"https:\\\/\\\/broz.sk\\\/#\\\/schema\\\/logo\\\/image\\\/\"},\"sameAs\":[\"https:\\\/\\\/www.facebook.com\\\/broz.ba\\\/\"]},{\"@type\":\"Person\",\"@id\":\"https:\\\/\\\/broz.sk\\\/#\\\/schema\\\/person\\\/210ebb0b5afa2a18d1e13abfbbb27080\",\"name\":\"broz\",\"image\":{\"@type\":\"ImageObject\",\"inLanguage\":\"hu\",\"@id\":\"https:\\\/\\\/secure.gravatar.com\\\/avatar\\\/2e036a5d302f24b5c517a7e75051ca040aedd897cd58df9cbd4f523a61282112?s=96&d=mm&r=g\",\"url\":\"https:\\\/\\\/secure.gravatar.com\\\/avatar\\\/2e036a5d302f24b5c517a7e75051ca040aedd897cd58df9cbd4f523a61282112?s=96&d=mm&r=g\",\"contentUrl\":\"https:\\\/\\\/secure.gravatar.com\\\/avatar\\\/2e036a5d302f24b5c517a7e75051ca040aedd897cd58df9cbd4f523a61282112?s=96&d=mm&r=g\",\"caption\":\"broz\"},\"url\":\"https:\\\/\\\/broz.sk\\\/hu\\\/author\\\/broz\\\/\"}]}<\/script>\n<!-- \/ Yoast SEO Premium plugin. -->","yoast_head_json":{"title":"A Nagyl\u00e9li-sziget az \u00e1rad\u00e1s alatt szigetcsoportt\u00e1 v\u00e1ltozott - BROZ","description":"A Duna v\u00edzszintje megk\u00f6zel\u00edt\u0151leg 4 m\u00e9tert emelkedett az elm\u00falt napokban, ami \u00e9letet ad\u00f3 \u00e1rad\u00e1st hozott a Duna menti t\u00e1jba. A foly\u00f3 kil\u00e9pett a medr\u00e9b\u0151l \u00e9s el\u00e1rasztotta a k\u00f6rnyez\u0151 vid\u00e9ket.","robots":{"index":"index","follow":"follow","max-snippet":"max-snippet:-1","max-image-preview":"max-image-preview:large","max-video-preview":"max-video-preview:-1"},"canonical":"https:\/\/broz.sk\/hu\/a-nagyleli-sziget-az-aradas-alatt-szigetcsoportta-valtozott\/","og_locale":"hu_HU","og_type":"article","og_title":"A Nagyl\u00e9li-sziget az \u00e1rad\u00e1s alatt szigetcsoportt\u00e1 v\u00e1ltozott","og_description":"A Duna v\u00edzszintje megk\u00f6zel\u00edt\u0151leg 4 m\u00e9tert emelkedett az elm\u00falt napokban, ami \u00e9letet ad\u00f3 \u00e1rad\u00e1st hozott a Duna menti t\u00e1jba. A foly\u00f3 kil\u00e9pett a medr\u00e9b\u0151l \u00e9s el\u00e1rasztotta a k\u00f6rnyez\u0151 vid\u00e9ket.","og_url":"https:\/\/broz.sk\/hu\/a-nagyleli-sziget-az-aradas-alatt-szigetcsoportta-valtozott\/","og_site_name":"BROZ","article_publisher":"https:\/\/www.facebook.com\/broz.ba\/","article_published_time":"2022-07-19T09:12:36+00:00","article_modified_time":"2022-07-19T09:14:20+00:00","og_image":[{"width":1712,"height":1336,"url":"https:\/\/broz.sk\/wp-content\/uploads\/2021\/08\/1-002.jpg","type":"image\/jpeg"}],"author":"broz","twitter_card":"summary_large_image","twitter_misc":{"Szerz\u0151:":"broz","Becs\u00fclt olvas\u00e1si id\u0151":"1 perc"},"schema":{"@context":"https:\/\/schema.org","@graph":[{"@type":"Article","@id":"https:\/\/broz.sk\/hu\/a-nagyleli-sziget-az-aradas-alatt-szigetcsoportta-valtozott\/#article","isPartOf":{"@id":"https:\/\/broz.sk\/hu\/a-nagyleli-sziget-az-aradas-alatt-szigetcsoportta-valtozott\/"},"author":{"name":"broz","@id":"https:\/\/broz.sk\/#\/schema\/person\/210ebb0b5afa2a18d1e13abfbbb27080"},"headline":"A Nagyl\u00e9li-sziget az \u00e1rad\u00e1s alatt szigetcsoportt\u00e1 v\u00e1ltozott","datePublished":"2022-07-19T09:12:36+00:00","dateModified":"2022-07-19T09:14:20+00:00","mainEntityOfPage":{"@id":"https:\/\/broz.sk\/hu\/a-nagyleli-sziget-az-aradas-alatt-szigetcsoportta-valtozott\/"},"wordCount":284,"publisher":{"@id":"https:\/\/broz.sk\/#organization"},"image":{"@id":"https:\/\/broz.sk\/hu\/a-nagyleli-sziget-az-aradas-alatt-szigetcsoportta-valtozott\/#primaryimage"},"thumbnailUrl":"https:\/\/broz.sk\/wp-content\/uploads\/2021\/08\/1-002.jpg","articleSection":["Protection of habitats"],"inLanguage":"hu"},{"@type":"WebPage","@id":"https:\/\/broz.sk\/hu\/a-nagyleli-sziget-az-aradas-alatt-szigetcsoportta-valtozott\/","url":"https:\/\/broz.sk\/hu\/a-nagyleli-sziget-az-aradas-alatt-szigetcsoportta-valtozott\/","name":"A Nagyl\u00e9li-sziget az \u00e1rad\u00e1s alatt szigetcsoportt\u00e1 v\u00e1ltozott - BROZ","isPartOf":{"@id":"https:\/\/broz.sk\/#website"},"primaryImageOfPage":{"@id":"https:\/\/broz.sk\/hu\/a-nagyleli-sziget-az-aradas-alatt-szigetcsoportta-valtozott\/#primaryimage"},"image":{"@id":"https:\/\/broz.sk\/hu\/a-nagyleli-sziget-az-aradas-alatt-szigetcsoportta-valtozott\/#primaryimage"},"thumbnailUrl":"https:\/\/broz.sk\/wp-content\/uploads\/2021\/08\/1-002.jpg","datePublished":"2022-07-19T09:12:36+00:00","dateModified":"2022-07-19T09:14:20+00:00","description":"A Duna v\u00edzszintje megk\u00f6zel\u00edt\u0151leg 4 m\u00e9tert emelkedett az elm\u00falt napokban, ami \u00e9letet ad\u00f3 \u00e1rad\u00e1st hozott a Duna menti t\u00e1jba. A foly\u00f3 kil\u00e9pett a medr\u00e9b\u0151l \u00e9s el\u00e1rasztotta a k\u00f6rnyez\u0151 vid\u00e9ket.","breadcrumb":{"@id":"https:\/\/broz.sk\/hu\/a-nagyleli-sziget-az-aradas-alatt-szigetcsoportta-valtozott\/#breadcrumb"},"inLanguage":"hu","potentialAction":[{"@type":"ReadAction","target":["https:\/\/broz.sk\/hu\/a-nagyleli-sziget-az-aradas-alatt-szigetcsoportta-valtozott\/"]}]},{"@type":"ImageObject","inLanguage":"hu","@id":"https:\/\/broz.sk\/hu\/a-nagyleli-sziget-az-aradas-alatt-szigetcsoportta-valtozott\/#primaryimage","url":"https:\/\/broz.sk\/wp-content\/uploads\/2021\/08\/1-002.jpg","contentUrl":"https:\/\/broz.sk\/wp-content\/uploads\/2021\/08\/1-002.jpg","width":1712,"height":1336,"caption":"Ve\u013ekol\u00e9lsky ostrov po\u010das z\u00e1plav"},{"@type":"BreadcrumbList","@id":"https:\/\/broz.sk\/hu\/a-nagyleli-sziget-az-aradas-alatt-szigetcsoportta-valtozott\/#breadcrumb","itemListElement":[{"@type":"ListItem","position":1,"name":"Domovsk\u00e1 str\u00e1nka","item":"https:\/\/broz.sk\/"},{"@type":"ListItem","position":2,"name":"A Nagyl\u00e9li-sziget az \u00e1rad\u00e1s alatt szigetcsoportt\u00e1 v\u00e1ltozott"}]},{"@type":"WebSite","@id":"https:\/\/broz.sk\/#website","url":"https:\/\/broz.sk\/","name":"BROZ","description":"ochran\u00e1rske zdru\u017eenie","publisher":{"@id":"https:\/\/broz.sk\/#organization"},"potentialAction":[{"@type":"SearchAction","target":{"@type":"EntryPoint","urlTemplate":"https:\/\/broz.sk\/?s={search_term_string}"},"query-input":{"@type":"PropertyValueSpecification","valueRequired":true,"valueName":"search_term_string"}}],"inLanguage":"hu"},{"@type":"Organization","@id":"https:\/\/broz.sk\/#organization","name":"BROZ - Bratislavsk\u00e9 region\u00e1lne ochran\u00e1rske zdru\u017eenie","url":"https:\/\/broz.sk\/","logo":{"@type":"ImageObject","inLanguage":"hu","@id":"https:\/\/broz.sk\/#\/schema\/logo\/image\/","url":"https:\/\/broz.sk\/wp-content\/uploads\/2018\/03\/broz-logo-hires-color.png","contentUrl":"https:\/\/broz.sk\/wp-content\/uploads\/2018\/03\/broz-logo-hires-color.png","width":2585,"height":1618,"caption":"BROZ - Bratislavsk\u00e9 region\u00e1lne ochran\u00e1rske zdru\u017eenie"},"image":{"@id":"https:\/\/broz.sk\/#\/schema\/logo\/image\/"},"sameAs":["https:\/\/www.facebook.com\/broz.ba\/"]},{"@type":"Person","@id":"https:\/\/broz.sk\/#\/schema\/person\/210ebb0b5afa2a18d1e13abfbbb27080","name":"broz","image":{"@type":"ImageObject","inLanguage":"hu","@id":"https:\/\/secure.gravatar.com\/avatar\/2e036a5d302f24b5c517a7e75051ca040aedd897cd58df9cbd4f523a61282112?s=96&d=mm&r=g","url":"https:\/\/secure.gravatar.com\/avatar\/2e036a5d302f24b5c517a7e75051ca040aedd897cd58df9cbd4f523a61282112?s=96&d=mm&r=g","contentUrl":"https:\/\/secure.gravatar.com\/avatar\/2e036a5d302f24b5c517a7e75051ca040aedd897cd58df9cbd4f523a61282112?s=96&d=mm&r=g","caption":"broz"},"url":"https:\/\/broz.sk\/hu\/author\/broz\/"}]}},"_links":{"self":[{"href":"https:\/\/broz.sk\/hu\/wp-json\/wp\/v2\/posts\/19421","targetHints":{"allow":["GET"]}}],"collection":[{"href":"https:\/\/broz.sk\/hu\/wp-json\/wp\/v2\/posts"}],"about":[{"href":"https:\/\/broz.sk\/hu\/wp-json\/wp\/v2\/types\/post"}],"author":[{"embeddable":true,"href":"https:\/\/broz.sk\/hu\/wp-json\/wp\/v2\/users\/2"}],"replies":[{"embeddable":true,"href":"https:\/\/broz.sk\/hu\/wp-json\/wp\/v2\/comments?post=19421"}],"version-history":[{"count":4,"href":"https:\/\/broz.sk\/hu\/wp-json\/wp\/v2\/posts\/19421\/revisions"}],"predecessor-version":[{"id":19426,"href":"https:\/\/broz.sk\/hu\/wp-json\/wp\/v2\/posts\/19421\/revisions\/19426"}],"wp:featuredmedia":[{"embeddable":true,"href":"https:\/\/broz.sk\/hu\/wp-json\/wp\/v2\/media\/16309"}],"wp:attachment":[{"href":"https:\/\/broz.sk\/hu\/wp-json\/wp\/v2\/media?parent=19421"}],"wp:term":[{"taxonomy":"category","embeddable":true,"href":"https:\/\/broz.sk\/hu\/wp-json\/wp\/v2\/categories?post=19421"},{"taxonomy":"post_tag","embeddable":true,"href":"https:\/\/broz.sk\/hu\/wp-json\/wp\/v2\/tags?post=19421"}],"curies":[{"name":"wp","href":"https:\/\/api.w.org\/{rel}","templated":true}]}}