{"id":18799,"date":"2022-04-07T22:28:07","date_gmt":"2022-04-07T20:28:07","guid":{"rendered":"https:\/\/broz.sk\/az-isztragai-vizes-elohelyeinek-helyreallitasa\/"},"modified":"2022-04-24T22:32:45","modified_gmt":"2022-04-24T20:32:45","slug":"az-isztragai-vizes-elohelyeinek-helyreallitasa","status":"publish","type":"post","link":"https:\/\/broz.sk\/hu\/az-isztragai-vizes-elohelyeinek-helyreallitasa\/","title":{"rendered":"Az Isztr\u00e1gai vizes \u00e9l\u0151helyeinek helyre\u00e1ll\u00edt\u00e1sa"},"content":{"rendered":"<div class=\"wpb-content-wrapper\">[vc_row][vc_column][vc_column_text]A Duna sz\u00e1razf\u00f6ldi delt\u00e1j\u00e1nak perem\u00e9n, ahol a r\u00e9gi foly\u00f3meder a b\u0151si v\u00edzer\u0151m\u0171 alv\u00edzcsatorn\u00e1j\u00e1ba torkollik, tal\u00e1lhat\u00f3 az Isztr\u00e1ga (Istragov) nev\u0171 vizes ter\u00fclet.\r\n\r\nAz Isztr\u00e1ga eredetileg egy kiterjedt foly\u00f3mell\u00e9ki mocs\u00e1r volt, k\u00f6r\u00fclbel\u00fcl 77 hekt\u00e1ros ter\u00fclettel, melyet sek\u00e9ly vizek, vizes ter\u00fcletek \u00e9s n\u00e1dasok alkotta mozaik bor\u00edtott. M\u00e1ra azonban az egykor oly nagy \u00e9s jelent\u0151s vizes ter\u00fclet az \u00e9v nagy r\u00e9sz\u00e9ben v\u00edz n\u00e9lk\u00fcl marad. 2012-ben\u00a0 A dunai madarak v\u00e9delme c\u00edm\u0171 LIFE projekttel indult az Isztr\u00e1ga revitaliz\u00e1ci\u00f3ja. Siker\u00fclt t\u00f6bb vizet juttatnunk az Isztr\u00e1ga-\u00e1gba, \u00e9s az \u00e9v egy bizonyos szakasz\u00e1ban a v\u00edz a k\u00f6rnyez\u0151 ter\u00fcletre is ki\u00e1radt.\r\n\r\nA Microtus II LIFE projekt r\u00e9szek\u00e9nt elk\u00e9sz\u00fclt az els\u0151 terv az Isztr\u00e1ga vizes \u00e9l\u0151helyeinek a helyre\u00e1ll\u00edt\u00e1s\u00e1ra, melynek c\u00e9lja a v\u00edz eg\u00e9sz \u00e9ves jelenl\u00e9te a ter\u00fcleten. A v\u00edzer\u0151m\u0171 meg\u00e9p\u00edt\u00e9se k\u00f6vetkezt\u00e9ben e t\u00e1j nagy r\u00e9sz\u00e9t lecsapolt\u00e1k. A Duna r\u00e9gi medr\u00e9ben \u00edgy m\u00e1r nincs el\u00e9g v\u00edz az Isztr\u00e1ga eg\u00e9sz \u00e9ves v\u00edzut\u00e1np\u00f3tl\u00e1s\u00e1hoz. Jelenleg azoknak a felt\u00f6lt\u00f6tt csatorn\u00e1knak a kim\u00e9ly\u00edt\u00e9s\u00e9n dolgozunk, amelyeken \u00e1t egykor a v\u00edz eljutott a ter\u00fcletre. Eddig \u00f6sszesen kb. 1200 m\u00e9ternyit siker\u00fclt ki\u00e1snunk, hamarosan \u00fajabb 300 m-rel lesz\u00fcnk k\u00e9szek.\r\n\r\nA v\u00edz, ill. az el\u00e1raszt\u00e1s kulcsfontoss\u00e1g\u00fa t\u00e9nyez\u0151 az \u00e9szaki pocok jelenl\u00e9t\u00e9hez elengedhetetlen n\u00e1d \u00e9s s\u00e1s elterjed\u00e9s\u00e9ben. A v\u00edzhi\u00e1ny k\u00f6vetkezt\u00e9ben az Isztr\u00e1ga ter\u00fclet\u00e9n elterjedtek az \u00f6z\u00f6nn\u00f6v\u00e9nyek, p\u00e9ld\u00e1ul a kanadai aranyvessz\u0151, ami az \u00e9szaki pocok el\u0151fordul\u00e1sa szempontj\u00e1b\u00f3l nem kedvez\u0151 k\u00f6r\u00fclm\u00e9ny.\u00a0 A ter\u00fcletet \u00fajfent birtokba vev\u0151 v\u00edz azonban sz\u00f3 szerint &#8222;elmossa&#8221; az aranyvessz\u0151t, utat nyitva ezzel a s\u00e1s \u00e9s a n\u00e1d t\u00e9rh\u00f3d\u00edt\u00e1s\u00e1nak. A l\u00e9trej\u00f6v\u0151 csatorn\u00e1k k\u00f6zleked\u00e9si \u00fatvonalk\u00e9nt is szolg\u00e1lnak majd az \u00e9szaki pocok sz\u00e1m\u00e1ra.[\/vc_column_text][\/vc_column][\/vc_row]<\/div>","protected":false},"excerpt":{"rendered":"<p>A Microtus II LIFE projekt r\u00e9szek\u00e9nt elk\u00e9sz\u00fclt az els\u0151 terv az Isztr\u00e1ga vizes \u00e9l\u0151helyeinek a helyre\u00e1ll\u00edt\u00e1s\u00e1ra, melynek c\u00e9lja a v\u00edz eg\u00e9sz \u00e9ves jelenl\u00e9te a ter\u00fcleten. <\/p>\n","protected":false},"author":2,"featured_media":18651,"comment_status":"closed","ping_status":"closed","sticky":false,"template":"","format":"standard","meta":{"_acf_changed":false,"pmpro_default_level":"","footnotes":""},"categories":[41],"tags":[],"class_list":["post-18799","post","type-post","status-publish","format-standard","has-post-thumbnail","hentry","category-protection-of-habitats-hu","pmpro-has-access","category-41","description-off"],"acf":[],"yoast_head":"<!-- This site is optimized with the Yoast SEO Premium plugin v21.4 (Yoast SEO v27.5) - https:\/\/yoast.com\/product\/yoast-seo-premium-wordpress\/ -->\n<title>Az Isztr\u00e1gai vizes \u00e9l\u0151helyeinek helyre\u00e1ll\u00edt\u00e1sa - BROZ<\/title>\n<meta name=\"description\" content=\"A Microtus II LIFE projekt r\u00e9szek\u00e9nt elk\u00e9sz\u00fclt az els\u0151 terv az Isztr\u00e1ga vizes \u00e9l\u0151helyeinek a helyre\u00e1ll\u00edt\u00e1s\u00e1ra, melynek c\u00e9lja a v\u00edz eg\u00e9sz \u00e9ves jelenl\u00e9te a ter\u00fcleten.\" \/>\n<meta name=\"robots\" content=\"index, follow, max-snippet:-1, max-image-preview:large, max-video-preview:-1\" \/>\n<link rel=\"canonical\" href=\"https:\/\/broz.sk\/hu\/az-isztragai-vizes-elohelyeinek-helyreallitasa\/\" \/>\n<meta property=\"og:locale\" content=\"hu_HU\" \/>\n<meta property=\"og:type\" content=\"article\" \/>\n<meta property=\"og:title\" content=\"Az Isztr\u00e1gai vizes \u00e9l\u0151helyeinek helyre\u00e1ll\u00edt\u00e1sa\" \/>\n<meta property=\"og:description\" content=\"A Microtus II LIFE projekt r\u00e9szek\u00e9nt elk\u00e9sz\u00fclt az els\u0151 terv az Isztr\u00e1ga vizes \u00e9l\u0151helyeinek a helyre\u00e1ll\u00edt\u00e1s\u00e1ra, melynek c\u00e9lja a v\u00edz eg\u00e9sz \u00e9ves jelenl\u00e9te a ter\u00fcleten.\" \/>\n<meta property=\"og:url\" content=\"https:\/\/broz.sk\/hu\/az-isztragai-vizes-elohelyeinek-helyreallitasa\/\" \/>\n<meta property=\"og:site_name\" content=\"BROZ\" \/>\n<meta property=\"article:publisher\" content=\"https:\/\/www.facebook.com\/broz.ba\/\" \/>\n<meta property=\"article:published_time\" content=\"2022-04-07T20:28:07+00:00\" \/>\n<meta property=\"article:modified_time\" content=\"2022-04-24T20:32:45+00:00\" \/>\n<meta property=\"og:image\" content=\"https:\/\/broz.sk\/wp-content\/uploads\/2022\/04\/DJI_0537-scaled.jpg\" \/>\n\t<meta property=\"og:image:width\" content=\"2560\" \/>\n\t<meta property=\"og:image:height\" content=\"1920\" \/>\n\t<meta property=\"og:image:type\" content=\"image\/jpeg\" \/>\n<meta name=\"author\" content=\"broz\" \/>\n<meta name=\"twitter:card\" content=\"summary_large_image\" \/>\n<meta name=\"twitter:label1\" content=\"Szerz\u0151:\" \/>\n\t<meta name=\"twitter:data1\" content=\"broz\" \/>\n\t<meta name=\"twitter:label2\" content=\"Becs\u00fclt olvas\u00e1si id\u0151\" \/>\n\t<meta name=\"twitter:data2\" content=\"2 perc\" \/>\n<script type=\"application\/ld+json\" class=\"yoast-schema-graph\">{\"@context\":\"https:\\\/\\\/schema.org\",\"@graph\":[{\"@type\":\"Article\",\"@id\":\"https:\\\/\\\/broz.sk\\\/hu\\\/az-isztragai-vizes-elohelyeinek-helyreallitasa\\\/#article\",\"isPartOf\":{\"@id\":\"https:\\\/\\\/broz.sk\\\/hu\\\/az-isztragai-vizes-elohelyeinek-helyreallitasa\\\/\"},\"author\":{\"name\":\"broz\",\"@id\":\"https:\\\/\\\/broz.sk\\\/#\\\/schema\\\/person\\\/210ebb0b5afa2a18d1e13abfbbb27080\"},\"headline\":\"Az Isztr\u00e1gai vizes \u00e9l\u0151helyeinek helyre\u00e1ll\u00edt\u00e1sa\",\"datePublished\":\"2022-04-07T20:28:07+00:00\",\"dateModified\":\"2022-04-24T20:32:45+00:00\",\"mainEntityOfPage\":{\"@id\":\"https:\\\/\\\/broz.sk\\\/hu\\\/az-isztragai-vizes-elohelyeinek-helyreallitasa\\\/\"},\"wordCount\":412,\"publisher\":{\"@id\":\"https:\\\/\\\/broz.sk\\\/#organization\"},\"image\":{\"@id\":\"https:\\\/\\\/broz.sk\\\/hu\\\/az-isztragai-vizes-elohelyeinek-helyreallitasa\\\/#primaryimage\"},\"thumbnailUrl\":\"https:\\\/\\\/broz.sk\\\/wp-content\\\/uploads\\\/2022\\\/04\\\/DJI_0537-scaled.jpg\",\"articleSection\":[\"Protection of habitats\"],\"inLanguage\":\"hu\"},{\"@type\":\"WebPage\",\"@id\":\"https:\\\/\\\/broz.sk\\\/hu\\\/az-isztragai-vizes-elohelyeinek-helyreallitasa\\\/\",\"url\":\"https:\\\/\\\/broz.sk\\\/hu\\\/az-isztragai-vizes-elohelyeinek-helyreallitasa\\\/\",\"name\":\"Az Isztr\u00e1gai vizes \u00e9l\u0151helyeinek helyre\u00e1ll\u00edt\u00e1sa - BROZ\",\"isPartOf\":{\"@id\":\"https:\\\/\\\/broz.sk\\\/#website\"},\"primaryImageOfPage\":{\"@id\":\"https:\\\/\\\/broz.sk\\\/hu\\\/az-isztragai-vizes-elohelyeinek-helyreallitasa\\\/#primaryimage\"},\"image\":{\"@id\":\"https:\\\/\\\/broz.sk\\\/hu\\\/az-isztragai-vizes-elohelyeinek-helyreallitasa\\\/#primaryimage\"},\"thumbnailUrl\":\"https:\\\/\\\/broz.sk\\\/wp-content\\\/uploads\\\/2022\\\/04\\\/DJI_0537-scaled.jpg\",\"datePublished\":\"2022-04-07T20:28:07+00:00\",\"dateModified\":\"2022-04-24T20:32:45+00:00\",\"description\":\"A Microtus II LIFE projekt r\u00e9szek\u00e9nt elk\u00e9sz\u00fclt az els\u0151 terv az Isztr\u00e1ga vizes \u00e9l\u0151helyeinek a helyre\u00e1ll\u00edt\u00e1s\u00e1ra, melynek c\u00e9lja a v\u00edz eg\u00e9sz \u00e9ves jelenl\u00e9te a ter\u00fcleten.\",\"breadcrumb\":{\"@id\":\"https:\\\/\\\/broz.sk\\\/hu\\\/az-isztragai-vizes-elohelyeinek-helyreallitasa\\\/#breadcrumb\"},\"inLanguage\":\"hu\",\"potentialAction\":[{\"@type\":\"ReadAction\",\"target\":[\"https:\\\/\\\/broz.sk\\\/hu\\\/az-isztragai-vizes-elohelyeinek-helyreallitasa\\\/\"]}]},{\"@type\":\"ImageObject\",\"inLanguage\":\"hu\",\"@id\":\"https:\\\/\\\/broz.sk\\\/hu\\\/az-isztragai-vizes-elohelyeinek-helyreallitasa\\\/#primaryimage\",\"url\":\"https:\\\/\\\/broz.sk\\\/wp-content\\\/uploads\\\/2022\\\/04\\\/DJI_0537-scaled.jpg\",\"contentUrl\":\"https:\\\/\\\/broz.sk\\\/wp-content\\\/uploads\\\/2022\\\/04\\\/DJI_0537-scaled.jpg\",\"width\":2560,\"height\":1920,\"caption\":\"default\"},{\"@type\":\"BreadcrumbList\",\"@id\":\"https:\\\/\\\/broz.sk\\\/hu\\\/az-isztragai-vizes-elohelyeinek-helyreallitasa\\\/#breadcrumb\",\"itemListElement\":[{\"@type\":\"ListItem\",\"position\":1,\"name\":\"Domovsk\u00e1 str\u00e1nka\",\"item\":\"https:\\\/\\\/broz.sk\\\/\"},{\"@type\":\"ListItem\",\"position\":2,\"name\":\"Az Isztr\u00e1gai vizes \u00e9l\u0151helyeinek helyre\u00e1ll\u00edt\u00e1sa\"}]},{\"@type\":\"WebSite\",\"@id\":\"https:\\\/\\\/broz.sk\\\/#website\",\"url\":\"https:\\\/\\\/broz.sk\\\/\",\"name\":\"BROZ\",\"description\":\"ochran\u00e1rske zdru\u017eenie\",\"publisher\":{\"@id\":\"https:\\\/\\\/broz.sk\\\/#organization\"},\"potentialAction\":[{\"@type\":\"SearchAction\",\"target\":{\"@type\":\"EntryPoint\",\"urlTemplate\":\"https:\\\/\\\/broz.sk\\\/?s={search_term_string}\"},\"query-input\":{\"@type\":\"PropertyValueSpecification\",\"valueRequired\":true,\"valueName\":\"search_term_string\"}}],\"inLanguage\":\"hu\"},{\"@type\":\"Organization\",\"@id\":\"https:\\\/\\\/broz.sk\\\/#organization\",\"name\":\"BROZ - Bratislavsk\u00e9 region\u00e1lne ochran\u00e1rske zdru\u017eenie\",\"url\":\"https:\\\/\\\/broz.sk\\\/\",\"logo\":{\"@type\":\"ImageObject\",\"inLanguage\":\"hu\",\"@id\":\"https:\\\/\\\/broz.sk\\\/#\\\/schema\\\/logo\\\/image\\\/\",\"url\":\"https:\\\/\\\/broz.sk\\\/wp-content\\\/uploads\\\/2018\\\/03\\\/broz-logo-hires-color.png\",\"contentUrl\":\"https:\\\/\\\/broz.sk\\\/wp-content\\\/uploads\\\/2018\\\/03\\\/broz-logo-hires-color.png\",\"width\":2585,\"height\":1618,\"caption\":\"BROZ - Bratislavsk\u00e9 region\u00e1lne ochran\u00e1rske zdru\u017eenie\"},\"image\":{\"@id\":\"https:\\\/\\\/broz.sk\\\/#\\\/schema\\\/logo\\\/image\\\/\"},\"sameAs\":[\"https:\\\/\\\/www.facebook.com\\\/broz.ba\\\/\"]},{\"@type\":\"Person\",\"@id\":\"https:\\\/\\\/broz.sk\\\/#\\\/schema\\\/person\\\/210ebb0b5afa2a18d1e13abfbbb27080\",\"name\":\"broz\",\"image\":{\"@type\":\"ImageObject\",\"inLanguage\":\"hu\",\"@id\":\"https:\\\/\\\/secure.gravatar.com\\\/avatar\\\/2e036a5d302f24b5c517a7e75051ca040aedd897cd58df9cbd4f523a61282112?s=96&d=mm&r=g\",\"url\":\"https:\\\/\\\/secure.gravatar.com\\\/avatar\\\/2e036a5d302f24b5c517a7e75051ca040aedd897cd58df9cbd4f523a61282112?s=96&d=mm&r=g\",\"contentUrl\":\"https:\\\/\\\/secure.gravatar.com\\\/avatar\\\/2e036a5d302f24b5c517a7e75051ca040aedd897cd58df9cbd4f523a61282112?s=96&d=mm&r=g\",\"caption\":\"broz\"},\"url\":\"https:\\\/\\\/broz.sk\\\/hu\\\/author\\\/broz\\\/\"}]}<\/script>\n<!-- \/ Yoast SEO Premium plugin. -->","yoast_head_json":{"title":"Az Isztr\u00e1gai vizes \u00e9l\u0151helyeinek helyre\u00e1ll\u00edt\u00e1sa - BROZ","description":"A Microtus II LIFE projekt r\u00e9szek\u00e9nt elk\u00e9sz\u00fclt az els\u0151 terv az Isztr\u00e1ga vizes \u00e9l\u0151helyeinek a helyre\u00e1ll\u00edt\u00e1s\u00e1ra, melynek c\u00e9lja a v\u00edz eg\u00e9sz \u00e9ves jelenl\u00e9te a ter\u00fcleten.","robots":{"index":"index","follow":"follow","max-snippet":"max-snippet:-1","max-image-preview":"max-image-preview:large","max-video-preview":"max-video-preview:-1"},"canonical":"https:\/\/broz.sk\/hu\/az-isztragai-vizes-elohelyeinek-helyreallitasa\/","og_locale":"hu_HU","og_type":"article","og_title":"Az Isztr\u00e1gai vizes \u00e9l\u0151helyeinek helyre\u00e1ll\u00edt\u00e1sa","og_description":"A Microtus II LIFE projekt r\u00e9szek\u00e9nt elk\u00e9sz\u00fclt az els\u0151 terv az Isztr\u00e1ga vizes \u00e9l\u0151helyeinek a helyre\u00e1ll\u00edt\u00e1s\u00e1ra, melynek c\u00e9lja a v\u00edz eg\u00e9sz \u00e9ves jelenl\u00e9te a ter\u00fcleten.","og_url":"https:\/\/broz.sk\/hu\/az-isztragai-vizes-elohelyeinek-helyreallitasa\/","og_site_name":"BROZ","article_publisher":"https:\/\/www.facebook.com\/broz.ba\/","article_published_time":"2022-04-07T20:28:07+00:00","article_modified_time":"2022-04-24T20:32:45+00:00","og_image":[{"width":2560,"height":1920,"url":"https:\/\/broz.sk\/wp-content\/uploads\/2022\/04\/DJI_0537-scaled.jpg","type":"image\/jpeg"}],"author":"broz","twitter_card":"summary_large_image","twitter_misc":{"Szerz\u0151:":"broz","Becs\u00fclt olvas\u00e1si id\u0151":"2 perc"},"schema":{"@context":"https:\/\/schema.org","@graph":[{"@type":"Article","@id":"https:\/\/broz.sk\/hu\/az-isztragai-vizes-elohelyeinek-helyreallitasa\/#article","isPartOf":{"@id":"https:\/\/broz.sk\/hu\/az-isztragai-vizes-elohelyeinek-helyreallitasa\/"},"author":{"name":"broz","@id":"https:\/\/broz.sk\/#\/schema\/person\/210ebb0b5afa2a18d1e13abfbbb27080"},"headline":"Az Isztr\u00e1gai vizes \u00e9l\u0151helyeinek helyre\u00e1ll\u00edt\u00e1sa","datePublished":"2022-04-07T20:28:07+00:00","dateModified":"2022-04-24T20:32:45+00:00","mainEntityOfPage":{"@id":"https:\/\/broz.sk\/hu\/az-isztragai-vizes-elohelyeinek-helyreallitasa\/"},"wordCount":412,"publisher":{"@id":"https:\/\/broz.sk\/#organization"},"image":{"@id":"https:\/\/broz.sk\/hu\/az-isztragai-vizes-elohelyeinek-helyreallitasa\/#primaryimage"},"thumbnailUrl":"https:\/\/broz.sk\/wp-content\/uploads\/2022\/04\/DJI_0537-scaled.jpg","articleSection":["Protection of habitats"],"inLanguage":"hu"},{"@type":"WebPage","@id":"https:\/\/broz.sk\/hu\/az-isztragai-vizes-elohelyeinek-helyreallitasa\/","url":"https:\/\/broz.sk\/hu\/az-isztragai-vizes-elohelyeinek-helyreallitasa\/","name":"Az Isztr\u00e1gai vizes \u00e9l\u0151helyeinek helyre\u00e1ll\u00edt\u00e1sa - BROZ","isPartOf":{"@id":"https:\/\/broz.sk\/#website"},"primaryImageOfPage":{"@id":"https:\/\/broz.sk\/hu\/az-isztragai-vizes-elohelyeinek-helyreallitasa\/#primaryimage"},"image":{"@id":"https:\/\/broz.sk\/hu\/az-isztragai-vizes-elohelyeinek-helyreallitasa\/#primaryimage"},"thumbnailUrl":"https:\/\/broz.sk\/wp-content\/uploads\/2022\/04\/DJI_0537-scaled.jpg","datePublished":"2022-04-07T20:28:07+00:00","dateModified":"2022-04-24T20:32:45+00:00","description":"A Microtus II LIFE projekt r\u00e9szek\u00e9nt elk\u00e9sz\u00fclt az els\u0151 terv az Isztr\u00e1ga vizes \u00e9l\u0151helyeinek a helyre\u00e1ll\u00edt\u00e1s\u00e1ra, melynek c\u00e9lja a v\u00edz eg\u00e9sz \u00e9ves jelenl\u00e9te a ter\u00fcleten.","breadcrumb":{"@id":"https:\/\/broz.sk\/hu\/az-isztragai-vizes-elohelyeinek-helyreallitasa\/#breadcrumb"},"inLanguage":"hu","potentialAction":[{"@type":"ReadAction","target":["https:\/\/broz.sk\/hu\/az-isztragai-vizes-elohelyeinek-helyreallitasa\/"]}]},{"@type":"ImageObject","inLanguage":"hu","@id":"https:\/\/broz.sk\/hu\/az-isztragai-vizes-elohelyeinek-helyreallitasa\/#primaryimage","url":"https:\/\/broz.sk\/wp-content\/uploads\/2022\/04\/DJI_0537-scaled.jpg","contentUrl":"https:\/\/broz.sk\/wp-content\/uploads\/2022\/04\/DJI_0537-scaled.jpg","width":2560,"height":1920,"caption":"default"},{"@type":"BreadcrumbList","@id":"https:\/\/broz.sk\/hu\/az-isztragai-vizes-elohelyeinek-helyreallitasa\/#breadcrumb","itemListElement":[{"@type":"ListItem","position":1,"name":"Domovsk\u00e1 str\u00e1nka","item":"https:\/\/broz.sk\/"},{"@type":"ListItem","position":2,"name":"Az Isztr\u00e1gai vizes \u00e9l\u0151helyeinek helyre\u00e1ll\u00edt\u00e1sa"}]},{"@type":"WebSite","@id":"https:\/\/broz.sk\/#website","url":"https:\/\/broz.sk\/","name":"BROZ","description":"ochran\u00e1rske zdru\u017eenie","publisher":{"@id":"https:\/\/broz.sk\/#organization"},"potentialAction":[{"@type":"SearchAction","target":{"@type":"EntryPoint","urlTemplate":"https:\/\/broz.sk\/?s={search_term_string}"},"query-input":{"@type":"PropertyValueSpecification","valueRequired":true,"valueName":"search_term_string"}}],"inLanguage":"hu"},{"@type":"Organization","@id":"https:\/\/broz.sk\/#organization","name":"BROZ - Bratislavsk\u00e9 region\u00e1lne ochran\u00e1rske zdru\u017eenie","url":"https:\/\/broz.sk\/","logo":{"@type":"ImageObject","inLanguage":"hu","@id":"https:\/\/broz.sk\/#\/schema\/logo\/image\/","url":"https:\/\/broz.sk\/wp-content\/uploads\/2018\/03\/broz-logo-hires-color.png","contentUrl":"https:\/\/broz.sk\/wp-content\/uploads\/2018\/03\/broz-logo-hires-color.png","width":2585,"height":1618,"caption":"BROZ - Bratislavsk\u00e9 region\u00e1lne ochran\u00e1rske zdru\u017eenie"},"image":{"@id":"https:\/\/broz.sk\/#\/schema\/logo\/image\/"},"sameAs":["https:\/\/www.facebook.com\/broz.ba\/"]},{"@type":"Person","@id":"https:\/\/broz.sk\/#\/schema\/person\/210ebb0b5afa2a18d1e13abfbbb27080","name":"broz","image":{"@type":"ImageObject","inLanguage":"hu","@id":"https:\/\/secure.gravatar.com\/avatar\/2e036a5d302f24b5c517a7e75051ca040aedd897cd58df9cbd4f523a61282112?s=96&d=mm&r=g","url":"https:\/\/secure.gravatar.com\/avatar\/2e036a5d302f24b5c517a7e75051ca040aedd897cd58df9cbd4f523a61282112?s=96&d=mm&r=g","contentUrl":"https:\/\/secure.gravatar.com\/avatar\/2e036a5d302f24b5c517a7e75051ca040aedd897cd58df9cbd4f523a61282112?s=96&d=mm&r=g","caption":"broz"},"url":"https:\/\/broz.sk\/hu\/author\/broz\/"}]}},"_links":{"self":[{"href":"https:\/\/broz.sk\/hu\/wp-json\/wp\/v2\/posts\/18799","targetHints":{"allow":["GET"]}}],"collection":[{"href":"https:\/\/broz.sk\/hu\/wp-json\/wp\/v2\/posts"}],"about":[{"href":"https:\/\/broz.sk\/hu\/wp-json\/wp\/v2\/types\/post"}],"author":[{"embeddable":true,"href":"https:\/\/broz.sk\/hu\/wp-json\/wp\/v2\/users\/2"}],"replies":[{"embeddable":true,"href":"https:\/\/broz.sk\/hu\/wp-json\/wp\/v2\/comments?post=18799"}],"version-history":[{"count":6,"href":"https:\/\/broz.sk\/hu\/wp-json\/wp\/v2\/posts\/18799\/revisions"}],"predecessor-version":[{"id":18811,"href":"https:\/\/broz.sk\/hu\/wp-json\/wp\/v2\/posts\/18799\/revisions\/18811"}],"wp:featuredmedia":[{"embeddable":true,"href":"https:\/\/broz.sk\/hu\/wp-json\/wp\/v2\/media\/18651"}],"wp:attachment":[{"href":"https:\/\/broz.sk\/hu\/wp-json\/wp\/v2\/media?parent=18799"}],"wp:term":[{"taxonomy":"category","embeddable":true,"href":"https:\/\/broz.sk\/hu\/wp-json\/wp\/v2\/categories?post=18799"},{"taxonomy":"post_tag","embeddable":true,"href":"https:\/\/broz.sk\/hu\/wp-json\/wp\/v2\/tags?post=18799"}],"curies":[{"name":"wp","href":"https:\/\/api.w.org\/{rel}","templated":true}]}}