{"id":17942,"date":"2022-01-25T11:49:47","date_gmt":"2022-01-25T10:49:47","guid":{"rendered":"https:\/\/broz.sk\/egyuttmukodes-a-duna-ipoly-nemzeti-parkkal\/"},"modified":"2022-01-25T11:49:49","modified_gmt":"2022-01-25T10:49:49","slug":"egyuttmukodes-a-duna-ipoly-nemzeti-parkkal","status":"publish","type":"post","link":"https:\/\/broz.sk\/hu\/egyuttmukodes-a-duna-ipoly-nemzeti-parkkal\/","title":{"rendered":"Egy\u00fcttm\u0171k\u00f6d\u00e9s a Duna\u2013Ipoly Nemzeti Parkkal"},"content":{"rendered":"<div class=\"wpb-content-wrapper\">[vc_row][vc_column][vc_column_text]<em><b>Hat\u00e1ron \u00e1tny\u00fal\u00f3 partners\u00e9g a Duna \u00e1rt\u00e9ri erd\u0151i\u00e9rt\u00a0<\/b><\/em>\r\n\r\n<a href=\"https:\/\/broz.sk\/hu\/projekty\/obnova-a-manazment-dunajskych-luznych-biotopov-life14-natsk001306\/\"><span style=\"font-weight: 400;\">A Duna \u00e1rt\u00e9ri \u00e9l\u0151helyeinek helyre\u00e1ll\u00edt\u00e1sa \u00e9s kezel\u00e9se<\/span><\/a><span style=\"font-weight: 400;\"> elnevez\u00e9s\u0171, jelenleg folyamatban l\u00e9v\u0151 LIFE projekt nem az els\u0151 egy\u00fcttm\u0171k\u00f6d\u00e9s a <\/span><a href=\"https:\/\/broz.sk\/projekty\/danube-wild-island-habitat-corridor\/\"><span style=\"font-weight: 400;\">BROZ<\/span><\/a> <span style=\"font-weight: 400;\">\u00e9s a <\/span><a href=\"https:\/\/www.dunaipoly.hu\/hu\/\"><span style=\"font-weight: 400;\">Duna-Ipoly Nemzeti Park k\u00f6z\u00f6tt<\/span><\/a><span style=\"font-weight: 400;\">. M\u00e1r kor\u00e1bban is egyes\u00edtett\u00fck term\u00e9szetv\u00e9delmi t\u00f6rekv\u00e9seinket a\u00a0Duna vonal\u00e1t k\u00f6vet\u0151 <\/span><a href=\"https:\/\/broz.sk\/projekty\/danube-wild-island-habitat-corridor\/\"><span style=\"font-weight: 400;\">Danubeparks<\/span><\/a> <span style=\"font-weight: 400;\">v\u00e9dett ter\u00fcletek nemzetk\u00f6zi h\u00e1l\u00f3zat\u00e1nak keret\u00e9ben, ahol imm\u00e1r a negyedik k\u00f6z\u00f6s projekt\u00fcnket val\u00f3s\u00edtjuk meg. Egy\u00fcttm\u0171k\u00f6d\u00e9s\u00fcnk emellett kiterjed az endemikus fajok, valamint a sz\u00e1raz gyepek \u00e9l\u0151helyeinek v\u00e9delm\u00e9re is. (<\/span><a href=\"https:\/\/broz.sk\/projekty\/panalp\/\"><span style=\"font-weight: 400;\">LIFE endemic PANALP<\/span><\/a><span style=\"font-weight: 400;\">).\u00a0<\/span>[\/vc_column_text][vc_single_image image=&#8221;17752&#8243; img_size=&#8221;medium&#8221; onclick=&#8221;link_image&#8221; image_hovers=&#8221;false&#8221; css=&#8221;.vc_custom_1641559138250{padding-bottom: px !important;}&#8221;][vc_column_text]<span style=\"font-weight: 400;\">Az <\/span><a href=\"https:\/\/www.youtube.com\/watch?v=n6xJPcrAtPU\"><span style=\"font-weight: 400;\">Duna-Ipoly Nemzeti Parkot<\/span><\/a><span style=\"font-weight: 400;\"> 1997-ben alap\u00edtott\u00e1k, \u00e9s a domb- \u00e9s a s\u00edkvid\u00e9ki t\u00e1j, ill. a foly\u00f3 tal\u00e1lkoz\u00e1s\u00e1nak k\u00f6sz\u00f6nhet\u0151en egyike Magyarorsz\u00e1g legv\u00e1ltozatosabb nemzeti parkjainak. Ez\u00e9rt nemcsak a term\u00e9szetv\u00e9delem, hanem az \u00f6koturizmus szempontj\u00e1b\u00f3l figyelmet \u00e9rdemel. A jelenlegi <\/span><a href=\"https:\/\/broz.sk\/hu\/projekty\/obnova-a-manazment-dunajskych-luznych-biotopov-life14-natsk001306\/\"><span style=\"font-weight: 400;\">Dunai \u00c1rterek LIFE<\/span><\/a><span style=\"font-weight: 400;\"> projektben a magyar egy\u00fcttm\u0171k\u00f6d\u0151 partner\u00fcnk szerepe, hogy a projektter\u00fclet magyarorsz\u00e1gi r\u00e9sz\u00e9n ell\u00e1ssa a konkr\u00e9t term\u00e9szetv\u00e9delmi teend\u0151ket, valamint a szakmai, ill. sz\u00e9lesebb k\u00f6z\u00f6ns\u00e9g k\u00f6r\u00e9ben szeml\u00e9letform\u00e1l\u00f3 tev\u00e9kenys\u00e9get folytasson a folyami-\u00e1rt\u00e9ri t\u00e1j v\u00e9delm\u00e9nek t\u00e1mogat\u00e1sa \u00e9rdek\u00e9ben.\u00a0<\/span>[\/vc_column_text][vc_single_image image=&#8221;17748&#8243; img_size=&#8221;medium&#8221; onclick=&#8221;link_image&#8221; image_hovers=&#8221;false&#8221; css=&#8221;.vc_custom_1641559146912{padding-bottom: px !important;}&#8221;][vc_column_text]<span style=\"font-weight: 400;\">A nemzeti park f\u0151 tev\u00e9kenys\u00e9ge a genetikai<\/span><span style=\"font-weight: 400;\">l<\/span><span style=\"font-weight: 400;\"> \u00e1llom\u00e1nyuk alapj\u00e1n \u0151shonos facsemet\u00e9k el\u0151k\u00e9sz\u00edt\u00e9se, ill. faiskola l\u00e9trehoz\u00e1sa, mely ut\u00f3bbi <\/span><a href=\"https:\/\/dejtar.hu\/\"><span style=\"font-weight: 400;\">Dejt\u00e1r<\/span><\/a><span style=\"font-weight: 400;\"> k\u00f6zs\u00e9gben l\u00e9tes\u00fclt. Siker\u00fclt eredeti genot\u00edpus\u00fa fekete ny\u00e1r (Populus nigra) csemet\u00e9ket beszerezni, melyek nagy ar\u00e1nyban meg\u00e9ledtek. Emellett a Duna ment\u00e9n felt\u00e9rk\u00e9pezt\u00e9k a szapor\u00edt\u00f3anyagnak megfelel\u0151 f\u00e1kat, \u00e9s a bel\u0151l\u00fck nyert vessz\u0151ket az \u00e1llami faiskol\u00e1ban a k\u00e9s\u0151bbiekben telep\u00edtend\u0151 csemet\u00e9k kinevel\u00e9s\u00e9re haszn\u00e1lt\u00e1k fel. Ki\u00fcltet\u00e9sre Dejt\u00e1r \u00e9s\u00a0<\/span><a href=\"https:\/\/racalmas.hu\/\"><span style=\"font-weight: 400;\">R\u00e1calm\u00e1s<\/span><\/a> <span style=\"font-weight: 400;\">\u00a0<\/span><span style=\"font-weight: 400;\">t\u00e9rs\u00e9g\u00e9ben ker\u00fclt sor. A ny\u00e1rf\u00e1k mellett a magyarorsz\u00e1gi projektter\u00fclet \u00e1rt\u00e9ri erdeiben magyar k\u0151rist (Fraxinus angustifolia ssp. pannonica), v\u00e9nic szilt (Ulmus laevis) \u00e9s kocs\u00e1nyos t\u00f6lgyet (Quercus robur) is telep\u00edtettek, eddig \u00f6sszesen 12 500 egyedsz\u00e1mban.\u00a0<\/span>[\/vc_column_text][vc_single_image image=&#8221;17764&#8243; img_size=&#8221;large&#8221; add_caption=&#8221;yes&#8221; onclick=&#8221;link_image&#8221; image_hovers=&#8221;false&#8221; css=&#8221;.vc_custom_1641558751332{padding-bottom: px !important;}&#8221;][vc_column_text]<span style=\"font-weight: 400;\">A fatelep\u00edt\u00e9sen k\u00edv\u00fcl n\u00e9h\u00e1ny helyen el\u0151k\u00e9sz\u00edt\u0151 munk\u00e1kra is sz\u00fcks\u00e9g van, p\u00e9ld\u00e1ul a H\u00e1ros-szigeten 7,1 ha ter\u00fcletr\u0151l 450 tonna hullad\u00e9kot kell elt\u00e1vol\u00edtani. A nemzeti park munkat\u00e1rsai tov\u00e1bb\u00e1 rendszeresen elt\u00e1vol\u00edtj\u00e1k az idegenhonos fajokat, mint p\u00e9ld\u00e1ul a k\u0151rislevel\u0171 juhart (Negundo aceroides), az \u00e1rt\u00e9ri jap\u00e1nkeser\u0171f\u00fcvet (Fallopia japonica) vagy az aranyvessz\u0151t (Solidago sp.).\u00a0 Erre eddig 8 hekt\u00e1rnyi ter\u00fcleten ker\u00fclt sor. A nemk\u00edv\u00e1natos fajok elt\u00e1vol\u00edt\u00e1sa tov\u00e1bb folytat\u00f3dik alacsony koncentr\u00e1ci\u00f3j\u00fa herbicidek alkalmaz\u00e1s\u00e1val. A m\u00f3dszer k\u00f6lts\u00e9g- \u00e9s id\u0151hat\u00e9konynak bizonyult, csaknem 100%-os sikerrel. A fentieken t\u00falmen\u0151en az el\u00fcltetett f\u00e1k ut\u00f3gondoz\u00e1s\u00e1r\u00f3l is gondoskodni kell. A facsemet\u00e9ket \u00faj, \u00f6kol\u00f3giai vadriaszt\u00f3val kezelik, mely nagyon hat\u00e9konynak bizonyult vaddiszn\u00f3kkal \u00e9s szarvasokkal szemben. Mindezek a tev\u00e9kenys\u00e9gek hozz\u00e1j\u00e1rulnak az \u00e1rt\u00e9ri erd\u0151k optim\u00e1lis faji \u00f6sszet\u00e9tel\u00e9nek fenntart\u00e1s\u00e1hoz.<\/span>[\/vc_column_text][vc_single_image image=&#8221;17760&#8243; img_size=&#8221;large&#8221; add_caption=&#8221;yes&#8221; onclick=&#8221;link_image&#8221; image_hovers=&#8221;false&#8221; css=&#8221;.vc_custom_1641558809162{padding-bottom: px !important;}&#8221;][vc_column_text]<span style=\"font-weight: 400;\">A Duna-Ipoly Nemzeti Park a projekt keret\u00e9ben folytatott tev\u00e9kenys\u00e9geinek jelent\u0151s r\u00e9sz\u00e9t a term\u00e9szetv\u00e9delem t\u00e9mak\u00f6r\u00e9nek \u00e9s a Duna menti \u00e1rt\u00e9ri t\u00e1j gazdags\u00e1g\u00e1nak a bemutat\u00e1sa, n\u00e9pszer\u0171s\u00edt\u00e9se teszi ki. A nemzeti park \u00e9vente kultur\u00e1lis \u00e9s term\u00e9szetv\u00e9delmi t\u00e9m\u00e1j\u00fa <\/span><a href=\"https:\/\/broz.sk\/hu\/zeleny-den-v-domosi-prilakal-najma-rodiny-s-detmi\/\"><span style=\"font-weight: 400;\">fesztiv\u00e1lt<\/span><\/a><span style=\"font-weight: 400;\"> rendez D\u00f6m\u00f6s\u00f6n hagyom\u00e1nyos n\u00e9pi mesters\u00e9gek bemutat\u00f3ival, p\u00f3nilovagl\u00e1ssal, \u00edj\u00e1szattal, koncertekkel \u00e9s egy\u00e9b el\u0151ad\u00e1sokkal. A nemzeti park a dunai t\u00e1j v\u00e9delm\u00e9nek t\u00e9mak\u00f6r\u00e9t a <\/span><a href=\"https:\/\/stary.broz.sk\/files\/Dunajske-luhy\/DINPI_Cincer_news_letter.pdf\"><span style=\"font-weight: 400;\">Cinc\u00e9r<\/span><\/a><span style=\"font-weight: 400;\"> foly\u00f3irat \u00e9s egy\u00e9b kiadv\u00e1nyok, ismeretterjeszt\u0151 anyagok r\u00e9v\u00e9n is a nyilv\u00e1noss\u00e1g el\u00e9 t\u00e1rja.<\/span>[\/vc_column_text][vc_single_image image=&#8221;17768&#8243; img_size=&#8221;large&#8221; add_caption=&#8221;yes&#8221; onclick=&#8221;link_image&#8221; image_hovers=&#8221;false&#8221; css=&#8221;.vc_custom_1641558856193{padding-bottom: px !important;}&#8221;][vc_column_text]<span style=\"font-weight: 400;\">A projektter\u00fclet magyarorsz\u00e1gi r\u00e9sz\u00e9n szervezett kir\u00e1ndul\u00e1sokhoz el\u0151sz\u00f6r speci\u00e1lisan erre a c\u00e9lra t\u00faravezet\u0151ket k\u00e9peztek. A nemzeti park els\u0151sorban az iskol\u00e1skor\u00fa gyerekeket pr\u00f3b\u00e1lja megsz\u00f3l\u00edtani. A programban ker\u00e9kp\u00e1r- \u00e9s kenut\u00far\u00e1k is szerepelnek. Emellett egy v\u00e1ndorki\u00e1ll\u00edt\u00e1s is n\u00e9pszer\u0171s\u00edti a dunai t\u00e1j v\u00e9delm\u00e9nek gondolat\u00e1t a fiatalok k\u00f6r\u00e9ben. A ki\u00e1ll\u00edt\u00e1si paneleket az \u201eEgy nemzeti park sz\u00fclet\u00e9se\u201d c\u00edm\u0171 dokumentumfilm eg\u00e9sz\u00edti ki, a di\u00e1kok pedig egy k\u00e9rd\u0151\u00edv kit\u00f6lt\u00e9s\u00e9vel ellen\u0151rizhetik a megszerzett tud\u00e1sukat.\u00a0<\/span>[\/vc_column_text][vc_single_image image=&#8221;17756&#8243; img_size=&#8221;large&#8221; add_caption=&#8221;yes&#8221; onclick=&#8221;link_image&#8221; image_hovers=&#8221;false&#8221; css=&#8221;.vc_custom_1641558895965{padding-bottom: px !important;}&#8221;][vc_column_text]<span style=\"font-weight: 400;\">Legyen sz\u00f3 gyakorlati term\u00e9szetv\u00e9delemr\u0151l, tudom\u00e1nyos kutat\u00e1sr\u00f3l, tapasztalat- vagy szaktud\u00e1scser\u00e9r\u0151l, vagy ak\u00e1r a nyilv\u00e1noss\u00e1gnak sz\u00f3l\u00f3 ismeretterjeszt\u00e9sr\u0151l, a Duna ment\u00e9n elter\u00fcl\u0151 szlov\u00e1kiai \u00e9s magyarorsz\u00e1gi v\u00e9dett ter\u00fcletek nagyon hasonl\u00f3ak, ez\u00e9rt a k\u00f6z\u00f6s projektek keret\u00e9ben fenn\u00e1ll\u00f3 partners\u00e9g mindk\u00e9t f\u00e9l sz\u00e1m\u00e1ra el\u0151ny\u00f6s. <\/span><span style=\"font-weight: 400;\">\r\n\r\n<\/span>[\/vc_column_text][\/vc_column][\/vc_row]<\/div>","protected":false},"excerpt":{"rendered":"<p>A Duna \u00e1rt\u00e9ri \u00e9l\u0151helyeinek helyre\u00e1ll\u00edt\u00e1sa \u00e9s kezel\u00e9se elnevez\u00e9s\u0171, jelenleg folyamatban l\u00e9v\u0151 LIFE projekt nem az els\u0151 egy\u00fcttm\u0171k\u00f6d\u00e9s a BROZ \u00e9s a Duna-Ipoly Nemzeti Park k\u00f6z\u00f6tt. M\u00e1r kor\u00e1bban is egyes\u00edtett\u00fck term\u00e9szetv\u00e9delmi t\u00f6rekv\u00e9seinket a Duna vonal\u00e1t k\u00f6vet\u0151 Danubeparks v\u00e9dett ter\u00fcletek nemzetk\u00f6zi h\u00e1l\u00f3zat\u00e1nak keret\u00e9ben, ahol imm\u00e1r a negyedik k\u00f6z\u00f6s projekt\u00fcnket val\u00f3s\u00edtjuk meg. <\/p>\n","protected":false},"author":19,"featured_media":17771,"comment_status":"closed","ping_status":"closed","sticky":false,"template":"","format":"standard","meta":{"_acf_changed":false,"pmpro_default_level":"","footnotes":""},"categories":[41,23],"tags":[],"class_list":["post-17942","post","type-post","status-publish","format-standard","has-post-thumbnail","hentry","category-protection-of-habitats-hu","category-uncategorized-hu","pmpro-has-access","category-41","category-23","description-off"],"acf":[],"yoast_head":"<!-- This site is optimized with the Yoast SEO Premium plugin v21.4 (Yoast SEO v27.4) - https:\/\/yoast.com\/product\/yoast-seo-premium-wordpress\/ -->\n<title>Egy\u00fcttm\u0171k\u00f6d\u00e9s a Duna\u2013Ipoly Nemzeti Parkkal - BROZ<\/title>\n<meta name=\"description\" content=\"A Duna \u00e1rt\u00e9ri \u00e9l\u0151helyeinek helyre\u00e1ll\u00edt\u00e1sa \u00e9s kezel\u00e9se elnevez\u00e9s\u0171, jelenleg folyamatban l\u00e9v\u0151 LIFE projekt nem az els\u0151 egy\u00fcttm\u0171k\u00f6d\u00e9s a BROZ \u00e9s a Duna-Ipoly Nemzeti Park k\u00f6z\u00f6tt.\" \/>\n<meta name=\"robots\" content=\"index, follow, max-snippet:-1, max-image-preview:large, max-video-preview:-1\" \/>\n<link rel=\"canonical\" href=\"https:\/\/broz.sk\/hu\/egyuttmukodes-a-duna-ipoly-nemzeti-parkkal\/\" \/>\n<meta property=\"og:locale\" content=\"hu_HU\" \/>\n<meta property=\"og:type\" content=\"article\" \/>\n<meta property=\"og:title\" content=\"Egy\u00fcttm\u0171k\u00f6d\u00e9s a Duna\u2013Ipoly Nemzeti Parkkal\" \/>\n<meta property=\"og:description\" content=\"A Duna \u00e1rt\u00e9ri \u00e9l\u0151helyeinek helyre\u00e1ll\u00edt\u00e1sa \u00e9s kezel\u00e9se elnevez\u00e9s\u0171, jelenleg folyamatban l\u00e9v\u0151 LIFE projekt nem az els\u0151 egy\u00fcttm\u0171k\u00f6d\u00e9s a BROZ \u00e9s a Duna-Ipoly Nemzeti Park k\u00f6z\u00f6tt.\" \/>\n<meta property=\"og:url\" content=\"https:\/\/broz.sk\/hu\/egyuttmukodes-a-duna-ipoly-nemzeti-parkkal\/\" \/>\n<meta property=\"og:site_name\" content=\"BROZ\" \/>\n<meta property=\"article:publisher\" content=\"https:\/\/www.facebook.com\/broz.ba\/\" \/>\n<meta property=\"article:published_time\" content=\"2022-01-25T10:49:47+00:00\" \/>\n<meta property=\"article:modified_time\" content=\"2022-01-25T10:49:49+00:00\" \/>\n<meta property=\"og:image\" content=\"https:\/\/broz.sk\/wp-content\/uploads\/2022\/01\/Domos_Green_Day_2021.jpg\" \/>\n\t<meta property=\"og:image:width\" content=\"2000\" \/>\n\t<meta property=\"og:image:height\" content=\"1335\" \/>\n\t<meta property=\"og:image:type\" content=\"image\/jpeg\" \/>\n<meta name=\"author\" content=\"Patrik Ga\u017eo\" \/>\n<meta name=\"twitter:card\" content=\"summary_large_image\" \/>\n<meta name=\"twitter:label1\" content=\"Szerz\u0151:\" \/>\n\t<meta name=\"twitter:data1\" content=\"Patrik Ga\u017eo\" \/>\n\t<meta name=\"twitter:label2\" content=\"Becs\u00fclt olvas\u00e1si id\u0151\" \/>\n\t<meta name=\"twitter:data2\" content=\"5 perc\" \/>\n<script type=\"application\/ld+json\" class=\"yoast-schema-graph\">{\"@context\":\"https:\\\/\\\/schema.org\",\"@graph\":[{\"@type\":\"Article\",\"@id\":\"https:\\\/\\\/broz.sk\\\/hu\\\/egyuttmukodes-a-duna-ipoly-nemzeti-parkkal\\\/#article\",\"isPartOf\":{\"@id\":\"https:\\\/\\\/broz.sk\\\/hu\\\/egyuttmukodes-a-duna-ipoly-nemzeti-parkkal\\\/\"},\"author\":{\"name\":\"Patrik Ga\u017eo\",\"@id\":\"https:\\\/\\\/broz.sk\\\/#\\\/schema\\\/person\\\/5247c0302e5e2ef1d8cd4f1adc2bee8b\"},\"headline\":\"Egy\u00fcttm\u0171k\u00f6d\u00e9s a Duna\u2013Ipoly Nemzeti Parkkal\",\"datePublished\":\"2022-01-25T10:49:47+00:00\",\"dateModified\":\"2022-01-25T10:49:49+00:00\",\"mainEntityOfPage\":{\"@id\":\"https:\\\/\\\/broz.sk\\\/hu\\\/egyuttmukodes-a-duna-ipoly-nemzeti-parkkal\\\/\"},\"wordCount\":1076,\"publisher\":{\"@id\":\"https:\\\/\\\/broz.sk\\\/#organization\"},\"image\":{\"@id\":\"https:\\\/\\\/broz.sk\\\/hu\\\/egyuttmukodes-a-duna-ipoly-nemzeti-parkkal\\\/#primaryimage\"},\"thumbnailUrl\":\"https:\\\/\\\/broz.sk\\\/wp-content\\\/uploads\\\/2022\\\/01\\\/Domos_Green_Day_2021.jpg\",\"articleSection\":[\"Protection of habitats\",\"Uncategorized @hu\"],\"inLanguage\":\"hu\"},{\"@type\":\"WebPage\",\"@id\":\"https:\\\/\\\/broz.sk\\\/hu\\\/egyuttmukodes-a-duna-ipoly-nemzeti-parkkal\\\/\",\"url\":\"https:\\\/\\\/broz.sk\\\/hu\\\/egyuttmukodes-a-duna-ipoly-nemzeti-parkkal\\\/\",\"name\":\"Egy\u00fcttm\u0171k\u00f6d\u00e9s a Duna\u2013Ipoly Nemzeti Parkkal - BROZ\",\"isPartOf\":{\"@id\":\"https:\\\/\\\/broz.sk\\\/#website\"},\"primaryImageOfPage\":{\"@id\":\"https:\\\/\\\/broz.sk\\\/hu\\\/egyuttmukodes-a-duna-ipoly-nemzeti-parkkal\\\/#primaryimage\"},\"image\":{\"@id\":\"https:\\\/\\\/broz.sk\\\/hu\\\/egyuttmukodes-a-duna-ipoly-nemzeti-parkkal\\\/#primaryimage\"},\"thumbnailUrl\":\"https:\\\/\\\/broz.sk\\\/wp-content\\\/uploads\\\/2022\\\/01\\\/Domos_Green_Day_2021.jpg\",\"datePublished\":\"2022-01-25T10:49:47+00:00\",\"dateModified\":\"2022-01-25T10:49:49+00:00\",\"description\":\"A Duna \u00e1rt\u00e9ri \u00e9l\u0151helyeinek helyre\u00e1ll\u00edt\u00e1sa \u00e9s kezel\u00e9se elnevez\u00e9s\u0171, jelenleg folyamatban l\u00e9v\u0151 LIFE projekt nem az els\u0151 egy\u00fcttm\u0171k\u00f6d\u00e9s a BROZ \u00e9s a Duna-Ipoly Nemzeti Park k\u00f6z\u00f6tt.\",\"breadcrumb\":{\"@id\":\"https:\\\/\\\/broz.sk\\\/hu\\\/egyuttmukodes-a-duna-ipoly-nemzeti-parkkal\\\/#breadcrumb\"},\"inLanguage\":\"hu\",\"potentialAction\":[{\"@type\":\"ReadAction\",\"target\":[\"https:\\\/\\\/broz.sk\\\/hu\\\/egyuttmukodes-a-duna-ipoly-nemzeti-parkkal\\\/\"]}]},{\"@type\":\"ImageObject\",\"inLanguage\":\"hu\",\"@id\":\"https:\\\/\\\/broz.sk\\\/hu\\\/egyuttmukodes-a-duna-ipoly-nemzeti-parkkal\\\/#primaryimage\",\"url\":\"https:\\\/\\\/broz.sk\\\/wp-content\\\/uploads\\\/2022\\\/01\\\/Domos_Green_Day_2021.jpg\",\"contentUrl\":\"https:\\\/\\\/broz.sk\\\/wp-content\\\/uploads\\\/2022\\\/01\\\/Domos_Green_Day_2021.jpg\",\"width\":2000,\"height\":1335,\"caption\":\"Program pre rodiny s de\u0165mi\"},{\"@type\":\"BreadcrumbList\",\"@id\":\"https:\\\/\\\/broz.sk\\\/hu\\\/egyuttmukodes-a-duna-ipoly-nemzeti-parkkal\\\/#breadcrumb\",\"itemListElement\":[{\"@type\":\"ListItem\",\"position\":1,\"name\":\"Domovsk\u00e1 str\u00e1nka\",\"item\":\"https:\\\/\\\/broz.sk\\\/\"},{\"@type\":\"ListItem\",\"position\":2,\"name\":\"Egy\u00fcttm\u0171k\u00f6d\u00e9s a Duna\u2013Ipoly Nemzeti Parkkal\"}]},{\"@type\":\"WebSite\",\"@id\":\"https:\\\/\\\/broz.sk\\\/#website\",\"url\":\"https:\\\/\\\/broz.sk\\\/\",\"name\":\"BROZ\",\"description\":\"ochran\u00e1rske zdru\u017eenie\",\"publisher\":{\"@id\":\"https:\\\/\\\/broz.sk\\\/#organization\"},\"potentialAction\":[{\"@type\":\"SearchAction\",\"target\":{\"@type\":\"EntryPoint\",\"urlTemplate\":\"https:\\\/\\\/broz.sk\\\/?s={search_term_string}\"},\"query-input\":{\"@type\":\"PropertyValueSpecification\",\"valueRequired\":true,\"valueName\":\"search_term_string\"}}],\"inLanguage\":\"hu\"},{\"@type\":\"Organization\",\"@id\":\"https:\\\/\\\/broz.sk\\\/#organization\",\"name\":\"BROZ - Bratislavsk\u00e9 region\u00e1lne ochran\u00e1rske zdru\u017eenie\",\"url\":\"https:\\\/\\\/broz.sk\\\/\",\"logo\":{\"@type\":\"ImageObject\",\"inLanguage\":\"hu\",\"@id\":\"https:\\\/\\\/broz.sk\\\/#\\\/schema\\\/logo\\\/image\\\/\",\"url\":\"https:\\\/\\\/broz.sk\\\/wp-content\\\/uploads\\\/2018\\\/03\\\/broz-logo-hires-color.png\",\"contentUrl\":\"https:\\\/\\\/broz.sk\\\/wp-content\\\/uploads\\\/2018\\\/03\\\/broz-logo-hires-color.png\",\"width\":2585,\"height\":1618,\"caption\":\"BROZ - Bratislavsk\u00e9 region\u00e1lne ochran\u00e1rske zdru\u017eenie\"},\"image\":{\"@id\":\"https:\\\/\\\/broz.sk\\\/#\\\/schema\\\/logo\\\/image\\\/\"},\"sameAs\":[\"https:\\\/\\\/www.facebook.com\\\/broz.ba\\\/\"]},{\"@type\":\"Person\",\"@id\":\"https:\\\/\\\/broz.sk\\\/#\\\/schema\\\/person\\\/5247c0302e5e2ef1d8cd4f1adc2bee8b\",\"name\":\"Patrik Ga\u017eo\",\"image\":{\"@type\":\"ImageObject\",\"inLanguage\":\"hu\",\"@id\":\"https:\\\/\\\/secure.gravatar.com\\\/avatar\\\/4e5a871362c2d898a426c79781b751703b1b935ee6a48ac3c7a9b78ec6522ddf?s=96&d=mm&r=g\",\"url\":\"https:\\\/\\\/secure.gravatar.com\\\/avatar\\\/4e5a871362c2d898a426c79781b751703b1b935ee6a48ac3c7a9b78ec6522ddf?s=96&d=mm&r=g\",\"contentUrl\":\"https:\\\/\\\/secure.gravatar.com\\\/avatar\\\/4e5a871362c2d898a426c79781b751703b1b935ee6a48ac3c7a9b78ec6522ddf?s=96&d=mm&r=g\",\"caption\":\"Patrik Ga\u017eo\"},\"url\":\"https:\\\/\\\/broz.sk\\\/hu\\\/author\\\/patrik-gazo\\\/\"}]}<\/script>\n<!-- \/ Yoast SEO Premium plugin. -->","yoast_head_json":{"title":"Egy\u00fcttm\u0171k\u00f6d\u00e9s a Duna\u2013Ipoly Nemzeti Parkkal - BROZ","description":"A Duna \u00e1rt\u00e9ri \u00e9l\u0151helyeinek helyre\u00e1ll\u00edt\u00e1sa \u00e9s kezel\u00e9se elnevez\u00e9s\u0171, jelenleg folyamatban l\u00e9v\u0151 LIFE projekt nem az els\u0151 egy\u00fcttm\u0171k\u00f6d\u00e9s a BROZ \u00e9s a Duna-Ipoly Nemzeti Park k\u00f6z\u00f6tt.","robots":{"index":"index","follow":"follow","max-snippet":"max-snippet:-1","max-image-preview":"max-image-preview:large","max-video-preview":"max-video-preview:-1"},"canonical":"https:\/\/broz.sk\/hu\/egyuttmukodes-a-duna-ipoly-nemzeti-parkkal\/","og_locale":"hu_HU","og_type":"article","og_title":"Egy\u00fcttm\u0171k\u00f6d\u00e9s a Duna\u2013Ipoly Nemzeti Parkkal","og_description":"A Duna \u00e1rt\u00e9ri \u00e9l\u0151helyeinek helyre\u00e1ll\u00edt\u00e1sa \u00e9s kezel\u00e9se elnevez\u00e9s\u0171, jelenleg folyamatban l\u00e9v\u0151 LIFE projekt nem az els\u0151 egy\u00fcttm\u0171k\u00f6d\u00e9s a BROZ \u00e9s a Duna-Ipoly Nemzeti Park k\u00f6z\u00f6tt.","og_url":"https:\/\/broz.sk\/hu\/egyuttmukodes-a-duna-ipoly-nemzeti-parkkal\/","og_site_name":"BROZ","article_publisher":"https:\/\/www.facebook.com\/broz.ba\/","article_published_time":"2022-01-25T10:49:47+00:00","article_modified_time":"2022-01-25T10:49:49+00:00","og_image":[{"width":2000,"height":1335,"url":"https:\/\/broz.sk\/wp-content\/uploads\/2022\/01\/Domos_Green_Day_2021.jpg","type":"image\/jpeg"}],"author":"Patrik Ga\u017eo","twitter_card":"summary_large_image","twitter_misc":{"Szerz\u0151:":"Patrik Ga\u017eo","Becs\u00fclt olvas\u00e1si id\u0151":"5 perc"},"schema":{"@context":"https:\/\/schema.org","@graph":[{"@type":"Article","@id":"https:\/\/broz.sk\/hu\/egyuttmukodes-a-duna-ipoly-nemzeti-parkkal\/#article","isPartOf":{"@id":"https:\/\/broz.sk\/hu\/egyuttmukodes-a-duna-ipoly-nemzeti-parkkal\/"},"author":{"name":"Patrik Ga\u017eo","@id":"https:\/\/broz.sk\/#\/schema\/person\/5247c0302e5e2ef1d8cd4f1adc2bee8b"},"headline":"Egy\u00fcttm\u0171k\u00f6d\u00e9s a Duna\u2013Ipoly Nemzeti Parkkal","datePublished":"2022-01-25T10:49:47+00:00","dateModified":"2022-01-25T10:49:49+00:00","mainEntityOfPage":{"@id":"https:\/\/broz.sk\/hu\/egyuttmukodes-a-duna-ipoly-nemzeti-parkkal\/"},"wordCount":1076,"publisher":{"@id":"https:\/\/broz.sk\/#organization"},"image":{"@id":"https:\/\/broz.sk\/hu\/egyuttmukodes-a-duna-ipoly-nemzeti-parkkal\/#primaryimage"},"thumbnailUrl":"https:\/\/broz.sk\/wp-content\/uploads\/2022\/01\/Domos_Green_Day_2021.jpg","articleSection":["Protection of habitats","Uncategorized @hu"],"inLanguage":"hu"},{"@type":"WebPage","@id":"https:\/\/broz.sk\/hu\/egyuttmukodes-a-duna-ipoly-nemzeti-parkkal\/","url":"https:\/\/broz.sk\/hu\/egyuttmukodes-a-duna-ipoly-nemzeti-parkkal\/","name":"Egy\u00fcttm\u0171k\u00f6d\u00e9s a Duna\u2013Ipoly Nemzeti Parkkal - BROZ","isPartOf":{"@id":"https:\/\/broz.sk\/#website"},"primaryImageOfPage":{"@id":"https:\/\/broz.sk\/hu\/egyuttmukodes-a-duna-ipoly-nemzeti-parkkal\/#primaryimage"},"image":{"@id":"https:\/\/broz.sk\/hu\/egyuttmukodes-a-duna-ipoly-nemzeti-parkkal\/#primaryimage"},"thumbnailUrl":"https:\/\/broz.sk\/wp-content\/uploads\/2022\/01\/Domos_Green_Day_2021.jpg","datePublished":"2022-01-25T10:49:47+00:00","dateModified":"2022-01-25T10:49:49+00:00","description":"A Duna \u00e1rt\u00e9ri \u00e9l\u0151helyeinek helyre\u00e1ll\u00edt\u00e1sa \u00e9s kezel\u00e9se elnevez\u00e9s\u0171, jelenleg folyamatban l\u00e9v\u0151 LIFE projekt nem az els\u0151 egy\u00fcttm\u0171k\u00f6d\u00e9s a BROZ \u00e9s a Duna-Ipoly Nemzeti Park k\u00f6z\u00f6tt.","breadcrumb":{"@id":"https:\/\/broz.sk\/hu\/egyuttmukodes-a-duna-ipoly-nemzeti-parkkal\/#breadcrumb"},"inLanguage":"hu","potentialAction":[{"@type":"ReadAction","target":["https:\/\/broz.sk\/hu\/egyuttmukodes-a-duna-ipoly-nemzeti-parkkal\/"]}]},{"@type":"ImageObject","inLanguage":"hu","@id":"https:\/\/broz.sk\/hu\/egyuttmukodes-a-duna-ipoly-nemzeti-parkkal\/#primaryimage","url":"https:\/\/broz.sk\/wp-content\/uploads\/2022\/01\/Domos_Green_Day_2021.jpg","contentUrl":"https:\/\/broz.sk\/wp-content\/uploads\/2022\/01\/Domos_Green_Day_2021.jpg","width":2000,"height":1335,"caption":"Program pre rodiny s de\u0165mi"},{"@type":"BreadcrumbList","@id":"https:\/\/broz.sk\/hu\/egyuttmukodes-a-duna-ipoly-nemzeti-parkkal\/#breadcrumb","itemListElement":[{"@type":"ListItem","position":1,"name":"Domovsk\u00e1 str\u00e1nka","item":"https:\/\/broz.sk\/"},{"@type":"ListItem","position":2,"name":"Egy\u00fcttm\u0171k\u00f6d\u00e9s a Duna\u2013Ipoly Nemzeti Parkkal"}]},{"@type":"WebSite","@id":"https:\/\/broz.sk\/#website","url":"https:\/\/broz.sk\/","name":"BROZ","description":"ochran\u00e1rske zdru\u017eenie","publisher":{"@id":"https:\/\/broz.sk\/#organization"},"potentialAction":[{"@type":"SearchAction","target":{"@type":"EntryPoint","urlTemplate":"https:\/\/broz.sk\/?s={search_term_string}"},"query-input":{"@type":"PropertyValueSpecification","valueRequired":true,"valueName":"search_term_string"}}],"inLanguage":"hu"},{"@type":"Organization","@id":"https:\/\/broz.sk\/#organization","name":"BROZ - Bratislavsk\u00e9 region\u00e1lne ochran\u00e1rske zdru\u017eenie","url":"https:\/\/broz.sk\/","logo":{"@type":"ImageObject","inLanguage":"hu","@id":"https:\/\/broz.sk\/#\/schema\/logo\/image\/","url":"https:\/\/broz.sk\/wp-content\/uploads\/2018\/03\/broz-logo-hires-color.png","contentUrl":"https:\/\/broz.sk\/wp-content\/uploads\/2018\/03\/broz-logo-hires-color.png","width":2585,"height":1618,"caption":"BROZ - Bratislavsk\u00e9 region\u00e1lne ochran\u00e1rske zdru\u017eenie"},"image":{"@id":"https:\/\/broz.sk\/#\/schema\/logo\/image\/"},"sameAs":["https:\/\/www.facebook.com\/broz.ba\/"]},{"@type":"Person","@id":"https:\/\/broz.sk\/#\/schema\/person\/5247c0302e5e2ef1d8cd4f1adc2bee8b","name":"Patrik Ga\u017eo","image":{"@type":"ImageObject","inLanguage":"hu","@id":"https:\/\/secure.gravatar.com\/avatar\/4e5a871362c2d898a426c79781b751703b1b935ee6a48ac3c7a9b78ec6522ddf?s=96&d=mm&r=g","url":"https:\/\/secure.gravatar.com\/avatar\/4e5a871362c2d898a426c79781b751703b1b935ee6a48ac3c7a9b78ec6522ddf?s=96&d=mm&r=g","contentUrl":"https:\/\/secure.gravatar.com\/avatar\/4e5a871362c2d898a426c79781b751703b1b935ee6a48ac3c7a9b78ec6522ddf?s=96&d=mm&r=g","caption":"Patrik Ga\u017eo"},"url":"https:\/\/broz.sk\/hu\/author\/patrik-gazo\/"}]}},"_links":{"self":[{"href":"https:\/\/broz.sk\/hu\/wp-json\/wp\/v2\/posts\/17942","targetHints":{"allow":["GET"]}}],"collection":[{"href":"https:\/\/broz.sk\/hu\/wp-json\/wp\/v2\/posts"}],"about":[{"href":"https:\/\/broz.sk\/hu\/wp-json\/wp\/v2\/types\/post"}],"author":[{"embeddable":true,"href":"https:\/\/broz.sk\/hu\/wp-json\/wp\/v2\/users\/19"}],"replies":[{"embeddable":true,"href":"https:\/\/broz.sk\/hu\/wp-json\/wp\/v2\/comments?post=17942"}],"version-history":[{"count":2,"href":"https:\/\/broz.sk\/hu\/wp-json\/wp\/v2\/posts\/17942\/revisions"}],"predecessor-version":[{"id":17944,"href":"https:\/\/broz.sk\/hu\/wp-json\/wp\/v2\/posts\/17942\/revisions\/17944"}],"wp:featuredmedia":[{"embeddable":true,"href":"https:\/\/broz.sk\/hu\/wp-json\/wp\/v2\/media\/17771"}],"wp:attachment":[{"href":"https:\/\/broz.sk\/hu\/wp-json\/wp\/v2\/media?parent=17942"}],"wp:term":[{"taxonomy":"category","embeddable":true,"href":"https:\/\/broz.sk\/hu\/wp-json\/wp\/v2\/categories?post=17942"},{"taxonomy":"post_tag","embeddable":true,"href":"https:\/\/broz.sk\/hu\/wp-json\/wp\/v2\/tags?post=17942"}],"curies":[{"name":"wp","href":"https:\/\/api.w.org\/{rel}","templated":true}]}}