{"id":14376,"date":"2015-03-27T00:00:00","date_gmt":"2015-03-26T23:00:00","guid":{"rendered":"https:\/\/broz.sk\/medzinarodny-den-lesov-na-zs-zemianska-olca-2\/"},"modified":"2021-01-02T21:28:41","modified_gmt":"2021-01-02T20:28:41","slug":"medzinarodny-den-lesov-na-zs-zemianska-olca-2","status":"publish","type":"post","link":"https:\/\/broz.sk\/hu\/medzinarodny-den-lesov-na-zs-zemianska-olca-2\/","title":{"rendered":"Az erd\u0151k vil\u00e1gnapja a nemes\u00f3csai alapiskol\u00e1ban"},"content":{"rendered":"2015. m\u00e1rcius 27-\u00e9n mindenki el\u0151tt sz\u00e9lesre t\u00e1rtuk a T\u00fazokos kapuit. A rossz id\u0151re val\u00f3 tekintettel <strong>az erd\u0151k vil\u00e1gnapja<\/strong> (m\u00e1rcius 21.) alkalm\u00e1b\u00f3l szervezett programot a Nemes\u00f3csai Szlov\u00e1k Tannyelv\u0171 Alapiskol\u00e1ban tartottuk meg. Els\u0151sorban a f\u00e1k, az erd\u0151 megismertet\u00e9se volt a c\u00e9l, \u00e9s arr\u00f3l is besz\u00e9lgett\u00fcnk, milyen fontosak ezek a madarak sz\u00e1m\u00e1ra. A rendezv\u00e9nybe az iskola mind a 102 di\u00e1kja bekapcsol\u00f3dott.\r\n<p style=\"text-align: justify;\">A nemes\u00f3csai tanul\u00f3k nem rettennek meg az \u00f6nk\u00e9ntes munk\u00e1t\u00f3l sem, r\u00e9szt vesznek a mad\u00e1rv\u00e9delmi ter\u00fclet gondoz\u00e1s\u00e1ban. M\u00e1rciusban a seg\u00edts\u00e9g\u00fckkel siker\u00fclt megtiszt\u00edtani \u00e9s rendbe tenni a Kosztol\u00e1nyi-kereszt k\u00f6rny\u00e9k\u00e9t a Szigetr\u00e9ten.<\/p>","protected":false},"excerpt":{"rendered":"<p>2015. m\u00e1rcius 27-\u00e9n mindenki el\u0151tt sz\u00e9lesre t\u00e1rtuk a T\u00fazokos kapuit. A rossz id\u0151re val\u00f3 tekintettel az erd\u0151k vil\u00e1gnapja (m\u00e1rcius 21.) alkalm\u00e1b\u00f3l szervezett programot a Nemes\u00f3csai Szlov\u00e1k Tannyelv\u0171 Alapiskol\u00e1ban tartottuk meg. Els\u0151sorban a f\u00e1k, az erd\u0151 megismertet\u00e9se volt a c\u00e9l, \u00e9s arr\u00f3l is besz\u00e9lgett\u00fcnk, milyen fontosak ezek a madarak sz\u00e1m\u00e1ra. A rendezv\u00e9nybe az iskola mind a 102 di\u00e1kja bekapcsol\u00f3dott.<\/p>\n","protected":false},"author":2,"featured_media":14378,"comment_status":"closed","ping_status":"closed","sticky":false,"template":"","format":"standard","meta":{"_acf_changed":false,"pmpro_default_level":"","footnotes":""},"categories":[23],"tags":[28],"class_list":["post-14376","post","type-post","status-publish","format-standard","has-post-thumbnail","hentry","category-uncategorized-hu","tag-life-hu","pmpro-has-access","category-23","description-off"],"acf":[],"yoast_head":"<!-- This site is optimized with the Yoast SEO Premium plugin v21.4 (Yoast SEO v27.5) - https:\/\/yoast.com\/product\/yoast-seo-premium-wordpress\/ -->\n<title>Az erd\u0151k vil\u00e1gnapja a nemes\u00f3csai alapiskol\u00e1ban - BROZ<\/title>\n<meta name=\"robots\" content=\"index, follow, max-snippet:-1, max-image-preview:large, max-video-preview:-1\" \/>\n<link rel=\"canonical\" href=\"https:\/\/broz.sk\/hu\/medzinarodny-den-lesov-na-zs-zemianska-olca-2\/\" \/>\n<meta property=\"og:locale\" content=\"hu_HU\" \/>\n<meta property=\"og:type\" content=\"article\" \/>\n<meta property=\"og:title\" content=\"Az erd\u0151k vil\u00e1gnapja a nemes\u00f3csai alapiskol\u00e1ban\" \/>\n<meta property=\"og:description\" content=\"2015. m\u00e1rcius 27-\u00e9n mindenki el\u0151tt sz\u00e9lesre t\u00e1rtuk a T\u00fazokos kapuit. A rossz id\u0151re val\u00f3 tekintettel az erd\u0151k vil\u00e1gnapja (m\u00e1rcius 21.) alkalm\u00e1b\u00f3l szervezett programot a Nemes\u00f3csai Szlov\u00e1k Tannyelv\u0171 Alapiskol\u00e1ban tartottuk meg. Els\u0151sorban a f\u00e1k, az erd\u0151 megismertet\u00e9se volt a c\u00e9l, \u00e9s arr\u00f3l is besz\u00e9lgett\u00fcnk, milyen fontosak ezek a madarak sz\u00e1m\u00e1ra. A rendezv\u00e9nybe az iskola mind a 102 di\u00e1kja bekapcsol\u00f3dott.\" \/>\n<meta property=\"og:url\" content=\"https:\/\/broz.sk\/hu\/medzinarodny-den-lesov-na-zs-zemianska-olca-2\/\" \/>\n<meta property=\"og:site_name\" content=\"BROZ\" \/>\n<meta property=\"article:publisher\" content=\"https:\/\/www.facebook.com\/broz.ba\/\" \/>\n<meta property=\"article:published_time\" content=\"2015-03-26T23:00:00+00:00\" \/>\n<meta property=\"article:modified_time\" content=\"2021-01-02T20:28:41+00:00\" \/>\n<meta property=\"og:image\" content=\"https:\/\/broz.sk\/wp-content\/uploads\/2015\/03\/denstrom.jpg\" \/>\n\t<meta property=\"og:image:width\" content=\"1000\" \/>\n\t<meta property=\"og:image:height\" content=\"750\" \/>\n\t<meta property=\"og:image:type\" content=\"image\/jpeg\" \/>\n<meta name=\"author\" content=\"broz\" \/>\n<meta name=\"twitter:card\" content=\"summary_large_image\" \/>\n<meta name=\"twitter:label1\" content=\"Szerz\u0151:\" \/>\n\t<meta name=\"twitter:data1\" content=\"broz\" \/>\n\t<meta name=\"twitter:label2\" content=\"Becs\u00fclt olvas\u00e1si id\u0151\" \/>\n\t<meta name=\"twitter:data2\" content=\"1 perc\" \/>\n<script type=\"application\/ld+json\" class=\"yoast-schema-graph\">{\"@context\":\"https:\\\/\\\/schema.org\",\"@graph\":[{\"@type\":\"Article\",\"@id\":\"https:\\\/\\\/broz.sk\\\/hu\\\/medzinarodny-den-lesov-na-zs-zemianska-olca-2\\\/#article\",\"isPartOf\":{\"@id\":\"https:\\\/\\\/broz.sk\\\/hu\\\/medzinarodny-den-lesov-na-zs-zemianska-olca-2\\\/\"},\"author\":{\"name\":\"broz\",\"@id\":\"https:\\\/\\\/broz.sk\\\/#\\\/schema\\\/person\\\/210ebb0b5afa2a18d1e13abfbbb27080\"},\"headline\":\"Az erd\u0151k vil\u00e1gnapja a nemes\u00f3csai alapiskol\u00e1ban\",\"datePublished\":\"2015-03-26T23:00:00+00:00\",\"dateModified\":\"2021-01-02T20:28:41+00:00\",\"mainEntityOfPage\":{\"@id\":\"https:\\\/\\\/broz.sk\\\/hu\\\/medzinarodny-den-lesov-na-zs-zemianska-olca-2\\\/\"},\"wordCount\":143,\"publisher\":{\"@id\":\"https:\\\/\\\/broz.sk\\\/#organization\"},\"image\":{\"@id\":\"https:\\\/\\\/broz.sk\\\/hu\\\/medzinarodny-den-lesov-na-zs-zemianska-olca-2\\\/#primaryimage\"},\"thumbnailUrl\":\"https:\\\/\\\/broz.sk\\\/wp-content\\\/uploads\\\/2015\\\/03\\\/denstrom.jpg\",\"keywords\":[\"LIFE\"],\"articleSection\":[\"Uncategorized @hu\"],\"inLanguage\":\"hu\"},{\"@type\":\"WebPage\",\"@id\":\"https:\\\/\\\/broz.sk\\\/hu\\\/medzinarodny-den-lesov-na-zs-zemianska-olca-2\\\/\",\"url\":\"https:\\\/\\\/broz.sk\\\/hu\\\/medzinarodny-den-lesov-na-zs-zemianska-olca-2\\\/\",\"name\":\"Az erd\u0151k vil\u00e1gnapja a nemes\u00f3csai alapiskol\u00e1ban - BROZ\",\"isPartOf\":{\"@id\":\"https:\\\/\\\/broz.sk\\\/#website\"},\"primaryImageOfPage\":{\"@id\":\"https:\\\/\\\/broz.sk\\\/hu\\\/medzinarodny-den-lesov-na-zs-zemianska-olca-2\\\/#primaryimage\"},\"image\":{\"@id\":\"https:\\\/\\\/broz.sk\\\/hu\\\/medzinarodny-den-lesov-na-zs-zemianska-olca-2\\\/#primaryimage\"},\"thumbnailUrl\":\"https:\\\/\\\/broz.sk\\\/wp-content\\\/uploads\\\/2015\\\/03\\\/denstrom.jpg\",\"datePublished\":\"2015-03-26T23:00:00+00:00\",\"dateModified\":\"2021-01-02T20:28:41+00:00\",\"breadcrumb\":{\"@id\":\"https:\\\/\\\/broz.sk\\\/hu\\\/medzinarodny-den-lesov-na-zs-zemianska-olca-2\\\/#breadcrumb\"},\"inLanguage\":\"hu\",\"potentialAction\":[{\"@type\":\"ReadAction\",\"target\":[\"https:\\\/\\\/broz.sk\\\/hu\\\/medzinarodny-den-lesov-na-zs-zemianska-olca-2\\\/\"]}]},{\"@type\":\"ImageObject\",\"inLanguage\":\"hu\",\"@id\":\"https:\\\/\\\/broz.sk\\\/hu\\\/medzinarodny-den-lesov-na-zs-zemianska-olca-2\\\/#primaryimage\",\"url\":\"https:\\\/\\\/broz.sk\\\/wp-content\\\/uploads\\\/2015\\\/03\\\/denstrom.jpg\",\"contentUrl\":\"https:\\\/\\\/broz.sk\\\/wp-content\\\/uploads\\\/2015\\\/03\\\/denstrom.jpg\",\"width\":1000,\"height\":750},{\"@type\":\"BreadcrumbList\",\"@id\":\"https:\\\/\\\/broz.sk\\\/hu\\\/medzinarodny-den-lesov-na-zs-zemianska-olca-2\\\/#breadcrumb\",\"itemListElement\":[{\"@type\":\"ListItem\",\"position\":1,\"name\":\"Domovsk\u00e1 str\u00e1nka\",\"item\":\"https:\\\/\\\/broz.sk\\\/\"},{\"@type\":\"ListItem\",\"position\":2,\"name\":\"Az erd\u0151k vil\u00e1gnapja a nemes\u00f3csai alapiskol\u00e1ban\"}]},{\"@type\":\"WebSite\",\"@id\":\"https:\\\/\\\/broz.sk\\\/#website\",\"url\":\"https:\\\/\\\/broz.sk\\\/\",\"name\":\"BROZ\",\"description\":\"ochran\u00e1rske zdru\u017eenie\",\"publisher\":{\"@id\":\"https:\\\/\\\/broz.sk\\\/#organization\"},\"potentialAction\":[{\"@type\":\"SearchAction\",\"target\":{\"@type\":\"EntryPoint\",\"urlTemplate\":\"https:\\\/\\\/broz.sk\\\/?s={search_term_string}\"},\"query-input\":{\"@type\":\"PropertyValueSpecification\",\"valueRequired\":true,\"valueName\":\"search_term_string\"}}],\"inLanguage\":\"hu\"},{\"@type\":\"Organization\",\"@id\":\"https:\\\/\\\/broz.sk\\\/#organization\",\"name\":\"BROZ - Bratislavsk\u00e9 region\u00e1lne ochran\u00e1rske zdru\u017eenie\",\"url\":\"https:\\\/\\\/broz.sk\\\/\",\"logo\":{\"@type\":\"ImageObject\",\"inLanguage\":\"hu\",\"@id\":\"https:\\\/\\\/broz.sk\\\/#\\\/schema\\\/logo\\\/image\\\/\",\"url\":\"https:\\\/\\\/broz.sk\\\/wp-content\\\/uploads\\\/2018\\\/03\\\/broz-logo-hires-color.png\",\"contentUrl\":\"https:\\\/\\\/broz.sk\\\/wp-content\\\/uploads\\\/2018\\\/03\\\/broz-logo-hires-color.png\",\"width\":2585,\"height\":1618,\"caption\":\"BROZ - Bratislavsk\u00e9 region\u00e1lne ochran\u00e1rske zdru\u017eenie\"},\"image\":{\"@id\":\"https:\\\/\\\/broz.sk\\\/#\\\/schema\\\/logo\\\/image\\\/\"},\"sameAs\":[\"https:\\\/\\\/www.facebook.com\\\/broz.ba\\\/\"]},{\"@type\":\"Person\",\"@id\":\"https:\\\/\\\/broz.sk\\\/#\\\/schema\\\/person\\\/210ebb0b5afa2a18d1e13abfbbb27080\",\"name\":\"broz\",\"image\":{\"@type\":\"ImageObject\",\"inLanguage\":\"hu\",\"@id\":\"https:\\\/\\\/secure.gravatar.com\\\/avatar\\\/2e036a5d302f24b5c517a7e75051ca040aedd897cd58df9cbd4f523a61282112?s=96&d=mm&r=g\",\"url\":\"https:\\\/\\\/secure.gravatar.com\\\/avatar\\\/2e036a5d302f24b5c517a7e75051ca040aedd897cd58df9cbd4f523a61282112?s=96&d=mm&r=g\",\"contentUrl\":\"https:\\\/\\\/secure.gravatar.com\\\/avatar\\\/2e036a5d302f24b5c517a7e75051ca040aedd897cd58df9cbd4f523a61282112?s=96&d=mm&r=g\",\"caption\":\"broz\"},\"url\":\"https:\\\/\\\/broz.sk\\\/hu\\\/author\\\/broz\\\/\"}]}<\/script>\n<!-- \/ Yoast SEO Premium plugin. -->","yoast_head_json":{"title":"Az erd\u0151k vil\u00e1gnapja a nemes\u00f3csai alapiskol\u00e1ban - BROZ","robots":{"index":"index","follow":"follow","max-snippet":"max-snippet:-1","max-image-preview":"max-image-preview:large","max-video-preview":"max-video-preview:-1"},"canonical":"https:\/\/broz.sk\/hu\/medzinarodny-den-lesov-na-zs-zemianska-olca-2\/","og_locale":"hu_HU","og_type":"article","og_title":"Az erd\u0151k vil\u00e1gnapja a nemes\u00f3csai alapiskol\u00e1ban","og_description":"2015. m\u00e1rcius 27-\u00e9n mindenki el\u0151tt sz\u00e9lesre t\u00e1rtuk a T\u00fazokos kapuit. A rossz id\u0151re val\u00f3 tekintettel az erd\u0151k vil\u00e1gnapja (m\u00e1rcius 21.) alkalm\u00e1b\u00f3l szervezett programot a Nemes\u00f3csai Szlov\u00e1k Tannyelv\u0171 Alapiskol\u00e1ban tartottuk meg. Els\u0151sorban a f\u00e1k, az erd\u0151 megismertet\u00e9se volt a c\u00e9l, \u00e9s arr\u00f3l is besz\u00e9lgett\u00fcnk, milyen fontosak ezek a madarak sz\u00e1m\u00e1ra. A rendezv\u00e9nybe az iskola mind a 102 di\u00e1kja bekapcsol\u00f3dott.","og_url":"https:\/\/broz.sk\/hu\/medzinarodny-den-lesov-na-zs-zemianska-olca-2\/","og_site_name":"BROZ","article_publisher":"https:\/\/www.facebook.com\/broz.ba\/","article_published_time":"2015-03-26T23:00:00+00:00","article_modified_time":"2021-01-02T20:28:41+00:00","og_image":[{"width":1000,"height":750,"url":"https:\/\/broz.sk\/wp-content\/uploads\/2015\/03\/denstrom.jpg","type":"image\/jpeg"}],"author":"broz","twitter_card":"summary_large_image","twitter_misc":{"Szerz\u0151:":"broz","Becs\u00fclt olvas\u00e1si id\u0151":"1 perc"},"schema":{"@context":"https:\/\/schema.org","@graph":[{"@type":"Article","@id":"https:\/\/broz.sk\/hu\/medzinarodny-den-lesov-na-zs-zemianska-olca-2\/#article","isPartOf":{"@id":"https:\/\/broz.sk\/hu\/medzinarodny-den-lesov-na-zs-zemianska-olca-2\/"},"author":{"name":"broz","@id":"https:\/\/broz.sk\/#\/schema\/person\/210ebb0b5afa2a18d1e13abfbbb27080"},"headline":"Az erd\u0151k vil\u00e1gnapja a nemes\u00f3csai alapiskol\u00e1ban","datePublished":"2015-03-26T23:00:00+00:00","dateModified":"2021-01-02T20:28:41+00:00","mainEntityOfPage":{"@id":"https:\/\/broz.sk\/hu\/medzinarodny-den-lesov-na-zs-zemianska-olca-2\/"},"wordCount":143,"publisher":{"@id":"https:\/\/broz.sk\/#organization"},"image":{"@id":"https:\/\/broz.sk\/hu\/medzinarodny-den-lesov-na-zs-zemianska-olca-2\/#primaryimage"},"thumbnailUrl":"https:\/\/broz.sk\/wp-content\/uploads\/2015\/03\/denstrom.jpg","keywords":["LIFE"],"articleSection":["Uncategorized @hu"],"inLanguage":"hu"},{"@type":"WebPage","@id":"https:\/\/broz.sk\/hu\/medzinarodny-den-lesov-na-zs-zemianska-olca-2\/","url":"https:\/\/broz.sk\/hu\/medzinarodny-den-lesov-na-zs-zemianska-olca-2\/","name":"Az erd\u0151k vil\u00e1gnapja a nemes\u00f3csai alapiskol\u00e1ban - BROZ","isPartOf":{"@id":"https:\/\/broz.sk\/#website"},"primaryImageOfPage":{"@id":"https:\/\/broz.sk\/hu\/medzinarodny-den-lesov-na-zs-zemianska-olca-2\/#primaryimage"},"image":{"@id":"https:\/\/broz.sk\/hu\/medzinarodny-den-lesov-na-zs-zemianska-olca-2\/#primaryimage"},"thumbnailUrl":"https:\/\/broz.sk\/wp-content\/uploads\/2015\/03\/denstrom.jpg","datePublished":"2015-03-26T23:00:00+00:00","dateModified":"2021-01-02T20:28:41+00:00","breadcrumb":{"@id":"https:\/\/broz.sk\/hu\/medzinarodny-den-lesov-na-zs-zemianska-olca-2\/#breadcrumb"},"inLanguage":"hu","potentialAction":[{"@type":"ReadAction","target":["https:\/\/broz.sk\/hu\/medzinarodny-den-lesov-na-zs-zemianska-olca-2\/"]}]},{"@type":"ImageObject","inLanguage":"hu","@id":"https:\/\/broz.sk\/hu\/medzinarodny-den-lesov-na-zs-zemianska-olca-2\/#primaryimage","url":"https:\/\/broz.sk\/wp-content\/uploads\/2015\/03\/denstrom.jpg","contentUrl":"https:\/\/broz.sk\/wp-content\/uploads\/2015\/03\/denstrom.jpg","width":1000,"height":750},{"@type":"BreadcrumbList","@id":"https:\/\/broz.sk\/hu\/medzinarodny-den-lesov-na-zs-zemianska-olca-2\/#breadcrumb","itemListElement":[{"@type":"ListItem","position":1,"name":"Domovsk\u00e1 str\u00e1nka","item":"https:\/\/broz.sk\/"},{"@type":"ListItem","position":2,"name":"Az erd\u0151k vil\u00e1gnapja a nemes\u00f3csai alapiskol\u00e1ban"}]},{"@type":"WebSite","@id":"https:\/\/broz.sk\/#website","url":"https:\/\/broz.sk\/","name":"BROZ","description":"ochran\u00e1rske zdru\u017eenie","publisher":{"@id":"https:\/\/broz.sk\/#organization"},"potentialAction":[{"@type":"SearchAction","target":{"@type":"EntryPoint","urlTemplate":"https:\/\/broz.sk\/?s={search_term_string}"},"query-input":{"@type":"PropertyValueSpecification","valueRequired":true,"valueName":"search_term_string"}}],"inLanguage":"hu"},{"@type":"Organization","@id":"https:\/\/broz.sk\/#organization","name":"BROZ - Bratislavsk\u00e9 region\u00e1lne ochran\u00e1rske zdru\u017eenie","url":"https:\/\/broz.sk\/","logo":{"@type":"ImageObject","inLanguage":"hu","@id":"https:\/\/broz.sk\/#\/schema\/logo\/image\/","url":"https:\/\/broz.sk\/wp-content\/uploads\/2018\/03\/broz-logo-hires-color.png","contentUrl":"https:\/\/broz.sk\/wp-content\/uploads\/2018\/03\/broz-logo-hires-color.png","width":2585,"height":1618,"caption":"BROZ - Bratislavsk\u00e9 region\u00e1lne ochran\u00e1rske zdru\u017eenie"},"image":{"@id":"https:\/\/broz.sk\/#\/schema\/logo\/image\/"},"sameAs":["https:\/\/www.facebook.com\/broz.ba\/"]},{"@type":"Person","@id":"https:\/\/broz.sk\/#\/schema\/person\/210ebb0b5afa2a18d1e13abfbbb27080","name":"broz","image":{"@type":"ImageObject","inLanguage":"hu","@id":"https:\/\/secure.gravatar.com\/avatar\/2e036a5d302f24b5c517a7e75051ca040aedd897cd58df9cbd4f523a61282112?s=96&d=mm&r=g","url":"https:\/\/secure.gravatar.com\/avatar\/2e036a5d302f24b5c517a7e75051ca040aedd897cd58df9cbd4f523a61282112?s=96&d=mm&r=g","contentUrl":"https:\/\/secure.gravatar.com\/avatar\/2e036a5d302f24b5c517a7e75051ca040aedd897cd58df9cbd4f523a61282112?s=96&d=mm&r=g","caption":"broz"},"url":"https:\/\/broz.sk\/hu\/author\/broz\/"}]}},"_links":{"self":[{"href":"https:\/\/broz.sk\/hu\/wp-json\/wp\/v2\/posts\/14376","targetHints":{"allow":["GET"]}}],"collection":[{"href":"https:\/\/broz.sk\/hu\/wp-json\/wp\/v2\/posts"}],"about":[{"href":"https:\/\/broz.sk\/hu\/wp-json\/wp\/v2\/types\/post"}],"author":[{"embeddable":true,"href":"https:\/\/broz.sk\/hu\/wp-json\/wp\/v2\/users\/2"}],"replies":[{"embeddable":true,"href":"https:\/\/broz.sk\/hu\/wp-json\/wp\/v2\/comments?post=14376"}],"version-history":[{"count":3,"href":"https:\/\/broz.sk\/hu\/wp-json\/wp\/v2\/posts\/14376\/revisions"}],"predecessor-version":[{"id":14381,"href":"https:\/\/broz.sk\/hu\/wp-json\/wp\/v2\/posts\/14376\/revisions\/14381"}],"wp:featuredmedia":[{"embeddable":true,"href":"https:\/\/broz.sk\/hu\/wp-json\/wp\/v2\/media\/14378"}],"wp:attachment":[{"href":"https:\/\/broz.sk\/hu\/wp-json\/wp\/v2\/media?parent=14376"}],"wp:term":[{"taxonomy":"category","embeddable":true,"href":"https:\/\/broz.sk\/hu\/wp-json\/wp\/v2\/categories?post=14376"},{"taxonomy":"post_tag","embeddable":true,"href":"https:\/\/broz.sk\/hu\/wp-json\/wp\/v2\/tags?post=14376"}],"curies":[{"name":"wp","href":"https:\/\/api.w.org\/{rel}","templated":true}]}}