{"id":13734,"date":"2020-03-16T10:41:26","date_gmt":"2020-03-16T09:41:26","guid":{"rendered":"https:\/\/broz.sk\/voda-v-krajine-a-obnova-meandrov-caloveckeho-dudvahu\/"},"modified":"2020-12-22T18:43:12","modified_gmt":"2020-12-22T17:43:12","slug":"voda-v-krajine-a-obnova-meandrov-caloveckeho-dudvahu","status":"publish","type":"post","link":"https:\/\/broz.sk\/hu\/voda-v-krajine-a-obnova-meandrov-caloveckeho-dudvahu\/","title":{"rendered":"V\u00edz a t\u00e1jban \u00e9s a Megyercsi dudv\u00e1h kanyarg\u00f3k helyre\u00e1ll\u00edt\u00e1sa"},"content":{"rendered":"<div class=\"wpb-content-wrapper\">[vc_row][vc_column][vc_column_text]<em>A Megyercsi dudv\u00e1h foly\u00f3 valamikor r\u00e9gen \u00e1tfolyott az als\u00f3 Csall\u00f3k\u00f6z t\u00e1j\u00e1n, \u00e9szakr\u00f3l a V\u00e1g foly\u00f3t t\u00e1pl\u00e1lta \u00e9s d\u00e9li r\u00e9sz\u00e9n a Duna fel\u00e9 \u00e1ramlott.<\/em>\r\n\r\n<em>Manaps\u00e1g ennek a foly\u00f3nak a maradv\u00e1nyai m\u00e9g mindig kanyarognak bizonyos helyeken, \u00e9s bizonys\u00e1got tesznek arr\u00f3l, hogy milyen volt ez az orsz\u00e1g a m\u00faltban. A folyami szakaszok, vizes \u00e9l\u0151helyek, f\u0171zfa\u00e1llom\u00e1nyok, gy\u00fcm\u00f6lcs\u00f6s\u00f6k \u00e9s kis gazdas\u00e1gok t\u00e1mogatt\u00e1k az \u00e1llatfajok nagy v\u00e1ltozatoss\u00e1g\u00e1t. Ma m\u00e1r nem tudjuk elk\u00e9pzelni az itt \u00e9l\u0151 r\u00e9tegek gazdags\u00e1g\u00e1t. Ennek az orsz\u00e1gnak a k\u00e9pe csak a legr\u00e9gebbi lakosok eml\u00e9keiben marad meg.<\/em>\r\n\r\nSz\u00e1mos t\u00f6rt\u00e9nelmi esem\u00e9ny eredm\u00e9nyek\u00e9nt ez az orsz\u00e1g n\u00e9h\u00e1ny \u00e9vtized alatt felismerhetetlenn\u00e9 v\u00e1lt. A foly\u00f3szakaszok \u00e9s a n\u00f6v\u00e9nyzet mozaikj\u00e1t nagym\u00e9ret\u0171 sakkt\u00e1bl\u00e1v\u00e1 alak\u00edtott\u00e1k, amely nagym\u00e9ret\u0171 mez\u0151kb\u0151l \u00e1ll, \u00e9s t\u00f6bb n\u00f6v\u00e9nyt tartalmaz. M\u00e9g az utols\u00f3 kanyarokat is felsz\u00e1ntj\u00e1k, hogy m\u00e9g nagyobb egys\u00e9geket hozzanak l\u00e9tre a mez\u0151kb\u0151l &#8211; ez megk\u00f6nny\u00edti a monokult\u00far\u00e1k kezel\u00e9s\u00e9t. \u00c9s m\u00e9g akkor is, amikor az \u00e9let legfontosabb dolga egyre ink\u00e1bb hi\u00e1nyzik a talajban \u00e9s az orsz\u00e1g eg\u00e9sz ter\u00fclet\u00e9n \u2013 a v\u00edz.\r\n\r\nA foly\u00f3k k\u00f6r\u00fcli alf\u00f6ldi ter\u00fcletek fizetik term\u00e9kenys\u00e9g\u00fcket, \u00e9s ez \u00e1ltal a <em>Csall\u00f3k\u00f6z t\u00e1ja <\/em>sem kiv\u00e9tel. A mez\u0151gazdas\u00e1gunk a term\u00e9szettel szemben van be\u00e1ll\u00edtva, \u00e9s nem \u00e1ll \u00f6sszhangban azzal. A mez\u0151gazdas\u00e1gi gyakorlatok nem veszik figyelembe az orsz\u00e1g \u00f6kol\u00f3giai ig\u00e9nyeit vagy az \u00e9ghajlatv\u00e1ltoz\u00e1s \u00e1ltal jelentett \u00faj vesz\u00e9lyeket &#8211; tart\u00f3s sz\u00e1razs\u00e1g \u00e9s extr\u00e9m es\u0151k. Ez\u00e9rt nem szabad elfelejteni a term\u00e9szetv\u00e9delem alf\u00f6ldj\u00e9t. Az alf\u00f6ldi orsz\u00e1g sok id\u0151t adott nek\u00fcnk, \u00e9s most rajtunk m\u00falik, hogy mi is vissza adjunk neki \u2013 teret \u00e9s es\u00e9lyt a regener\u00e1ci\u00f3ra.\r\n\r\nA vizes \u00e9l\u0151helyek helyre\u00e1ll\u00edt\u00e1sa az egyik legjobb megold\u00e1s ezen orsz\u00e1g helyre\u00e1ll\u00edt\u00e1s\u00e1ra, a v\u00edz megtart\u00e1s\u00e1ra, mik\u00f6zben m\u00e9rs\u00e9keli a heves es\u0151z\u00e9sek puszt\u00edt\u00f3 erej\u00e9t. A r\u00e9gi kanyarokban a v\u00edz term\u00e9szetesen helyezkedett el, ez\u00e9rt ezt a v\u00e1ly\u00fat v\u00e1lasztottuk a vizes \u00e9l\u0151helyek helyre\u00e1ll\u00edt\u00e1s\u00e1hoz. A #LIFE_OstrovneLuky k\u00f6zrem\u0171k\u00f6d\u00e9se n\u00e9lk\u00fcl \u00e9s a helyi polg\u00e1rmesterekkel folytatott j\u00f3 egy\u00fcttm\u0171k\u00f6d\u00e9snek k\u00f6sz\u00f6nhet\u0151en nem lettunk volna k\u00e9pesek megval\u00f3s\u00edtani ezt a projektet.[\/vc_column_text][vc_single_image image=&#8221;11001&#8243; img_size=&#8221;large&#8221;][vc_single_image image=&#8221;11005&#8243; img_size=&#8221;large&#8221;][vc_single_image image=&#8221;11009&#8243; img_size=&#8221;large&#8221;][\/vc_column][\/vc_row]<\/div>","protected":false},"excerpt":{"rendered":"<p>A Megyercsi dudv\u00e1h foly\u00f3 valamikor r\u00e9gen \u00e1tfolyott az als\u00f3 Csall\u00f3k\u00f6z t\u00e1j\u00e1n, \u00e9szakr\u00f3l a V\u00e1g foly\u00f3t t\u00e1pl\u00e1lta \u00e9s d\u00e9li r\u00e9sz\u00e9n a Duna fel\u00e9 \u00e1ramlott.<br \/>\nManaps\u00e1g ennek a foly\u00f3nak a maradv\u00e1nyai m\u00e9g mindig kanyarognak bizonyos helyeken, \u00e9s bizonys\u00e1got tesznek arr\u00f3l, hogy milyen volt ez az orsz\u00e1g a m\u00faltban.<\/p>\n","protected":false},"author":2,"featured_media":11016,"comment_status":"closed","ping_status":"closed","sticky":false,"template":"","format":"standard","meta":{"_acf_changed":false,"pmpro_default_level":"","footnotes":""},"categories":[41],"tags":[],"class_list":["post-13734","post","type-post","status-publish","format-standard","has-post-thumbnail","hentry","category-protection-of-habitats-hu","pmpro-has-access","category-41","description-off"],"acf":[],"yoast_head":"<!-- This site is optimized with the Yoast SEO Premium plugin v21.4 (Yoast SEO v27.5) - https:\/\/yoast.com\/product\/yoast-seo-premium-wordpress\/ -->\n<title>V\u00edz a t\u00e1jban \u00e9s a Megyercsi dudv\u00e1h kanyarg\u00f3k helyre\u00e1ll\u00edt\u00e1sa - BROZ<\/title>\n<meta name=\"robots\" content=\"index, follow, max-snippet:-1, max-image-preview:large, max-video-preview:-1\" \/>\n<link rel=\"canonical\" href=\"https:\/\/broz.sk\/hu\/voda-v-krajine-a-obnova-meandrov-caloveckeho-dudvahu\/\" \/>\n<meta property=\"og:locale\" content=\"hu_HU\" \/>\n<meta property=\"og:type\" content=\"article\" \/>\n<meta property=\"og:title\" content=\"V\u00edz a t\u00e1jban \u00e9s a Megyercsi dudv\u00e1h kanyarg\u00f3k helyre\u00e1ll\u00edt\u00e1sa\" \/>\n<meta property=\"og:description\" content=\"A Megyercsi dudv\u00e1h foly\u00f3 valamikor r\u00e9gen \u00e1tfolyott az als\u00f3 Csall\u00f3k\u00f6z t\u00e1j\u00e1n, \u00e9szakr\u00f3l a V\u00e1g foly\u00f3t t\u00e1pl\u00e1lta \u00e9s d\u00e9li r\u00e9sz\u00e9n a Duna fel\u00e9 \u00e1ramlott. Manaps\u00e1g ennek a foly\u00f3nak a maradv\u00e1nyai m\u00e9g mindig kanyarognak bizonyos helyeken, \u00e9s bizonys\u00e1got tesznek arr\u00f3l, hogy milyen volt ez az orsz\u00e1g a m\u00faltban.\" \/>\n<meta property=\"og:url\" content=\"https:\/\/broz.sk\/hu\/voda-v-krajine-a-obnova-meandrov-caloveckeho-dudvahu\/\" \/>\n<meta property=\"og:site_name\" content=\"BROZ\" \/>\n<meta property=\"article:publisher\" content=\"https:\/\/www.facebook.com\/broz.ba\/\" \/>\n<meta property=\"article:published_time\" content=\"2020-03-16T09:41:26+00:00\" \/>\n<meta property=\"article:modified_time\" content=\"2020-12-22T17:43:12+00:00\" \/>\n<meta property=\"og:image\" content=\"https:\/\/broz.sk\/wp-content\/uploads\/2020\/03\/IMG_20200305_130402.jpg\" \/>\n\t<meta property=\"og:image:width\" content=\"1557\" \/>\n\t<meta property=\"og:image:height\" content=\"768\" \/>\n\t<meta property=\"og:image:type\" content=\"image\/jpeg\" \/>\n<meta name=\"author\" content=\"broz\" \/>\n<meta name=\"twitter:card\" content=\"summary_large_image\" \/>\n<meta name=\"twitter:label1\" content=\"Szerz\u0151:\" \/>\n\t<meta name=\"twitter:data1\" content=\"broz\" \/>\n\t<meta name=\"twitter:label2\" content=\"Becs\u00fclt olvas\u00e1si id\u0151\" \/>\n\t<meta name=\"twitter:data2\" content=\"3 perc\" \/>\n<script type=\"application\/ld+json\" class=\"yoast-schema-graph\">{\"@context\":\"https:\\\/\\\/schema.org\",\"@graph\":[{\"@type\":\"Article\",\"@id\":\"https:\\\/\\\/broz.sk\\\/hu\\\/voda-v-krajine-a-obnova-meandrov-caloveckeho-dudvahu\\\/#article\",\"isPartOf\":{\"@id\":\"https:\\\/\\\/broz.sk\\\/hu\\\/voda-v-krajine-a-obnova-meandrov-caloveckeho-dudvahu\\\/\"},\"author\":{\"name\":\"broz\",\"@id\":\"https:\\\/\\\/broz.sk\\\/#\\\/schema\\\/person\\\/210ebb0b5afa2a18d1e13abfbbb27080\"},\"headline\":\"V\u00edz a t\u00e1jban \u00e9s a Megyercsi dudv\u00e1h kanyarg\u00f3k helyre\u00e1ll\u00edt\u00e1sa\",\"datePublished\":\"2020-03-16T09:41:26+00:00\",\"dateModified\":\"2020-12-22T17:43:12+00:00\",\"mainEntityOfPage\":{\"@id\":\"https:\\\/\\\/broz.sk\\\/hu\\\/voda-v-krajine-a-obnova-meandrov-caloveckeho-dudvahu\\\/\"},\"wordCount\":526,\"publisher\":{\"@id\":\"https:\\\/\\\/broz.sk\\\/#organization\"},\"image\":{\"@id\":\"https:\\\/\\\/broz.sk\\\/hu\\\/voda-v-krajine-a-obnova-meandrov-caloveckeho-dudvahu\\\/#primaryimage\"},\"thumbnailUrl\":\"https:\\\/\\\/broz.sk\\\/wp-content\\\/uploads\\\/2020\\\/03\\\/IMG_20200305_130402.jpg\",\"articleSection\":[\"Protection of habitats\"],\"inLanguage\":\"hu\"},{\"@type\":\"WebPage\",\"@id\":\"https:\\\/\\\/broz.sk\\\/hu\\\/voda-v-krajine-a-obnova-meandrov-caloveckeho-dudvahu\\\/\",\"url\":\"https:\\\/\\\/broz.sk\\\/hu\\\/voda-v-krajine-a-obnova-meandrov-caloveckeho-dudvahu\\\/\",\"name\":\"V\u00edz a t\u00e1jban \u00e9s a Megyercsi dudv\u00e1h kanyarg\u00f3k helyre\u00e1ll\u00edt\u00e1sa - BROZ\",\"isPartOf\":{\"@id\":\"https:\\\/\\\/broz.sk\\\/#website\"},\"primaryImageOfPage\":{\"@id\":\"https:\\\/\\\/broz.sk\\\/hu\\\/voda-v-krajine-a-obnova-meandrov-caloveckeho-dudvahu\\\/#primaryimage\"},\"image\":{\"@id\":\"https:\\\/\\\/broz.sk\\\/hu\\\/voda-v-krajine-a-obnova-meandrov-caloveckeho-dudvahu\\\/#primaryimage\"},\"thumbnailUrl\":\"https:\\\/\\\/broz.sk\\\/wp-content\\\/uploads\\\/2020\\\/03\\\/IMG_20200305_130402.jpg\",\"datePublished\":\"2020-03-16T09:41:26+00:00\",\"dateModified\":\"2020-12-22T17:43:12+00:00\",\"breadcrumb\":{\"@id\":\"https:\\\/\\\/broz.sk\\\/hu\\\/voda-v-krajine-a-obnova-meandrov-caloveckeho-dudvahu\\\/#breadcrumb\"},\"inLanguage\":\"hu\",\"potentialAction\":[{\"@type\":\"ReadAction\",\"target\":[\"https:\\\/\\\/broz.sk\\\/hu\\\/voda-v-krajine-a-obnova-meandrov-caloveckeho-dudvahu\\\/\"]}]},{\"@type\":\"ImageObject\",\"inLanguage\":\"hu\",\"@id\":\"https:\\\/\\\/broz.sk\\\/hu\\\/voda-v-krajine-a-obnova-meandrov-caloveckeho-dudvahu\\\/#primaryimage\",\"url\":\"https:\\\/\\\/broz.sk\\\/wp-content\\\/uploads\\\/2020\\\/03\\\/IMG_20200305_130402.jpg\",\"contentUrl\":\"https:\\\/\\\/broz.sk\\\/wp-content\\\/uploads\\\/2020\\\/03\\\/IMG_20200305_130402.jpg\",\"width\":1557,\"height\":768},{\"@type\":\"BreadcrumbList\",\"@id\":\"https:\\\/\\\/broz.sk\\\/hu\\\/voda-v-krajine-a-obnova-meandrov-caloveckeho-dudvahu\\\/#breadcrumb\",\"itemListElement\":[{\"@type\":\"ListItem\",\"position\":1,\"name\":\"Domovsk\u00e1 str\u00e1nka\",\"item\":\"https:\\\/\\\/broz.sk\\\/\"},{\"@type\":\"ListItem\",\"position\":2,\"name\":\"V\u00edz a t\u00e1jban \u00e9s a Megyercsi dudv\u00e1h kanyarg\u00f3k helyre\u00e1ll\u00edt\u00e1sa\"}]},{\"@type\":\"WebSite\",\"@id\":\"https:\\\/\\\/broz.sk\\\/#website\",\"url\":\"https:\\\/\\\/broz.sk\\\/\",\"name\":\"BROZ\",\"description\":\"ochran\u00e1rske zdru\u017eenie\",\"publisher\":{\"@id\":\"https:\\\/\\\/broz.sk\\\/#organization\"},\"potentialAction\":[{\"@type\":\"SearchAction\",\"target\":{\"@type\":\"EntryPoint\",\"urlTemplate\":\"https:\\\/\\\/broz.sk\\\/?s={search_term_string}\"},\"query-input\":{\"@type\":\"PropertyValueSpecification\",\"valueRequired\":true,\"valueName\":\"search_term_string\"}}],\"inLanguage\":\"hu\"},{\"@type\":\"Organization\",\"@id\":\"https:\\\/\\\/broz.sk\\\/#organization\",\"name\":\"BROZ - Bratislavsk\u00e9 region\u00e1lne ochran\u00e1rske zdru\u017eenie\",\"url\":\"https:\\\/\\\/broz.sk\\\/\",\"logo\":{\"@type\":\"ImageObject\",\"inLanguage\":\"hu\",\"@id\":\"https:\\\/\\\/broz.sk\\\/#\\\/schema\\\/logo\\\/image\\\/\",\"url\":\"https:\\\/\\\/broz.sk\\\/wp-content\\\/uploads\\\/2018\\\/03\\\/broz-logo-hires-color.png\",\"contentUrl\":\"https:\\\/\\\/broz.sk\\\/wp-content\\\/uploads\\\/2018\\\/03\\\/broz-logo-hires-color.png\",\"width\":2585,\"height\":1618,\"caption\":\"BROZ - Bratislavsk\u00e9 region\u00e1lne ochran\u00e1rske zdru\u017eenie\"},\"image\":{\"@id\":\"https:\\\/\\\/broz.sk\\\/#\\\/schema\\\/logo\\\/image\\\/\"},\"sameAs\":[\"https:\\\/\\\/www.facebook.com\\\/broz.ba\\\/\"]},{\"@type\":\"Person\",\"@id\":\"https:\\\/\\\/broz.sk\\\/#\\\/schema\\\/person\\\/210ebb0b5afa2a18d1e13abfbbb27080\",\"name\":\"broz\",\"image\":{\"@type\":\"ImageObject\",\"inLanguage\":\"hu\",\"@id\":\"https:\\\/\\\/secure.gravatar.com\\\/avatar\\\/2e036a5d302f24b5c517a7e75051ca040aedd897cd58df9cbd4f523a61282112?s=96&d=mm&r=g\",\"url\":\"https:\\\/\\\/secure.gravatar.com\\\/avatar\\\/2e036a5d302f24b5c517a7e75051ca040aedd897cd58df9cbd4f523a61282112?s=96&d=mm&r=g\",\"contentUrl\":\"https:\\\/\\\/secure.gravatar.com\\\/avatar\\\/2e036a5d302f24b5c517a7e75051ca040aedd897cd58df9cbd4f523a61282112?s=96&d=mm&r=g\",\"caption\":\"broz\"},\"url\":\"https:\\\/\\\/broz.sk\\\/hu\\\/author\\\/broz\\\/\"}]}<\/script>\n<!-- \/ Yoast SEO Premium plugin. -->","yoast_head_json":{"title":"V\u00edz a t\u00e1jban \u00e9s a Megyercsi dudv\u00e1h kanyarg\u00f3k helyre\u00e1ll\u00edt\u00e1sa - BROZ","robots":{"index":"index","follow":"follow","max-snippet":"max-snippet:-1","max-image-preview":"max-image-preview:large","max-video-preview":"max-video-preview:-1"},"canonical":"https:\/\/broz.sk\/hu\/voda-v-krajine-a-obnova-meandrov-caloveckeho-dudvahu\/","og_locale":"hu_HU","og_type":"article","og_title":"V\u00edz a t\u00e1jban \u00e9s a Megyercsi dudv\u00e1h kanyarg\u00f3k helyre\u00e1ll\u00edt\u00e1sa","og_description":"A Megyercsi dudv\u00e1h foly\u00f3 valamikor r\u00e9gen \u00e1tfolyott az als\u00f3 Csall\u00f3k\u00f6z t\u00e1j\u00e1n, \u00e9szakr\u00f3l a V\u00e1g foly\u00f3t t\u00e1pl\u00e1lta \u00e9s d\u00e9li r\u00e9sz\u00e9n a Duna fel\u00e9 \u00e1ramlott. Manaps\u00e1g ennek a foly\u00f3nak a maradv\u00e1nyai m\u00e9g mindig kanyarognak bizonyos helyeken, \u00e9s bizonys\u00e1got tesznek arr\u00f3l, hogy milyen volt ez az orsz\u00e1g a m\u00faltban.","og_url":"https:\/\/broz.sk\/hu\/voda-v-krajine-a-obnova-meandrov-caloveckeho-dudvahu\/","og_site_name":"BROZ","article_publisher":"https:\/\/www.facebook.com\/broz.ba\/","article_published_time":"2020-03-16T09:41:26+00:00","article_modified_time":"2020-12-22T17:43:12+00:00","og_image":[{"width":1557,"height":768,"url":"https:\/\/broz.sk\/wp-content\/uploads\/2020\/03\/IMG_20200305_130402.jpg","type":"image\/jpeg"}],"author":"broz","twitter_card":"summary_large_image","twitter_misc":{"Szerz\u0151:":"broz","Becs\u00fclt olvas\u00e1si id\u0151":"3 perc"},"schema":{"@context":"https:\/\/schema.org","@graph":[{"@type":"Article","@id":"https:\/\/broz.sk\/hu\/voda-v-krajine-a-obnova-meandrov-caloveckeho-dudvahu\/#article","isPartOf":{"@id":"https:\/\/broz.sk\/hu\/voda-v-krajine-a-obnova-meandrov-caloveckeho-dudvahu\/"},"author":{"name":"broz","@id":"https:\/\/broz.sk\/#\/schema\/person\/210ebb0b5afa2a18d1e13abfbbb27080"},"headline":"V\u00edz a t\u00e1jban \u00e9s a Megyercsi dudv\u00e1h kanyarg\u00f3k helyre\u00e1ll\u00edt\u00e1sa","datePublished":"2020-03-16T09:41:26+00:00","dateModified":"2020-12-22T17:43:12+00:00","mainEntityOfPage":{"@id":"https:\/\/broz.sk\/hu\/voda-v-krajine-a-obnova-meandrov-caloveckeho-dudvahu\/"},"wordCount":526,"publisher":{"@id":"https:\/\/broz.sk\/#organization"},"image":{"@id":"https:\/\/broz.sk\/hu\/voda-v-krajine-a-obnova-meandrov-caloveckeho-dudvahu\/#primaryimage"},"thumbnailUrl":"https:\/\/broz.sk\/wp-content\/uploads\/2020\/03\/IMG_20200305_130402.jpg","articleSection":["Protection of habitats"],"inLanguage":"hu"},{"@type":"WebPage","@id":"https:\/\/broz.sk\/hu\/voda-v-krajine-a-obnova-meandrov-caloveckeho-dudvahu\/","url":"https:\/\/broz.sk\/hu\/voda-v-krajine-a-obnova-meandrov-caloveckeho-dudvahu\/","name":"V\u00edz a t\u00e1jban \u00e9s a Megyercsi dudv\u00e1h kanyarg\u00f3k helyre\u00e1ll\u00edt\u00e1sa - BROZ","isPartOf":{"@id":"https:\/\/broz.sk\/#website"},"primaryImageOfPage":{"@id":"https:\/\/broz.sk\/hu\/voda-v-krajine-a-obnova-meandrov-caloveckeho-dudvahu\/#primaryimage"},"image":{"@id":"https:\/\/broz.sk\/hu\/voda-v-krajine-a-obnova-meandrov-caloveckeho-dudvahu\/#primaryimage"},"thumbnailUrl":"https:\/\/broz.sk\/wp-content\/uploads\/2020\/03\/IMG_20200305_130402.jpg","datePublished":"2020-03-16T09:41:26+00:00","dateModified":"2020-12-22T17:43:12+00:00","breadcrumb":{"@id":"https:\/\/broz.sk\/hu\/voda-v-krajine-a-obnova-meandrov-caloveckeho-dudvahu\/#breadcrumb"},"inLanguage":"hu","potentialAction":[{"@type":"ReadAction","target":["https:\/\/broz.sk\/hu\/voda-v-krajine-a-obnova-meandrov-caloveckeho-dudvahu\/"]}]},{"@type":"ImageObject","inLanguage":"hu","@id":"https:\/\/broz.sk\/hu\/voda-v-krajine-a-obnova-meandrov-caloveckeho-dudvahu\/#primaryimage","url":"https:\/\/broz.sk\/wp-content\/uploads\/2020\/03\/IMG_20200305_130402.jpg","contentUrl":"https:\/\/broz.sk\/wp-content\/uploads\/2020\/03\/IMG_20200305_130402.jpg","width":1557,"height":768},{"@type":"BreadcrumbList","@id":"https:\/\/broz.sk\/hu\/voda-v-krajine-a-obnova-meandrov-caloveckeho-dudvahu\/#breadcrumb","itemListElement":[{"@type":"ListItem","position":1,"name":"Domovsk\u00e1 str\u00e1nka","item":"https:\/\/broz.sk\/"},{"@type":"ListItem","position":2,"name":"V\u00edz a t\u00e1jban \u00e9s a Megyercsi dudv\u00e1h kanyarg\u00f3k helyre\u00e1ll\u00edt\u00e1sa"}]},{"@type":"WebSite","@id":"https:\/\/broz.sk\/#website","url":"https:\/\/broz.sk\/","name":"BROZ","description":"ochran\u00e1rske zdru\u017eenie","publisher":{"@id":"https:\/\/broz.sk\/#organization"},"potentialAction":[{"@type":"SearchAction","target":{"@type":"EntryPoint","urlTemplate":"https:\/\/broz.sk\/?s={search_term_string}"},"query-input":{"@type":"PropertyValueSpecification","valueRequired":true,"valueName":"search_term_string"}}],"inLanguage":"hu"},{"@type":"Organization","@id":"https:\/\/broz.sk\/#organization","name":"BROZ - Bratislavsk\u00e9 region\u00e1lne ochran\u00e1rske zdru\u017eenie","url":"https:\/\/broz.sk\/","logo":{"@type":"ImageObject","inLanguage":"hu","@id":"https:\/\/broz.sk\/#\/schema\/logo\/image\/","url":"https:\/\/broz.sk\/wp-content\/uploads\/2018\/03\/broz-logo-hires-color.png","contentUrl":"https:\/\/broz.sk\/wp-content\/uploads\/2018\/03\/broz-logo-hires-color.png","width":2585,"height":1618,"caption":"BROZ - Bratislavsk\u00e9 region\u00e1lne ochran\u00e1rske zdru\u017eenie"},"image":{"@id":"https:\/\/broz.sk\/#\/schema\/logo\/image\/"},"sameAs":["https:\/\/www.facebook.com\/broz.ba\/"]},{"@type":"Person","@id":"https:\/\/broz.sk\/#\/schema\/person\/210ebb0b5afa2a18d1e13abfbbb27080","name":"broz","image":{"@type":"ImageObject","inLanguage":"hu","@id":"https:\/\/secure.gravatar.com\/avatar\/2e036a5d302f24b5c517a7e75051ca040aedd897cd58df9cbd4f523a61282112?s=96&d=mm&r=g","url":"https:\/\/secure.gravatar.com\/avatar\/2e036a5d302f24b5c517a7e75051ca040aedd897cd58df9cbd4f523a61282112?s=96&d=mm&r=g","contentUrl":"https:\/\/secure.gravatar.com\/avatar\/2e036a5d302f24b5c517a7e75051ca040aedd897cd58df9cbd4f523a61282112?s=96&d=mm&r=g","caption":"broz"},"url":"https:\/\/broz.sk\/hu\/author\/broz\/"}]}},"_links":{"self":[{"href":"https:\/\/broz.sk\/hu\/wp-json\/wp\/v2\/posts\/13734","targetHints":{"allow":["GET"]}}],"collection":[{"href":"https:\/\/broz.sk\/hu\/wp-json\/wp\/v2\/posts"}],"about":[{"href":"https:\/\/broz.sk\/hu\/wp-json\/wp\/v2\/types\/post"}],"author":[{"embeddable":true,"href":"https:\/\/broz.sk\/hu\/wp-json\/wp\/v2\/users\/2"}],"replies":[{"embeddable":true,"href":"https:\/\/broz.sk\/hu\/wp-json\/wp\/v2\/comments?post=13734"}],"version-history":[{"count":4,"href":"https:\/\/broz.sk\/hu\/wp-json\/wp\/v2\/posts\/13734\/revisions"}],"predecessor-version":[{"id":14269,"href":"https:\/\/broz.sk\/hu\/wp-json\/wp\/v2\/posts\/13734\/revisions\/14269"}],"wp:featuredmedia":[{"embeddable":true,"href":"https:\/\/broz.sk\/hu\/wp-json\/wp\/v2\/media\/11016"}],"wp:attachment":[{"href":"https:\/\/broz.sk\/hu\/wp-json\/wp\/v2\/media?parent=13734"}],"wp:term":[{"taxonomy":"category","embeddable":true,"href":"https:\/\/broz.sk\/hu\/wp-json\/wp\/v2\/categories?post=13734"},{"taxonomy":"post_tag","embeddable":true,"href":"https:\/\/broz.sk\/hu\/wp-json\/wp\/v2\/tags?post=13734"}],"curies":[{"name":"wp","href":"https:\/\/api.w.org\/{rel}","templated":true}]}}