{"id":13729,"date":"2020-05-13T14:20:28","date_gmt":"2020-05-13T12:20:28","guid":{"rendered":"https:\/\/broz.sk\/sucho-v-polnohospodarskej-krajine\/"},"modified":"2020-12-22T18:35:25","modified_gmt":"2020-12-22T17:35:25","slug":"sucho-v-polnohospodarskej-krajine","status":"publish","type":"post","link":"https:\/\/broz.sk\/hu\/sucho-v-polnohospodarskej-krajine\/","title":{"rendered":"Hogyan fokozhat\u00f3 a t\u00e1j ellen\u00e1ll\u00f3 k\u00e9pess\u00e9ge az \u00e9ghajlatv\u00e1ltoz\u00e1s hat\u00e1saival szemben"},"content":{"rendered":"<div class=\"wpb-content-wrapper\">[vc_row][vc_column][vc_column_text]\r\n<h3>Az \u00e9ghajlatv\u00e1ltoz\u00e1s hat\u00e1sa napjainkban m\u00e1r er\u0151teljesen megmutatkozik D\u00e9l-Szlov\u00e1ki\u00e1ban. Az emelked\u0151 h\u0151m\u00e9rs\u00e9klet \u00e9s a csapad\u00e9khi\u00e1ny nemcsak a gazd\u00e1lkod\u00f3kat \u00e9rinti \u00e9rz\u00e9kenyen, hanem a term\u00e9szeti t\u00e1jat is befoly\u00e1solja.<\/h3>\r\nSzlov\u00e1ki\u00e1ban az ut\u00f3bbi 100 \u00e9v alatt t\u00f6bb mint 1\u00b0C-kal emelkedett az \u00e9ves \u00e1tlagh\u0151m\u00e9rs\u00e9klet. A 12 legmelegebb \u00e9vet a 90-es \u00e9vek kezdet\u00e9t\u0151l eltelt id\u0151szakban m\u00e9rt\u00e9k. Ezzel egy\u00fctt a csapad\u00e9k mennyis\u00e9ge \u00e1tlagosan 5,6%-kal cs\u00f6kkent, D\u00e9l-Szlov\u00e1ki\u00e1ban pedig egyenesen 10%-os a cs\u00f6kken\u00e9s. A csapad\u00e9kmennyis\u00e9g cs\u00f6kken\u00e9se \u00e9s a h\u0151m\u00e9rs\u00e9klet n\u00f6veked\u00e9se kedvez\u0151tlen\u00fcl hat a v\u00edz term\u00e9szetes k\u00f6rforg\u00e1s\u00e1ra \u00e9s cs\u00f6kkenti a felsz\u00edn alatti iv\u00f3v\u00edzk\u00e9szlet..\r\n\r\nA t\u00e9rk\u00e9p a jelenlegi sz\u00e1razs\u00e1got veti \u00f6ssze az ut\u00f3bbi 50 \u00e9v azonos id\u0151szakaival. A piros ter\u00fcletek m\u00e9rt\u00e9ke egyenesen riaszt\u00f3. Szlov\u00e1kia k\u00e9tharmad\u00e1t sz\u00e9ls\u0151s\u00e9ges sz\u00e1razs\u00e1g s\u00fajtja.\r\n<h3><strong>Hogyan fokozhat\u00f3 a t\u00e1j ellen\u00e1ll\u00f3 k\u00e9pess\u00e9ge az \u00e9ghajlatv\u00e1ltoz\u00e1s hat\u00e1saival szemben? <\/strong><\/h3>\r\nAz \u00e9ghajlatv\u00e1ltoz\u00e1s m\u00e1r ma is igen kedvez\u0151tlen\u00fcl befoly\u00e1solja Szlov\u00e1ki\u00e1t, els\u0151sorban a d\u00e9l-szlov\u00e1kiai r\u00e9gi\u00f3t.\u00a0\u00a0 A v\u00edzhi\u00e1ny, a sz\u00e9ls\u0151s\u00e9ges id\u0151j\u00e1r\u00e1s, az \u00f6z\u00f6nv\u00edzszer\u0171 es\u0151z\u00e9sek \u00e9s az elh\u00faz\u00f3d\u00f3 asz\u00e1lyos id\u0151szakok kritikus k\u00f6vetkezm\u00e9nyekkel j\u00e1rnak a mez\u0151gazdas\u00e1gban. A folyamatban lev\u0151 kl\u00edmav\u00e1ltoz\u00e1s egyebek mellett fokozott \u00f6nt\u00f6z\u00e9sre, vegyszerhaszn\u00e1latra k\u00e9nyszer\u00edti a gazd\u00e1lkod\u00f3kat, ezek az elj\u00e1r\u00e1sok pedig m\u00e9g ink\u00e1bb k\u00e1ros\u00edtj\u00e1k a d\u00e9l-szlov\u00e1kiai t\u00e1jat.[\/vc_column_text][vc_single_image image=&#8221;11806&#8243; img_size=&#8221;large&#8221;][vc_column_text]Ez\u00e9rt elengedhetetlen, hogy t\u00e1mogassuk a term\u00e9szetbar\u00e1t gazd\u00e1lkod\u00e1st, \u00e9rdekeltt\u00e9 tegy\u00fck az \u00e9rintetteket, felk\u00e9sz\u00edts\u00fck a t\u00e1jat \u00e9s magunkat is a kl\u00edmav\u00e1ltoz\u00e1s v\u00e1rhat\u00f3 hat\u00e1saira. A t\u00e1j ellen\u00e1ll\u00f3 k\u00e9pess\u00e9ge \u2013 a t\u00e1jstabilit\u00e1s \u2013 azzal fokozhat\u00f3, ha visszaadjuk a term\u00e9szetnek, \u00e9s megfelel\u0151 teret biztos\u00edtunk ahhoz, hogy a term\u00e9szetes folyamatok zavartalanul v\u00e9gbe menjenek.\r\n\r\nA Szigetr\u00e9t LIFE projekt (LIFE Ostrovn\u00e9 l\u00faky) keret\u00e9ben k\u00eds\u00e9rleti projekteket val\u00f3s\u00edtunk meg, melyek c\u00e9lja a term\u00e9szetes viszonyok meg\u00faj\u00edt\u00e1sa egy intenz\u00edv m\u0171vel\u00e9s\u0171 t\u00e9rs\u00e9gben \u2013 rehabilit\u00e1ljuk a vizes \u00e9l\u0151helyeket, fasorokat telep\u00edt\u00fcnk, meg\u00faj\u00edtjuk a legel\u0151ket. Az egyes telep\u00fcl\u00e9sek term\u00e9szeti \u00e9rt\u00e9keinek meg\u00faj\u00edt\u00e1sa ter\u00e9n egy\u00fcttm\u0171k\u00f6d\u00fcnk a helyi polg\u00e1rmesterekkel, \u00e9s t\u00e1mogatjuk a term\u00e9szetbar\u00e1t gazd\u00e1lkod\u00e1s lehet\u0151s\u00e9gei ir\u00e1nt \u00e9rdekl\u0151d\u0151 helybeli gazd\u00e1lkod\u00f3kat.\r\n\r\nAz els\u0151 kis l\u00e9p\u00e9sekn\u00e9l tartunk ezen a ter\u00fcleten, melyek azonban a term\u00e9szet szempontj\u00e1b\u00f3l nagyon is jelent\u0151sek. A vizes \u00e9l\u0151helyek \u00e9s r\u00e9tek is seg\u00edtenek a kl\u00edmav\u00e1ltoz\u00e1s elleni harcban, mivel sz\u00e9n-dioxidot vesznek fel a l\u00e9gk\u00f6rb\u0151l.\r\n\r\nB\u00edzunk benne, hogy a term\u00e9szeti ig\u00e9nyek \u00e9s fenntarthat\u00f3s\u00e1gi korl\u00e1tok mihamarabb megjelennek az agr\u00e1riumra vonatkoz\u00f3 jogszab\u00e1lyokban, \u00e9s a term\u00e9szetbar\u00e1t gazd\u00e1lkod\u00e1s \u00e1ltal\u00e1nosan elterjedt megold\u00e1ss\u00e1 v\u00e1lik Szlov\u00e1ki\u00e1ban.\r\n<h5><\/h5>\r\n<h5><strong>Foto: V\u00fdsadba v\u0155b pri obnovenej mokradi\u00a0<\/strong><\/h5>\r\n[\/vc_column_text][vc_single_image image=&#8221;11822&#8243; img_size=&#8221;large&#8221;][vc_column_text]\r\n<h5><strong>Foto: V\u00fdsadba vetrolamu\u00a0<\/strong><\/h5>\r\n[\/vc_column_text][vc_single_image image=&#8221;11814&#8243; img_size=&#8221;large&#8221;][vc_column_text]\r\n<h5><strong>Foto: Obnoven\u00fd trval\u00fd tr\u00e1vny porast &#8211; pasienok bude poskytova\u0165 \u00fato\u010disko a potravu pre hmyz aj vt\u00e1ctvo<\/strong><\/h5>\r\n[\/vc_column_text][vc_single_image image=&#8221;11818&#8243; img_size=&#8221;large&#8221;][\/vc_column][\/vc_row]<\/div>","protected":false},"excerpt":{"rendered":"<p>Az \u00e9ghajlatv\u00e1ltoz\u00e1s hat\u00e1sa napjainkban m\u00e1r er\u0151teljesen megmutatkozik D\u00e9l-Szlov\u00e1ki\u00e1ban. Az emelked\u0151 h\u0151m\u00e9rs\u00e9klet \u00e9s a csapad\u00e9khi\u00e1ny nemcsak a gazd\u00e1lkod\u00f3kat \u00e9rinti \u00e9rz\u00e9kenyen, hanem a term\u00e9szeti t\u00e1jat is befoly\u00e1solja.<\/p>\n","protected":false},"author":2,"featured_media":11805,"comment_status":"closed","ping_status":"closed","sticky":false,"template":"","format":"standard","meta":{"_acf_changed":false,"pmpro_default_level":"","footnotes":""},"categories":[41],"tags":[],"class_list":["post-13729","post","type-post","status-publish","format-standard","has-post-thumbnail","hentry","category-protection-of-habitats-hu","pmpro-has-access","category-41","description-off"],"acf":[],"yoast_head":"<!-- This site is optimized with the Yoast SEO Premium plugin v21.4 (Yoast SEO v27.5) - https:\/\/yoast.com\/product\/yoast-seo-premium-wordpress\/ -->\n<title>Hogyan fokozhat\u00f3 a t\u00e1j ellen\u00e1ll\u00f3 k\u00e9pess\u00e9ge az \u00e9ghajlatv\u00e1ltoz\u00e1s hat\u00e1saival szemben - BROZ<\/title>\n<meta name=\"robots\" content=\"index, follow, max-snippet:-1, max-image-preview:large, max-video-preview:-1\" \/>\n<link rel=\"canonical\" href=\"https:\/\/broz.sk\/hu\/sucho-v-polnohospodarskej-krajine\/\" \/>\n<meta property=\"og:locale\" content=\"hu_HU\" \/>\n<meta property=\"og:type\" content=\"article\" \/>\n<meta property=\"og:title\" content=\"Hogyan fokozhat\u00f3 a t\u00e1j ellen\u00e1ll\u00f3 k\u00e9pess\u00e9ge az \u00e9ghajlatv\u00e1ltoz\u00e1s hat\u00e1saival szemben\" \/>\n<meta property=\"og:description\" content=\"Az \u00e9ghajlatv\u00e1ltoz\u00e1s hat\u00e1sa napjainkban m\u00e1r er\u0151teljesen megmutatkozik D\u00e9l-Szlov\u00e1ki\u00e1ban. Az emelked\u0151 h\u0151m\u00e9rs\u00e9klet \u00e9s a csapad\u00e9khi\u00e1ny nemcsak a gazd\u00e1lkod\u00f3kat \u00e9rinti \u00e9rz\u00e9kenyen, hanem a term\u00e9szeti t\u00e1jat is befoly\u00e1solja.\" \/>\n<meta property=\"og:url\" content=\"https:\/\/broz.sk\/hu\/sucho-v-polnohospodarskej-krajine\/\" \/>\n<meta property=\"og:site_name\" content=\"BROZ\" \/>\n<meta property=\"article:publisher\" content=\"https:\/\/www.facebook.com\/broz.ba\/\" \/>\n<meta property=\"article:published_time\" content=\"2020-05-13T12:20:28+00:00\" \/>\n<meta property=\"article:modified_time\" content=\"2020-12-22T17:35:25+00:00\" \/>\n<meta property=\"og:image\" content=\"https:\/\/broz.sk\/wp-content\/uploads\/2020\/05\/Mapa_sucho-.png\" \/>\n\t<meta property=\"og:image:width\" content=\"1772\" \/>\n\t<meta property=\"og:image:height\" content=\"1003\" \/>\n\t<meta property=\"og:image:type\" content=\"image\/png\" \/>\n<meta name=\"author\" content=\"broz\" \/>\n<meta name=\"twitter:card\" content=\"summary_large_image\" \/>\n<meta name=\"twitter:label1\" content=\"Szerz\u0151:\" \/>\n\t<meta name=\"twitter:data1\" content=\"broz\" \/>\n\t<meta name=\"twitter:label2\" content=\"Becs\u00fclt olvas\u00e1si id\u0151\" \/>\n\t<meta name=\"twitter:data2\" content=\"3 perc\" \/>\n<script type=\"application\/ld+json\" class=\"yoast-schema-graph\">{\"@context\":\"https:\\\/\\\/schema.org\",\"@graph\":[{\"@type\":\"Article\",\"@id\":\"https:\\\/\\\/broz.sk\\\/hu\\\/sucho-v-polnohospodarskej-krajine\\\/#article\",\"isPartOf\":{\"@id\":\"https:\\\/\\\/broz.sk\\\/hu\\\/sucho-v-polnohospodarskej-krajine\\\/\"},\"author\":{\"name\":\"broz\",\"@id\":\"https:\\\/\\\/broz.sk\\\/#\\\/schema\\\/person\\\/210ebb0b5afa2a18d1e13abfbbb27080\"},\"headline\":\"Hogyan fokozhat\u00f3 a t\u00e1j ellen\u00e1ll\u00f3 k\u00e9pess\u00e9ge az \u00e9ghajlatv\u00e1ltoz\u00e1s hat\u00e1saival szemben\",\"datePublished\":\"2020-05-13T12:20:28+00:00\",\"dateModified\":\"2020-12-22T17:35:25+00:00\",\"mainEntityOfPage\":{\"@id\":\"https:\\\/\\\/broz.sk\\\/hu\\\/sucho-v-polnohospodarskej-krajine\\\/\"},\"wordCount\":677,\"publisher\":{\"@id\":\"https:\\\/\\\/broz.sk\\\/#organization\"},\"image\":{\"@id\":\"https:\\\/\\\/broz.sk\\\/hu\\\/sucho-v-polnohospodarskej-krajine\\\/#primaryimage\"},\"thumbnailUrl\":\"https:\\\/\\\/broz.sk\\\/wp-content\\\/uploads\\\/2020\\\/05\\\/Mapa_sucho-.png\",\"articleSection\":[\"Protection of habitats\"],\"inLanguage\":\"hu\"},{\"@type\":\"WebPage\",\"@id\":\"https:\\\/\\\/broz.sk\\\/hu\\\/sucho-v-polnohospodarskej-krajine\\\/\",\"url\":\"https:\\\/\\\/broz.sk\\\/hu\\\/sucho-v-polnohospodarskej-krajine\\\/\",\"name\":\"Hogyan fokozhat\u00f3 a t\u00e1j ellen\u00e1ll\u00f3 k\u00e9pess\u00e9ge az \u00e9ghajlatv\u00e1ltoz\u00e1s hat\u00e1saival szemben - BROZ\",\"isPartOf\":{\"@id\":\"https:\\\/\\\/broz.sk\\\/#website\"},\"primaryImageOfPage\":{\"@id\":\"https:\\\/\\\/broz.sk\\\/hu\\\/sucho-v-polnohospodarskej-krajine\\\/#primaryimage\"},\"image\":{\"@id\":\"https:\\\/\\\/broz.sk\\\/hu\\\/sucho-v-polnohospodarskej-krajine\\\/#primaryimage\"},\"thumbnailUrl\":\"https:\\\/\\\/broz.sk\\\/wp-content\\\/uploads\\\/2020\\\/05\\\/Mapa_sucho-.png\",\"datePublished\":\"2020-05-13T12:20:28+00:00\",\"dateModified\":\"2020-12-22T17:35:25+00:00\",\"breadcrumb\":{\"@id\":\"https:\\\/\\\/broz.sk\\\/hu\\\/sucho-v-polnohospodarskej-krajine\\\/#breadcrumb\"},\"inLanguage\":\"hu\",\"potentialAction\":[{\"@type\":\"ReadAction\",\"target\":[\"https:\\\/\\\/broz.sk\\\/hu\\\/sucho-v-polnohospodarskej-krajine\\\/\"]}]},{\"@type\":\"ImageObject\",\"inLanguage\":\"hu\",\"@id\":\"https:\\\/\\\/broz.sk\\\/hu\\\/sucho-v-polnohospodarskej-krajine\\\/#primaryimage\",\"url\":\"https:\\\/\\\/broz.sk\\\/wp-content\\\/uploads\\\/2020\\\/05\\\/Mapa_sucho-.png\",\"contentUrl\":\"https:\\\/\\\/broz.sk\\\/wp-content\\\/uploads\\\/2020\\\/05\\\/Mapa_sucho-.png\",\"width\":1772,\"height\":1003},{\"@type\":\"BreadcrumbList\",\"@id\":\"https:\\\/\\\/broz.sk\\\/hu\\\/sucho-v-polnohospodarskej-krajine\\\/#breadcrumb\",\"itemListElement\":[{\"@type\":\"ListItem\",\"position\":1,\"name\":\"Domovsk\u00e1 str\u00e1nka\",\"item\":\"https:\\\/\\\/broz.sk\\\/\"},{\"@type\":\"ListItem\",\"position\":2,\"name\":\"Hogyan fokozhat\u00f3 a t\u00e1j ellen\u00e1ll\u00f3 k\u00e9pess\u00e9ge az \u00e9ghajlatv\u00e1ltoz\u00e1s hat\u00e1saival szemben\"}]},{\"@type\":\"WebSite\",\"@id\":\"https:\\\/\\\/broz.sk\\\/#website\",\"url\":\"https:\\\/\\\/broz.sk\\\/\",\"name\":\"BROZ\",\"description\":\"ochran\u00e1rske zdru\u017eenie\",\"publisher\":{\"@id\":\"https:\\\/\\\/broz.sk\\\/#organization\"},\"potentialAction\":[{\"@type\":\"SearchAction\",\"target\":{\"@type\":\"EntryPoint\",\"urlTemplate\":\"https:\\\/\\\/broz.sk\\\/?s={search_term_string}\"},\"query-input\":{\"@type\":\"PropertyValueSpecification\",\"valueRequired\":true,\"valueName\":\"search_term_string\"}}],\"inLanguage\":\"hu\"},{\"@type\":\"Organization\",\"@id\":\"https:\\\/\\\/broz.sk\\\/#organization\",\"name\":\"BROZ - Bratislavsk\u00e9 region\u00e1lne ochran\u00e1rske zdru\u017eenie\",\"url\":\"https:\\\/\\\/broz.sk\\\/\",\"logo\":{\"@type\":\"ImageObject\",\"inLanguage\":\"hu\",\"@id\":\"https:\\\/\\\/broz.sk\\\/#\\\/schema\\\/logo\\\/image\\\/\",\"url\":\"https:\\\/\\\/broz.sk\\\/wp-content\\\/uploads\\\/2018\\\/03\\\/broz-logo-hires-color.png\",\"contentUrl\":\"https:\\\/\\\/broz.sk\\\/wp-content\\\/uploads\\\/2018\\\/03\\\/broz-logo-hires-color.png\",\"width\":2585,\"height\":1618,\"caption\":\"BROZ - Bratislavsk\u00e9 region\u00e1lne ochran\u00e1rske zdru\u017eenie\"},\"image\":{\"@id\":\"https:\\\/\\\/broz.sk\\\/#\\\/schema\\\/logo\\\/image\\\/\"},\"sameAs\":[\"https:\\\/\\\/www.facebook.com\\\/broz.ba\\\/\"]},{\"@type\":\"Person\",\"@id\":\"https:\\\/\\\/broz.sk\\\/#\\\/schema\\\/person\\\/210ebb0b5afa2a18d1e13abfbbb27080\",\"name\":\"broz\",\"image\":{\"@type\":\"ImageObject\",\"inLanguage\":\"hu\",\"@id\":\"https:\\\/\\\/secure.gravatar.com\\\/avatar\\\/2e036a5d302f24b5c517a7e75051ca040aedd897cd58df9cbd4f523a61282112?s=96&d=mm&r=g\",\"url\":\"https:\\\/\\\/secure.gravatar.com\\\/avatar\\\/2e036a5d302f24b5c517a7e75051ca040aedd897cd58df9cbd4f523a61282112?s=96&d=mm&r=g\",\"contentUrl\":\"https:\\\/\\\/secure.gravatar.com\\\/avatar\\\/2e036a5d302f24b5c517a7e75051ca040aedd897cd58df9cbd4f523a61282112?s=96&d=mm&r=g\",\"caption\":\"broz\"},\"url\":\"https:\\\/\\\/broz.sk\\\/hu\\\/author\\\/broz\\\/\"}]}<\/script>\n<!-- \/ Yoast SEO Premium plugin. -->","yoast_head_json":{"title":"Hogyan fokozhat\u00f3 a t\u00e1j ellen\u00e1ll\u00f3 k\u00e9pess\u00e9ge az \u00e9ghajlatv\u00e1ltoz\u00e1s hat\u00e1saival szemben - BROZ","robots":{"index":"index","follow":"follow","max-snippet":"max-snippet:-1","max-image-preview":"max-image-preview:large","max-video-preview":"max-video-preview:-1"},"canonical":"https:\/\/broz.sk\/hu\/sucho-v-polnohospodarskej-krajine\/","og_locale":"hu_HU","og_type":"article","og_title":"Hogyan fokozhat\u00f3 a t\u00e1j ellen\u00e1ll\u00f3 k\u00e9pess\u00e9ge az \u00e9ghajlatv\u00e1ltoz\u00e1s hat\u00e1saival szemben","og_description":"Az \u00e9ghajlatv\u00e1ltoz\u00e1s hat\u00e1sa napjainkban m\u00e1r er\u0151teljesen megmutatkozik D\u00e9l-Szlov\u00e1ki\u00e1ban. Az emelked\u0151 h\u0151m\u00e9rs\u00e9klet \u00e9s a csapad\u00e9khi\u00e1ny nemcsak a gazd\u00e1lkod\u00f3kat \u00e9rinti \u00e9rz\u00e9kenyen, hanem a term\u00e9szeti t\u00e1jat is befoly\u00e1solja.","og_url":"https:\/\/broz.sk\/hu\/sucho-v-polnohospodarskej-krajine\/","og_site_name":"BROZ","article_publisher":"https:\/\/www.facebook.com\/broz.ba\/","article_published_time":"2020-05-13T12:20:28+00:00","article_modified_time":"2020-12-22T17:35:25+00:00","og_image":[{"width":1772,"height":1003,"url":"https:\/\/broz.sk\/wp-content\/uploads\/2020\/05\/Mapa_sucho-.png","type":"image\/png"}],"author":"broz","twitter_card":"summary_large_image","twitter_misc":{"Szerz\u0151:":"broz","Becs\u00fclt olvas\u00e1si id\u0151":"3 perc"},"schema":{"@context":"https:\/\/schema.org","@graph":[{"@type":"Article","@id":"https:\/\/broz.sk\/hu\/sucho-v-polnohospodarskej-krajine\/#article","isPartOf":{"@id":"https:\/\/broz.sk\/hu\/sucho-v-polnohospodarskej-krajine\/"},"author":{"name":"broz","@id":"https:\/\/broz.sk\/#\/schema\/person\/210ebb0b5afa2a18d1e13abfbbb27080"},"headline":"Hogyan fokozhat\u00f3 a t\u00e1j ellen\u00e1ll\u00f3 k\u00e9pess\u00e9ge az \u00e9ghajlatv\u00e1ltoz\u00e1s hat\u00e1saival szemben","datePublished":"2020-05-13T12:20:28+00:00","dateModified":"2020-12-22T17:35:25+00:00","mainEntityOfPage":{"@id":"https:\/\/broz.sk\/hu\/sucho-v-polnohospodarskej-krajine\/"},"wordCount":677,"publisher":{"@id":"https:\/\/broz.sk\/#organization"},"image":{"@id":"https:\/\/broz.sk\/hu\/sucho-v-polnohospodarskej-krajine\/#primaryimage"},"thumbnailUrl":"https:\/\/broz.sk\/wp-content\/uploads\/2020\/05\/Mapa_sucho-.png","articleSection":["Protection of habitats"],"inLanguage":"hu"},{"@type":"WebPage","@id":"https:\/\/broz.sk\/hu\/sucho-v-polnohospodarskej-krajine\/","url":"https:\/\/broz.sk\/hu\/sucho-v-polnohospodarskej-krajine\/","name":"Hogyan fokozhat\u00f3 a t\u00e1j ellen\u00e1ll\u00f3 k\u00e9pess\u00e9ge az \u00e9ghajlatv\u00e1ltoz\u00e1s hat\u00e1saival szemben - BROZ","isPartOf":{"@id":"https:\/\/broz.sk\/#website"},"primaryImageOfPage":{"@id":"https:\/\/broz.sk\/hu\/sucho-v-polnohospodarskej-krajine\/#primaryimage"},"image":{"@id":"https:\/\/broz.sk\/hu\/sucho-v-polnohospodarskej-krajine\/#primaryimage"},"thumbnailUrl":"https:\/\/broz.sk\/wp-content\/uploads\/2020\/05\/Mapa_sucho-.png","datePublished":"2020-05-13T12:20:28+00:00","dateModified":"2020-12-22T17:35:25+00:00","breadcrumb":{"@id":"https:\/\/broz.sk\/hu\/sucho-v-polnohospodarskej-krajine\/#breadcrumb"},"inLanguage":"hu","potentialAction":[{"@type":"ReadAction","target":["https:\/\/broz.sk\/hu\/sucho-v-polnohospodarskej-krajine\/"]}]},{"@type":"ImageObject","inLanguage":"hu","@id":"https:\/\/broz.sk\/hu\/sucho-v-polnohospodarskej-krajine\/#primaryimage","url":"https:\/\/broz.sk\/wp-content\/uploads\/2020\/05\/Mapa_sucho-.png","contentUrl":"https:\/\/broz.sk\/wp-content\/uploads\/2020\/05\/Mapa_sucho-.png","width":1772,"height":1003},{"@type":"BreadcrumbList","@id":"https:\/\/broz.sk\/hu\/sucho-v-polnohospodarskej-krajine\/#breadcrumb","itemListElement":[{"@type":"ListItem","position":1,"name":"Domovsk\u00e1 str\u00e1nka","item":"https:\/\/broz.sk\/"},{"@type":"ListItem","position":2,"name":"Hogyan fokozhat\u00f3 a t\u00e1j ellen\u00e1ll\u00f3 k\u00e9pess\u00e9ge az \u00e9ghajlatv\u00e1ltoz\u00e1s hat\u00e1saival szemben"}]},{"@type":"WebSite","@id":"https:\/\/broz.sk\/#website","url":"https:\/\/broz.sk\/","name":"BROZ","description":"ochran\u00e1rske zdru\u017eenie","publisher":{"@id":"https:\/\/broz.sk\/#organization"},"potentialAction":[{"@type":"SearchAction","target":{"@type":"EntryPoint","urlTemplate":"https:\/\/broz.sk\/?s={search_term_string}"},"query-input":{"@type":"PropertyValueSpecification","valueRequired":true,"valueName":"search_term_string"}}],"inLanguage":"hu"},{"@type":"Organization","@id":"https:\/\/broz.sk\/#organization","name":"BROZ - Bratislavsk\u00e9 region\u00e1lne ochran\u00e1rske zdru\u017eenie","url":"https:\/\/broz.sk\/","logo":{"@type":"ImageObject","inLanguage":"hu","@id":"https:\/\/broz.sk\/#\/schema\/logo\/image\/","url":"https:\/\/broz.sk\/wp-content\/uploads\/2018\/03\/broz-logo-hires-color.png","contentUrl":"https:\/\/broz.sk\/wp-content\/uploads\/2018\/03\/broz-logo-hires-color.png","width":2585,"height":1618,"caption":"BROZ - Bratislavsk\u00e9 region\u00e1lne ochran\u00e1rske zdru\u017eenie"},"image":{"@id":"https:\/\/broz.sk\/#\/schema\/logo\/image\/"},"sameAs":["https:\/\/www.facebook.com\/broz.ba\/"]},{"@type":"Person","@id":"https:\/\/broz.sk\/#\/schema\/person\/210ebb0b5afa2a18d1e13abfbbb27080","name":"broz","image":{"@type":"ImageObject","inLanguage":"hu","@id":"https:\/\/secure.gravatar.com\/avatar\/2e036a5d302f24b5c517a7e75051ca040aedd897cd58df9cbd4f523a61282112?s=96&d=mm&r=g","url":"https:\/\/secure.gravatar.com\/avatar\/2e036a5d302f24b5c517a7e75051ca040aedd897cd58df9cbd4f523a61282112?s=96&d=mm&r=g","contentUrl":"https:\/\/secure.gravatar.com\/avatar\/2e036a5d302f24b5c517a7e75051ca040aedd897cd58df9cbd4f523a61282112?s=96&d=mm&r=g","caption":"broz"},"url":"https:\/\/broz.sk\/hu\/author\/broz\/"}]}},"_links":{"self":[{"href":"https:\/\/broz.sk\/hu\/wp-json\/wp\/v2\/posts\/13729","targetHints":{"allow":["GET"]}}],"collection":[{"href":"https:\/\/broz.sk\/hu\/wp-json\/wp\/v2\/posts"}],"about":[{"href":"https:\/\/broz.sk\/hu\/wp-json\/wp\/v2\/types\/post"}],"author":[{"embeddable":true,"href":"https:\/\/broz.sk\/hu\/wp-json\/wp\/v2\/users\/2"}],"replies":[{"embeddable":true,"href":"https:\/\/broz.sk\/hu\/wp-json\/wp\/v2\/comments?post=13729"}],"version-history":[{"count":5,"href":"https:\/\/broz.sk\/hu\/wp-json\/wp\/v2\/posts\/13729\/revisions"}],"predecessor-version":[{"id":14268,"href":"https:\/\/broz.sk\/hu\/wp-json\/wp\/v2\/posts\/13729\/revisions\/14268"}],"wp:featuredmedia":[{"embeddable":true,"href":"https:\/\/broz.sk\/hu\/wp-json\/wp\/v2\/media\/11805"}],"wp:attachment":[{"href":"https:\/\/broz.sk\/hu\/wp-json\/wp\/v2\/media?parent=13729"}],"wp:term":[{"taxonomy":"category","embeddable":true,"href":"https:\/\/broz.sk\/hu\/wp-json\/wp\/v2\/categories?post=13729"},{"taxonomy":"post_tag","embeddable":true,"href":"https:\/\/broz.sk\/hu\/wp-json\/wp\/v2\/tags?post=13729"}],"curies":[{"name":"wp","href":"https:\/\/api.w.org\/{rel}","templated":true}]}}