{"id":12205,"date":"2018-09-14T13:59:41","date_gmt":"2018-09-14T11:59:41","guid":{"rendered":"https:\/\/broz.sk\/umiestnenie-vybranych-semennych-stromov-v-dunajskych-luhoch\/"},"modified":"2020-06-29T16:45:20","modified_gmt":"2020-06-29T14:45:20","slug":"umiestnenie-vybranych-semennych-stromov-v-dunajskych-luhoch","status":"publish","type":"post","link":"https:\/\/broz.sk\/hu\/umiestnenie-vybranych-semennych-stromov-v-dunajskych-luhoch\/","title":{"rendered":"Megfelel\u0151 magterm\u0151 faegyedek a Duna menti \u00e1rt\u00e9rben"},"content":{"rendered":"Az NLC (Nemzeti Erd\u00e9szeti K\u00f6zpont) szakemberei meghat\u00e1rozt\u00e1k az \u0151shonos fafajok (fekete \u00e9s feh\u00e9r ny\u00e1r, kocs\u00e1nyos t\u00f6lgy, k\u00f6rte, feh\u00e9r f\u0171z, keskenylevel\u0171 k\u0151ris, zelnicemeggy) olyan egyedeit, melyek megfelel\u0151 szapor\u00edt\u00f3anyag-forr\u00e1sak\u00e9nt haszn\u00e1lhat\u00f3k. K\u00f6z\u00fcl\u00fck a legjelent\u0151sebbek be lesznek nevezve az Erd\u00e9szeti Szapor\u00edt\u00f3-anyag Alap Nemzeti List\u00e1j\u00e1ra vagy a Nemzeti Nyilv\u00e1ntart\u00e1si Jegyz\u00e9kbe (N\u00e1rodn\u00fd zoznam a N\u00e1rodn\u00fd register Lesn\u00e9ho reproduk\u010dn\u00e9ho materi\u00e1lu). Facsemet\u00e9k nevel\u00e9se c\u00e9lj\u00e1b\u00f3l a kiv\u00e1lasztott f\u00e1kr\u00f3l magvak lesznek begy\u0171jtve a Duna menti \u00e1rt\u00e9r LIFE-projekt keret\u00e9n bel\u00fcl. A fiatal f\u00e1k k\u00e9s\u0151bb a projekt tartama alatt ki\u00fcltet\u00e9sre ker\u00fclnek a Duna menti \u00e1rt\u00e9r erd\u0151s ter\u00fcletein (C.4 projektelem).\r\n\r\nA magterm\u0151 faegyedek list\u00e1ja a koordin\u00e1t\u00e1kkal egy\u00fctt let\u00f6lthet\u0151k <a href=\"https:\/\/broz.sk\/projekty\/obnova-a-manazment-dunajskych-luznych-biotopov-life14-natsk001306\/\"><u>itt<\/u> <\/a>.pdf \u00e9s .xlsx form\u00e1tumban.\u00a0T\u00e9rk\u00e9p r\u00e9tegeket (.kmz vagy .shp form\u00e1tumban) felk\u00e9r\u00e9sre azonnal k\u00fcld\u00fcnk. K\u00e9rj\u00fck, \u00e9rtes\u00edtsen ezen az e-mail c\u00edmen: jarosikova(at)broz.sk.\r\n\r\n&nbsp;\r\n\r\n&nbsp;","protected":false},"excerpt":{"rendered":"<p>Az NLC (Nemzeti Erd\u00e9szeti K\u00f6zpont) szakemberei meghat\u00e1rozt\u00e1k az \u0151shonos fafajok (fekete \u00e9s feh\u00e9r ny\u00e1r, kocs\u00e1nyos t\u00f6lgy, k\u00f6rte, feh\u00e9r f\u0171z, keskenylevel\u0171 k\u0151ris, zelnicemeggy) olyan egyedeit, melyek megfelel\u0151 szapor\u00edt\u00f3anyag-forr\u00e1sak\u00e9nt haszn\u00e1lhat\u00f3k. K\u00f6z\u00fcl\u00fck a legjelent\u0151sebbek be lesznek nevezve az Erd\u00e9szeti Szapor\u00edt\u00f3-anyag Alap Nemzeti List\u00e1j\u00e1ra vagy a Nemzeti Nyilv\u00e1ntart\u00e1si Jegyz\u00e9kbe (N\u00e1rodn\u00fd zoznam a N\u00e1rodn\u00fd register Lesn\u00e9ho reproduk\u010dn\u00e9ho materi\u00e1lu). Facsemet\u00e9k nevel\u00e9se&hellip;<\/p>\n","protected":false},"author":2,"featured_media":12207,"comment_status":"closed","ping_status":"closed","sticky":false,"template":"","format":"standard","meta":{"_acf_changed":false,"pmpro_default_level":"","footnotes":""},"categories":[40],"tags":[120,28],"class_list":["post-12205","post","type-post","status-publish","format-standard","has-post-thumbnail","hentry","category-protection-of-species-hu","tag-dunajskeluhy-hu","tag-life-hu","pmpro-has-access","category-40","description-off"],"acf":[],"yoast_head":"<!-- This site is optimized with the Yoast SEO Premium plugin v21.4 (Yoast SEO v27.5) - https:\/\/yoast.com\/product\/yoast-seo-premium-wordpress\/ -->\n<title>Megfelel\u0151 magterm\u0151 faegyedek a Duna menti \u00e1rt\u00e9rben - BROZ<\/title>\n<meta name=\"robots\" content=\"index, follow, max-snippet:-1, max-image-preview:large, max-video-preview:-1\" \/>\n<link rel=\"canonical\" href=\"https:\/\/broz.sk\/hu\/umiestnenie-vybranych-semennych-stromov-v-dunajskych-luhoch\/\" \/>\n<meta property=\"og:locale\" content=\"hu_HU\" \/>\n<meta property=\"og:type\" content=\"article\" \/>\n<meta property=\"og:title\" content=\"Megfelel\u0151 magterm\u0151 faegyedek a Duna menti \u00e1rt\u00e9rben\" \/>\n<meta property=\"og:description\" content=\"Az NLC (Nemzeti Erd\u00e9szeti K\u00f6zpont) szakemberei meghat\u00e1rozt\u00e1k az \u0151shonos fafajok (fekete \u00e9s feh\u00e9r ny\u00e1r, kocs\u00e1nyos t\u00f6lgy, k\u00f6rte, feh\u00e9r f\u0171z, keskenylevel\u0171 k\u0151ris, zelnicemeggy) olyan egyedeit, melyek megfelel\u0151 szapor\u00edt\u00f3anyag-forr\u00e1sak\u00e9nt haszn\u00e1lhat\u00f3k. K\u00f6z\u00fcl\u00fck a legjelent\u0151sebbek be lesznek nevezve az Erd\u00e9szeti Szapor\u00edt\u00f3-anyag Alap Nemzeti List\u00e1j\u00e1ra vagy a Nemzeti Nyilv\u00e1ntart\u00e1si Jegyz\u00e9kbe (N\u00e1rodn\u00fd zoznam a N\u00e1rodn\u00fd register Lesn\u00e9ho reproduk\u010dn\u00e9ho materi\u00e1lu). Facsemet\u00e9k nevel\u00e9se&hellip;\" \/>\n<meta property=\"og:url\" content=\"https:\/\/broz.sk\/hu\/umiestnenie-vybranych-semennych-stromov-v-dunajskych-luhoch\/\" \/>\n<meta property=\"og:site_name\" content=\"BROZ\" \/>\n<meta property=\"article:publisher\" content=\"https:\/\/www.facebook.com\/broz.ba\/\" \/>\n<meta property=\"article:published_time\" content=\"2018-09-14T11:59:41+00:00\" \/>\n<meta property=\"article:modified_time\" content=\"2020-06-29T14:45:20+00:00\" \/>\n<meta property=\"og:image\" content=\"https:\/\/broz.sk\/wp-content\/uploads\/2018\/09\/lel16.jpg\" \/>\n\t<meta property=\"og:image:width\" content=\"900\" \/>\n\t<meta property=\"og:image:height\" content=\"675\" \/>\n\t<meta property=\"og:image:type\" content=\"image\/jpeg\" \/>\n<meta name=\"author\" content=\"broz\" \/>\n<meta name=\"twitter:card\" content=\"summary_large_image\" \/>\n<meta name=\"twitter:label1\" content=\"Szerz\u0151:\" \/>\n\t<meta name=\"twitter:data1\" content=\"broz\" \/>\n\t<meta name=\"twitter:label2\" content=\"Becs\u00fclt olvas\u00e1si id\u0151\" \/>\n\t<meta name=\"twitter:data2\" content=\"1 perc\" \/>\n<script type=\"application\/ld+json\" class=\"yoast-schema-graph\">{\"@context\":\"https:\\\/\\\/schema.org\",\"@graph\":[{\"@type\":\"Article\",\"@id\":\"https:\\\/\\\/broz.sk\\\/hu\\\/umiestnenie-vybranych-semennych-stromov-v-dunajskych-luhoch\\\/#article\",\"isPartOf\":{\"@id\":\"https:\\\/\\\/broz.sk\\\/hu\\\/umiestnenie-vybranych-semennych-stromov-v-dunajskych-luhoch\\\/\"},\"author\":{\"name\":\"broz\",\"@id\":\"https:\\\/\\\/broz.sk\\\/#\\\/schema\\\/person\\\/210ebb0b5afa2a18d1e13abfbbb27080\"},\"headline\":\"Megfelel\u0151 magterm\u0151 faegyedek a Duna menti \u00e1rt\u00e9rben\",\"datePublished\":\"2018-09-14T11:59:41+00:00\",\"dateModified\":\"2020-06-29T14:45:20+00:00\",\"mainEntityOfPage\":{\"@id\":\"https:\\\/\\\/broz.sk\\\/hu\\\/umiestnenie-vybranych-semennych-stromov-v-dunajskych-luhoch\\\/\"},\"wordCount\":205,\"publisher\":{\"@id\":\"https:\\\/\\\/broz.sk\\\/#organization\"},\"image\":{\"@id\":\"https:\\\/\\\/broz.sk\\\/hu\\\/umiestnenie-vybranych-semennych-stromov-v-dunajskych-luhoch\\\/#primaryimage\"},\"thumbnailUrl\":\"https:\\\/\\\/broz.sk\\\/wp-content\\\/uploads\\\/2018\\\/09\\\/lel16.jpg\",\"keywords\":[\"DunajskeLuhy\",\"LIFE\"],\"articleSection\":[\"Fajok v\u00e9delme\"],\"inLanguage\":\"hu\"},{\"@type\":\"WebPage\",\"@id\":\"https:\\\/\\\/broz.sk\\\/hu\\\/umiestnenie-vybranych-semennych-stromov-v-dunajskych-luhoch\\\/\",\"url\":\"https:\\\/\\\/broz.sk\\\/hu\\\/umiestnenie-vybranych-semennych-stromov-v-dunajskych-luhoch\\\/\",\"name\":\"Megfelel\u0151 magterm\u0151 faegyedek a Duna menti \u00e1rt\u00e9rben - BROZ\",\"isPartOf\":{\"@id\":\"https:\\\/\\\/broz.sk\\\/#website\"},\"primaryImageOfPage\":{\"@id\":\"https:\\\/\\\/broz.sk\\\/hu\\\/umiestnenie-vybranych-semennych-stromov-v-dunajskych-luhoch\\\/#primaryimage\"},\"image\":{\"@id\":\"https:\\\/\\\/broz.sk\\\/hu\\\/umiestnenie-vybranych-semennych-stromov-v-dunajskych-luhoch\\\/#primaryimage\"},\"thumbnailUrl\":\"https:\\\/\\\/broz.sk\\\/wp-content\\\/uploads\\\/2018\\\/09\\\/lel16.jpg\",\"datePublished\":\"2018-09-14T11:59:41+00:00\",\"dateModified\":\"2020-06-29T14:45:20+00:00\",\"breadcrumb\":{\"@id\":\"https:\\\/\\\/broz.sk\\\/hu\\\/umiestnenie-vybranych-semennych-stromov-v-dunajskych-luhoch\\\/#breadcrumb\"},\"inLanguage\":\"hu\",\"potentialAction\":[{\"@type\":\"ReadAction\",\"target\":[\"https:\\\/\\\/broz.sk\\\/hu\\\/umiestnenie-vybranych-semennych-stromov-v-dunajskych-luhoch\\\/\"]}]},{\"@type\":\"ImageObject\",\"inLanguage\":\"hu\",\"@id\":\"https:\\\/\\\/broz.sk\\\/hu\\\/umiestnenie-vybranych-semennych-stromov-v-dunajskych-luhoch\\\/#primaryimage\",\"url\":\"https:\\\/\\\/broz.sk\\\/wp-content\\\/uploads\\\/2018\\\/09\\\/lel16.jpg\",\"contentUrl\":\"https:\\\/\\\/broz.sk\\\/wp-content\\\/uploads\\\/2018\\\/09\\\/lel16.jpg\",\"width\":900,\"height\":675},{\"@type\":\"BreadcrumbList\",\"@id\":\"https:\\\/\\\/broz.sk\\\/hu\\\/umiestnenie-vybranych-semennych-stromov-v-dunajskych-luhoch\\\/#breadcrumb\",\"itemListElement\":[{\"@type\":\"ListItem\",\"position\":1,\"name\":\"Domovsk\u00e1 str\u00e1nka\",\"item\":\"https:\\\/\\\/broz.sk\\\/\"},{\"@type\":\"ListItem\",\"position\":2,\"name\":\"Megfelel\u0151 magterm\u0151 faegyedek a Duna menti \u00e1rt\u00e9rben\"}]},{\"@type\":\"WebSite\",\"@id\":\"https:\\\/\\\/broz.sk\\\/#website\",\"url\":\"https:\\\/\\\/broz.sk\\\/\",\"name\":\"BROZ\",\"description\":\"ochran\u00e1rske zdru\u017eenie\",\"publisher\":{\"@id\":\"https:\\\/\\\/broz.sk\\\/#organization\"},\"potentialAction\":[{\"@type\":\"SearchAction\",\"target\":{\"@type\":\"EntryPoint\",\"urlTemplate\":\"https:\\\/\\\/broz.sk\\\/?s={search_term_string}\"},\"query-input\":{\"@type\":\"PropertyValueSpecification\",\"valueRequired\":true,\"valueName\":\"search_term_string\"}}],\"inLanguage\":\"hu\"},{\"@type\":\"Organization\",\"@id\":\"https:\\\/\\\/broz.sk\\\/#organization\",\"name\":\"BROZ - Bratislavsk\u00e9 region\u00e1lne ochran\u00e1rske zdru\u017eenie\",\"url\":\"https:\\\/\\\/broz.sk\\\/\",\"logo\":{\"@type\":\"ImageObject\",\"inLanguage\":\"hu\",\"@id\":\"https:\\\/\\\/broz.sk\\\/#\\\/schema\\\/logo\\\/image\\\/\",\"url\":\"https:\\\/\\\/broz.sk\\\/wp-content\\\/uploads\\\/2018\\\/03\\\/broz-logo-hires-color.png\",\"contentUrl\":\"https:\\\/\\\/broz.sk\\\/wp-content\\\/uploads\\\/2018\\\/03\\\/broz-logo-hires-color.png\",\"width\":2585,\"height\":1618,\"caption\":\"BROZ - Bratislavsk\u00e9 region\u00e1lne ochran\u00e1rske zdru\u017eenie\"},\"image\":{\"@id\":\"https:\\\/\\\/broz.sk\\\/#\\\/schema\\\/logo\\\/image\\\/\"},\"sameAs\":[\"https:\\\/\\\/www.facebook.com\\\/broz.ba\\\/\"]},{\"@type\":\"Person\",\"@id\":\"https:\\\/\\\/broz.sk\\\/#\\\/schema\\\/person\\\/210ebb0b5afa2a18d1e13abfbbb27080\",\"name\":\"broz\",\"image\":{\"@type\":\"ImageObject\",\"inLanguage\":\"hu\",\"@id\":\"https:\\\/\\\/secure.gravatar.com\\\/avatar\\\/2e036a5d302f24b5c517a7e75051ca040aedd897cd58df9cbd4f523a61282112?s=96&d=mm&r=g\",\"url\":\"https:\\\/\\\/secure.gravatar.com\\\/avatar\\\/2e036a5d302f24b5c517a7e75051ca040aedd897cd58df9cbd4f523a61282112?s=96&d=mm&r=g\",\"contentUrl\":\"https:\\\/\\\/secure.gravatar.com\\\/avatar\\\/2e036a5d302f24b5c517a7e75051ca040aedd897cd58df9cbd4f523a61282112?s=96&d=mm&r=g\",\"caption\":\"broz\"},\"url\":\"https:\\\/\\\/broz.sk\\\/hu\\\/author\\\/broz\\\/\"}]}<\/script>\n<!-- \/ Yoast SEO Premium plugin. -->","yoast_head_json":{"title":"Megfelel\u0151 magterm\u0151 faegyedek a Duna menti \u00e1rt\u00e9rben - BROZ","robots":{"index":"index","follow":"follow","max-snippet":"max-snippet:-1","max-image-preview":"max-image-preview:large","max-video-preview":"max-video-preview:-1"},"canonical":"https:\/\/broz.sk\/hu\/umiestnenie-vybranych-semennych-stromov-v-dunajskych-luhoch\/","og_locale":"hu_HU","og_type":"article","og_title":"Megfelel\u0151 magterm\u0151 faegyedek a Duna menti \u00e1rt\u00e9rben","og_description":"Az NLC (Nemzeti Erd\u00e9szeti K\u00f6zpont) szakemberei meghat\u00e1rozt\u00e1k az \u0151shonos fafajok (fekete \u00e9s feh\u00e9r ny\u00e1r, kocs\u00e1nyos t\u00f6lgy, k\u00f6rte, feh\u00e9r f\u0171z, keskenylevel\u0171 k\u0151ris, zelnicemeggy) olyan egyedeit, melyek megfelel\u0151 szapor\u00edt\u00f3anyag-forr\u00e1sak\u00e9nt haszn\u00e1lhat\u00f3k. K\u00f6z\u00fcl\u00fck a legjelent\u0151sebbek be lesznek nevezve az Erd\u00e9szeti Szapor\u00edt\u00f3-anyag Alap Nemzeti List\u00e1j\u00e1ra vagy a Nemzeti Nyilv\u00e1ntart\u00e1si Jegyz\u00e9kbe (N\u00e1rodn\u00fd zoznam a N\u00e1rodn\u00fd register Lesn\u00e9ho reproduk\u010dn\u00e9ho materi\u00e1lu). Facsemet\u00e9k nevel\u00e9se&hellip;","og_url":"https:\/\/broz.sk\/hu\/umiestnenie-vybranych-semennych-stromov-v-dunajskych-luhoch\/","og_site_name":"BROZ","article_publisher":"https:\/\/www.facebook.com\/broz.ba\/","article_published_time":"2018-09-14T11:59:41+00:00","article_modified_time":"2020-06-29T14:45:20+00:00","og_image":[{"width":900,"height":675,"url":"https:\/\/broz.sk\/wp-content\/uploads\/2018\/09\/lel16.jpg","type":"image\/jpeg"}],"author":"broz","twitter_card":"summary_large_image","twitter_misc":{"Szerz\u0151:":"broz","Becs\u00fclt olvas\u00e1si id\u0151":"1 perc"},"schema":{"@context":"https:\/\/schema.org","@graph":[{"@type":"Article","@id":"https:\/\/broz.sk\/hu\/umiestnenie-vybranych-semennych-stromov-v-dunajskych-luhoch\/#article","isPartOf":{"@id":"https:\/\/broz.sk\/hu\/umiestnenie-vybranych-semennych-stromov-v-dunajskych-luhoch\/"},"author":{"name":"broz","@id":"https:\/\/broz.sk\/#\/schema\/person\/210ebb0b5afa2a18d1e13abfbbb27080"},"headline":"Megfelel\u0151 magterm\u0151 faegyedek a Duna menti \u00e1rt\u00e9rben","datePublished":"2018-09-14T11:59:41+00:00","dateModified":"2020-06-29T14:45:20+00:00","mainEntityOfPage":{"@id":"https:\/\/broz.sk\/hu\/umiestnenie-vybranych-semennych-stromov-v-dunajskych-luhoch\/"},"wordCount":205,"publisher":{"@id":"https:\/\/broz.sk\/#organization"},"image":{"@id":"https:\/\/broz.sk\/hu\/umiestnenie-vybranych-semennych-stromov-v-dunajskych-luhoch\/#primaryimage"},"thumbnailUrl":"https:\/\/broz.sk\/wp-content\/uploads\/2018\/09\/lel16.jpg","keywords":["DunajskeLuhy","LIFE"],"articleSection":["Fajok v\u00e9delme"],"inLanguage":"hu"},{"@type":"WebPage","@id":"https:\/\/broz.sk\/hu\/umiestnenie-vybranych-semennych-stromov-v-dunajskych-luhoch\/","url":"https:\/\/broz.sk\/hu\/umiestnenie-vybranych-semennych-stromov-v-dunajskych-luhoch\/","name":"Megfelel\u0151 magterm\u0151 faegyedek a Duna menti \u00e1rt\u00e9rben - BROZ","isPartOf":{"@id":"https:\/\/broz.sk\/#website"},"primaryImageOfPage":{"@id":"https:\/\/broz.sk\/hu\/umiestnenie-vybranych-semennych-stromov-v-dunajskych-luhoch\/#primaryimage"},"image":{"@id":"https:\/\/broz.sk\/hu\/umiestnenie-vybranych-semennych-stromov-v-dunajskych-luhoch\/#primaryimage"},"thumbnailUrl":"https:\/\/broz.sk\/wp-content\/uploads\/2018\/09\/lel16.jpg","datePublished":"2018-09-14T11:59:41+00:00","dateModified":"2020-06-29T14:45:20+00:00","breadcrumb":{"@id":"https:\/\/broz.sk\/hu\/umiestnenie-vybranych-semennych-stromov-v-dunajskych-luhoch\/#breadcrumb"},"inLanguage":"hu","potentialAction":[{"@type":"ReadAction","target":["https:\/\/broz.sk\/hu\/umiestnenie-vybranych-semennych-stromov-v-dunajskych-luhoch\/"]}]},{"@type":"ImageObject","inLanguage":"hu","@id":"https:\/\/broz.sk\/hu\/umiestnenie-vybranych-semennych-stromov-v-dunajskych-luhoch\/#primaryimage","url":"https:\/\/broz.sk\/wp-content\/uploads\/2018\/09\/lel16.jpg","contentUrl":"https:\/\/broz.sk\/wp-content\/uploads\/2018\/09\/lel16.jpg","width":900,"height":675},{"@type":"BreadcrumbList","@id":"https:\/\/broz.sk\/hu\/umiestnenie-vybranych-semennych-stromov-v-dunajskych-luhoch\/#breadcrumb","itemListElement":[{"@type":"ListItem","position":1,"name":"Domovsk\u00e1 str\u00e1nka","item":"https:\/\/broz.sk\/"},{"@type":"ListItem","position":2,"name":"Megfelel\u0151 magterm\u0151 faegyedek a Duna menti \u00e1rt\u00e9rben"}]},{"@type":"WebSite","@id":"https:\/\/broz.sk\/#website","url":"https:\/\/broz.sk\/","name":"BROZ","description":"ochran\u00e1rske zdru\u017eenie","publisher":{"@id":"https:\/\/broz.sk\/#organization"},"potentialAction":[{"@type":"SearchAction","target":{"@type":"EntryPoint","urlTemplate":"https:\/\/broz.sk\/?s={search_term_string}"},"query-input":{"@type":"PropertyValueSpecification","valueRequired":true,"valueName":"search_term_string"}}],"inLanguage":"hu"},{"@type":"Organization","@id":"https:\/\/broz.sk\/#organization","name":"BROZ - Bratislavsk\u00e9 region\u00e1lne ochran\u00e1rske zdru\u017eenie","url":"https:\/\/broz.sk\/","logo":{"@type":"ImageObject","inLanguage":"hu","@id":"https:\/\/broz.sk\/#\/schema\/logo\/image\/","url":"https:\/\/broz.sk\/wp-content\/uploads\/2018\/03\/broz-logo-hires-color.png","contentUrl":"https:\/\/broz.sk\/wp-content\/uploads\/2018\/03\/broz-logo-hires-color.png","width":2585,"height":1618,"caption":"BROZ - Bratislavsk\u00e9 region\u00e1lne ochran\u00e1rske zdru\u017eenie"},"image":{"@id":"https:\/\/broz.sk\/#\/schema\/logo\/image\/"},"sameAs":["https:\/\/www.facebook.com\/broz.ba\/"]},{"@type":"Person","@id":"https:\/\/broz.sk\/#\/schema\/person\/210ebb0b5afa2a18d1e13abfbbb27080","name":"broz","image":{"@type":"ImageObject","inLanguage":"hu","@id":"https:\/\/secure.gravatar.com\/avatar\/2e036a5d302f24b5c517a7e75051ca040aedd897cd58df9cbd4f523a61282112?s=96&d=mm&r=g","url":"https:\/\/secure.gravatar.com\/avatar\/2e036a5d302f24b5c517a7e75051ca040aedd897cd58df9cbd4f523a61282112?s=96&d=mm&r=g","contentUrl":"https:\/\/secure.gravatar.com\/avatar\/2e036a5d302f24b5c517a7e75051ca040aedd897cd58df9cbd4f523a61282112?s=96&d=mm&r=g","caption":"broz"},"url":"https:\/\/broz.sk\/hu\/author\/broz\/"}]}},"_links":{"self":[{"href":"https:\/\/broz.sk\/hu\/wp-json\/wp\/v2\/posts\/12205","targetHints":{"allow":["GET"]}}],"collection":[{"href":"https:\/\/broz.sk\/hu\/wp-json\/wp\/v2\/posts"}],"about":[{"href":"https:\/\/broz.sk\/hu\/wp-json\/wp\/v2\/types\/post"}],"author":[{"embeddable":true,"href":"https:\/\/broz.sk\/hu\/wp-json\/wp\/v2\/users\/2"}],"replies":[{"embeddable":true,"href":"https:\/\/broz.sk\/hu\/wp-json\/wp\/v2\/comments?post=12205"}],"version-history":[{"count":1,"href":"https:\/\/broz.sk\/hu\/wp-json\/wp\/v2\/posts\/12205\/revisions"}],"predecessor-version":[{"id":12208,"href":"https:\/\/broz.sk\/hu\/wp-json\/wp\/v2\/posts\/12205\/revisions\/12208"}],"wp:featuredmedia":[{"embeddable":true,"href":"https:\/\/broz.sk\/hu\/wp-json\/wp\/v2\/media\/12207"}],"wp:attachment":[{"href":"https:\/\/broz.sk\/hu\/wp-json\/wp\/v2\/media?parent=12205"}],"wp:term":[{"taxonomy":"category","embeddable":true,"href":"https:\/\/broz.sk\/hu\/wp-json\/wp\/v2\/categories?post=12205"},{"taxonomy":"post_tag","embeddable":true,"href":"https:\/\/broz.sk\/hu\/wp-json\/wp\/v2\/tags?post=12205"}],"curies":[{"name":"wp","href":"https:\/\/api.w.org\/{rel}","templated":true}]}}