{"id":5951,"date":"2014-02-02T15:06:55","date_gmt":"2014-02-02T14:06:55","guid":{"rendered":"https:\/\/broz.sk\/svetovy-den-mokradi-2014\/"},"modified":"2018-11-19T13:06:06","modified_gmt":"2018-11-19T12:06:06","slug":"svetovy-den-mokradi-2014","status":"publish","type":"post","link":"https:\/\/broz.sk\/en\/svetovy-den-mokradi-2014\/","title":{"rendered":"Wetlands Day"},"content":{"rendered":"Each year on February 2nd we commemorate the World Day of Wetlands, habitats that are home to rare plant and animal species &#8211; many of which are already critically \u00a0endangered. In 2014 the main topic is also the relationship of wetlands and agriculture and promotion of partnership between conservationists and farmers by their protection and use.","protected":false},"excerpt":{"rendered":"<p>Each year on February 2nd we commemorate the World Day of Wetlands, habitats that are home to rare plant and animal species &#8211; many of which are already critically \u00a0endangered. In 2014 the main topic is also the relationship of wetlands and agriculture and promotion of partnership between conservationists and farmers by their protection and&hellip;<\/p>\n","protected":false},"author":2,"featured_media":1865,"comment_status":"closed","ping_status":"closed","sticky":false,"template":"","format":"standard","meta":{"_acf_changed":false,"pmpro_default_level":"","footnotes":""},"categories":[43],"tags":[],"class_list":["post-5951","post","type-post","status-publish","format-standard","has-post-thumbnail","hentry","category-0-en","pmpro-has-access","category-43","description-off"],"acf":[],"yoast_head":"<!-- This site is optimized with the Yoast SEO Premium plugin v21.4 (Yoast SEO v27.4) - https:\/\/yoast.com\/product\/yoast-seo-premium-wordpress\/ -->\n<title>Wetlands Day - BROZ<\/title>\n<meta name=\"robots\" content=\"index, follow, max-snippet:-1, max-image-preview:large, max-video-preview:-1\" \/>\n<link rel=\"canonical\" href=\"https:\/\/broz.sk\/en\/svetovy-den-mokradi-2014\/\" \/>\n<meta property=\"og:locale\" content=\"en_US\" \/>\n<meta property=\"og:type\" content=\"article\" \/>\n<meta property=\"og:title\" content=\"Wetlands Day\" \/>\n<meta property=\"og:description\" content=\"Each year on February 2nd we commemorate the World Day of Wetlands, habitats that are home to rare plant and animal species &#8211; many of which are already critically \u00a0endangered. In 2014 the main topic is also the relationship of wetlands and agriculture and promotion of partnership between conservationists and farmers by their protection and&hellip;\" \/>\n<meta property=\"og:url\" content=\"https:\/\/broz.sk\/en\/svetovy-den-mokradi-2014\/\" \/>\n<meta property=\"og:site_name\" content=\"BROZ\" \/>\n<meta property=\"article:publisher\" content=\"https:\/\/www.facebook.com\/broz.ba\/\" \/>\n<meta property=\"article:published_time\" content=\"2014-02-02T14:06:55+00:00\" \/>\n<meta property=\"article:modified_time\" content=\"2018-11-19T12:06:06+00:00\" \/>\n<meta property=\"og:image\" content=\"https:\/\/broz.sk\/wp-content\/uploads\/2017\/02\/ufer-wasser-jurecek-klein-04.jpg\" \/>\n\t<meta property=\"og:image:width\" content=\"314\" \/>\n\t<meta property=\"og:image:height\" content=\"210\" \/>\n\t<meta property=\"og:image:type\" content=\"image\/jpeg\" \/>\n<meta name=\"author\" content=\"broz\" \/>\n<meta name=\"twitter:card\" content=\"summary_large_image\" \/>\n<meta name=\"twitter:label1\" content=\"Written by\" \/>\n\t<meta name=\"twitter:data1\" content=\"broz\" \/>\n<script type=\"application\/ld+json\" class=\"yoast-schema-graph\">{\"@context\":\"https:\\\/\\\/schema.org\",\"@graph\":[{\"@type\":\"Article\",\"@id\":\"https:\\\/\\\/broz.sk\\\/en\\\/svetovy-den-mokradi-2014\\\/#article\",\"isPartOf\":{\"@id\":\"https:\\\/\\\/broz.sk\\\/en\\\/svetovy-den-mokradi-2014\\\/\"},\"author\":{\"name\":\"broz\",\"@id\":\"https:\\\/\\\/broz.sk\\\/#\\\/schema\\\/person\\\/210ebb0b5afa2a18d1e13abfbbb27080\"},\"headline\":\"Wetlands Day\",\"datePublished\":\"2014-02-02T14:06:55+00:00\",\"dateModified\":\"2018-11-19T12:06:06+00:00\",\"mainEntityOfPage\":{\"@id\":\"https:\\\/\\\/broz.sk\\\/en\\\/svetovy-den-mokradi-2014\\\/\"},\"wordCount\":57,\"publisher\":{\"@id\":\"https:\\\/\\\/broz.sk\\\/#organization\"},\"image\":{\"@id\":\"https:\\\/\\\/broz.sk\\\/en\\\/svetovy-den-mokradi-2014\\\/#primaryimage\"},\"thumbnailUrl\":\"https:\\\/\\\/broz.sk\\\/wp-content\\\/uploads\\\/2017\\\/02\\\/ufer-wasser-jurecek-klein-04.jpg\",\"articleSection\":[\"Enviroeducation\"],\"inLanguage\":\"en-US\"},{\"@type\":\"WebPage\",\"@id\":\"https:\\\/\\\/broz.sk\\\/en\\\/svetovy-den-mokradi-2014\\\/\",\"url\":\"https:\\\/\\\/broz.sk\\\/en\\\/svetovy-den-mokradi-2014\\\/\",\"name\":\"Wetlands Day - BROZ\",\"isPartOf\":{\"@id\":\"https:\\\/\\\/broz.sk\\\/#website\"},\"primaryImageOfPage\":{\"@id\":\"https:\\\/\\\/broz.sk\\\/en\\\/svetovy-den-mokradi-2014\\\/#primaryimage\"},\"image\":{\"@id\":\"https:\\\/\\\/broz.sk\\\/en\\\/svetovy-den-mokradi-2014\\\/#primaryimage\"},\"thumbnailUrl\":\"https:\\\/\\\/broz.sk\\\/wp-content\\\/uploads\\\/2017\\\/02\\\/ufer-wasser-jurecek-klein-04.jpg\",\"datePublished\":\"2014-02-02T14:06:55+00:00\",\"dateModified\":\"2018-11-19T12:06:06+00:00\",\"breadcrumb\":{\"@id\":\"https:\\\/\\\/broz.sk\\\/en\\\/svetovy-den-mokradi-2014\\\/#breadcrumb\"},\"inLanguage\":\"en-US\",\"potentialAction\":[{\"@type\":\"ReadAction\",\"target\":[\"https:\\\/\\\/broz.sk\\\/en\\\/svetovy-den-mokradi-2014\\\/\"]}]},{\"@type\":\"ImageObject\",\"inLanguage\":\"en-US\",\"@id\":\"https:\\\/\\\/broz.sk\\\/en\\\/svetovy-den-mokradi-2014\\\/#primaryimage\",\"url\":\"https:\\\/\\\/broz.sk\\\/wp-content\\\/uploads\\\/2017\\\/02\\\/ufer-wasser-jurecek-klein-04.jpg\",\"contentUrl\":\"https:\\\/\\\/broz.sk\\\/wp-content\\\/uploads\\\/2017\\\/02\\\/ufer-wasser-jurecek-klein-04.jpg\",\"width\":314,\"height\":210},{\"@type\":\"BreadcrumbList\",\"@id\":\"https:\\\/\\\/broz.sk\\\/en\\\/svetovy-den-mokradi-2014\\\/#breadcrumb\",\"itemListElement\":[{\"@type\":\"ListItem\",\"position\":1,\"name\":\"Domovsk\u00e1 str\u00e1nka\",\"item\":\"https:\\\/\\\/broz.sk\\\/en\\\/\"},{\"@type\":\"ListItem\",\"position\":2,\"name\":\"Wetlands Day\"}]},{\"@type\":\"WebSite\",\"@id\":\"https:\\\/\\\/broz.sk\\\/#website\",\"url\":\"https:\\\/\\\/broz.sk\\\/\",\"name\":\"BROZ\",\"description\":\"ochran\u00e1rske zdru\u017eenie\",\"publisher\":{\"@id\":\"https:\\\/\\\/broz.sk\\\/#organization\"},\"potentialAction\":[{\"@type\":\"SearchAction\",\"target\":{\"@type\":\"EntryPoint\",\"urlTemplate\":\"https:\\\/\\\/broz.sk\\\/?s={search_term_string}\"},\"query-input\":{\"@type\":\"PropertyValueSpecification\",\"valueRequired\":true,\"valueName\":\"search_term_string\"}}],\"inLanguage\":\"en-US\"},{\"@type\":\"Organization\",\"@id\":\"https:\\\/\\\/broz.sk\\\/#organization\",\"name\":\"BROZ - Bratislavsk\u00e9 region\u00e1lne ochran\u00e1rske zdru\u017eenie\",\"url\":\"https:\\\/\\\/broz.sk\\\/\",\"logo\":{\"@type\":\"ImageObject\",\"inLanguage\":\"en-US\",\"@id\":\"https:\\\/\\\/broz.sk\\\/#\\\/schema\\\/logo\\\/image\\\/\",\"url\":\"https:\\\/\\\/broz.sk\\\/wp-content\\\/uploads\\\/2018\\\/03\\\/broz-logo-hires-color.png\",\"contentUrl\":\"https:\\\/\\\/broz.sk\\\/wp-content\\\/uploads\\\/2018\\\/03\\\/broz-logo-hires-color.png\",\"width\":2585,\"height\":1618,\"caption\":\"BROZ - Bratislavsk\u00e9 region\u00e1lne ochran\u00e1rske zdru\u017eenie\"},\"image\":{\"@id\":\"https:\\\/\\\/broz.sk\\\/#\\\/schema\\\/logo\\\/image\\\/\"},\"sameAs\":[\"https:\\\/\\\/www.facebook.com\\\/broz.ba\\\/\"]},{\"@type\":\"Person\",\"@id\":\"https:\\\/\\\/broz.sk\\\/#\\\/schema\\\/person\\\/210ebb0b5afa2a18d1e13abfbbb27080\",\"name\":\"broz\",\"image\":{\"@type\":\"ImageObject\",\"inLanguage\":\"en-US\",\"@id\":\"https:\\\/\\\/secure.gravatar.com\\\/avatar\\\/2e036a5d302f24b5c517a7e75051ca040aedd897cd58df9cbd4f523a61282112?s=96&d=mm&r=g\",\"url\":\"https:\\\/\\\/secure.gravatar.com\\\/avatar\\\/2e036a5d302f24b5c517a7e75051ca040aedd897cd58df9cbd4f523a61282112?s=96&d=mm&r=g\",\"contentUrl\":\"https:\\\/\\\/secure.gravatar.com\\\/avatar\\\/2e036a5d302f24b5c517a7e75051ca040aedd897cd58df9cbd4f523a61282112?s=96&d=mm&r=g\",\"caption\":\"broz\"},\"url\":\"https:\\\/\\\/broz.sk\\\/en\\\/author\\\/broz\\\/\"}]}<\/script>\n<!-- \/ Yoast SEO Premium plugin. -->","yoast_head_json":{"title":"Wetlands Day - BROZ","robots":{"index":"index","follow":"follow","max-snippet":"max-snippet:-1","max-image-preview":"max-image-preview:large","max-video-preview":"max-video-preview:-1"},"canonical":"https:\/\/broz.sk\/en\/svetovy-den-mokradi-2014\/","og_locale":"en_US","og_type":"article","og_title":"Wetlands Day","og_description":"Each year on February 2nd we commemorate the World Day of Wetlands, habitats that are home to rare plant and animal species &#8211; many of which are already critically \u00a0endangered. In 2014 the main topic is also the relationship of wetlands and agriculture and promotion of partnership between conservationists and farmers by their protection and&hellip;","og_url":"https:\/\/broz.sk\/en\/svetovy-den-mokradi-2014\/","og_site_name":"BROZ","article_publisher":"https:\/\/www.facebook.com\/broz.ba\/","article_published_time":"2014-02-02T14:06:55+00:00","article_modified_time":"2018-11-19T12:06:06+00:00","og_image":[{"width":314,"height":210,"url":"https:\/\/broz.sk\/wp-content\/uploads\/2017\/02\/ufer-wasser-jurecek-klein-04.jpg","type":"image\/jpeg"}],"author":"broz","twitter_card":"summary_large_image","twitter_misc":{"Written by":"broz"},"schema":{"@context":"https:\/\/schema.org","@graph":[{"@type":"Article","@id":"https:\/\/broz.sk\/en\/svetovy-den-mokradi-2014\/#article","isPartOf":{"@id":"https:\/\/broz.sk\/en\/svetovy-den-mokradi-2014\/"},"author":{"name":"broz","@id":"https:\/\/broz.sk\/#\/schema\/person\/210ebb0b5afa2a18d1e13abfbbb27080"},"headline":"Wetlands Day","datePublished":"2014-02-02T14:06:55+00:00","dateModified":"2018-11-19T12:06:06+00:00","mainEntityOfPage":{"@id":"https:\/\/broz.sk\/en\/svetovy-den-mokradi-2014\/"},"wordCount":57,"publisher":{"@id":"https:\/\/broz.sk\/#organization"},"image":{"@id":"https:\/\/broz.sk\/en\/svetovy-den-mokradi-2014\/#primaryimage"},"thumbnailUrl":"https:\/\/broz.sk\/wp-content\/uploads\/2017\/02\/ufer-wasser-jurecek-klein-04.jpg","articleSection":["Enviroeducation"],"inLanguage":"en-US"},{"@type":"WebPage","@id":"https:\/\/broz.sk\/en\/svetovy-den-mokradi-2014\/","url":"https:\/\/broz.sk\/en\/svetovy-den-mokradi-2014\/","name":"Wetlands Day - BROZ","isPartOf":{"@id":"https:\/\/broz.sk\/#website"},"primaryImageOfPage":{"@id":"https:\/\/broz.sk\/en\/svetovy-den-mokradi-2014\/#primaryimage"},"image":{"@id":"https:\/\/broz.sk\/en\/svetovy-den-mokradi-2014\/#primaryimage"},"thumbnailUrl":"https:\/\/broz.sk\/wp-content\/uploads\/2017\/02\/ufer-wasser-jurecek-klein-04.jpg","datePublished":"2014-02-02T14:06:55+00:00","dateModified":"2018-11-19T12:06:06+00:00","breadcrumb":{"@id":"https:\/\/broz.sk\/en\/svetovy-den-mokradi-2014\/#breadcrumb"},"inLanguage":"en-US","potentialAction":[{"@type":"ReadAction","target":["https:\/\/broz.sk\/en\/svetovy-den-mokradi-2014\/"]}]},{"@type":"ImageObject","inLanguage":"en-US","@id":"https:\/\/broz.sk\/en\/svetovy-den-mokradi-2014\/#primaryimage","url":"https:\/\/broz.sk\/wp-content\/uploads\/2017\/02\/ufer-wasser-jurecek-klein-04.jpg","contentUrl":"https:\/\/broz.sk\/wp-content\/uploads\/2017\/02\/ufer-wasser-jurecek-klein-04.jpg","width":314,"height":210},{"@type":"BreadcrumbList","@id":"https:\/\/broz.sk\/en\/svetovy-den-mokradi-2014\/#breadcrumb","itemListElement":[{"@type":"ListItem","position":1,"name":"Domovsk\u00e1 str\u00e1nka","item":"https:\/\/broz.sk\/en\/"},{"@type":"ListItem","position":2,"name":"Wetlands Day"}]},{"@type":"WebSite","@id":"https:\/\/broz.sk\/#website","url":"https:\/\/broz.sk\/","name":"BROZ","description":"ochran\u00e1rske zdru\u017eenie","publisher":{"@id":"https:\/\/broz.sk\/#organization"},"potentialAction":[{"@type":"SearchAction","target":{"@type":"EntryPoint","urlTemplate":"https:\/\/broz.sk\/?s={search_term_string}"},"query-input":{"@type":"PropertyValueSpecification","valueRequired":true,"valueName":"search_term_string"}}],"inLanguage":"en-US"},{"@type":"Organization","@id":"https:\/\/broz.sk\/#organization","name":"BROZ - Bratislavsk\u00e9 region\u00e1lne ochran\u00e1rske zdru\u017eenie","url":"https:\/\/broz.sk\/","logo":{"@type":"ImageObject","inLanguage":"en-US","@id":"https:\/\/broz.sk\/#\/schema\/logo\/image\/","url":"https:\/\/broz.sk\/wp-content\/uploads\/2018\/03\/broz-logo-hires-color.png","contentUrl":"https:\/\/broz.sk\/wp-content\/uploads\/2018\/03\/broz-logo-hires-color.png","width":2585,"height":1618,"caption":"BROZ - Bratislavsk\u00e9 region\u00e1lne ochran\u00e1rske zdru\u017eenie"},"image":{"@id":"https:\/\/broz.sk\/#\/schema\/logo\/image\/"},"sameAs":["https:\/\/www.facebook.com\/broz.ba\/"]},{"@type":"Person","@id":"https:\/\/broz.sk\/#\/schema\/person\/210ebb0b5afa2a18d1e13abfbbb27080","name":"broz","image":{"@type":"ImageObject","inLanguage":"en-US","@id":"https:\/\/secure.gravatar.com\/avatar\/2e036a5d302f24b5c517a7e75051ca040aedd897cd58df9cbd4f523a61282112?s=96&d=mm&r=g","url":"https:\/\/secure.gravatar.com\/avatar\/2e036a5d302f24b5c517a7e75051ca040aedd897cd58df9cbd4f523a61282112?s=96&d=mm&r=g","contentUrl":"https:\/\/secure.gravatar.com\/avatar\/2e036a5d302f24b5c517a7e75051ca040aedd897cd58df9cbd4f523a61282112?s=96&d=mm&r=g","caption":"broz"},"url":"https:\/\/broz.sk\/en\/author\/broz\/"}]}},"_links":{"self":[{"href":"https:\/\/broz.sk\/en\/wp-json\/wp\/v2\/posts\/5951","targetHints":{"allow":["GET"]}}],"collection":[{"href":"https:\/\/broz.sk\/en\/wp-json\/wp\/v2\/posts"}],"about":[{"href":"https:\/\/broz.sk\/en\/wp-json\/wp\/v2\/types\/post"}],"author":[{"embeddable":true,"href":"https:\/\/broz.sk\/en\/wp-json\/wp\/v2\/users\/2"}],"replies":[{"embeddable":true,"href":"https:\/\/broz.sk\/en\/wp-json\/wp\/v2\/comments?post=5951"}],"version-history":[{"count":2,"href":"https:\/\/broz.sk\/en\/wp-json\/wp\/v2\/posts\/5951\/revisions"}],"predecessor-version":[{"id":5953,"href":"https:\/\/broz.sk\/en\/wp-json\/wp\/v2\/posts\/5951\/revisions\/5953"}],"wp:featuredmedia":[{"embeddable":true,"href":"https:\/\/broz.sk\/en\/wp-json\/wp\/v2\/media\/1865"}],"wp:attachment":[{"href":"https:\/\/broz.sk\/en\/wp-json\/wp\/v2\/media?parent=5951"}],"wp:term":[{"taxonomy":"category","embeddable":true,"href":"https:\/\/broz.sk\/en\/wp-json\/wp\/v2\/categories?post=5951"},{"taxonomy":"post_tag","embeddable":true,"href":"https:\/\/broz.sk\/en\/wp-json\/wp\/v2\/tags?post=5951"}],"curies":[{"name":"wp","href":"https:\/\/api.w.org\/{rel}","templated":true}]}}