{"id":39470,"date":"2025-03-31T10:38:32","date_gmt":"2025-03-31T08:38:32","guid":{"rendered":"https:\/\/broz.sk\/spring-migration-brings-rare-black-tailed-godwits\/"},"modified":"2025-07-16T10:44:38","modified_gmt":"2025-07-16T08:44:38","slug":"spring-migration-brings-rare-black-tailed-godwits","status":"publish","type":"post","link":"https:\/\/broz.sk\/en\/spring-migration-brings-rare-black-tailed-godwits\/","title":{"rendered":"Spring migration brings rare black-tailed godwits"},"content":{"rendered":"<div class=\"wpb-content-wrapper\">[vc_row][vc_column][vc_column_text css=&#8221;&#8221;]<span style=\"font-weight: 400;\">During their traditional migratory stopover, a flock of black-tailed godwits landed at the Ostrovik meadow in the SPA Senianske rybn\u00edky. This species no longer breeds in Slovakia due to the loss of suitable habitats, but dozens of individuals stop here during migration. We hope that if habitat conditions improve\u2014also thanks to the LIFE 4 STEPPE BIRDS project\u2014godwits may one day return to Slovakia as breeding birds.<\/span>[\/vc_column_text][\/vc_column][\/vc_row]<\/div>","protected":false},"excerpt":{"rendered":"<p>During their traditional migratory stopover, a flock of black-tailed godwits landed at the Ostrovik meadow in the SPA Senianske rybn\u00edky.<\/p>\n","protected":false},"author":19,"featured_media":39464,"comment_status":"closed","ping_status":"closed","sticky":false,"template":"","format":"standard","meta":{"_acf_changed":false,"pmpro_default_level":"","footnotes":""},"categories":[30],"tags":[],"class_list":["post-39470","post","type-post","status-publish","format-standard","has-post-thumbnail","hentry","category-protection-of-species","pmpro-has-access","category-30","description-off"],"acf":[],"yoast_head":"<!-- This site is optimized with the Yoast SEO Premium plugin v21.4 (Yoast SEO v27.4) - https:\/\/yoast.com\/product\/yoast-seo-premium-wordpress\/ -->\n<title>Spring migration brings rare black-tailed godwits - BROZ<\/title>\n<meta name=\"robots\" content=\"index, follow, max-snippet:-1, max-image-preview:large, max-video-preview:-1\" \/>\n<link rel=\"canonical\" href=\"https:\/\/broz.sk\/en\/spring-migration-brings-rare-black-tailed-godwits\/\" \/>\n<meta property=\"og:locale\" content=\"en_US\" \/>\n<meta property=\"og:type\" content=\"article\" \/>\n<meta property=\"og:title\" content=\"Spring migration brings rare black-tailed godwits\" \/>\n<meta property=\"og:description\" content=\"During their traditional migratory stopover, a flock of black-tailed godwits landed at the Ostrovik meadow in the SPA Senianske rybn\u00edky.\" \/>\n<meta property=\"og:url\" content=\"https:\/\/broz.sk\/en\/spring-migration-brings-rare-black-tailed-godwits\/\" \/>\n<meta property=\"og:site_name\" content=\"BROZ\" \/>\n<meta property=\"article:publisher\" content=\"https:\/\/www.facebook.com\/broz.ba\/\" \/>\n<meta property=\"article:published_time\" content=\"2025-03-31T08:38:32+00:00\" \/>\n<meta property=\"article:modified_time\" content=\"2025-07-16T08:44:38+00:00\" \/>\n<meta property=\"og:image\" content=\"https:\/\/broz.sk\/wp-content\/uploads\/2025\/07\/Jarna-migracia-priviala-aj-vzacne-brehare-ciernochvoste.jpg\" \/>\n\t<meta property=\"og:image:width\" content=\"2048\" \/>\n\t<meta property=\"og:image:height\" content=\"1365\" \/>\n\t<meta property=\"og:image:type\" content=\"image\/jpeg\" \/>\n<meta name=\"author\" content=\"Patrik Ga\u017eo\" \/>\n<meta name=\"twitter:card\" content=\"summary_large_image\" \/>\n<meta name=\"twitter:label1\" content=\"Written by\" \/>\n\t<meta name=\"twitter:data1\" content=\"Patrik Ga\u017eo\" \/>\n\t<meta name=\"twitter:label2\" content=\"Est. reading time\" \/>\n\t<meta name=\"twitter:data2\" content=\"1 minute\" \/>\n<script type=\"application\/ld+json\" class=\"yoast-schema-graph\">{\"@context\":\"https:\\\/\\\/schema.org\",\"@graph\":[{\"@type\":\"Article\",\"@id\":\"https:\\\/\\\/broz.sk\\\/en\\\/spring-migration-brings-rare-black-tailed-godwits\\\/#article\",\"isPartOf\":{\"@id\":\"https:\\\/\\\/broz.sk\\\/en\\\/spring-migration-brings-rare-black-tailed-godwits\\\/\"},\"author\":{\"name\":\"Patrik Ga\u017eo\",\"@id\":\"https:\\\/\\\/broz.sk\\\/#\\\/schema\\\/person\\\/5247c0302e5e2ef1d8cd4f1adc2bee8b\"},\"headline\":\"Spring migration brings rare black-tailed godwits\",\"datePublished\":\"2025-03-31T08:38:32+00:00\",\"dateModified\":\"2025-07-16T08:44:38+00:00\",\"mainEntityOfPage\":{\"@id\":\"https:\\\/\\\/broz.sk\\\/en\\\/spring-migration-brings-rare-black-tailed-godwits\\\/\"},\"wordCount\":89,\"publisher\":{\"@id\":\"https:\\\/\\\/broz.sk\\\/#organization\"},\"image\":{\"@id\":\"https:\\\/\\\/broz.sk\\\/en\\\/spring-migration-brings-rare-black-tailed-godwits\\\/#primaryimage\"},\"thumbnailUrl\":\"https:\\\/\\\/broz.sk\\\/wp-content\\\/uploads\\\/2025\\\/07\\\/Jarna-migracia-priviala-aj-vzacne-brehare-ciernochvoste.jpg\",\"articleSection\":[\"Protection of species\"],\"inLanguage\":\"en-US\"},{\"@type\":\"WebPage\",\"@id\":\"https:\\\/\\\/broz.sk\\\/en\\\/spring-migration-brings-rare-black-tailed-godwits\\\/\",\"url\":\"https:\\\/\\\/broz.sk\\\/en\\\/spring-migration-brings-rare-black-tailed-godwits\\\/\",\"name\":\"Spring migration brings rare black-tailed godwits - BROZ\",\"isPartOf\":{\"@id\":\"https:\\\/\\\/broz.sk\\\/#website\"},\"primaryImageOfPage\":{\"@id\":\"https:\\\/\\\/broz.sk\\\/en\\\/spring-migration-brings-rare-black-tailed-godwits\\\/#primaryimage\"},\"image\":{\"@id\":\"https:\\\/\\\/broz.sk\\\/en\\\/spring-migration-brings-rare-black-tailed-godwits\\\/#primaryimage\"},\"thumbnailUrl\":\"https:\\\/\\\/broz.sk\\\/wp-content\\\/uploads\\\/2025\\\/07\\\/Jarna-migracia-priviala-aj-vzacne-brehare-ciernochvoste.jpg\",\"datePublished\":\"2025-03-31T08:38:32+00:00\",\"dateModified\":\"2025-07-16T08:44:38+00:00\",\"breadcrumb\":{\"@id\":\"https:\\\/\\\/broz.sk\\\/en\\\/spring-migration-brings-rare-black-tailed-godwits\\\/#breadcrumb\"},\"inLanguage\":\"en-US\",\"potentialAction\":[{\"@type\":\"ReadAction\",\"target\":[\"https:\\\/\\\/broz.sk\\\/en\\\/spring-migration-brings-rare-black-tailed-godwits\\\/\"]}]},{\"@type\":\"ImageObject\",\"inLanguage\":\"en-US\",\"@id\":\"https:\\\/\\\/broz.sk\\\/en\\\/spring-migration-brings-rare-black-tailed-godwits\\\/#primaryimage\",\"url\":\"https:\\\/\\\/broz.sk\\\/wp-content\\\/uploads\\\/2025\\\/07\\\/Jarna-migracia-priviala-aj-vzacne-brehare-ciernochvoste.jpg\",\"contentUrl\":\"https:\\\/\\\/broz.sk\\\/wp-content\\\/uploads\\\/2025\\\/07\\\/Jarna-migracia-priviala-aj-vzacne-brehare-ciernochvoste.jpg\",\"width\":2048,\"height\":1365,\"caption\":\"Jarn\u00e1 migr\u00e1cia priviala aj vz\u00e1cne breh\u00e1re \u010diernochvost\u00e9\"},{\"@type\":\"BreadcrumbList\",\"@id\":\"https:\\\/\\\/broz.sk\\\/en\\\/spring-migration-brings-rare-black-tailed-godwits\\\/#breadcrumb\",\"itemListElement\":[{\"@type\":\"ListItem\",\"position\":1,\"name\":\"Domovsk\u00e1 str\u00e1nka\",\"item\":\"https:\\\/\\\/broz.sk\\\/en\\\/\"},{\"@type\":\"ListItem\",\"position\":2,\"name\":\"Spring migration brings rare black-tailed godwits\"}]},{\"@type\":\"WebSite\",\"@id\":\"https:\\\/\\\/broz.sk\\\/#website\",\"url\":\"https:\\\/\\\/broz.sk\\\/\",\"name\":\"BROZ\",\"description\":\"ochran\u00e1rske zdru\u017eenie\",\"publisher\":{\"@id\":\"https:\\\/\\\/broz.sk\\\/#organization\"},\"potentialAction\":[{\"@type\":\"SearchAction\",\"target\":{\"@type\":\"EntryPoint\",\"urlTemplate\":\"https:\\\/\\\/broz.sk\\\/?s={search_term_string}\"},\"query-input\":{\"@type\":\"PropertyValueSpecification\",\"valueRequired\":true,\"valueName\":\"search_term_string\"}}],\"inLanguage\":\"en-US\"},{\"@type\":\"Organization\",\"@id\":\"https:\\\/\\\/broz.sk\\\/#organization\",\"name\":\"BROZ - Bratislavsk\u00e9 region\u00e1lne ochran\u00e1rske zdru\u017eenie\",\"url\":\"https:\\\/\\\/broz.sk\\\/\",\"logo\":{\"@type\":\"ImageObject\",\"inLanguage\":\"en-US\",\"@id\":\"https:\\\/\\\/broz.sk\\\/#\\\/schema\\\/logo\\\/image\\\/\",\"url\":\"https:\\\/\\\/broz.sk\\\/wp-content\\\/uploads\\\/2018\\\/03\\\/broz-logo-hires-color.png\",\"contentUrl\":\"https:\\\/\\\/broz.sk\\\/wp-content\\\/uploads\\\/2018\\\/03\\\/broz-logo-hires-color.png\",\"width\":2585,\"height\":1618,\"caption\":\"BROZ - Bratislavsk\u00e9 region\u00e1lne ochran\u00e1rske zdru\u017eenie\"},\"image\":{\"@id\":\"https:\\\/\\\/broz.sk\\\/#\\\/schema\\\/logo\\\/image\\\/\"},\"sameAs\":[\"https:\\\/\\\/www.facebook.com\\\/broz.ba\\\/\"]},{\"@type\":\"Person\",\"@id\":\"https:\\\/\\\/broz.sk\\\/#\\\/schema\\\/person\\\/5247c0302e5e2ef1d8cd4f1adc2bee8b\",\"name\":\"Patrik Ga\u017eo\",\"image\":{\"@type\":\"ImageObject\",\"inLanguage\":\"en-US\",\"@id\":\"https:\\\/\\\/secure.gravatar.com\\\/avatar\\\/4e5a871362c2d898a426c79781b751703b1b935ee6a48ac3c7a9b78ec6522ddf?s=96&d=mm&r=g\",\"url\":\"https:\\\/\\\/secure.gravatar.com\\\/avatar\\\/4e5a871362c2d898a426c79781b751703b1b935ee6a48ac3c7a9b78ec6522ddf?s=96&d=mm&r=g\",\"contentUrl\":\"https:\\\/\\\/secure.gravatar.com\\\/avatar\\\/4e5a871362c2d898a426c79781b751703b1b935ee6a48ac3c7a9b78ec6522ddf?s=96&d=mm&r=g\",\"caption\":\"Patrik Ga\u017eo\"},\"url\":\"https:\\\/\\\/broz.sk\\\/en\\\/author\\\/patrik-gazo\\\/\"}]}<\/script>\n<!-- \/ Yoast SEO Premium plugin. -->","yoast_head_json":{"title":"Spring migration brings rare black-tailed godwits - BROZ","robots":{"index":"index","follow":"follow","max-snippet":"max-snippet:-1","max-image-preview":"max-image-preview:large","max-video-preview":"max-video-preview:-1"},"canonical":"https:\/\/broz.sk\/en\/spring-migration-brings-rare-black-tailed-godwits\/","og_locale":"en_US","og_type":"article","og_title":"Spring migration brings rare black-tailed godwits","og_description":"During their traditional migratory stopover, a flock of black-tailed godwits landed at the Ostrovik meadow in the SPA Senianske rybn\u00edky.","og_url":"https:\/\/broz.sk\/en\/spring-migration-brings-rare-black-tailed-godwits\/","og_site_name":"BROZ","article_publisher":"https:\/\/www.facebook.com\/broz.ba\/","article_published_time":"2025-03-31T08:38:32+00:00","article_modified_time":"2025-07-16T08:44:38+00:00","og_image":[{"width":2048,"height":1365,"url":"https:\/\/broz.sk\/wp-content\/uploads\/2025\/07\/Jarna-migracia-priviala-aj-vzacne-brehare-ciernochvoste.jpg","type":"image\/jpeg"}],"author":"Patrik Ga\u017eo","twitter_card":"summary_large_image","twitter_misc":{"Written by":"Patrik Ga\u017eo","Est. reading time":"1 minute"},"schema":{"@context":"https:\/\/schema.org","@graph":[{"@type":"Article","@id":"https:\/\/broz.sk\/en\/spring-migration-brings-rare-black-tailed-godwits\/#article","isPartOf":{"@id":"https:\/\/broz.sk\/en\/spring-migration-brings-rare-black-tailed-godwits\/"},"author":{"name":"Patrik Ga\u017eo","@id":"https:\/\/broz.sk\/#\/schema\/person\/5247c0302e5e2ef1d8cd4f1adc2bee8b"},"headline":"Spring migration brings rare black-tailed godwits","datePublished":"2025-03-31T08:38:32+00:00","dateModified":"2025-07-16T08:44:38+00:00","mainEntityOfPage":{"@id":"https:\/\/broz.sk\/en\/spring-migration-brings-rare-black-tailed-godwits\/"},"wordCount":89,"publisher":{"@id":"https:\/\/broz.sk\/#organization"},"image":{"@id":"https:\/\/broz.sk\/en\/spring-migration-brings-rare-black-tailed-godwits\/#primaryimage"},"thumbnailUrl":"https:\/\/broz.sk\/wp-content\/uploads\/2025\/07\/Jarna-migracia-priviala-aj-vzacne-brehare-ciernochvoste.jpg","articleSection":["Protection of species"],"inLanguage":"en-US"},{"@type":"WebPage","@id":"https:\/\/broz.sk\/en\/spring-migration-brings-rare-black-tailed-godwits\/","url":"https:\/\/broz.sk\/en\/spring-migration-brings-rare-black-tailed-godwits\/","name":"Spring migration brings rare black-tailed godwits - BROZ","isPartOf":{"@id":"https:\/\/broz.sk\/#website"},"primaryImageOfPage":{"@id":"https:\/\/broz.sk\/en\/spring-migration-brings-rare-black-tailed-godwits\/#primaryimage"},"image":{"@id":"https:\/\/broz.sk\/en\/spring-migration-brings-rare-black-tailed-godwits\/#primaryimage"},"thumbnailUrl":"https:\/\/broz.sk\/wp-content\/uploads\/2025\/07\/Jarna-migracia-priviala-aj-vzacne-brehare-ciernochvoste.jpg","datePublished":"2025-03-31T08:38:32+00:00","dateModified":"2025-07-16T08:44:38+00:00","breadcrumb":{"@id":"https:\/\/broz.sk\/en\/spring-migration-brings-rare-black-tailed-godwits\/#breadcrumb"},"inLanguage":"en-US","potentialAction":[{"@type":"ReadAction","target":["https:\/\/broz.sk\/en\/spring-migration-brings-rare-black-tailed-godwits\/"]}]},{"@type":"ImageObject","inLanguage":"en-US","@id":"https:\/\/broz.sk\/en\/spring-migration-brings-rare-black-tailed-godwits\/#primaryimage","url":"https:\/\/broz.sk\/wp-content\/uploads\/2025\/07\/Jarna-migracia-priviala-aj-vzacne-brehare-ciernochvoste.jpg","contentUrl":"https:\/\/broz.sk\/wp-content\/uploads\/2025\/07\/Jarna-migracia-priviala-aj-vzacne-brehare-ciernochvoste.jpg","width":2048,"height":1365,"caption":"Jarn\u00e1 migr\u00e1cia priviala aj vz\u00e1cne breh\u00e1re \u010diernochvost\u00e9"},{"@type":"BreadcrumbList","@id":"https:\/\/broz.sk\/en\/spring-migration-brings-rare-black-tailed-godwits\/#breadcrumb","itemListElement":[{"@type":"ListItem","position":1,"name":"Domovsk\u00e1 str\u00e1nka","item":"https:\/\/broz.sk\/en\/"},{"@type":"ListItem","position":2,"name":"Spring migration brings rare black-tailed godwits"}]},{"@type":"WebSite","@id":"https:\/\/broz.sk\/#website","url":"https:\/\/broz.sk\/","name":"BROZ","description":"ochran\u00e1rske zdru\u017eenie","publisher":{"@id":"https:\/\/broz.sk\/#organization"},"potentialAction":[{"@type":"SearchAction","target":{"@type":"EntryPoint","urlTemplate":"https:\/\/broz.sk\/?s={search_term_string}"},"query-input":{"@type":"PropertyValueSpecification","valueRequired":true,"valueName":"search_term_string"}}],"inLanguage":"en-US"},{"@type":"Organization","@id":"https:\/\/broz.sk\/#organization","name":"BROZ - Bratislavsk\u00e9 region\u00e1lne ochran\u00e1rske zdru\u017eenie","url":"https:\/\/broz.sk\/","logo":{"@type":"ImageObject","inLanguage":"en-US","@id":"https:\/\/broz.sk\/#\/schema\/logo\/image\/","url":"https:\/\/broz.sk\/wp-content\/uploads\/2018\/03\/broz-logo-hires-color.png","contentUrl":"https:\/\/broz.sk\/wp-content\/uploads\/2018\/03\/broz-logo-hires-color.png","width":2585,"height":1618,"caption":"BROZ - Bratislavsk\u00e9 region\u00e1lne ochran\u00e1rske zdru\u017eenie"},"image":{"@id":"https:\/\/broz.sk\/#\/schema\/logo\/image\/"},"sameAs":["https:\/\/www.facebook.com\/broz.ba\/"]},{"@type":"Person","@id":"https:\/\/broz.sk\/#\/schema\/person\/5247c0302e5e2ef1d8cd4f1adc2bee8b","name":"Patrik Ga\u017eo","image":{"@type":"ImageObject","inLanguage":"en-US","@id":"https:\/\/secure.gravatar.com\/avatar\/4e5a871362c2d898a426c79781b751703b1b935ee6a48ac3c7a9b78ec6522ddf?s=96&d=mm&r=g","url":"https:\/\/secure.gravatar.com\/avatar\/4e5a871362c2d898a426c79781b751703b1b935ee6a48ac3c7a9b78ec6522ddf?s=96&d=mm&r=g","contentUrl":"https:\/\/secure.gravatar.com\/avatar\/4e5a871362c2d898a426c79781b751703b1b935ee6a48ac3c7a9b78ec6522ddf?s=96&d=mm&r=g","caption":"Patrik Ga\u017eo"},"url":"https:\/\/broz.sk\/en\/author\/patrik-gazo\/"}]}},"_links":{"self":[{"href":"https:\/\/broz.sk\/en\/wp-json\/wp\/v2\/posts\/39470","targetHints":{"allow":["GET"]}}],"collection":[{"href":"https:\/\/broz.sk\/en\/wp-json\/wp\/v2\/posts"}],"about":[{"href":"https:\/\/broz.sk\/en\/wp-json\/wp\/v2\/types\/post"}],"author":[{"embeddable":true,"href":"https:\/\/broz.sk\/en\/wp-json\/wp\/v2\/users\/19"}],"replies":[{"embeddable":true,"href":"https:\/\/broz.sk\/en\/wp-json\/wp\/v2\/comments?post=39470"}],"version-history":[{"count":6,"href":"https:\/\/broz.sk\/en\/wp-json\/wp\/v2\/posts\/39470\/revisions"}],"predecessor-version":[{"id":39478,"href":"https:\/\/broz.sk\/en\/wp-json\/wp\/v2\/posts\/39470\/revisions\/39478"}],"wp:featuredmedia":[{"embeddable":true,"href":"https:\/\/broz.sk\/en\/wp-json\/wp\/v2\/media\/39464"}],"wp:attachment":[{"href":"https:\/\/broz.sk\/en\/wp-json\/wp\/v2\/media?parent=39470"}],"wp:term":[{"taxonomy":"category","embeddable":true,"href":"https:\/\/broz.sk\/en\/wp-json\/wp\/v2\/categories?post=39470"},{"taxonomy":"post_tag","embeddable":true,"href":"https:\/\/broz.sk\/en\/wp-json\/wp\/v2\/tags?post=39470"}],"curies":[{"name":"wp","href":"https:\/\/api.w.org\/{rel}","templated":true}]}}