{"id":6464,"date":"2016-10-03T17:57:15","date_gmt":"2016-10-03T15:57:15","guid":{"rendered":"https:\/\/broz.sk\/prasentation-des-projektes-im-rahmen-der-nationalparks-austria-jahreskonferenz\/"},"modified":"2018-11-28T12:12:20","modified_gmt":"2018-11-28T11:12:20","slug":"prasentation-des-projektes-im-rahmen-der-nationalparks-austria-jahreskonferenz","status":"publish","type":"post","link":"https:\/\/broz.sk\/de\/prasentation-des-projektes-im-rahmen-der-nationalparks-austria-jahreskonferenz\/","title":{"rendered":"Pr\u00e4sentation des Projektes im Rahmen der Nationalparks Austria Jahreskonferenz"},"content":{"rendered":"Pr\u00e4sentation des Projektes im Rahmen der Nationalparks Austria Jahreskonferenz\r\nIm Rahmen der Nationalparks Austria Jahreskonferenz 2016 besuchten am 3.10.2016 die Direktoren von sechs \u00f6sterreichischen Nationalparks Bratislava. Hier wurde ihnen von dem Vorsitzenden des Regionalen Naturschutzbundes Bratislava (BROZ) Tom\u00e1\u0161 Ku\u0161\u00edk die Revitalisierung des Flussarmes Dev\u00ednske rameno und von Andrej Kovar\u00edk aus dem Staatlichen Naturschutz die Insel Sedl\u00e1\u010dkov ostrov pr\u00e4sentiert. \u00d6sterreichische Natursch\u00fctzer beurteilten den Umweltzustand an diesen Orten positiv und brachten zugleich ihre Unterst\u00fctzung f\u00fcr die beabsichtigte Erkl\u00e4rung des Nationalparks Podunajsko zum Ausdruck.","protected":false},"excerpt":{"rendered":"<p>Pr\u00e4sentation des Projektes im Rahmen der Nationalparks Austria Jahreskonferenz Im Rahmen der Nationalparks Austria Jahreskonferenz 2016 besuchten am 3.10.2016 die Direktoren von sechs \u00f6sterreichischen Nationalparks Bratislava. Hier wurde ihnen von dem Vorsitzenden des Regionalen Naturschutzbundes Bratislava (BROZ) Tom\u00e1\u0161 Ku\u0161\u00edk die Revitalisierung des Flussarmes Dev\u00ednske rameno und von Andrej Kovar\u00edk aus dem Staatlichen Naturschutz die Insel&hellip;<\/p>\n","protected":false},"author":2,"featured_media":5473,"comment_status":"closed","ping_status":"closed","sticky":false,"template":"","format":"standard","meta":{"_acf_changed":false,"pmpro_default_level":"","footnotes":""},"categories":[24],"tags":[],"class_list":["post-6464","post","type-post","status-publish","format-standard","has-post-thumbnail","hentry","category-unkategorisiert","pmpro-has-access","category-24","description-off"],"acf":[],"yoast_head":"<!-- This site is optimized with the Yoast SEO Premium plugin v21.4 (Yoast SEO v27.5) - https:\/\/yoast.com\/product\/yoast-seo-premium-wordpress\/ -->\n<title>Pr\u00e4sentation des Projektes im Rahmen der Nationalparks Austria Jahreskonferenz - BROZ<\/title>\n<meta name=\"robots\" content=\"index, follow, max-snippet:-1, max-image-preview:large, max-video-preview:-1\" \/>\n<link rel=\"canonical\" href=\"https:\/\/broz.sk\/de\/prasentation-des-projektes-im-rahmen-der-nationalparks-austria-jahreskonferenz\/\" \/>\n<meta property=\"og:locale\" content=\"de_DE\" \/>\n<meta property=\"og:type\" content=\"article\" \/>\n<meta property=\"og:title\" content=\"Pr\u00e4sentation des Projektes im Rahmen der Nationalparks Austria Jahreskonferenz\" \/>\n<meta property=\"og:description\" content=\"Pr\u00e4sentation des Projektes im Rahmen der Nationalparks Austria Jahreskonferenz Im Rahmen der Nationalparks Austria Jahreskonferenz 2016 besuchten am 3.10.2016 die Direktoren von sechs \u00f6sterreichischen Nationalparks Bratislava. Hier wurde ihnen von dem Vorsitzenden des Regionalen Naturschutzbundes Bratislava (BROZ) Tom\u00e1\u0161 Ku\u0161\u00edk die Revitalisierung des Flussarmes Dev\u00ednske rameno und von Andrej Kovar\u00edk aus dem Staatlichen Naturschutz die Insel&hellip;\" \/>\n<meta property=\"og:url\" content=\"https:\/\/broz.sk\/de\/prasentation-des-projektes-im-rahmen-der-nationalparks-austria-jahreskonferenz\/\" \/>\n<meta property=\"og:site_name\" content=\"BROZ\" \/>\n<meta property=\"article:publisher\" content=\"https:\/\/www.facebook.com\/broz.ba\/\" \/>\n<meta property=\"article:published_time\" content=\"2016-10-03T15:57:15+00:00\" \/>\n<meta property=\"article:modified_time\" content=\"2018-11-28T11:12:20+00:00\" \/>\n<meta property=\"og:image\" content=\"https:\/\/broz.sk\/wp-content\/uploads\/2018\/10\/38-1.jpg\" \/>\n\t<meta property=\"og:image:width\" content=\"448\" \/>\n\t<meta property=\"og:image:height\" content=\"336\" \/>\n\t<meta property=\"og:image:type\" content=\"image\/jpeg\" \/>\n<meta name=\"author\" content=\"broz\" \/>\n<meta name=\"twitter:card\" content=\"summary_large_image\" \/>\n<meta name=\"twitter:label1\" content=\"Verfasst von\" \/>\n\t<meta name=\"twitter:data1\" content=\"broz\" \/>\n<script type=\"application\/ld+json\" class=\"yoast-schema-graph\">{\"@context\":\"https:\\\/\\\/schema.org\",\"@graph\":[{\"@type\":\"Article\",\"@id\":\"https:\\\/\\\/broz.sk\\\/de\\\/prasentation-des-projektes-im-rahmen-der-nationalparks-austria-jahreskonferenz\\\/#article\",\"isPartOf\":{\"@id\":\"https:\\\/\\\/broz.sk\\\/de\\\/prasentation-des-projektes-im-rahmen-der-nationalparks-austria-jahreskonferenz\\\/\"},\"author\":{\"name\":\"broz\",\"@id\":\"https:\\\/\\\/broz.sk\\\/#\\\/schema\\\/person\\\/210ebb0b5afa2a18d1e13abfbbb27080\"},\"headline\":\"Pr\u00e4sentation des Projektes im Rahmen der Nationalparks Austria Jahreskonferenz\",\"datePublished\":\"2016-10-03T15:57:15+00:00\",\"dateModified\":\"2018-11-28T11:12:20+00:00\",\"mainEntityOfPage\":{\"@id\":\"https:\\\/\\\/broz.sk\\\/de\\\/prasentation-des-projektes-im-rahmen-der-nationalparks-austria-jahreskonferenz\\\/\"},\"wordCount\":99,\"publisher\":{\"@id\":\"https:\\\/\\\/broz.sk\\\/#organization\"},\"image\":{\"@id\":\"https:\\\/\\\/broz.sk\\\/de\\\/prasentation-des-projektes-im-rahmen-der-nationalparks-austria-jahreskonferenz\\\/#primaryimage\"},\"thumbnailUrl\":\"https:\\\/\\\/broz.sk\\\/wp-content\\\/uploads\\\/2018\\\/10\\\/38-1.jpg\",\"articleSection\":[\"Unkategorisiert\"],\"inLanguage\":\"de\"},{\"@type\":\"WebPage\",\"@id\":\"https:\\\/\\\/broz.sk\\\/de\\\/prasentation-des-projektes-im-rahmen-der-nationalparks-austria-jahreskonferenz\\\/\",\"url\":\"https:\\\/\\\/broz.sk\\\/de\\\/prasentation-des-projektes-im-rahmen-der-nationalparks-austria-jahreskonferenz\\\/\",\"name\":\"Pr\u00e4sentation des Projektes im Rahmen der Nationalparks Austria Jahreskonferenz - BROZ\",\"isPartOf\":{\"@id\":\"https:\\\/\\\/broz.sk\\\/#website\"},\"primaryImageOfPage\":{\"@id\":\"https:\\\/\\\/broz.sk\\\/de\\\/prasentation-des-projektes-im-rahmen-der-nationalparks-austria-jahreskonferenz\\\/#primaryimage\"},\"image\":{\"@id\":\"https:\\\/\\\/broz.sk\\\/de\\\/prasentation-des-projektes-im-rahmen-der-nationalparks-austria-jahreskonferenz\\\/#primaryimage\"},\"thumbnailUrl\":\"https:\\\/\\\/broz.sk\\\/wp-content\\\/uploads\\\/2018\\\/10\\\/38-1.jpg\",\"datePublished\":\"2016-10-03T15:57:15+00:00\",\"dateModified\":\"2018-11-28T11:12:20+00:00\",\"breadcrumb\":{\"@id\":\"https:\\\/\\\/broz.sk\\\/de\\\/prasentation-des-projektes-im-rahmen-der-nationalparks-austria-jahreskonferenz\\\/#breadcrumb\"},\"inLanguage\":\"de\",\"potentialAction\":[{\"@type\":\"ReadAction\",\"target\":[\"https:\\\/\\\/broz.sk\\\/de\\\/prasentation-des-projektes-im-rahmen-der-nationalparks-austria-jahreskonferenz\\\/\"]}]},{\"@type\":\"ImageObject\",\"inLanguage\":\"de\",\"@id\":\"https:\\\/\\\/broz.sk\\\/de\\\/prasentation-des-projektes-im-rahmen-der-nationalparks-austria-jahreskonferenz\\\/#primaryimage\",\"url\":\"https:\\\/\\\/broz.sk\\\/wp-content\\\/uploads\\\/2018\\\/10\\\/38-1.jpg\",\"contentUrl\":\"https:\\\/\\\/broz.sk\\\/wp-content\\\/uploads\\\/2018\\\/10\\\/38-1.jpg\",\"width\":448,\"height\":336},{\"@type\":\"BreadcrumbList\",\"@id\":\"https:\\\/\\\/broz.sk\\\/de\\\/prasentation-des-projektes-im-rahmen-der-nationalparks-austria-jahreskonferenz\\\/#breadcrumb\",\"itemListElement\":[{\"@type\":\"ListItem\",\"position\":1,\"name\":\"Domovsk\u00e1 str\u00e1nka\",\"item\":\"https:\\\/\\\/broz.sk\\\/\"},{\"@type\":\"ListItem\",\"position\":2,\"name\":\"Pr\u00e4sentation des Projektes im Rahmen der Nationalparks Austria Jahreskonferenz\"}]},{\"@type\":\"WebSite\",\"@id\":\"https:\\\/\\\/broz.sk\\\/#website\",\"url\":\"https:\\\/\\\/broz.sk\\\/\",\"name\":\"BROZ\",\"description\":\"ochran\u00e1rske zdru\u017eenie\",\"publisher\":{\"@id\":\"https:\\\/\\\/broz.sk\\\/#organization\"},\"potentialAction\":[{\"@type\":\"SearchAction\",\"target\":{\"@type\":\"EntryPoint\",\"urlTemplate\":\"https:\\\/\\\/broz.sk\\\/?s={search_term_string}\"},\"query-input\":{\"@type\":\"PropertyValueSpecification\",\"valueRequired\":true,\"valueName\":\"search_term_string\"}}],\"inLanguage\":\"de\"},{\"@type\":\"Organization\",\"@id\":\"https:\\\/\\\/broz.sk\\\/#organization\",\"name\":\"BROZ - Bratislavsk\u00e9 region\u00e1lne ochran\u00e1rske zdru\u017eenie\",\"url\":\"https:\\\/\\\/broz.sk\\\/\",\"logo\":{\"@type\":\"ImageObject\",\"inLanguage\":\"de\",\"@id\":\"https:\\\/\\\/broz.sk\\\/#\\\/schema\\\/logo\\\/image\\\/\",\"url\":\"https:\\\/\\\/broz.sk\\\/wp-content\\\/uploads\\\/2018\\\/03\\\/broz-logo-hires-color.png\",\"contentUrl\":\"https:\\\/\\\/broz.sk\\\/wp-content\\\/uploads\\\/2018\\\/03\\\/broz-logo-hires-color.png\",\"width\":2585,\"height\":1618,\"caption\":\"BROZ - Bratislavsk\u00e9 region\u00e1lne ochran\u00e1rske zdru\u017eenie\"},\"image\":{\"@id\":\"https:\\\/\\\/broz.sk\\\/#\\\/schema\\\/logo\\\/image\\\/\"},\"sameAs\":[\"https:\\\/\\\/www.facebook.com\\\/broz.ba\\\/\"]},{\"@type\":\"Person\",\"@id\":\"https:\\\/\\\/broz.sk\\\/#\\\/schema\\\/person\\\/210ebb0b5afa2a18d1e13abfbbb27080\",\"name\":\"broz\",\"image\":{\"@type\":\"ImageObject\",\"inLanguage\":\"de\",\"@id\":\"https:\\\/\\\/secure.gravatar.com\\\/avatar\\\/2e036a5d302f24b5c517a7e75051ca040aedd897cd58df9cbd4f523a61282112?s=96&d=mm&r=g\",\"url\":\"https:\\\/\\\/secure.gravatar.com\\\/avatar\\\/2e036a5d302f24b5c517a7e75051ca040aedd897cd58df9cbd4f523a61282112?s=96&d=mm&r=g\",\"contentUrl\":\"https:\\\/\\\/secure.gravatar.com\\\/avatar\\\/2e036a5d302f24b5c517a7e75051ca040aedd897cd58df9cbd4f523a61282112?s=96&d=mm&r=g\",\"caption\":\"broz\"},\"url\":\"https:\\\/\\\/broz.sk\\\/de\\\/author\\\/broz\\\/\"}]}<\/script>\n<!-- \/ Yoast SEO Premium plugin. -->","yoast_head_json":{"title":"Pr\u00e4sentation des Projektes im Rahmen der Nationalparks Austria Jahreskonferenz - BROZ","robots":{"index":"index","follow":"follow","max-snippet":"max-snippet:-1","max-image-preview":"max-image-preview:large","max-video-preview":"max-video-preview:-1"},"canonical":"https:\/\/broz.sk\/de\/prasentation-des-projektes-im-rahmen-der-nationalparks-austria-jahreskonferenz\/","og_locale":"de_DE","og_type":"article","og_title":"Pr\u00e4sentation des Projektes im Rahmen der Nationalparks Austria Jahreskonferenz","og_description":"Pr\u00e4sentation des Projektes im Rahmen der Nationalparks Austria Jahreskonferenz Im Rahmen der Nationalparks Austria Jahreskonferenz 2016 besuchten am 3.10.2016 die Direktoren von sechs \u00f6sterreichischen Nationalparks Bratislava. Hier wurde ihnen von dem Vorsitzenden des Regionalen Naturschutzbundes Bratislava (BROZ) Tom\u00e1\u0161 Ku\u0161\u00edk die Revitalisierung des Flussarmes Dev\u00ednske rameno und von Andrej Kovar\u00edk aus dem Staatlichen Naturschutz die Insel&hellip;","og_url":"https:\/\/broz.sk\/de\/prasentation-des-projektes-im-rahmen-der-nationalparks-austria-jahreskonferenz\/","og_site_name":"BROZ","article_publisher":"https:\/\/www.facebook.com\/broz.ba\/","article_published_time":"2016-10-03T15:57:15+00:00","article_modified_time":"2018-11-28T11:12:20+00:00","og_image":[{"width":448,"height":336,"url":"https:\/\/broz.sk\/wp-content\/uploads\/2018\/10\/38-1.jpg","type":"image\/jpeg"}],"author":"broz","twitter_card":"summary_large_image","twitter_misc":{"Verfasst von":"broz"},"schema":{"@context":"https:\/\/schema.org","@graph":[{"@type":"Article","@id":"https:\/\/broz.sk\/de\/prasentation-des-projektes-im-rahmen-der-nationalparks-austria-jahreskonferenz\/#article","isPartOf":{"@id":"https:\/\/broz.sk\/de\/prasentation-des-projektes-im-rahmen-der-nationalparks-austria-jahreskonferenz\/"},"author":{"name":"broz","@id":"https:\/\/broz.sk\/#\/schema\/person\/210ebb0b5afa2a18d1e13abfbbb27080"},"headline":"Pr\u00e4sentation des Projektes im Rahmen der Nationalparks Austria Jahreskonferenz","datePublished":"2016-10-03T15:57:15+00:00","dateModified":"2018-11-28T11:12:20+00:00","mainEntityOfPage":{"@id":"https:\/\/broz.sk\/de\/prasentation-des-projektes-im-rahmen-der-nationalparks-austria-jahreskonferenz\/"},"wordCount":99,"publisher":{"@id":"https:\/\/broz.sk\/#organization"},"image":{"@id":"https:\/\/broz.sk\/de\/prasentation-des-projektes-im-rahmen-der-nationalparks-austria-jahreskonferenz\/#primaryimage"},"thumbnailUrl":"https:\/\/broz.sk\/wp-content\/uploads\/2018\/10\/38-1.jpg","articleSection":["Unkategorisiert"],"inLanguage":"de"},{"@type":"WebPage","@id":"https:\/\/broz.sk\/de\/prasentation-des-projektes-im-rahmen-der-nationalparks-austria-jahreskonferenz\/","url":"https:\/\/broz.sk\/de\/prasentation-des-projektes-im-rahmen-der-nationalparks-austria-jahreskonferenz\/","name":"Pr\u00e4sentation des Projektes im Rahmen der Nationalparks Austria Jahreskonferenz - BROZ","isPartOf":{"@id":"https:\/\/broz.sk\/#website"},"primaryImageOfPage":{"@id":"https:\/\/broz.sk\/de\/prasentation-des-projektes-im-rahmen-der-nationalparks-austria-jahreskonferenz\/#primaryimage"},"image":{"@id":"https:\/\/broz.sk\/de\/prasentation-des-projektes-im-rahmen-der-nationalparks-austria-jahreskonferenz\/#primaryimage"},"thumbnailUrl":"https:\/\/broz.sk\/wp-content\/uploads\/2018\/10\/38-1.jpg","datePublished":"2016-10-03T15:57:15+00:00","dateModified":"2018-11-28T11:12:20+00:00","breadcrumb":{"@id":"https:\/\/broz.sk\/de\/prasentation-des-projektes-im-rahmen-der-nationalparks-austria-jahreskonferenz\/#breadcrumb"},"inLanguage":"de","potentialAction":[{"@type":"ReadAction","target":["https:\/\/broz.sk\/de\/prasentation-des-projektes-im-rahmen-der-nationalparks-austria-jahreskonferenz\/"]}]},{"@type":"ImageObject","inLanguage":"de","@id":"https:\/\/broz.sk\/de\/prasentation-des-projektes-im-rahmen-der-nationalparks-austria-jahreskonferenz\/#primaryimage","url":"https:\/\/broz.sk\/wp-content\/uploads\/2018\/10\/38-1.jpg","contentUrl":"https:\/\/broz.sk\/wp-content\/uploads\/2018\/10\/38-1.jpg","width":448,"height":336},{"@type":"BreadcrumbList","@id":"https:\/\/broz.sk\/de\/prasentation-des-projektes-im-rahmen-der-nationalparks-austria-jahreskonferenz\/#breadcrumb","itemListElement":[{"@type":"ListItem","position":1,"name":"Domovsk\u00e1 str\u00e1nka","item":"https:\/\/broz.sk\/"},{"@type":"ListItem","position":2,"name":"Pr\u00e4sentation des Projektes im Rahmen der Nationalparks Austria Jahreskonferenz"}]},{"@type":"WebSite","@id":"https:\/\/broz.sk\/#website","url":"https:\/\/broz.sk\/","name":"BROZ","description":"ochran\u00e1rske zdru\u017eenie","publisher":{"@id":"https:\/\/broz.sk\/#organization"},"potentialAction":[{"@type":"SearchAction","target":{"@type":"EntryPoint","urlTemplate":"https:\/\/broz.sk\/?s={search_term_string}"},"query-input":{"@type":"PropertyValueSpecification","valueRequired":true,"valueName":"search_term_string"}}],"inLanguage":"de"},{"@type":"Organization","@id":"https:\/\/broz.sk\/#organization","name":"BROZ - Bratislavsk\u00e9 region\u00e1lne ochran\u00e1rske zdru\u017eenie","url":"https:\/\/broz.sk\/","logo":{"@type":"ImageObject","inLanguage":"de","@id":"https:\/\/broz.sk\/#\/schema\/logo\/image\/","url":"https:\/\/broz.sk\/wp-content\/uploads\/2018\/03\/broz-logo-hires-color.png","contentUrl":"https:\/\/broz.sk\/wp-content\/uploads\/2018\/03\/broz-logo-hires-color.png","width":2585,"height":1618,"caption":"BROZ - Bratislavsk\u00e9 region\u00e1lne ochran\u00e1rske zdru\u017eenie"},"image":{"@id":"https:\/\/broz.sk\/#\/schema\/logo\/image\/"},"sameAs":["https:\/\/www.facebook.com\/broz.ba\/"]},{"@type":"Person","@id":"https:\/\/broz.sk\/#\/schema\/person\/210ebb0b5afa2a18d1e13abfbbb27080","name":"broz","image":{"@type":"ImageObject","inLanguage":"de","@id":"https:\/\/secure.gravatar.com\/avatar\/2e036a5d302f24b5c517a7e75051ca040aedd897cd58df9cbd4f523a61282112?s=96&d=mm&r=g","url":"https:\/\/secure.gravatar.com\/avatar\/2e036a5d302f24b5c517a7e75051ca040aedd897cd58df9cbd4f523a61282112?s=96&d=mm&r=g","contentUrl":"https:\/\/secure.gravatar.com\/avatar\/2e036a5d302f24b5c517a7e75051ca040aedd897cd58df9cbd4f523a61282112?s=96&d=mm&r=g","caption":"broz"},"url":"https:\/\/broz.sk\/de\/author\/broz\/"}]}},"_links":{"self":[{"href":"https:\/\/broz.sk\/de\/wp-json\/wp\/v2\/posts\/6464","targetHints":{"allow":["GET"]}}],"collection":[{"href":"https:\/\/broz.sk\/de\/wp-json\/wp\/v2\/posts"}],"about":[{"href":"https:\/\/broz.sk\/de\/wp-json\/wp\/v2\/types\/post"}],"author":[{"embeddable":true,"href":"https:\/\/broz.sk\/de\/wp-json\/wp\/v2\/users\/2"}],"replies":[{"embeddable":true,"href":"https:\/\/broz.sk\/de\/wp-json\/wp\/v2\/comments?post=6464"}],"version-history":[{"count":1,"href":"https:\/\/broz.sk\/de\/wp-json\/wp\/v2\/posts\/6464\/revisions"}],"predecessor-version":[{"id":6547,"href":"https:\/\/broz.sk\/de\/wp-json\/wp\/v2\/posts\/6464\/revisions\/6547"}],"wp:featuredmedia":[{"embeddable":true,"href":"https:\/\/broz.sk\/de\/wp-json\/wp\/v2\/media\/5473"}],"wp:attachment":[{"href":"https:\/\/broz.sk\/de\/wp-json\/wp\/v2\/media?parent=6464"}],"wp:term":[{"taxonomy":"category","embeddable":true,"href":"https:\/\/broz.sk\/de\/wp-json\/wp\/v2\/categories?post=6464"},{"taxonomy":"post_tag","embeddable":true,"href":"https:\/\/broz.sk\/de\/wp-json\/wp\/v2\/tags?post=6464"}],"curies":[{"name":"wp","href":"https:\/\/api.w.org\/{rel}","templated":true}]}}