{"id":6217,"date":"2016-09-06T17:12:19","date_gmt":"2016-09-06T15:12:19","guid":{"rendered":"https:\/\/broz.sk\/navsteva-eurokomisara-pre-zivotne-prostredie-na-devinskej-kobyle-2\/"},"modified":"2018-11-28T09:12:57","modified_gmt":"2018-11-28T08:12:57","slug":"navsteva-eurokomisara-pre-zivotne-prostredie-na-devinskej-kobyle-2","status":"publish","type":"post","link":"https:\/\/broz.sk\/de\/navsteva-eurokomisara-pre-zivotne-prostredie-na-devinskej-kobyle-2\/","title":{"rendered":"Ein Besuch vom EU-Kommissar f\u00fcr Umwelt in Dev\u00ednska Kobyla"},"content":{"rendered":"Anl\u00e4sslich des Besuches in Bratislava traf sich der EU-Kommissar f\u00fcr Umwelt, Fischerei und Maritime Angelegenheiten, Karmenu Vella, auch mit den Vertretern unseres Naturschutzbundes. Der Vorsitzende des Bundes, Tom\u00e1\u0161 Ku\u0161\u00edk, hat ihm die Projektaktivit\u00e4ten n\u00e4her vorgestellt \u2013 die Revitalisierung der Flussarme in SKUEV Bratislavsk\u00e9 luhy und die Wiederherstellung der traditionellen Weide in SKUEV Dev\u00ednska Kobyla (Thebener Kogel).\r\n\r\n<img fetchpriority=\"high\" decoding=\"async\" class=\"alignnone size-medium wp-image-5462\" src=\"https:\/\/broz.sk\/wp-content\/uploads\/2018\/10\/29-1-200x300.jpg\" alt=\"\" width=\"200\" height=\"300\" \/> <img decoding=\"async\" class=\"alignnone size-medium wp-image-5463\" src=\"https:\/\/broz.sk\/wp-content\/uploads\/2018\/10\/30-1-300x200.jpg\" alt=\"\" width=\"300\" height=\"200\" \/>","protected":false},"excerpt":{"rendered":"<p>Anl\u00e4sslich des Besuches in Bratislava traf sich der EU-Kommissar f\u00fcr Umwelt, Fischerei und Maritime Angelegenheiten, Karmenu Vella, auch mit den Vertretern unseres Naturschutzbundes. Der Vorsitzende des Bundes, Tom\u00e1\u0161 Ku\u0161\u00edk, hat ihm die Projektaktivit\u00e4ten n\u00e4her vorgestellt \u2013 die Revitalisierung der Flussarme in SKUEV Bratislavsk\u00e9 luhy und die Wiederherstellung der traditionellen Weide in SKUEV Dev\u00ednska Kobyla (Thebener&hellip;<\/p>\n","protected":false},"author":2,"featured_media":22138,"comment_status":"closed","ping_status":"closed","sticky":false,"template":"","format":"standard","meta":{"_acf_changed":false,"pmpro_default_level":"","footnotes":""},"categories":[24],"tags":[],"class_list":["post-6217","post","type-post","status-publish","format-standard","has-post-thumbnail","hentry","category-unkategorisiert","pmpro-has-access","category-24","description-off"],"acf":[],"yoast_head":"<!-- This site is optimized with the Yoast SEO Premium plugin v21.4 (Yoast SEO v27.5) - https:\/\/yoast.com\/product\/yoast-seo-premium-wordpress\/ -->\n<title>Ein Besuch vom EU-Kommissar f\u00fcr Umwelt in Dev\u00ednska Kobyla - BROZ<\/title>\n<meta name=\"robots\" content=\"index, follow, max-snippet:-1, max-image-preview:large, max-video-preview:-1\" \/>\n<link rel=\"canonical\" href=\"https:\/\/broz.sk\/de\/navsteva-eurokomisara-pre-zivotne-prostredie-na-devinskej-kobyle-2\/\" \/>\n<meta property=\"og:locale\" content=\"de_DE\" \/>\n<meta property=\"og:type\" content=\"article\" \/>\n<meta property=\"og:title\" content=\"Ein Besuch vom EU-Kommissar f\u00fcr Umwelt in Dev\u00ednska Kobyla\" \/>\n<meta property=\"og:description\" content=\"Anl\u00e4sslich des Besuches in Bratislava traf sich der EU-Kommissar f\u00fcr Umwelt, Fischerei und Maritime Angelegenheiten, Karmenu Vella, auch mit den Vertretern unseres Naturschutzbundes. Der Vorsitzende des Bundes, Tom\u00e1\u0161 Ku\u0161\u00edk, hat ihm die Projektaktivit\u00e4ten n\u00e4her vorgestellt \u2013 die Revitalisierung der Flussarme in SKUEV Bratislavsk\u00e9 luhy und die Wiederherstellung der traditionellen Weide in SKUEV Dev\u00ednska Kobyla (Thebener&hellip;\" \/>\n<meta property=\"og:url\" content=\"https:\/\/broz.sk\/de\/navsteva-eurokomisara-pre-zivotne-prostredie-na-devinskej-kobyle-2\/\" \/>\n<meta property=\"og:site_name\" content=\"BROZ\" \/>\n<meta property=\"article:publisher\" content=\"https:\/\/www.facebook.com\/broz.ba\/\" \/>\n<meta property=\"article:published_time\" content=\"2016-09-06T15:12:19+00:00\" \/>\n<meta property=\"article:modified_time\" content=\"2018-11-28T08:12:57+00:00\" \/>\n<meta property=\"og:image\" content=\"https:\/\/broz.sk\/wp-content\/uploads\/2018\/10\/29-1-200x300.jpg\" \/>\n<meta name=\"author\" content=\"broz\" \/>\n<meta name=\"twitter:card\" content=\"summary_large_image\" \/>\n<meta name=\"twitter:label1\" content=\"Verfasst von\" \/>\n\t<meta name=\"twitter:data1\" content=\"broz\" \/>\n<script type=\"application\/ld+json\" class=\"yoast-schema-graph\">{\"@context\":\"https:\\\/\\\/schema.org\",\"@graph\":[{\"@type\":\"Article\",\"@id\":\"https:\\\/\\\/broz.sk\\\/de\\\/navsteva-eurokomisara-pre-zivotne-prostredie-na-devinskej-kobyle-2\\\/#article\",\"isPartOf\":{\"@id\":\"https:\\\/\\\/broz.sk\\\/de\\\/navsteva-eurokomisara-pre-zivotne-prostredie-na-devinskej-kobyle-2\\\/\"},\"author\":{\"name\":\"broz\",\"@id\":\"https:\\\/\\\/broz.sk\\\/#\\\/schema\\\/person\\\/210ebb0b5afa2a18d1e13abfbbb27080\"},\"headline\":\"Ein Besuch vom EU-Kommissar f\u00fcr Umwelt in Dev\u00ednska Kobyla\",\"datePublished\":\"2016-09-06T15:12:19+00:00\",\"dateModified\":\"2018-11-28T08:12:57+00:00\",\"mainEntityOfPage\":{\"@id\":\"https:\\\/\\\/broz.sk\\\/de\\\/navsteva-eurokomisara-pre-zivotne-prostredie-na-devinskej-kobyle-2\\\/\"},\"wordCount\":72,\"publisher\":{\"@id\":\"https:\\\/\\\/broz.sk\\\/#organization\"},\"image\":{\"@id\":\"https:\\\/\\\/broz.sk\\\/de\\\/navsteva-eurokomisara-pre-zivotne-prostredie-na-devinskej-kobyle-2\\\/#primaryimage\"},\"thumbnailUrl\":\"https:\\\/\\\/broz.sk\\\/wp-content\\\/uploads\\\/2017\\\/02\\\/img-4553.jpg\",\"articleSection\":[\"Unkategorisiert\"],\"inLanguage\":\"de\"},{\"@type\":\"WebPage\",\"@id\":\"https:\\\/\\\/broz.sk\\\/de\\\/navsteva-eurokomisara-pre-zivotne-prostredie-na-devinskej-kobyle-2\\\/\",\"url\":\"https:\\\/\\\/broz.sk\\\/de\\\/navsteva-eurokomisara-pre-zivotne-prostredie-na-devinskej-kobyle-2\\\/\",\"name\":\"Ein Besuch vom EU-Kommissar f\u00fcr Umwelt in Dev\u00ednska Kobyla - BROZ\",\"isPartOf\":{\"@id\":\"https:\\\/\\\/broz.sk\\\/#website\"},\"primaryImageOfPage\":{\"@id\":\"https:\\\/\\\/broz.sk\\\/de\\\/navsteva-eurokomisara-pre-zivotne-prostredie-na-devinskej-kobyle-2\\\/#primaryimage\"},\"image\":{\"@id\":\"https:\\\/\\\/broz.sk\\\/de\\\/navsteva-eurokomisara-pre-zivotne-prostredie-na-devinskej-kobyle-2\\\/#primaryimage\"},\"thumbnailUrl\":\"https:\\\/\\\/broz.sk\\\/wp-content\\\/uploads\\\/2017\\\/02\\\/img-4553.jpg\",\"datePublished\":\"2016-09-06T15:12:19+00:00\",\"dateModified\":\"2018-11-28T08:12:57+00:00\",\"breadcrumb\":{\"@id\":\"https:\\\/\\\/broz.sk\\\/de\\\/navsteva-eurokomisara-pre-zivotne-prostredie-na-devinskej-kobyle-2\\\/#breadcrumb\"},\"inLanguage\":\"de\",\"potentialAction\":[{\"@type\":\"ReadAction\",\"target\":[\"https:\\\/\\\/broz.sk\\\/de\\\/navsteva-eurokomisara-pre-zivotne-prostredie-na-devinskej-kobyle-2\\\/\"]}]},{\"@type\":\"ImageObject\",\"inLanguage\":\"de\",\"@id\":\"https:\\\/\\\/broz.sk\\\/de\\\/navsteva-eurokomisara-pre-zivotne-prostredie-na-devinskej-kobyle-2\\\/#primaryimage\",\"url\":\"https:\\\/\\\/broz.sk\\\/wp-content\\\/uploads\\\/2017\\\/02\\\/img-4553.jpg\",\"contentUrl\":\"https:\\\/\\\/broz.sk\\\/wp-content\\\/uploads\\\/2017\\\/02\\\/img-4553.jpg\",\"width\":1000,\"height\":667},{\"@type\":\"BreadcrumbList\",\"@id\":\"https:\\\/\\\/broz.sk\\\/de\\\/navsteva-eurokomisara-pre-zivotne-prostredie-na-devinskej-kobyle-2\\\/#breadcrumb\",\"itemListElement\":[{\"@type\":\"ListItem\",\"position\":1,\"name\":\"Domovsk\u00e1 str\u00e1nka\",\"item\":\"https:\\\/\\\/broz.sk\\\/\"},{\"@type\":\"ListItem\",\"position\":2,\"name\":\"Ein Besuch vom EU-Kommissar f\u00fcr Umwelt in Dev\u00ednska Kobyla\"}]},{\"@type\":\"WebSite\",\"@id\":\"https:\\\/\\\/broz.sk\\\/#website\",\"url\":\"https:\\\/\\\/broz.sk\\\/\",\"name\":\"BROZ\",\"description\":\"ochran\u00e1rske zdru\u017eenie\",\"publisher\":{\"@id\":\"https:\\\/\\\/broz.sk\\\/#organization\"},\"potentialAction\":[{\"@type\":\"SearchAction\",\"target\":{\"@type\":\"EntryPoint\",\"urlTemplate\":\"https:\\\/\\\/broz.sk\\\/?s={search_term_string}\"},\"query-input\":{\"@type\":\"PropertyValueSpecification\",\"valueRequired\":true,\"valueName\":\"search_term_string\"}}],\"inLanguage\":\"de\"},{\"@type\":\"Organization\",\"@id\":\"https:\\\/\\\/broz.sk\\\/#organization\",\"name\":\"BROZ - Bratislavsk\u00e9 region\u00e1lne ochran\u00e1rske zdru\u017eenie\",\"url\":\"https:\\\/\\\/broz.sk\\\/\",\"logo\":{\"@type\":\"ImageObject\",\"inLanguage\":\"de\",\"@id\":\"https:\\\/\\\/broz.sk\\\/#\\\/schema\\\/logo\\\/image\\\/\",\"url\":\"https:\\\/\\\/broz.sk\\\/wp-content\\\/uploads\\\/2018\\\/03\\\/broz-logo-hires-color.png\",\"contentUrl\":\"https:\\\/\\\/broz.sk\\\/wp-content\\\/uploads\\\/2018\\\/03\\\/broz-logo-hires-color.png\",\"width\":2585,\"height\":1618,\"caption\":\"BROZ - Bratislavsk\u00e9 region\u00e1lne ochran\u00e1rske zdru\u017eenie\"},\"image\":{\"@id\":\"https:\\\/\\\/broz.sk\\\/#\\\/schema\\\/logo\\\/image\\\/\"},\"sameAs\":[\"https:\\\/\\\/www.facebook.com\\\/broz.ba\\\/\"]},{\"@type\":\"Person\",\"@id\":\"https:\\\/\\\/broz.sk\\\/#\\\/schema\\\/person\\\/210ebb0b5afa2a18d1e13abfbbb27080\",\"name\":\"broz\",\"image\":{\"@type\":\"ImageObject\",\"inLanguage\":\"de\",\"@id\":\"https:\\\/\\\/secure.gravatar.com\\\/avatar\\\/2e036a5d302f24b5c517a7e75051ca040aedd897cd58df9cbd4f523a61282112?s=96&d=mm&r=g\",\"url\":\"https:\\\/\\\/secure.gravatar.com\\\/avatar\\\/2e036a5d302f24b5c517a7e75051ca040aedd897cd58df9cbd4f523a61282112?s=96&d=mm&r=g\",\"contentUrl\":\"https:\\\/\\\/secure.gravatar.com\\\/avatar\\\/2e036a5d302f24b5c517a7e75051ca040aedd897cd58df9cbd4f523a61282112?s=96&d=mm&r=g\",\"caption\":\"broz\"},\"url\":\"https:\\\/\\\/broz.sk\\\/de\\\/author\\\/broz\\\/\"}]}<\/script>\n<!-- \/ Yoast SEO Premium plugin. -->","yoast_head_json":{"title":"Ein Besuch vom EU-Kommissar f\u00fcr Umwelt in Dev\u00ednska Kobyla - BROZ","robots":{"index":"index","follow":"follow","max-snippet":"max-snippet:-1","max-image-preview":"max-image-preview:large","max-video-preview":"max-video-preview:-1"},"canonical":"https:\/\/broz.sk\/de\/navsteva-eurokomisara-pre-zivotne-prostredie-na-devinskej-kobyle-2\/","og_locale":"de_DE","og_type":"article","og_title":"Ein Besuch vom EU-Kommissar f\u00fcr Umwelt in Dev\u00ednska Kobyla","og_description":"Anl\u00e4sslich des Besuches in Bratislava traf sich der EU-Kommissar f\u00fcr Umwelt, Fischerei und Maritime Angelegenheiten, Karmenu Vella, auch mit den Vertretern unseres Naturschutzbundes. Der Vorsitzende des Bundes, Tom\u00e1\u0161 Ku\u0161\u00edk, hat ihm die Projektaktivit\u00e4ten n\u00e4her vorgestellt \u2013 die Revitalisierung der Flussarme in SKUEV Bratislavsk\u00e9 luhy und die Wiederherstellung der traditionellen Weide in SKUEV Dev\u00ednska Kobyla (Thebener&hellip;","og_url":"https:\/\/broz.sk\/de\/navsteva-eurokomisara-pre-zivotne-prostredie-na-devinskej-kobyle-2\/","og_site_name":"BROZ","article_publisher":"https:\/\/www.facebook.com\/broz.ba\/","article_published_time":"2016-09-06T15:12:19+00:00","article_modified_time":"2018-11-28T08:12:57+00:00","og_image":[{"url":"https:\/\/broz.sk\/wp-content\/uploads\/2018\/10\/29-1-200x300.jpg","type":"","width":"","height":""}],"author":"broz","twitter_card":"summary_large_image","twitter_misc":{"Verfasst von":"broz"},"schema":{"@context":"https:\/\/schema.org","@graph":[{"@type":"Article","@id":"https:\/\/broz.sk\/de\/navsteva-eurokomisara-pre-zivotne-prostredie-na-devinskej-kobyle-2\/#article","isPartOf":{"@id":"https:\/\/broz.sk\/de\/navsteva-eurokomisara-pre-zivotne-prostredie-na-devinskej-kobyle-2\/"},"author":{"name":"broz","@id":"https:\/\/broz.sk\/#\/schema\/person\/210ebb0b5afa2a18d1e13abfbbb27080"},"headline":"Ein Besuch vom EU-Kommissar f\u00fcr Umwelt in Dev\u00ednska Kobyla","datePublished":"2016-09-06T15:12:19+00:00","dateModified":"2018-11-28T08:12:57+00:00","mainEntityOfPage":{"@id":"https:\/\/broz.sk\/de\/navsteva-eurokomisara-pre-zivotne-prostredie-na-devinskej-kobyle-2\/"},"wordCount":72,"publisher":{"@id":"https:\/\/broz.sk\/#organization"},"image":{"@id":"https:\/\/broz.sk\/de\/navsteva-eurokomisara-pre-zivotne-prostredie-na-devinskej-kobyle-2\/#primaryimage"},"thumbnailUrl":"https:\/\/broz.sk\/wp-content\/uploads\/2017\/02\/img-4553.jpg","articleSection":["Unkategorisiert"],"inLanguage":"de"},{"@type":"WebPage","@id":"https:\/\/broz.sk\/de\/navsteva-eurokomisara-pre-zivotne-prostredie-na-devinskej-kobyle-2\/","url":"https:\/\/broz.sk\/de\/navsteva-eurokomisara-pre-zivotne-prostredie-na-devinskej-kobyle-2\/","name":"Ein Besuch vom EU-Kommissar f\u00fcr Umwelt in Dev\u00ednska Kobyla - BROZ","isPartOf":{"@id":"https:\/\/broz.sk\/#website"},"primaryImageOfPage":{"@id":"https:\/\/broz.sk\/de\/navsteva-eurokomisara-pre-zivotne-prostredie-na-devinskej-kobyle-2\/#primaryimage"},"image":{"@id":"https:\/\/broz.sk\/de\/navsteva-eurokomisara-pre-zivotne-prostredie-na-devinskej-kobyle-2\/#primaryimage"},"thumbnailUrl":"https:\/\/broz.sk\/wp-content\/uploads\/2017\/02\/img-4553.jpg","datePublished":"2016-09-06T15:12:19+00:00","dateModified":"2018-11-28T08:12:57+00:00","breadcrumb":{"@id":"https:\/\/broz.sk\/de\/navsteva-eurokomisara-pre-zivotne-prostredie-na-devinskej-kobyle-2\/#breadcrumb"},"inLanguage":"de","potentialAction":[{"@type":"ReadAction","target":["https:\/\/broz.sk\/de\/navsteva-eurokomisara-pre-zivotne-prostredie-na-devinskej-kobyle-2\/"]}]},{"@type":"ImageObject","inLanguage":"de","@id":"https:\/\/broz.sk\/de\/navsteva-eurokomisara-pre-zivotne-prostredie-na-devinskej-kobyle-2\/#primaryimage","url":"https:\/\/broz.sk\/wp-content\/uploads\/2017\/02\/img-4553.jpg","contentUrl":"https:\/\/broz.sk\/wp-content\/uploads\/2017\/02\/img-4553.jpg","width":1000,"height":667},{"@type":"BreadcrumbList","@id":"https:\/\/broz.sk\/de\/navsteva-eurokomisara-pre-zivotne-prostredie-na-devinskej-kobyle-2\/#breadcrumb","itemListElement":[{"@type":"ListItem","position":1,"name":"Domovsk\u00e1 str\u00e1nka","item":"https:\/\/broz.sk\/"},{"@type":"ListItem","position":2,"name":"Ein Besuch vom EU-Kommissar f\u00fcr Umwelt in Dev\u00ednska Kobyla"}]},{"@type":"WebSite","@id":"https:\/\/broz.sk\/#website","url":"https:\/\/broz.sk\/","name":"BROZ","description":"ochran\u00e1rske zdru\u017eenie","publisher":{"@id":"https:\/\/broz.sk\/#organization"},"potentialAction":[{"@type":"SearchAction","target":{"@type":"EntryPoint","urlTemplate":"https:\/\/broz.sk\/?s={search_term_string}"},"query-input":{"@type":"PropertyValueSpecification","valueRequired":true,"valueName":"search_term_string"}}],"inLanguage":"de"},{"@type":"Organization","@id":"https:\/\/broz.sk\/#organization","name":"BROZ - Bratislavsk\u00e9 region\u00e1lne ochran\u00e1rske zdru\u017eenie","url":"https:\/\/broz.sk\/","logo":{"@type":"ImageObject","inLanguage":"de","@id":"https:\/\/broz.sk\/#\/schema\/logo\/image\/","url":"https:\/\/broz.sk\/wp-content\/uploads\/2018\/03\/broz-logo-hires-color.png","contentUrl":"https:\/\/broz.sk\/wp-content\/uploads\/2018\/03\/broz-logo-hires-color.png","width":2585,"height":1618,"caption":"BROZ - Bratislavsk\u00e9 region\u00e1lne ochran\u00e1rske zdru\u017eenie"},"image":{"@id":"https:\/\/broz.sk\/#\/schema\/logo\/image\/"},"sameAs":["https:\/\/www.facebook.com\/broz.ba\/"]},{"@type":"Person","@id":"https:\/\/broz.sk\/#\/schema\/person\/210ebb0b5afa2a18d1e13abfbbb27080","name":"broz","image":{"@type":"ImageObject","inLanguage":"de","@id":"https:\/\/secure.gravatar.com\/avatar\/2e036a5d302f24b5c517a7e75051ca040aedd897cd58df9cbd4f523a61282112?s=96&d=mm&r=g","url":"https:\/\/secure.gravatar.com\/avatar\/2e036a5d302f24b5c517a7e75051ca040aedd897cd58df9cbd4f523a61282112?s=96&d=mm&r=g","contentUrl":"https:\/\/secure.gravatar.com\/avatar\/2e036a5d302f24b5c517a7e75051ca040aedd897cd58df9cbd4f523a61282112?s=96&d=mm&r=g","caption":"broz"},"url":"https:\/\/broz.sk\/de\/author\/broz\/"}]}},"_links":{"self":[{"href":"https:\/\/broz.sk\/de\/wp-json\/wp\/v2\/posts\/6217","targetHints":{"allow":["GET"]}}],"collection":[{"href":"https:\/\/broz.sk\/de\/wp-json\/wp\/v2\/posts"}],"about":[{"href":"https:\/\/broz.sk\/de\/wp-json\/wp\/v2\/types\/post"}],"author":[{"embeddable":true,"href":"https:\/\/broz.sk\/de\/wp-json\/wp\/v2\/users\/2"}],"replies":[{"embeddable":true,"href":"https:\/\/broz.sk\/de\/wp-json\/wp\/v2\/comments?post=6217"}],"version-history":[{"count":2,"href":"https:\/\/broz.sk\/de\/wp-json\/wp\/v2\/posts\/6217\/revisions"}],"predecessor-version":[{"id":6292,"href":"https:\/\/broz.sk\/de\/wp-json\/wp\/v2\/posts\/6217\/revisions\/6292"}],"wp:featuredmedia":[{"embeddable":true,"href":"https:\/\/broz.sk\/de\/wp-json\/wp\/v2\/media\/22138"}],"wp:attachment":[{"href":"https:\/\/broz.sk\/de\/wp-json\/wp\/v2\/media?parent=6217"}],"wp:term":[{"taxonomy":"category","embeddable":true,"href":"https:\/\/broz.sk\/de\/wp-json\/wp\/v2\/categories?post=6217"},{"taxonomy":"post_tag","embeddable":true,"href":"https:\/\/broz.sk\/de\/wp-json\/wp\/v2\/tags?post=6217"}],"curies":[{"name":"wp","href":"https:\/\/api.w.org\/{rel}","templated":true}]}}