{"id":5723,"date":"2012-04-25T13:03:49","date_gmt":"2012-04-25T11:03:49","guid":{"rendered":"https:\/\/broz.sk\/vyhlasenie-chraneneho-arealu-pecniansky-les-2\/"},"modified":"2018-11-26T18:25:45","modified_gmt":"2018-11-26T17:25:45","slug":"vyhlasenie-chraneneho-arealu-pecniansky-les-2","status":"publish","type":"post","link":"https:\/\/broz.sk\/de\/vyhlasenie-chraneneho-arealu-pecniansky-les-2\/","title":{"rendered":"Die Erkl\u00e4rung des Schutzareals Pe\u010dniansky les"},"content":{"rendered":"Am 25.4.2012 wurde das Schutzareal Pe\u010dniansky les feierlich erkl\u00e4rt. Im Sitzungsraum des Forschungsinstitut f\u00fcr Wasserwirtschaft auf dem Donauufer haben sich die Vertreter des Magistrats der Hauptstadt der Slowakischen Republik Bratislava, der Stadtteil Petr\u017ealka, des Staatlichen Naturschutzes der Slowakischen Republik, des \u00f6sterreichischen Nationalparks Donau-Auen, der Gesellschaft Bratislavsk\u00e1 vod\u00e1rensk\u00e1 spolo\u010dnos\u0165, a. s. und des Regionalen Naturschutzbundes Bratislava (BROZ) getroffen, um gemeinsam das Ergebnis der langj\u00e4hrigen Anstrengungen der Natursch\u00fctzer in Bratislava im Zusammenhang mit dem Schutz von diesem wertvollen Gebiet zu feiern.","protected":false},"excerpt":{"rendered":"<p>Am 25.4.2012 wurde das Schutzareal Pe\u010dniansky les feierlich erkl\u00e4rt. Im Sitzungsraum des Forschungsinstitut f\u00fcr Wasserwirtschaft auf dem Donauufer haben sich die Vertreter des Magistrats der Hauptstadt der Slowakischen Republik Bratislava, der Stadtteil Petr\u017ealka, des Staatlichen Naturschutzes der Slowakischen Republik, des \u00f6sterreichischen Nationalparks Donau-Auen, der Gesellschaft Bratislavsk\u00e1 vod\u00e1rensk\u00e1 spolo\u010dnos\u0165, a. s. und des Regionalen Naturschutzbundes Bratislava&hellip;<\/p>\n","protected":false},"author":2,"featured_media":5310,"comment_status":"closed","ping_status":"closed","sticky":false,"template":"","format":"standard","meta":{"_acf_changed":false,"pmpro_default_level":"","footnotes":""},"categories":[54,55],"tags":[],"class_list":["post-5723","post","type-post","status-publish","format-standard","has-post-thumbnail","hentry","category-ochrana-porastov-de","category-ochrana-druhov-de","pmpro-has-access","category-54","category-55","description-off"],"acf":[],"yoast_head":"<!-- This site is optimized with the Yoast SEO Premium plugin v21.4 (Yoast SEO v27.5) - https:\/\/yoast.com\/product\/yoast-seo-premium-wordpress\/ -->\n<title>Die Erkl\u00e4rung des Schutzareals Pe\u010dniansky les - BROZ<\/title>\n<meta name=\"robots\" content=\"index, follow, max-snippet:-1, max-image-preview:large, max-video-preview:-1\" \/>\n<link rel=\"canonical\" href=\"https:\/\/broz.sk\/de\/vyhlasenie-chraneneho-arealu-pecniansky-les-2\/\" \/>\n<meta property=\"og:locale\" content=\"de_DE\" \/>\n<meta property=\"og:type\" content=\"article\" \/>\n<meta property=\"og:title\" content=\"Die Erkl\u00e4rung des Schutzareals Pe\u010dniansky les\" \/>\n<meta property=\"og:description\" content=\"Am 25.4.2012 wurde das Schutzareal Pe\u010dniansky les feierlich erkl\u00e4rt. Im Sitzungsraum des Forschungsinstitut f\u00fcr Wasserwirtschaft auf dem Donauufer haben sich die Vertreter des Magistrats der Hauptstadt der Slowakischen Republik Bratislava, der Stadtteil Petr\u017ealka, des Staatlichen Naturschutzes der Slowakischen Republik, des \u00f6sterreichischen Nationalparks Donau-Auen, der Gesellschaft Bratislavsk\u00e1 vod\u00e1rensk\u00e1 spolo\u010dnos\u0165, a. s. und des Regionalen Naturschutzbundes Bratislava&hellip;\" \/>\n<meta property=\"og:url\" content=\"https:\/\/broz.sk\/de\/vyhlasenie-chraneneho-arealu-pecniansky-les-2\/\" \/>\n<meta property=\"og:site_name\" content=\"BROZ\" \/>\n<meta property=\"article:publisher\" content=\"https:\/\/www.facebook.com\/broz.ba\/\" \/>\n<meta property=\"article:published_time\" content=\"2012-04-25T11:03:49+00:00\" \/>\n<meta property=\"article:modified_time\" content=\"2018-11-26T17:25:45+00:00\" \/>\n<meta property=\"og:image\" content=\"https:\/\/broz.sk\/wp-content\/uploads\/2018\/10\/1.jpg\" \/>\n\t<meta property=\"og:image:width\" content=\"1000\" \/>\n\t<meta property=\"og:image:height\" content=\"667\" \/>\n\t<meta property=\"og:image:type\" content=\"image\/jpeg\" \/>\n<meta name=\"author\" content=\"broz\" \/>\n<meta name=\"twitter:card\" content=\"summary_large_image\" \/>\n<meta name=\"twitter:label1\" content=\"Verfasst von\" \/>\n\t<meta name=\"twitter:data1\" content=\"broz\" \/>\n<script type=\"application\/ld+json\" class=\"yoast-schema-graph\">{\"@context\":\"https:\\\/\\\/schema.org\",\"@graph\":[{\"@type\":\"Article\",\"@id\":\"https:\\\/\\\/broz.sk\\\/de\\\/vyhlasenie-chraneneho-arealu-pecniansky-les-2\\\/#article\",\"isPartOf\":{\"@id\":\"https:\\\/\\\/broz.sk\\\/de\\\/vyhlasenie-chraneneho-arealu-pecniansky-les-2\\\/\"},\"author\":{\"name\":\"broz\",\"@id\":\"https:\\\/\\\/broz.sk\\\/#\\\/schema\\\/person\\\/210ebb0b5afa2a18d1e13abfbbb27080\"},\"headline\":\"Die Erkl\u00e4rung des Schutzareals Pe\u010dniansky les\",\"datePublished\":\"2012-04-25T11:03:49+00:00\",\"dateModified\":\"2018-11-26T17:25:45+00:00\",\"mainEntityOfPage\":{\"@id\":\"https:\\\/\\\/broz.sk\\\/de\\\/vyhlasenie-chraneneho-arealu-pecniansky-les-2\\\/\"},\"wordCount\":94,\"publisher\":{\"@id\":\"https:\\\/\\\/broz.sk\\\/#organization\"},\"image\":{\"@id\":\"https:\\\/\\\/broz.sk\\\/de\\\/vyhlasenie-chraneneho-arealu-pecniansky-les-2\\\/#primaryimage\"},\"thumbnailUrl\":\"https:\\\/\\\/broz.sk\\\/wp-content\\\/uploads\\\/2018\\\/10\\\/1.jpg\",\"articleSection\":[\"Ochrana biotopov\",\"Ochrana druhov\"],\"inLanguage\":\"de\"},{\"@type\":\"WebPage\",\"@id\":\"https:\\\/\\\/broz.sk\\\/de\\\/vyhlasenie-chraneneho-arealu-pecniansky-les-2\\\/\",\"url\":\"https:\\\/\\\/broz.sk\\\/de\\\/vyhlasenie-chraneneho-arealu-pecniansky-les-2\\\/\",\"name\":\"Die Erkl\u00e4rung des Schutzareals Pe\u010dniansky les - BROZ\",\"isPartOf\":{\"@id\":\"https:\\\/\\\/broz.sk\\\/#website\"},\"primaryImageOfPage\":{\"@id\":\"https:\\\/\\\/broz.sk\\\/de\\\/vyhlasenie-chraneneho-arealu-pecniansky-les-2\\\/#primaryimage\"},\"image\":{\"@id\":\"https:\\\/\\\/broz.sk\\\/de\\\/vyhlasenie-chraneneho-arealu-pecniansky-les-2\\\/#primaryimage\"},\"thumbnailUrl\":\"https:\\\/\\\/broz.sk\\\/wp-content\\\/uploads\\\/2018\\\/10\\\/1.jpg\",\"datePublished\":\"2012-04-25T11:03:49+00:00\",\"dateModified\":\"2018-11-26T17:25:45+00:00\",\"breadcrumb\":{\"@id\":\"https:\\\/\\\/broz.sk\\\/de\\\/vyhlasenie-chraneneho-arealu-pecniansky-les-2\\\/#breadcrumb\"},\"inLanguage\":\"de\",\"potentialAction\":[{\"@type\":\"ReadAction\",\"target\":[\"https:\\\/\\\/broz.sk\\\/de\\\/vyhlasenie-chraneneho-arealu-pecniansky-les-2\\\/\"]}]},{\"@type\":\"ImageObject\",\"inLanguage\":\"de\",\"@id\":\"https:\\\/\\\/broz.sk\\\/de\\\/vyhlasenie-chraneneho-arealu-pecniansky-les-2\\\/#primaryimage\",\"url\":\"https:\\\/\\\/broz.sk\\\/wp-content\\\/uploads\\\/2018\\\/10\\\/1.jpg\",\"contentUrl\":\"https:\\\/\\\/broz.sk\\\/wp-content\\\/uploads\\\/2018\\\/10\\\/1.jpg\",\"width\":1000,\"height\":667},{\"@type\":\"BreadcrumbList\",\"@id\":\"https:\\\/\\\/broz.sk\\\/de\\\/vyhlasenie-chraneneho-arealu-pecniansky-les-2\\\/#breadcrumb\",\"itemListElement\":[{\"@type\":\"ListItem\",\"position\":1,\"name\":\"Domovsk\u00e1 str\u00e1nka\",\"item\":\"https:\\\/\\\/broz.sk\\\/\"},{\"@type\":\"ListItem\",\"position\":2,\"name\":\"Die Erkl\u00e4rung des Schutzareals Pe\u010dniansky les\"}]},{\"@type\":\"WebSite\",\"@id\":\"https:\\\/\\\/broz.sk\\\/#website\",\"url\":\"https:\\\/\\\/broz.sk\\\/\",\"name\":\"BROZ\",\"description\":\"ochran\u00e1rske zdru\u017eenie\",\"publisher\":{\"@id\":\"https:\\\/\\\/broz.sk\\\/#organization\"},\"potentialAction\":[{\"@type\":\"SearchAction\",\"target\":{\"@type\":\"EntryPoint\",\"urlTemplate\":\"https:\\\/\\\/broz.sk\\\/?s={search_term_string}\"},\"query-input\":{\"@type\":\"PropertyValueSpecification\",\"valueRequired\":true,\"valueName\":\"search_term_string\"}}],\"inLanguage\":\"de\"},{\"@type\":\"Organization\",\"@id\":\"https:\\\/\\\/broz.sk\\\/#organization\",\"name\":\"BROZ - Bratislavsk\u00e9 region\u00e1lne ochran\u00e1rske zdru\u017eenie\",\"url\":\"https:\\\/\\\/broz.sk\\\/\",\"logo\":{\"@type\":\"ImageObject\",\"inLanguage\":\"de\",\"@id\":\"https:\\\/\\\/broz.sk\\\/#\\\/schema\\\/logo\\\/image\\\/\",\"url\":\"https:\\\/\\\/broz.sk\\\/wp-content\\\/uploads\\\/2018\\\/03\\\/broz-logo-hires-color.png\",\"contentUrl\":\"https:\\\/\\\/broz.sk\\\/wp-content\\\/uploads\\\/2018\\\/03\\\/broz-logo-hires-color.png\",\"width\":2585,\"height\":1618,\"caption\":\"BROZ - Bratislavsk\u00e9 region\u00e1lne ochran\u00e1rske zdru\u017eenie\"},\"image\":{\"@id\":\"https:\\\/\\\/broz.sk\\\/#\\\/schema\\\/logo\\\/image\\\/\"},\"sameAs\":[\"https:\\\/\\\/www.facebook.com\\\/broz.ba\\\/\"]},{\"@type\":\"Person\",\"@id\":\"https:\\\/\\\/broz.sk\\\/#\\\/schema\\\/person\\\/210ebb0b5afa2a18d1e13abfbbb27080\",\"name\":\"broz\",\"image\":{\"@type\":\"ImageObject\",\"inLanguage\":\"de\",\"@id\":\"https:\\\/\\\/secure.gravatar.com\\\/avatar\\\/2e036a5d302f24b5c517a7e75051ca040aedd897cd58df9cbd4f523a61282112?s=96&d=mm&r=g\",\"url\":\"https:\\\/\\\/secure.gravatar.com\\\/avatar\\\/2e036a5d302f24b5c517a7e75051ca040aedd897cd58df9cbd4f523a61282112?s=96&d=mm&r=g\",\"contentUrl\":\"https:\\\/\\\/secure.gravatar.com\\\/avatar\\\/2e036a5d302f24b5c517a7e75051ca040aedd897cd58df9cbd4f523a61282112?s=96&d=mm&r=g\",\"caption\":\"broz\"},\"url\":\"https:\\\/\\\/broz.sk\\\/de\\\/author\\\/broz\\\/\"}]}<\/script>\n<!-- \/ Yoast SEO Premium plugin. -->","yoast_head_json":{"title":"Die Erkl\u00e4rung des Schutzareals Pe\u010dniansky les - BROZ","robots":{"index":"index","follow":"follow","max-snippet":"max-snippet:-1","max-image-preview":"max-image-preview:large","max-video-preview":"max-video-preview:-1"},"canonical":"https:\/\/broz.sk\/de\/vyhlasenie-chraneneho-arealu-pecniansky-les-2\/","og_locale":"de_DE","og_type":"article","og_title":"Die Erkl\u00e4rung des Schutzareals Pe\u010dniansky les","og_description":"Am 25.4.2012 wurde das Schutzareal Pe\u010dniansky les feierlich erkl\u00e4rt. Im Sitzungsraum des Forschungsinstitut f\u00fcr Wasserwirtschaft auf dem Donauufer haben sich die Vertreter des Magistrats der Hauptstadt der Slowakischen Republik Bratislava, der Stadtteil Petr\u017ealka, des Staatlichen Naturschutzes der Slowakischen Republik, des \u00f6sterreichischen Nationalparks Donau-Auen, der Gesellschaft Bratislavsk\u00e1 vod\u00e1rensk\u00e1 spolo\u010dnos\u0165, a. s. und des Regionalen Naturschutzbundes Bratislava&hellip;","og_url":"https:\/\/broz.sk\/de\/vyhlasenie-chraneneho-arealu-pecniansky-les-2\/","og_site_name":"BROZ","article_publisher":"https:\/\/www.facebook.com\/broz.ba\/","article_published_time":"2012-04-25T11:03:49+00:00","article_modified_time":"2018-11-26T17:25:45+00:00","og_image":[{"width":1000,"height":667,"url":"https:\/\/broz.sk\/wp-content\/uploads\/2018\/10\/1.jpg","type":"image\/jpeg"}],"author":"broz","twitter_card":"summary_large_image","twitter_misc":{"Verfasst von":"broz"},"schema":{"@context":"https:\/\/schema.org","@graph":[{"@type":"Article","@id":"https:\/\/broz.sk\/de\/vyhlasenie-chraneneho-arealu-pecniansky-les-2\/#article","isPartOf":{"@id":"https:\/\/broz.sk\/de\/vyhlasenie-chraneneho-arealu-pecniansky-les-2\/"},"author":{"name":"broz","@id":"https:\/\/broz.sk\/#\/schema\/person\/210ebb0b5afa2a18d1e13abfbbb27080"},"headline":"Die Erkl\u00e4rung des Schutzareals Pe\u010dniansky les","datePublished":"2012-04-25T11:03:49+00:00","dateModified":"2018-11-26T17:25:45+00:00","mainEntityOfPage":{"@id":"https:\/\/broz.sk\/de\/vyhlasenie-chraneneho-arealu-pecniansky-les-2\/"},"wordCount":94,"publisher":{"@id":"https:\/\/broz.sk\/#organization"},"image":{"@id":"https:\/\/broz.sk\/de\/vyhlasenie-chraneneho-arealu-pecniansky-les-2\/#primaryimage"},"thumbnailUrl":"https:\/\/broz.sk\/wp-content\/uploads\/2018\/10\/1.jpg","articleSection":["Ochrana biotopov","Ochrana druhov"],"inLanguage":"de"},{"@type":"WebPage","@id":"https:\/\/broz.sk\/de\/vyhlasenie-chraneneho-arealu-pecniansky-les-2\/","url":"https:\/\/broz.sk\/de\/vyhlasenie-chraneneho-arealu-pecniansky-les-2\/","name":"Die Erkl\u00e4rung des Schutzareals Pe\u010dniansky les - BROZ","isPartOf":{"@id":"https:\/\/broz.sk\/#website"},"primaryImageOfPage":{"@id":"https:\/\/broz.sk\/de\/vyhlasenie-chraneneho-arealu-pecniansky-les-2\/#primaryimage"},"image":{"@id":"https:\/\/broz.sk\/de\/vyhlasenie-chraneneho-arealu-pecniansky-les-2\/#primaryimage"},"thumbnailUrl":"https:\/\/broz.sk\/wp-content\/uploads\/2018\/10\/1.jpg","datePublished":"2012-04-25T11:03:49+00:00","dateModified":"2018-11-26T17:25:45+00:00","breadcrumb":{"@id":"https:\/\/broz.sk\/de\/vyhlasenie-chraneneho-arealu-pecniansky-les-2\/#breadcrumb"},"inLanguage":"de","potentialAction":[{"@type":"ReadAction","target":["https:\/\/broz.sk\/de\/vyhlasenie-chraneneho-arealu-pecniansky-les-2\/"]}]},{"@type":"ImageObject","inLanguage":"de","@id":"https:\/\/broz.sk\/de\/vyhlasenie-chraneneho-arealu-pecniansky-les-2\/#primaryimage","url":"https:\/\/broz.sk\/wp-content\/uploads\/2018\/10\/1.jpg","contentUrl":"https:\/\/broz.sk\/wp-content\/uploads\/2018\/10\/1.jpg","width":1000,"height":667},{"@type":"BreadcrumbList","@id":"https:\/\/broz.sk\/de\/vyhlasenie-chraneneho-arealu-pecniansky-les-2\/#breadcrumb","itemListElement":[{"@type":"ListItem","position":1,"name":"Domovsk\u00e1 str\u00e1nka","item":"https:\/\/broz.sk\/"},{"@type":"ListItem","position":2,"name":"Die Erkl\u00e4rung des Schutzareals Pe\u010dniansky les"}]},{"@type":"WebSite","@id":"https:\/\/broz.sk\/#website","url":"https:\/\/broz.sk\/","name":"BROZ","description":"ochran\u00e1rske zdru\u017eenie","publisher":{"@id":"https:\/\/broz.sk\/#organization"},"potentialAction":[{"@type":"SearchAction","target":{"@type":"EntryPoint","urlTemplate":"https:\/\/broz.sk\/?s={search_term_string}"},"query-input":{"@type":"PropertyValueSpecification","valueRequired":true,"valueName":"search_term_string"}}],"inLanguage":"de"},{"@type":"Organization","@id":"https:\/\/broz.sk\/#organization","name":"BROZ - Bratislavsk\u00e9 region\u00e1lne ochran\u00e1rske zdru\u017eenie","url":"https:\/\/broz.sk\/","logo":{"@type":"ImageObject","inLanguage":"de","@id":"https:\/\/broz.sk\/#\/schema\/logo\/image\/","url":"https:\/\/broz.sk\/wp-content\/uploads\/2018\/03\/broz-logo-hires-color.png","contentUrl":"https:\/\/broz.sk\/wp-content\/uploads\/2018\/03\/broz-logo-hires-color.png","width":2585,"height":1618,"caption":"BROZ - Bratislavsk\u00e9 region\u00e1lne ochran\u00e1rske zdru\u017eenie"},"image":{"@id":"https:\/\/broz.sk\/#\/schema\/logo\/image\/"},"sameAs":["https:\/\/www.facebook.com\/broz.ba\/"]},{"@type":"Person","@id":"https:\/\/broz.sk\/#\/schema\/person\/210ebb0b5afa2a18d1e13abfbbb27080","name":"broz","image":{"@type":"ImageObject","inLanguage":"de","@id":"https:\/\/secure.gravatar.com\/avatar\/2e036a5d302f24b5c517a7e75051ca040aedd897cd58df9cbd4f523a61282112?s=96&d=mm&r=g","url":"https:\/\/secure.gravatar.com\/avatar\/2e036a5d302f24b5c517a7e75051ca040aedd897cd58df9cbd4f523a61282112?s=96&d=mm&r=g","contentUrl":"https:\/\/secure.gravatar.com\/avatar\/2e036a5d302f24b5c517a7e75051ca040aedd897cd58df9cbd4f523a61282112?s=96&d=mm&r=g","caption":"broz"},"url":"https:\/\/broz.sk\/de\/author\/broz\/"}]}},"_links":{"self":[{"href":"https:\/\/broz.sk\/de\/wp-json\/wp\/v2\/posts\/5723","targetHints":{"allow":["GET"]}}],"collection":[{"href":"https:\/\/broz.sk\/de\/wp-json\/wp\/v2\/posts"}],"about":[{"href":"https:\/\/broz.sk\/de\/wp-json\/wp\/v2\/types\/post"}],"author":[{"embeddable":true,"href":"https:\/\/broz.sk\/de\/wp-json\/wp\/v2\/users\/2"}],"replies":[{"embeddable":true,"href":"https:\/\/broz.sk\/de\/wp-json\/wp\/v2\/comments?post=5723"}],"version-history":[{"count":5,"href":"https:\/\/broz.sk\/de\/wp-json\/wp\/v2\/posts\/5723\/revisions"}],"predecessor-version":[{"id":9867,"href":"https:\/\/broz.sk\/de\/wp-json\/wp\/v2\/posts\/5723\/revisions\/9867"}],"wp:featuredmedia":[{"embeddable":true,"href":"https:\/\/broz.sk\/de\/wp-json\/wp\/v2\/media\/5310"}],"wp:attachment":[{"href":"https:\/\/broz.sk\/de\/wp-json\/wp\/v2\/media?parent=5723"}],"wp:term":[{"taxonomy":"category","embeddable":true,"href":"https:\/\/broz.sk\/de\/wp-json\/wp\/v2\/categories?post=5723"},{"taxonomy":"post_tag","embeddable":true,"href":"https:\/\/broz.sk\/de\/wp-json\/wp\/v2\/tags?post=5723"}],"curies":[{"name":"wp","href":"https:\/\/api.w.org\/{rel}","templated":true}]}}